{"id":39710,"date":"2022-11-17T10:19:24","date_gmt":"2022-11-17T15:19:24","guid":{"rendered":"https:\/\/luchonoticias.com\/?p=39710"},"modified":"2022-11-17T10:19:26","modified_gmt":"2022-11-17T15:19:26","slug":"caminos-para-la-paz-sera-una-realidad-en-el-huila-con-el-liderazgo-de-la-usco","status":"publish","type":"post","link":"https:\/\/luchonoticias.com\/editor\/caminos-para-la-paz-sera-una-realidad-en-el-huila-con-el-liderazgo-de-la-usco\/","title":{"rendered":"Caminos para la Paz ser\u00e1 una realidad en el Huila con el liderazgo de la USCO"},"content":{"rendered":"\n<p>Se trata de \u2018Caminos comunitarios de la paz total\u2019, propuesto por el presidente Petro, que se adelantar\u00e1 en el corregimiento de San Luis y ser\u00e1 ejecutado por las juntas de acci\u00f3n comunal de esa regi\u00f3n de Neiva.<\/p>\n\n\n\n<p>La estrategia busca mejorar v\u00edas terciarias con la participaci\u00f3n protag\u00f3nica de las juntas de Acci\u00f3n Comunal de los sectores beneficiados.<\/p>\n\n\n\n<p>El anuncio fue hecho por la rectora de la Usco, Nidia Guzm\u00e1n Dur\u00e1n, quien record\u00f3 que este programa es una de las primeras directrices impartidas por el presidente Gustavo Petro para propender que la comunidad participe activamente en esta clase de iniciativas.<\/p>\n\n\n\n<p>\u201cAqu\u00ed se beneficiar\u00edan alrededor de 36.000 personas; y algo importante es que se va a realizar con mano de obra de la comunidad, pues se va a hacer junto con las juntas de Acci\u00f3n Comunal que es uno de los componentes esenciales de la paz total en esta iniciativa\u201d, explic\u00f3 la rectora Nidia Guzm\u00e1n.<\/p>\n\n\n\n<p>La funcionaria dijo que se realizar\u00e1 un trabajo muy importante desde las facultades, que es donde se genera conocimiento y se prepara a los j\u00f3venes para el servicio a la comunidad.<\/p>\n\n\n\n<p>\u201cVamos a llevar la ciencia para aportar a la comunidad. De esta manera, la Universidad contribuye en el logro de la paz en la regi\u00f3n. Es nuestra obligaci\u00f3n estar presentes y aportar en estos procesos; no es un discurso; son acciones concretas para las comunidades y de la mano con ellas\u201d, agreg\u00f3 la Rectora.<\/p>\n\n\n\n<p>De este modo, la Universidad Surcolombiana har\u00e1 parte de este piloto nacional del programa \u2018Caminos comunitarios de la paz total\u2019, junto con Inv\u00edas, el Ej\u00e9rcito y otras entidades nacionales.<\/p>\n\n\n\n<figure class=\"wp-block-image size-full\"><img decoding=\"async\" src=\"https:\/\/luchonoticias.com\/wp-content\/uploads\/2022\/11\/WhatsApp-Image-2022-11-17-at-10.04.16-AM.jpeg\" alt=\"\" class=\"wp-image-39712\"\/><\/figure>\n\n\n\n<p><strong>10.000 millones, 36 kil\u00f3metros<\/strong><\/p>\n\n\n\n<p>El piloto nacional, \u2018Caminos Comunitarios de la Paz Total\u2019, se llevar\u00e1 a cabo en el corredor vial Neiva &#8211; San Luis &#8211; Palermo con una inversi\u00f3n cercana a los 10.000 millones de pesos y se intervendr\u00e1n 36 kil\u00f3metros, tal como lo anunci\u00f3 el propio presidente Gustavo Petro durante su visita al corregimiento de San Luis en septiembre de este a\u00f1o, cuando acompa\u00f1\u00f3 a esta comunidad tras la masacre de siete polic\u00edas en una v\u00eda de esa zona rural de Neiva.<\/p>\n\n\n\n<p>El rol del alma m\u00e1ter en el proyecto est\u00e1 inmerso en los cinco subsistemas transversales de su Plan de Desarrollo institucional y en los dos ejes transversales del mismo: Humanizaci\u00f3n y Ciencia para la Paz, este \u00faltimo, aplicado particularmente en este caso, destac\u00f3 la profesora.<\/p>\n\n\n\n<p>\u201cNuestra Universidad Surcolombiana se encargar\u00e1 de realizar el diagn\u00f3stico de las necesidades y de capacitar en lo administrativo y en lo social a las comunidades a trav\u00e9s del referido eje Ciencia para la paz y del conocimiento que se genera desde las distintas unidades acad\u00e9micas del alma m\u00e1ter\u201d, manifest\u00f3 Nidia Guzm\u00e1n.<\/p>\n\n\n\n<figure class=\"wp-block-image size-full\"><img decoding=\"async\" src=\"https:\/\/luchonoticias.com\/wp-content\/uploads\/2022\/11\/WhatsApp-Image-2022-11-17-at-10.04.17-AM.jpeg\" alt=\"\" class=\"wp-image-39713\"\/><\/figure>\n\n\n\n<p><strong>El papel formador de la USCO en las comunidades del proyecto<\/strong><\/p>\n\n\n\n<p>Es as\u00ed como algunas de las acciones a cargo de la USCO con destino a las juntas de Acci\u00f3n Comunal, ser\u00e1n capacitaciones a sus miembros en temas amplios como normatividad, hacienda, finanzas p\u00fablicas y competencias comportamentales.<\/p>\n\n\n\n<p>Tambi\u00e9n adelantar\u00e1 trabajo concreto en temas de Paz Total y de emprendimiento en marketing con la comunidad en general; tambi\u00e9n realizar\u00e1 capacitaciones con enfoque de g\u00e9nero y procesos productivos en cultivos de caf\u00e9 y cacao, con mujeres artesanas y ecoturismo, entre otras.<\/p>\n\n\n\n<p>El trabajo se realizar\u00e1 espec\u00edficamente con diez organizaciones de Acci\u00f3n Comunal de las zonas beneficiadas de los 36 kil\u00f3metros que ser\u00e1n intervenidos por \u2018Caminos comunitarios de la paz total\u2019, y que empezar\u00e1 a ejecutarse en pocos d\u2026<\/p>\n","protected":false},"excerpt":{"rendered":"<p>Se trata de \u2018Caminos comunitarios de la paz total\u2019, propuesto por el presidente Petro, que se adelantar\u00e1 en el corregimiento de San Luis y ser\u00e1 ejecutado por las juntas de acci\u00f3n comunal de esa regi\u00f3n de Neiva. La estrategia busca mejorar v\u00edas terciarias con la participaci\u00f3n protag\u00f3nica de las juntas de Acci\u00f3n Comunal de los [&hellip;]<\/p>\n","protected":false},"author":1,"featured_media":0,"comment_status":"open","ping_status":"open","sticky":false,"template":"","format":"standard","meta":{"footnotes":""},"categories":[36,31],"tags":[],"class_list":["post-39710","post","type-post","status-publish","format-standard","hentry","category-destacado","category-local"],"yoast_head":"<!-- This site is optimized with the Yoast SEO plugin v26.6 - https:\/\/yoast.com\/wordpress\/plugins\/seo\/ -->\n<title>Caminos para la Paz ser\u00e1 una realidad en el Huila con el liderazgo de la USCO -<\/title>\n<meta name=\"robots\" content=\"index, follow, max-snippet:-1, max-image-preview:large, max-video-preview:-1\" \/>\n<link rel=\"canonical\" href=\"https:\/\/luchonoticias.com\/editor\/caminos-para-la-paz-sera-una-realidad-en-el-huila-con-el-liderazgo-de-la-usco\/\" \/>\n<meta property=\"og:locale\" content=\"es_ES\" \/>\n<meta property=\"og:type\" content=\"article\" \/>\n<meta property=\"og:title\" content=\"Caminos para la Paz ser\u00e1 una realidad en el Huila con el liderazgo de la USCO -\" \/>\n<meta property=\"og:url\" content=\"https:\/\/luchonoticias.com\/editor\/caminos-para-la-paz-sera-una-realidad-en-el-huila-con-el-liderazgo-de-la-usco\/\" \/>\n<meta property=\"article:publisher\" content=\"https:\/\/www.facebook.com\/luchonoticiasneiva\" \/>\n<meta property=\"article:author\" content=\"https:\/\/www.facebook.com\/luchonoticiasneiva\" \/>\n<meta property=\"article:published_time\" content=\"2022-11-17T15:19:24+00:00\" \/>\n<meta property=\"article:modified_time\" content=\"2022-11-17T15:19:26+00:00\" \/>\n<meta property=\"og:image\" content=\"https:\/\/luchonoticias.com\/wp-content\/uploads\/2022\/11\/WhatsApp-Image-2022-11-17-at-10.04.16-AM.jpeg\" \/>\n<meta name=\"author\" content=\"admin\" \/>\n<meta name=\"twitter:card\" content=\"summary_large_image\" \/>\n<meta name=\"twitter:label1\" content=\"Escrito por\" \/>\n\t<meta name=\"twitter:data1\" content=\"admin\" \/>\n\t<meta name=\"twitter:label2\" content=\"Tiempo de lectura\" \/>\n\t<meta name=\"twitter:data2\" content=\"3 minutos\" \/>\n<script type=\"application\/ld+json\" class=\"yoast-schema-graph\">{\"@context\":\"https:\/\/schema.org\",\"@graph\":[{\"@type\":\"Article\",\"@id\":\"https:\/\/luchonoticias.com\/editor\/caminos-para-la-paz-sera-una-realidad-en-el-huila-con-el-liderazgo-de-la-usco\/#article\",\"isPartOf\":{\"@id\":\"https:\/\/luchonoticias.com\/editor\/caminos-para-la-paz-sera-una-realidad-en-el-huila-con-el-liderazgo-de-la-usco\/\"},\"author\":{\"name\":\"admin\",\"@id\":\"https:\/\/luchonoticias.com\/editor\/#\/schema\/person\/7a7fd911f58561fd056dbac7b55af9cd\"},\"headline\":\"Caminos para la Paz ser\u00e1 una realidad en el Huila con el liderazgo de la USCO\",\"datePublished\":\"2022-11-17T15:19:24+00:00\",\"dateModified\":\"2022-11-17T15:19:26+00:00\",\"mainEntityOfPage\":{\"@id\":\"https:\/\/luchonoticias.com\/editor\/caminos-para-la-paz-sera-una-realidad-en-el-huila-con-el-liderazgo-de-la-usco\/\"},\"wordCount\":623,\"commentCount\":0,\"publisher\":{\"@id\":\"https:\/\/luchonoticias.com\/editor\/#\/schema\/person\/7a7fd911f58561fd056dbac7b55af9cd\"},\"image\":{\"@id\":\"https:\/\/luchonoticias.com\/editor\/caminos-para-la-paz-sera-una-realidad-en-el-huila-con-el-liderazgo-de-la-usco\/#primaryimage\"},\"thumbnailUrl\":\"https:\/\/luchonoticias.com\/wp-content\/uploads\/2022\/11\/WhatsApp-Image-2022-11-17-at-10.04.16-AM.jpeg\",\"articleSection\":[\"Destacado\",\"Local\"],\"inLanguage\":\"es\",\"potentialAction\":[{\"@type\":\"CommentAction\",\"name\":\"Comment\",\"target\":[\"https:\/\/luchonoticias.com\/editor\/caminos-para-la-paz-sera-una-realidad-en-el-huila-con-el-liderazgo-de-la-usco\/#respond\"]}]},{\"@type\":\"WebPage\",\"@id\":\"https:\/\/luchonoticias.com\/editor\/caminos-para-la-paz-sera-una-realidad-en-el-huila-con-el-liderazgo-de-la-usco\/\",\"url\":\"https:\/\/luchonoticias.com\/editor\/caminos-para-la-paz-sera-una-realidad-en-el-huila-con-el-liderazgo-de-la-usco\/\",\"name\":\"Caminos para la Paz ser\u00e1 una realidad en el Huila con el liderazgo de la USCO -\",\"isPartOf\":{\"@id\":\"https:\/\/luchonoticias.com\/editor\/#website\"},\"primaryImageOfPage\":{\"@id\":\"https:\/\/luchonoticias.com\/editor\/caminos-para-la-paz-sera-una-realidad-en-el-huila-con-el-liderazgo-de-la-usco\/#primaryimage\"},\"image\":{\"@id\":\"https:\/\/luchonoticias.com\/editor\/caminos-para-la-paz-sera-una-realidad-en-el-huila-con-el-liderazgo-de-la-usco\/#primaryimage\"},\"thumbnailUrl\":\"https:\/\/luchonoticias.com\/wp-content\/uploads\/2022\/11\/WhatsApp-Image-2022-11-17-at-10.04.16-AM.jpeg\",\"datePublished\":\"2022-11-17T15:19:24+00:00\",\"dateModified\":\"2022-11-17T15:19:26+00:00\",\"breadcrumb\":{\"@id\":\"https:\/\/luchonoticias.com\/editor\/caminos-para-la-paz-sera-una-realidad-en-el-huila-con-el-liderazgo-de-la-usco\/#breadcrumb\"},\"inLanguage\":\"es\",\"potentialAction\":[{\"@type\":\"ReadAction\",\"target\":[\"https:\/\/luchonoticias.com\/editor\/caminos-para-la-paz-sera-una-realidad-en-el-huila-con-el-liderazgo-de-la-usco\/\"]}]},{\"@type\":\"ImageObject\",\"inLanguage\":\"es\",\"@id\":\"https:\/\/luchonoticias.com\/editor\/caminos-para-la-paz-sera-una-realidad-en-el-huila-con-el-liderazgo-de-la-usco\/#primaryimage\",\"url\":\"https:\/\/luchonoticias.com\/wp-content\/uploads\/2022\/11\/WhatsApp-Image-2022-11-17-at-10.04.16-AM.jpeg\",\"contentUrl\":\"https:\/\/luchonoticias.com\/wp-content\/uploads\/2022\/11\/WhatsApp-Image-2022-11-17-at-10.04.16-AM.jpeg\"},{\"@type\":\"BreadcrumbList\",\"@id\":\"https:\/\/luchonoticias.com\/editor\/caminos-para-la-paz-sera-una-realidad-en-el-huila-con-el-liderazgo-de-la-usco\/#breadcrumb\",\"itemListElement\":[{\"@type\":\"ListItem\",\"position\":1,\"name\":\"Portada\",\"item\":\"https:\/\/luchonoticias.com\/editor\/\"},{\"@type\":\"ListItem\",\"position\":2,\"name\":\"Caminos para la Paz ser\u00e1 una realidad en el Huila con el liderazgo de la USCO\"}]},{\"@type\":\"WebSite\",\"@id\":\"https:\/\/luchonoticias.com\/editor\/#website\",\"url\":\"https:\/\/luchonoticias.com\/editor\/\",\"name\":\"\",\"description\":\"\",\"publisher\":{\"@id\":\"https:\/\/luchonoticias.com\/editor\/#\/schema\/person\/7a7fd911f58561fd056dbac7b55af9cd\"},\"potentialAction\":[{\"@type\":\"SearchAction\",\"target\":{\"@type\":\"EntryPoint\",\"urlTemplate\":\"https:\/\/luchonoticias.com\/editor\/?s={search_term_string}\"},\"query-input\":{\"@type\":\"PropertyValueSpecification\",\"valueRequired\":true,\"valueName\":\"search_term_string\"}}],\"inLanguage\":\"es\"},{\"@type\":[\"Person\",\"Organization\"],\"@id\":\"https:\/\/luchonoticias.com\/editor\/#\/schema\/person\/7a7fd911f58561fd056dbac7b55af9cd\",\"name\":\"admin\",\"image\":{\"@type\":\"ImageObject\",\"inLanguage\":\"es\",\"@id\":\"https:\/\/luchonoticias.com\/editor\/#\/schema\/person\/image\/\",\"url\":\"https:\/\/luchonoticias.com\/editor\/wp-content\/uploads\/2024\/02\/cropped-cropped-logolu.webp\",\"contentUrl\":\"https:\/\/luchonoticias.com\/editor\/wp-content\/uploads\/2024\/02\/cropped-cropped-logolu.webp\",\"width\":382,\"height\":170,\"caption\":\"admin\"},\"logo\":{\"@id\":\"https:\/\/luchonoticias.com\/editor\/#\/schema\/person\/image\/\"},\"sameAs\":[\"https:\/\/www.facebook.com\/luchonoticiasneiva\"],\"url\":\"https:\/\/luchonoticias.com\/editor\/author\/admin\/\"}]}<\/script>\n<!-- \/ Yoast SEO plugin. -->","yoast_head_json":{"title":"Caminos para la Paz ser\u00e1 una realidad en el Huila con el liderazgo de la USCO -","robots":{"index":"index","follow":"follow","max-snippet":"max-snippet:-1","max-image-preview":"max-image-preview:large","max-video-preview":"max-video-preview:-1"},"canonical":"https:\/\/luchonoticias.com\/editor\/caminos-para-la-paz-sera-una-realidad-en-el-huila-con-el-liderazgo-de-la-usco\/","og_locale":"es_ES","og_type":"article","og_title":"Caminos para la Paz ser\u00e1 una realidad en el Huila con el liderazgo de la USCO -","og_url":"https:\/\/luchonoticias.com\/editor\/caminos-para-la-paz-sera-una-realidad-en-el-huila-con-el-liderazgo-de-la-usco\/","article_publisher":"https:\/\/www.facebook.com\/luchonoticiasneiva","article_author":"https:\/\/www.facebook.com\/luchonoticiasneiva","article_published_time":"2022-11-17T15:19:24+00:00","article_modified_time":"2022-11-17T15:19:26+00:00","og_image":[{"url":"https:\/\/luchonoticias.com\/wp-content\/uploads\/2022\/11\/WhatsApp-Image-2022-11-17-at-10.04.16-AM.jpeg","type":"","width":"","height":""}],"author":"admin","twitter_card":"summary_large_image","twitter_misc":{"Escrito por":"admin","Tiempo de lectura":"3 minutos"},"schema":{"@context":"https:\/\/schema.org","@graph":[{"@type":"Article","@id":"https:\/\/luchonoticias.com\/editor\/caminos-para-la-paz-sera-una-realidad-en-el-huila-con-el-liderazgo-de-la-usco\/#article","isPartOf":{"@id":"https:\/\/luchonoticias.com\/editor\/caminos-para-la-paz-sera-una-realidad-en-el-huila-con-el-liderazgo-de-la-usco\/"},"author":{"name":"admin","@id":"https:\/\/luchonoticias.com\/editor\/#\/schema\/person\/7a7fd911f58561fd056dbac7b55af9cd"},"headline":"Caminos para la Paz ser\u00e1 una realidad en el Huila con el liderazgo de la USCO","datePublished":"2022-11-17T15:19:24+00:00","dateModified":"2022-11-17T15:19:26+00:00","mainEntityOfPage":{"@id":"https:\/\/luchonoticias.com\/editor\/caminos-para-la-paz-sera-una-realidad-en-el-huila-con-el-liderazgo-de-la-usco\/"},"wordCount":623,"commentCount":0,"publisher":{"@id":"https:\/\/luchonoticias.com\/editor\/#\/schema\/person\/7a7fd911f58561fd056dbac7b55af9cd"},"image":{"@id":"https:\/\/luchonoticias.com\/editor\/caminos-para-la-paz-sera-una-realidad-en-el-huila-con-el-liderazgo-de-la-usco\/#primaryimage"},"thumbnailUrl":"https:\/\/luchonoticias.com\/wp-content\/uploads\/2022\/11\/WhatsApp-Image-2022-11-17-at-10.04.16-AM.jpeg","articleSection":["Destacado","Local"],"inLanguage":"es","potentialAction":[{"@type":"CommentAction","name":"Comment","target":["https:\/\/luchonoticias.com\/editor\/caminos-para-la-paz-sera-una-realidad-en-el-huila-con-el-liderazgo-de-la-usco\/#respond"]}]},{"@type":"WebPage","@id":"https:\/\/luchonoticias.com\/editor\/caminos-para-la-paz-sera-una-realidad-en-el-huila-con-el-liderazgo-de-la-usco\/","url":"https:\/\/luchonoticias.com\/editor\/caminos-para-la-paz-sera-una-realidad-en-el-huila-con-el-liderazgo-de-la-usco\/","name":"Caminos para la Paz ser\u00e1 una realidad en el Huila con el liderazgo de la USCO -","isPartOf":{"@id":"https:\/\/luchonoticias.com\/editor\/#website"},"primaryImageOfPage":{"@id":"https:\/\/luchonoticias.com\/editor\/caminos-para-la-paz-sera-una-realidad-en-el-huila-con-el-liderazgo-de-la-usco\/#primaryimage"},"image":{"@id":"https:\/\/luchonoticias.com\/editor\/caminos-para-la-paz-sera-una-realidad-en-el-huila-con-el-liderazgo-de-la-usco\/#primaryimage"},"thumbnailUrl":"https:\/\/luchonoticias.com\/wp-content\/uploads\/2022\/11\/WhatsApp-Image-2022-11-17-at-10.04.16-AM.jpeg","datePublished":"2022-11-17T15:19:24+00:00","dateModified":"2022-11-17T15:19:26+00:00","breadcrumb":{"@id":"https:\/\/luchonoticias.com\/editor\/caminos-para-la-paz-sera-una-realidad-en-el-huila-con-el-liderazgo-de-la-usco\/#breadcrumb"},"inLanguage":"es","potentialAction":[{"@type":"ReadAction","target":["https:\/\/luchonoticias.com\/editor\/caminos-para-la-paz-sera-una-realidad-en-el-huila-con-el-liderazgo-de-la-usco\/"]}]},{"@type":"ImageObject","inLanguage":"es","@id":"https:\/\/luchonoticias.com\/editor\/caminos-para-la-paz-sera-una-realidad-en-el-huila-con-el-liderazgo-de-la-usco\/#primaryimage","url":"https:\/\/luchonoticias.com\/wp-content\/uploads\/2022\/11\/WhatsApp-Image-2022-11-17-at-10.04.16-AM.jpeg","contentUrl":"https:\/\/luchonoticias.com\/wp-content\/uploads\/2022\/11\/WhatsApp-Image-2022-11-17-at-10.04.16-AM.jpeg"},{"@type":"BreadcrumbList","@id":"https:\/\/luchonoticias.com\/editor\/caminos-para-la-paz-sera-una-realidad-en-el-huila-con-el-liderazgo-de-la-usco\/#breadcrumb","itemListElement":[{"@type":"ListItem","position":1,"name":"Portada","item":"https:\/\/luchonoticias.com\/editor\/"},{"@type":"ListItem","position":2,"name":"Caminos para la Paz ser\u00e1 una realidad en el Huila con el liderazgo de la USCO"}]},{"@type":"WebSite","@id":"https:\/\/luchonoticias.com\/editor\/#website","url":"https:\/\/luchonoticias.com\/editor\/","name":"","description":"","publisher":{"@id":"https:\/\/luchonoticias.com\/editor\/#\/schema\/person\/7a7fd911f58561fd056dbac7b55af9cd"},"potentialAction":[{"@type":"SearchAction","target":{"@type":"EntryPoint","urlTemplate":"https:\/\/luchonoticias.com\/editor\/?s={search_term_string}"},"query-input":{"@type":"PropertyValueSpecification","valueRequired":true,"valueName":"search_term_string"}}],"inLanguage":"es"},{"@type":["Person","Organization"],"@id":"https:\/\/luchonoticias.com\/editor\/#\/schema\/person\/7a7fd911f58561fd056dbac7b55af9cd","name":"admin","image":{"@type":"ImageObject","inLanguage":"es","@id":"https:\/\/luchonoticias.com\/editor\/#\/schema\/person\/image\/","url":"https:\/\/luchonoticias.com\/editor\/wp-content\/uploads\/2024\/02\/cropped-cropped-logolu.webp","contentUrl":"https:\/\/luchonoticias.com\/editor\/wp-content\/uploads\/2024\/02\/cropped-cropped-logolu.webp","width":382,"height":170,"caption":"admin"},"logo":{"@id":"https:\/\/luchonoticias.com\/editor\/#\/schema\/person\/image\/"},"sameAs":["https:\/\/www.facebook.com\/luchonoticiasneiva"],"url":"https:\/\/luchonoticias.com\/editor\/author\/admin\/"}]}},"_links":{"self":[{"href":"https:\/\/luchonoticias.com\/editor\/wp-json\/wp\/v2\/posts\/39710","targetHints":{"allow":["GET"]}}],"collection":[{"href":"https:\/\/luchonoticias.com\/editor\/wp-json\/wp\/v2\/posts"}],"about":[{"href":"https:\/\/luchonoticias.com\/editor\/wp-json\/wp\/v2\/types\/post"}],"author":[{"embeddable":true,"href":"https:\/\/luchonoticias.com\/editor\/wp-json\/wp\/v2\/users\/1"}],"replies":[{"embeddable":true,"href":"https:\/\/luchonoticias.com\/editor\/wp-json\/wp\/v2\/comments?post=39710"}],"version-history":[{"count":0,"href":"https:\/\/luchonoticias.com\/editor\/wp-json\/wp\/v2\/posts\/39710\/revisions"}],"wp:attachment":[{"href":"https:\/\/luchonoticias.com\/editor\/wp-json\/wp\/v2\/media?parent=39710"}],"wp:term":[{"taxonomy":"category","embeddable":true,"href":"https:\/\/luchonoticias.com\/editor\/wp-json\/wp\/v2\/categories?post=39710"},{"taxonomy":"post_tag","embeddable":true,"href":"https:\/\/luchonoticias.com\/editor\/wp-json\/wp\/v2\/tags?post=39710"}],"curies":[{"name":"wp","href":"https:\/\/api.w.org\/{rel}","templated":true}]}}