{"id":39723,"date":"2022-11-17T15:19:19","date_gmt":"2022-11-17T20:19:19","guid":{"rendered":"https:\/\/luchonoticias.com\/?p=39723"},"modified":"2022-11-17T15:19:20","modified_gmt":"2022-11-17T20:19:20","slug":"usco-rindio-informe-de-la-estampilla-prousco-en-concejo-de-neiva","status":"publish","type":"post","link":"https:\/\/luchonoticias.com\/editor\/usco-rindio-informe-de-la-estampilla-prousco-en-concejo-de-neiva\/","title":{"rendered":"USCO rindi\u00f3 informe de la Estampilla ProUSCO en Concejo de Neiva"},"content":{"rendered":"\n<p>Con satisfacci\u00f3n fue recibido por parte del Concejo de Neiva el informe presentado ante esa corporaci\u00f3n por la rectora de la Universidad Surcolombiana, Nidia Guzm\u00e1n Dur\u00e1n, sobre el recaudo y la ejecuci\u00f3n de los recursos de la Estampilla Pro Usco en la vigencia 2021.<\/p>\n\n\n\n<p>En la sesi\u00f3n ordinaria del pasado mi\u00e9rcoles 16 de noviembre, la directiva de la m\u00e1s importante instituci\u00f3n de educaci\u00f3n superior del sur colombiano dio a conocer las cifras de recaudo por este concepto, establecido por el Acuerdo Municipal 029 del 22 de noviembre de 2017, como una de las fuentes de inversi\u00f3n para financiar el Plan de Desarrollo Institucional.<\/p>\n\n\n\n<p>Seg\u00fan las cifras dadas a conocer por la rectora Guzm\u00e1n Dur\u00e1n, en la vigencia 2021 se recibieron por este concepto 1.358\u2019023.512 pesos, de acuerdo con las certificaciones suscritas por la Secretar\u00eda de Hacienda del municipio de Neiva, ente encargado de hacer el respectivo recaudo.<\/p>\n\n\n\n<p>Del total recaudado, $ 23\u2019994.049 fueron ejecutados a trav\u00e9s del Subsistema de Formaci\u00f3n; $ 12\u2019596.00 en el Subsistema de Investigaci\u00f3n; y $324\u2019980.000 Subsistema Administrativo; para un total ejecutado estampilla ProUsco Municipio de Neiva de $ 361\u2019570.04.<\/p>\n\n\n\n<p>Igualmente, de los mismos ingresos, $ 259\u2019869.179, equivalente al 20 por ciento del total, fueron destinados a la retenci\u00f3n que se\u00f1ala el Art\u00edculo 47 de la Ley 863 del 2003 pasivo pensional; con lo que en total se dio una ejecuci\u00f3n de la Estampilla ProUsco por valor de $ 621\u2019439.228.<\/p>\n\n\n\n<p>El restante dinero del mismo concepto, $677.906.667, fueron incorporados al Presupuesto Institucional de la vigencia 2022 como recursos del balance, y su ejecuci\u00f3n se realiza de acuerdo con lo establecido en la Ley y con destino a la sede de la Universidad, en el municipio de Neiva.<\/p>\n\n\n\n<p>La profesora Guzm\u00e1n Dur\u00e1n destac\u00f3 durante su intervenci\u00f3n al Concejo de Neiva por facilitar estos recursos de Estampilla ProUsco, los cuales fueron ejecutados durante 2021, periodo que en su mayor parte no fungi\u00f3 como Rectora.<\/p>\n\n\n\n<p>Durante su disertaci\u00f3n en el cabildo municipal, la Rectora invit\u00f3 a los concejales a hacer parte \u201cde todo este proceso de la Administraci\u00f3n de la USCO para que conozcan todas nuestras necesidades y puedan seguir aportando a nuestra universidad\u201d.<\/p>\n\n\n\n<figure class=\"wp-block-image size-full\"><img decoding=\"async\" src=\"https:\/\/luchonoticias.com\/wp-content\/uploads\/2022\/11\/WhatsApp-Image-2022-11-17-at-12.46.55-PM.jpeg\" alt=\"\" class=\"wp-image-39725\"\/><\/figure>\n\n\n\n<p><strong>Informe claro<\/strong><\/p>\n\n\n\n<p>El concejal Germ\u00e1n Casagua Bonilla calific\u00f3 el informe presentado por la Rectora como muy claro, pues muestra que estos recursos se han invertido apropiadamente en investigaci\u00f3n y en otros temas que contribuyen a la educaci\u00f3n superior del municipio de Neiva.<\/p>\n\n\n\n<p>\u201cMuy satisfecho. Esperamos que se sigan invirtiendo de la mejor manera. De igual forma, se han hecho algunas apreciaciones y sugerencias a la Universidad Surcolombiana, como es el mejoramiento de la investigaci\u00f3n en procesos administrativos de la Alcald\u00eda del Municipio de Neiva\u201d, puntualiz\u00f3.<\/p>\n\n\n\n<p>A su turno, el concejal Jorge Popeye Ram\u00edrez se\u00f1al\u00f3 que ha recibido con satisfacci\u00f3n el informe presentado por la rectora Nidia Guzm\u00e1n Dur\u00e1n, del cual destac\u00f3 su car\u00e1cter t\u00e9cnico bien estructurado, que plantea metas claras para el fortalecimiento de la instituci\u00f3n.<\/p>\n\n\n\n<p>\u201cEn el Concejo de Neiva seguiremos apoyando todas las iniciativas que desde este recinto podamos tener para que la Universidad Surcolombiana siga fortaleci\u00e9ndose en todos los aspectos\u201d, agreg\u00f3.<\/p>\n\n\n\n<p>El concejal Juan Diego Amaya dijo que \u201cquedamos satisfechos con los recursos invertidos por parte de la Universidad, y seguiremos trabajando de la mano con ellos\u201d.<\/p>\n\n\n\n<p>Destac\u00f3 el eventual apoyo que tendr\u00edan en la corporaci\u00f3n edilicia las peticiones de la rectora Guzm\u00e1n Dur\u00e1n sobre la necesidad de catalogar el lote que la Universidad Surcolombiana tiene en el sector de Trapichito, en las afueras de Neiva, en zona urbana y dotarlo con servicios p\u00fablicos para avanzar en la construcci\u00f3n de un nuevo campus del alma m\u00e1ter en este lugar.<\/p>\n","protected":false},"excerpt":{"rendered":"<p>Con satisfacci\u00f3n fue recibido por parte del Concejo de Neiva el informe presentado ante esa corporaci\u00f3n por la rectora de la Universidad Surcolombiana, Nidia Guzm\u00e1n Dur\u00e1n, sobre el recaudo y la ejecuci\u00f3n de los recursos de la Estampilla Pro Usco en la vigencia 2021. En la sesi\u00f3n ordinaria del pasado mi\u00e9rcoles 16 de noviembre, la [&hellip;]<\/p>\n","protected":false},"author":1,"featured_media":0,"comment_status":"open","ping_status":"open","sticky":false,"template":"","format":"standard","meta":{"footnotes":""},"categories":[36,31],"tags":[],"class_list":["post-39723","post","type-post","status-publish","format-standard","hentry","category-destacado","category-local"],"yoast_head":"<!-- This site is optimized with the Yoast SEO plugin v26.6 - https:\/\/yoast.com\/wordpress\/plugins\/seo\/ -->\n<title>USCO rindi\u00f3 informe de la Estampilla ProUSCO en Concejo de Neiva -<\/title>\n<meta name=\"robots\" content=\"index, follow, max-snippet:-1, max-image-preview:large, max-video-preview:-1\" \/>\n<link rel=\"canonical\" href=\"https:\/\/luchonoticias.com\/editor\/usco-rindio-informe-de-la-estampilla-prousco-en-concejo-de-neiva\/\" \/>\n<meta property=\"og:locale\" content=\"es_ES\" \/>\n<meta property=\"og:type\" content=\"article\" \/>\n<meta property=\"og:title\" content=\"USCO rindi\u00f3 informe de la Estampilla ProUSCO en Concejo de Neiva -\" \/>\n<meta property=\"og:url\" content=\"https:\/\/luchonoticias.com\/editor\/usco-rindio-informe-de-la-estampilla-prousco-en-concejo-de-neiva\/\" \/>\n<meta property=\"article:publisher\" content=\"https:\/\/www.facebook.com\/luchonoticiasneiva\" \/>\n<meta property=\"article:author\" content=\"https:\/\/www.facebook.com\/luchonoticiasneiva\" \/>\n<meta property=\"article:published_time\" content=\"2022-11-17T20:19:19+00:00\" \/>\n<meta property=\"article:modified_time\" content=\"2022-11-17T20:19:20+00:00\" \/>\n<meta property=\"og:image\" content=\"https:\/\/luchonoticias.com\/wp-content\/uploads\/2022\/11\/WhatsApp-Image-2022-11-17-at-12.46.55-PM.jpeg\" \/>\n<meta name=\"author\" content=\"admin\" \/>\n<meta name=\"twitter:card\" content=\"summary_large_image\" \/>\n<meta name=\"twitter:label1\" content=\"Escrito por\" \/>\n\t<meta name=\"twitter:data1\" content=\"admin\" \/>\n\t<meta name=\"twitter:label2\" content=\"Tiempo de lectura\" \/>\n\t<meta name=\"twitter:data2\" content=\"3 minutos\" \/>\n<script type=\"application\/ld+json\" class=\"yoast-schema-graph\">{\"@context\":\"https:\/\/schema.org\",\"@graph\":[{\"@type\":\"Article\",\"@id\":\"https:\/\/luchonoticias.com\/editor\/usco-rindio-informe-de-la-estampilla-prousco-en-concejo-de-neiva\/#article\",\"isPartOf\":{\"@id\":\"https:\/\/luchonoticias.com\/editor\/usco-rindio-informe-de-la-estampilla-prousco-en-concejo-de-neiva\/\"},\"author\":{\"name\":\"admin\",\"@id\":\"https:\/\/luchonoticias.com\/editor\/#\/schema\/person\/7a7fd911f58561fd056dbac7b55af9cd\"},\"headline\":\"USCO rindi\u00f3 informe de la Estampilla ProUSCO en Concejo de Neiva\",\"datePublished\":\"2022-11-17T20:19:19+00:00\",\"dateModified\":\"2022-11-17T20:19:20+00:00\",\"mainEntityOfPage\":{\"@id\":\"https:\/\/luchonoticias.com\/editor\/usco-rindio-informe-de-la-estampilla-prousco-en-concejo-de-neiva\/\"},\"wordCount\":631,\"commentCount\":0,\"publisher\":{\"@id\":\"https:\/\/luchonoticias.com\/editor\/#\/schema\/person\/7a7fd911f58561fd056dbac7b55af9cd\"},\"image\":{\"@id\":\"https:\/\/luchonoticias.com\/editor\/usco-rindio-informe-de-la-estampilla-prousco-en-concejo-de-neiva\/#primaryimage\"},\"thumbnailUrl\":\"https:\/\/luchonoticias.com\/wp-content\/uploads\/2022\/11\/WhatsApp-Image-2022-11-17-at-12.46.55-PM.jpeg\",\"articleSection\":[\"Destacado\",\"Local\"],\"inLanguage\":\"es\",\"potentialAction\":[{\"@type\":\"CommentAction\",\"name\":\"Comment\",\"target\":[\"https:\/\/luchonoticias.com\/editor\/usco-rindio-informe-de-la-estampilla-prousco-en-concejo-de-neiva\/#respond\"]}]},{\"@type\":\"WebPage\",\"@id\":\"https:\/\/luchonoticias.com\/editor\/usco-rindio-informe-de-la-estampilla-prousco-en-concejo-de-neiva\/\",\"url\":\"https:\/\/luchonoticias.com\/editor\/usco-rindio-informe-de-la-estampilla-prousco-en-concejo-de-neiva\/\",\"name\":\"USCO rindi\u00f3 informe de la Estampilla ProUSCO en Concejo de Neiva -\",\"isPartOf\":{\"@id\":\"https:\/\/luchonoticias.com\/editor\/#website\"},\"primaryImageOfPage\":{\"@id\":\"https:\/\/luchonoticias.com\/editor\/usco-rindio-informe-de-la-estampilla-prousco-en-concejo-de-neiva\/#primaryimage\"},\"image\":{\"@id\":\"https:\/\/luchonoticias.com\/editor\/usco-rindio-informe-de-la-estampilla-prousco-en-concejo-de-neiva\/#primaryimage\"},\"thumbnailUrl\":\"https:\/\/luchonoticias.com\/wp-content\/uploads\/2022\/11\/WhatsApp-Image-2022-11-17-at-12.46.55-PM.jpeg\",\"datePublished\":\"2022-11-17T20:19:19+00:00\",\"dateModified\":\"2022-11-17T20:19:20+00:00\",\"breadcrumb\":{\"@id\":\"https:\/\/luchonoticias.com\/editor\/usco-rindio-informe-de-la-estampilla-prousco-en-concejo-de-neiva\/#breadcrumb\"},\"inLanguage\":\"es\",\"potentialAction\":[{\"@type\":\"ReadAction\",\"target\":[\"https:\/\/luchonoticias.com\/editor\/usco-rindio-informe-de-la-estampilla-prousco-en-concejo-de-neiva\/\"]}]},{\"@type\":\"ImageObject\",\"inLanguage\":\"es\",\"@id\":\"https:\/\/luchonoticias.com\/editor\/usco-rindio-informe-de-la-estampilla-prousco-en-concejo-de-neiva\/#primaryimage\",\"url\":\"https:\/\/luchonoticias.com\/wp-content\/uploads\/2022\/11\/WhatsApp-Image-2022-11-17-at-12.46.55-PM.jpeg\",\"contentUrl\":\"https:\/\/luchonoticias.com\/wp-content\/uploads\/2022\/11\/WhatsApp-Image-2022-11-17-at-12.46.55-PM.jpeg\"},{\"@type\":\"BreadcrumbList\",\"@id\":\"https:\/\/luchonoticias.com\/editor\/usco-rindio-informe-de-la-estampilla-prousco-en-concejo-de-neiva\/#breadcrumb\",\"itemListElement\":[{\"@type\":\"ListItem\",\"position\":1,\"name\":\"Portada\",\"item\":\"https:\/\/luchonoticias.com\/editor\/\"},{\"@type\":\"ListItem\",\"position\":2,\"name\":\"USCO rindi\u00f3 informe de la Estampilla ProUSCO en Concejo de Neiva\"}]},{\"@type\":\"WebSite\",\"@id\":\"https:\/\/luchonoticias.com\/editor\/#website\",\"url\":\"https:\/\/luchonoticias.com\/editor\/\",\"name\":\"\",\"description\":\"\",\"publisher\":{\"@id\":\"https:\/\/luchonoticias.com\/editor\/#\/schema\/person\/7a7fd911f58561fd056dbac7b55af9cd\"},\"potentialAction\":[{\"@type\":\"SearchAction\",\"target\":{\"@type\":\"EntryPoint\",\"urlTemplate\":\"https:\/\/luchonoticias.com\/editor\/?s={search_term_string}\"},\"query-input\":{\"@type\":\"PropertyValueSpecification\",\"valueRequired\":true,\"valueName\":\"search_term_string\"}}],\"inLanguage\":\"es\"},{\"@type\":[\"Person\",\"Organization\"],\"@id\":\"https:\/\/luchonoticias.com\/editor\/#\/schema\/person\/7a7fd911f58561fd056dbac7b55af9cd\",\"name\":\"admin\",\"image\":{\"@type\":\"ImageObject\",\"inLanguage\":\"es\",\"@id\":\"https:\/\/luchonoticias.com\/editor\/#\/schema\/person\/image\/\",\"url\":\"https:\/\/luchonoticias.com\/editor\/wp-content\/uploads\/2024\/02\/cropped-cropped-logolu.webp\",\"contentUrl\":\"https:\/\/luchonoticias.com\/editor\/wp-content\/uploads\/2024\/02\/cropped-cropped-logolu.webp\",\"width\":382,\"height\":170,\"caption\":\"admin\"},\"logo\":{\"@id\":\"https:\/\/luchonoticias.com\/editor\/#\/schema\/person\/image\/\"},\"sameAs\":[\"https:\/\/www.facebook.com\/luchonoticiasneiva\"],\"url\":\"https:\/\/luchonoticias.com\/editor\/author\/admin\/\"}]}<\/script>\n<!-- \/ Yoast SEO plugin. -->","yoast_head_json":{"title":"USCO rindi\u00f3 informe de la Estampilla ProUSCO en Concejo de Neiva -","robots":{"index":"index","follow":"follow","max-snippet":"max-snippet:-1","max-image-preview":"max-image-preview:large","max-video-preview":"max-video-preview:-1"},"canonical":"https:\/\/luchonoticias.com\/editor\/usco-rindio-informe-de-la-estampilla-prousco-en-concejo-de-neiva\/","og_locale":"es_ES","og_type":"article","og_title":"USCO rindi\u00f3 informe de la Estampilla ProUSCO en Concejo de Neiva -","og_url":"https:\/\/luchonoticias.com\/editor\/usco-rindio-informe-de-la-estampilla-prousco-en-concejo-de-neiva\/","article_publisher":"https:\/\/www.facebook.com\/luchonoticiasneiva","article_author":"https:\/\/www.facebook.com\/luchonoticiasneiva","article_published_time":"2022-11-17T20:19:19+00:00","article_modified_time":"2022-11-17T20:19:20+00:00","og_image":[{"url":"https:\/\/luchonoticias.com\/wp-content\/uploads\/2022\/11\/WhatsApp-Image-2022-11-17-at-12.46.55-PM.jpeg","type":"","width":"","height":""}],"author":"admin","twitter_card":"summary_large_image","twitter_misc":{"Escrito por":"admin","Tiempo de lectura":"3 minutos"},"schema":{"@context":"https:\/\/schema.org","@graph":[{"@type":"Article","@id":"https:\/\/luchonoticias.com\/editor\/usco-rindio-informe-de-la-estampilla-prousco-en-concejo-de-neiva\/#article","isPartOf":{"@id":"https:\/\/luchonoticias.com\/editor\/usco-rindio-informe-de-la-estampilla-prousco-en-concejo-de-neiva\/"},"author":{"name":"admin","@id":"https:\/\/luchonoticias.com\/editor\/#\/schema\/person\/7a7fd911f58561fd056dbac7b55af9cd"},"headline":"USCO rindi\u00f3 informe de la Estampilla ProUSCO en Concejo de Neiva","datePublished":"2022-11-17T20:19:19+00:00","dateModified":"2022-11-17T20:19:20+00:00","mainEntityOfPage":{"@id":"https:\/\/luchonoticias.com\/editor\/usco-rindio-informe-de-la-estampilla-prousco-en-concejo-de-neiva\/"},"wordCount":631,"commentCount":0,"publisher":{"@id":"https:\/\/luchonoticias.com\/editor\/#\/schema\/person\/7a7fd911f58561fd056dbac7b55af9cd"},"image":{"@id":"https:\/\/luchonoticias.com\/editor\/usco-rindio-informe-de-la-estampilla-prousco-en-concejo-de-neiva\/#primaryimage"},"thumbnailUrl":"https:\/\/luchonoticias.com\/wp-content\/uploads\/2022\/11\/WhatsApp-Image-2022-11-17-at-12.46.55-PM.jpeg","articleSection":["Destacado","Local"],"inLanguage":"es","potentialAction":[{"@type":"CommentAction","name":"Comment","target":["https:\/\/luchonoticias.com\/editor\/usco-rindio-informe-de-la-estampilla-prousco-en-concejo-de-neiva\/#respond"]}]},{"@type":"WebPage","@id":"https:\/\/luchonoticias.com\/editor\/usco-rindio-informe-de-la-estampilla-prousco-en-concejo-de-neiva\/","url":"https:\/\/luchonoticias.com\/editor\/usco-rindio-informe-de-la-estampilla-prousco-en-concejo-de-neiva\/","name":"USCO rindi\u00f3 informe de la Estampilla ProUSCO en Concejo de Neiva -","isPartOf":{"@id":"https:\/\/luchonoticias.com\/editor\/#website"},"primaryImageOfPage":{"@id":"https:\/\/luchonoticias.com\/editor\/usco-rindio-informe-de-la-estampilla-prousco-en-concejo-de-neiva\/#primaryimage"},"image":{"@id":"https:\/\/luchonoticias.com\/editor\/usco-rindio-informe-de-la-estampilla-prousco-en-concejo-de-neiva\/#primaryimage"},"thumbnailUrl":"https:\/\/luchonoticias.com\/wp-content\/uploads\/2022\/11\/WhatsApp-Image-2022-11-17-at-12.46.55-PM.jpeg","datePublished":"2022-11-17T20:19:19+00:00","dateModified":"2022-11-17T20:19:20+00:00","breadcrumb":{"@id":"https:\/\/luchonoticias.com\/editor\/usco-rindio-informe-de-la-estampilla-prousco-en-concejo-de-neiva\/#breadcrumb"},"inLanguage":"es","potentialAction":[{"@type":"ReadAction","target":["https:\/\/luchonoticias.com\/editor\/usco-rindio-informe-de-la-estampilla-prousco-en-concejo-de-neiva\/"]}]},{"@type":"ImageObject","inLanguage":"es","@id":"https:\/\/luchonoticias.com\/editor\/usco-rindio-informe-de-la-estampilla-prousco-en-concejo-de-neiva\/#primaryimage","url":"https:\/\/luchonoticias.com\/wp-content\/uploads\/2022\/11\/WhatsApp-Image-2022-11-17-at-12.46.55-PM.jpeg","contentUrl":"https:\/\/luchonoticias.com\/wp-content\/uploads\/2022\/11\/WhatsApp-Image-2022-11-17-at-12.46.55-PM.jpeg"},{"@type":"BreadcrumbList","@id":"https:\/\/luchonoticias.com\/editor\/usco-rindio-informe-de-la-estampilla-prousco-en-concejo-de-neiva\/#breadcrumb","itemListElement":[{"@type":"ListItem","position":1,"name":"Portada","item":"https:\/\/luchonoticias.com\/editor\/"},{"@type":"ListItem","position":2,"name":"USCO rindi\u00f3 informe de la Estampilla ProUSCO en Concejo de Neiva"}]},{"@type":"WebSite","@id":"https:\/\/luchonoticias.com\/editor\/#website","url":"https:\/\/luchonoticias.com\/editor\/","name":"","description":"","publisher":{"@id":"https:\/\/luchonoticias.com\/editor\/#\/schema\/person\/7a7fd911f58561fd056dbac7b55af9cd"},"potentialAction":[{"@type":"SearchAction","target":{"@type":"EntryPoint","urlTemplate":"https:\/\/luchonoticias.com\/editor\/?s={search_term_string}"},"query-input":{"@type":"PropertyValueSpecification","valueRequired":true,"valueName":"search_term_string"}}],"inLanguage":"es"},{"@type":["Person","Organization"],"@id":"https:\/\/luchonoticias.com\/editor\/#\/schema\/person\/7a7fd911f58561fd056dbac7b55af9cd","name":"admin","image":{"@type":"ImageObject","inLanguage":"es","@id":"https:\/\/luchonoticias.com\/editor\/#\/schema\/person\/image\/","url":"https:\/\/luchonoticias.com\/editor\/wp-content\/uploads\/2024\/02\/cropped-cropped-logolu.webp","contentUrl":"https:\/\/luchonoticias.com\/editor\/wp-content\/uploads\/2024\/02\/cropped-cropped-logolu.webp","width":382,"height":170,"caption":"admin"},"logo":{"@id":"https:\/\/luchonoticias.com\/editor\/#\/schema\/person\/image\/"},"sameAs":["https:\/\/www.facebook.com\/luchonoticiasneiva"],"url":"https:\/\/luchonoticias.com\/editor\/author\/admin\/"}]}},"_links":{"self":[{"href":"https:\/\/luchonoticias.com\/editor\/wp-json\/wp\/v2\/posts\/39723","targetHints":{"allow":["GET"]}}],"collection":[{"href":"https:\/\/luchonoticias.com\/editor\/wp-json\/wp\/v2\/posts"}],"about":[{"href":"https:\/\/luchonoticias.com\/editor\/wp-json\/wp\/v2\/types\/post"}],"author":[{"embeddable":true,"href":"https:\/\/luchonoticias.com\/editor\/wp-json\/wp\/v2\/users\/1"}],"replies":[{"embeddable":true,"href":"https:\/\/luchonoticias.com\/editor\/wp-json\/wp\/v2\/comments?post=39723"}],"version-history":[{"count":0,"href":"https:\/\/luchonoticias.com\/editor\/wp-json\/wp\/v2\/posts\/39723\/revisions"}],"wp:attachment":[{"href":"https:\/\/luchonoticias.com\/editor\/wp-json\/wp\/v2\/media?parent=39723"}],"wp:term":[{"taxonomy":"category","embeddable":true,"href":"https:\/\/luchonoticias.com\/editor\/wp-json\/wp\/v2\/categories?post=39723"},{"taxonomy":"post_tag","embeddable":true,"href":"https:\/\/luchonoticias.com\/editor\/wp-json\/wp\/v2\/tags?post=39723"}],"curies":[{"name":"wp","href":"https:\/\/api.w.org\/{rel}","templated":true}]}}