{"id":39739,"date":"2022-11-17T16:10:00","date_gmt":"2022-11-17T21:10:00","guid":{"rendered":"https:\/\/luchonoticias.com\/?p=39739"},"modified":"2022-11-17T16:10:02","modified_gmt":"2022-11-17T21:10:02","slug":"argentina-ya-esta-establecida-en-catar","status":"publish","type":"post","link":"https:\/\/luchonoticias.com\/editor\/argentina-ya-esta-establecida-en-catar\/","title":{"rendered":"Argentina ya est\u00e1 establecida en Catar"},"content":{"rendered":"\n<p>La\u00a0<strong>Selecci\u00f3n Argentina\u00a0<\/strong>ya se encuentra en Catar, luego de haber llegado en vuelo charter de la compa\u00f1\u00eda Fly Dubai para lo que ser\u00e1 su\u00a0<strong>participaci\u00f3n en el mundial.<\/strong><\/p>\n\n\n\n<p>El plantel\u00a0<strong>se instal\u00f3 en la Universidad de Qatar<\/strong>, donde descans\u00f3 hasta llevar a cabo por la tarde,\u00a0<strong>su primer entrenamiento\u00a0<\/strong>a puerta cerrada; para el d\u00eda de hoy tuvieron su segunda sesi\u00f3n de trabajos. <\/p>\n\n\n\n<p>Los gauchos, que&nbsp;<strong>llegan como uno de los favoritos al mundial<\/strong>, afronta el torneo luego de haber vencido en su \u00faltimo amistoso premundialista, 5:0 a Emiratos \u00c1rabes.<\/p>\n","protected":false},"excerpt":{"rendered":"<p>La\u00a0Selecci\u00f3n Argentina\u00a0ya se encuentra en Catar, luego de haber llegado en vuelo charter de la compa\u00f1\u00eda Fly Dubai para lo que ser\u00e1 su\u00a0participaci\u00f3n en el mundial. El plantel\u00a0se instal\u00f3 en la Universidad de Qatar, donde descans\u00f3 hasta llevar a cabo por la tarde,\u00a0su primer entrenamiento\u00a0a puerta cerrada; para el d\u00eda de hoy tuvieron su segunda [&hellip;]<\/p>\n","protected":false},"author":1,"featured_media":0,"comment_status":"open","ping_status":"open","sticky":false,"template":"","format":"standard","meta":{"footnotes":""},"categories":[34],"tags":[],"class_list":["post-39739","post","type-post","status-publish","format-standard","hentry","category-deportes"],"yoast_head":"<!-- This site is optimized with the Yoast SEO plugin v26.6 - https:\/\/yoast.com\/wordpress\/plugins\/seo\/ -->\n<title>Argentina ya est\u00e1 establecida en Catar -<\/title>\n<meta name=\"robots\" content=\"index, follow, max-snippet:-1, max-image-preview:large, max-video-preview:-1\" \/>\n<link rel=\"canonical\" href=\"https:\/\/luchonoticias.com\/editor\/argentina-ya-esta-establecida-en-catar\/\" \/>\n<meta property=\"og:locale\" content=\"es_ES\" \/>\n<meta property=\"og:type\" content=\"article\" \/>\n<meta property=\"og:title\" content=\"Argentina ya est\u00e1 establecida en Catar -\" \/>\n<meta property=\"og:url\" content=\"https:\/\/luchonoticias.com\/editor\/argentina-ya-esta-establecida-en-catar\/\" \/>\n<meta property=\"article:publisher\" content=\"https:\/\/www.facebook.com\/luchonoticiasneiva\" \/>\n<meta property=\"article:author\" content=\"https:\/\/www.facebook.com\/luchonoticiasneiva\" \/>\n<meta property=\"article:published_time\" content=\"2022-11-17T21:10:00+00:00\" \/>\n<meta property=\"article:modified_time\" content=\"2022-11-17T21:10:02+00:00\" \/>\n<meta name=\"author\" content=\"admin\" \/>\n<meta name=\"twitter:card\" content=\"summary_large_image\" \/>\n<meta name=\"twitter:label1\" content=\"Escrito por\" \/>\n\t<meta name=\"twitter:data1\" content=\"admin\" \/>\n<script type=\"application\/ld+json\" class=\"yoast-schema-graph\">{\"@context\":\"https:\/\/schema.org\",\"@graph\":[{\"@type\":\"Article\",\"@id\":\"https:\/\/luchonoticias.com\/editor\/argentina-ya-esta-establecida-en-catar\/#article\",\"isPartOf\":{\"@id\":\"https:\/\/luchonoticias.com\/editor\/argentina-ya-esta-establecida-en-catar\/\"},\"author\":{\"name\":\"admin\",\"@id\":\"https:\/\/luchonoticias.com\/editor\/#\/schema\/person\/7a7fd911f58561fd056dbac7b55af9cd\"},\"headline\":\"Argentina ya est\u00e1 establecida en Catar\",\"datePublished\":\"2022-11-17T21:10:00+00:00\",\"dateModified\":\"2022-11-17T21:10:02+00:00\",\"mainEntityOfPage\":{\"@id\":\"https:\/\/luchonoticias.com\/editor\/argentina-ya-esta-establecida-en-catar\/\"},\"wordCount\":102,\"commentCount\":0,\"publisher\":{\"@id\":\"https:\/\/luchonoticias.com\/editor\/#\/schema\/person\/7a7fd911f58561fd056dbac7b55af9cd\"},\"articleSection\":[\"Deportes\"],\"inLanguage\":\"es\",\"potentialAction\":[{\"@type\":\"CommentAction\",\"name\":\"Comment\",\"target\":[\"https:\/\/luchonoticias.com\/editor\/argentina-ya-esta-establecida-en-catar\/#respond\"]}]},{\"@type\":\"WebPage\",\"@id\":\"https:\/\/luchonoticias.com\/editor\/argentina-ya-esta-establecida-en-catar\/\",\"url\":\"https:\/\/luchonoticias.com\/editor\/argentina-ya-esta-establecida-en-catar\/\",\"name\":\"Argentina ya est\u00e1 establecida en Catar -\",\"isPartOf\":{\"@id\":\"https:\/\/luchonoticias.com\/editor\/#website\"},\"datePublished\":\"2022-11-17T21:10:00+00:00\",\"dateModified\":\"2022-11-17T21:10:02+00:00\",\"breadcrumb\":{\"@id\":\"https:\/\/luchonoticias.com\/editor\/argentina-ya-esta-establecida-en-catar\/#breadcrumb\"},\"inLanguage\":\"es\",\"potentialAction\":[{\"@type\":\"ReadAction\",\"target\":[\"https:\/\/luchonoticias.com\/editor\/argentina-ya-esta-establecida-en-catar\/\"]}]},{\"@type\":\"BreadcrumbList\",\"@id\":\"https:\/\/luchonoticias.com\/editor\/argentina-ya-esta-establecida-en-catar\/#breadcrumb\",\"itemListElement\":[{\"@type\":\"ListItem\",\"position\":1,\"name\":\"Portada\",\"item\":\"https:\/\/luchonoticias.com\/editor\/\"},{\"@type\":\"ListItem\",\"position\":2,\"name\":\"Argentina ya est\u00e1 establecida en Catar\"}]},{\"@type\":\"WebSite\",\"@id\":\"https:\/\/luchonoticias.com\/editor\/#website\",\"url\":\"https:\/\/luchonoticias.com\/editor\/\",\"name\":\"\",\"description\":\"\",\"publisher\":{\"@id\":\"https:\/\/luchonoticias.com\/editor\/#\/schema\/person\/7a7fd911f58561fd056dbac7b55af9cd\"},\"potentialAction\":[{\"@type\":\"SearchAction\",\"target\":{\"@type\":\"EntryPoint\",\"urlTemplate\":\"https:\/\/luchonoticias.com\/editor\/?s={search_term_string}\"},\"query-input\":{\"@type\":\"PropertyValueSpecification\",\"valueRequired\":true,\"valueName\":\"search_term_string\"}}],\"inLanguage\":\"es\"},{\"@type\":[\"Person\",\"Organization\"],\"@id\":\"https:\/\/luchonoticias.com\/editor\/#\/schema\/person\/7a7fd911f58561fd056dbac7b55af9cd\",\"name\":\"admin\",\"image\":{\"@type\":\"ImageObject\",\"inLanguage\":\"es\",\"@id\":\"https:\/\/luchonoticias.com\/editor\/#\/schema\/person\/image\/\",\"url\":\"https:\/\/luchonoticias.com\/editor\/wp-content\/uploads\/2024\/02\/cropped-cropped-logolu.webp\",\"contentUrl\":\"https:\/\/luchonoticias.com\/editor\/wp-content\/uploads\/2024\/02\/cropped-cropped-logolu.webp\",\"width\":382,\"height\":170,\"caption\":\"admin\"},\"logo\":{\"@id\":\"https:\/\/luchonoticias.com\/editor\/#\/schema\/person\/image\/\"},\"sameAs\":[\"https:\/\/www.facebook.com\/luchonoticiasneiva\"],\"url\":\"https:\/\/luchonoticias.com\/editor\/author\/admin\/\"}]}<\/script>\n<!-- \/ Yoast SEO plugin. -->","yoast_head_json":{"title":"Argentina ya est\u00e1 establecida en Catar -","robots":{"index":"index","follow":"follow","max-snippet":"max-snippet:-1","max-image-preview":"max-image-preview:large","max-video-preview":"max-video-preview:-1"},"canonical":"https:\/\/luchonoticias.com\/editor\/argentina-ya-esta-establecida-en-catar\/","og_locale":"es_ES","og_type":"article","og_title":"Argentina ya est\u00e1 establecida en Catar -","og_url":"https:\/\/luchonoticias.com\/editor\/argentina-ya-esta-establecida-en-catar\/","article_publisher":"https:\/\/www.facebook.com\/luchonoticiasneiva","article_author":"https:\/\/www.facebook.com\/luchonoticiasneiva","article_published_time":"2022-11-17T21:10:00+00:00","article_modified_time":"2022-11-17T21:10:02+00:00","author":"admin","twitter_card":"summary_large_image","twitter_misc":{"Escrito por":"admin"},"schema":{"@context":"https:\/\/schema.org","@graph":[{"@type":"Article","@id":"https:\/\/luchonoticias.com\/editor\/argentina-ya-esta-establecida-en-catar\/#article","isPartOf":{"@id":"https:\/\/luchonoticias.com\/editor\/argentina-ya-esta-establecida-en-catar\/"},"author":{"name":"admin","@id":"https:\/\/luchonoticias.com\/editor\/#\/schema\/person\/7a7fd911f58561fd056dbac7b55af9cd"},"headline":"Argentina ya est\u00e1 establecida en Catar","datePublished":"2022-11-17T21:10:00+00:00","dateModified":"2022-11-17T21:10:02+00:00","mainEntityOfPage":{"@id":"https:\/\/luchonoticias.com\/editor\/argentina-ya-esta-establecida-en-catar\/"},"wordCount":102,"commentCount":0,"publisher":{"@id":"https:\/\/luchonoticias.com\/editor\/#\/schema\/person\/7a7fd911f58561fd056dbac7b55af9cd"},"articleSection":["Deportes"],"inLanguage":"es","potentialAction":[{"@type":"CommentAction","name":"Comment","target":["https:\/\/luchonoticias.com\/editor\/argentina-ya-esta-establecida-en-catar\/#respond"]}]},{"@type":"WebPage","@id":"https:\/\/luchonoticias.com\/editor\/argentina-ya-esta-establecida-en-catar\/","url":"https:\/\/luchonoticias.com\/editor\/argentina-ya-esta-establecida-en-catar\/","name":"Argentina ya est\u00e1 establecida en Catar -","isPartOf":{"@id":"https:\/\/luchonoticias.com\/editor\/#website"},"datePublished":"2022-11-17T21:10:00+00:00","dateModified":"2022-11-17T21:10:02+00:00","breadcrumb":{"@id":"https:\/\/luchonoticias.com\/editor\/argentina-ya-esta-establecida-en-catar\/#breadcrumb"},"inLanguage":"es","potentialAction":[{"@type":"ReadAction","target":["https:\/\/luchonoticias.com\/editor\/argentina-ya-esta-establecida-en-catar\/"]}]},{"@type":"BreadcrumbList","@id":"https:\/\/luchonoticias.com\/editor\/argentina-ya-esta-establecida-en-catar\/#breadcrumb","itemListElement":[{"@type":"ListItem","position":1,"name":"Portada","item":"https:\/\/luchonoticias.com\/editor\/"},{"@type":"ListItem","position":2,"name":"Argentina ya est\u00e1 establecida en Catar"}]},{"@type":"WebSite","@id":"https:\/\/luchonoticias.com\/editor\/#website","url":"https:\/\/luchonoticias.com\/editor\/","name":"","description":"","publisher":{"@id":"https:\/\/luchonoticias.com\/editor\/#\/schema\/person\/7a7fd911f58561fd056dbac7b55af9cd"},"potentialAction":[{"@type":"SearchAction","target":{"@type":"EntryPoint","urlTemplate":"https:\/\/luchonoticias.com\/editor\/?s={search_term_string}"},"query-input":{"@type":"PropertyValueSpecification","valueRequired":true,"valueName":"search_term_string"}}],"inLanguage":"es"},{"@type":["Person","Organization"],"@id":"https:\/\/luchonoticias.com\/editor\/#\/schema\/person\/7a7fd911f58561fd056dbac7b55af9cd","name":"admin","image":{"@type":"ImageObject","inLanguage":"es","@id":"https:\/\/luchonoticias.com\/editor\/#\/schema\/person\/image\/","url":"https:\/\/luchonoticias.com\/editor\/wp-content\/uploads\/2024\/02\/cropped-cropped-logolu.webp","contentUrl":"https:\/\/luchonoticias.com\/editor\/wp-content\/uploads\/2024\/02\/cropped-cropped-logolu.webp","width":382,"height":170,"caption":"admin"},"logo":{"@id":"https:\/\/luchonoticias.com\/editor\/#\/schema\/person\/image\/"},"sameAs":["https:\/\/www.facebook.com\/luchonoticiasneiva"],"url":"https:\/\/luchonoticias.com\/editor\/author\/admin\/"}]}},"_links":{"self":[{"href":"https:\/\/luchonoticias.com\/editor\/wp-json\/wp\/v2\/posts\/39739","targetHints":{"allow":["GET"]}}],"collection":[{"href":"https:\/\/luchonoticias.com\/editor\/wp-json\/wp\/v2\/posts"}],"about":[{"href":"https:\/\/luchonoticias.com\/editor\/wp-json\/wp\/v2\/types\/post"}],"author":[{"embeddable":true,"href":"https:\/\/luchonoticias.com\/editor\/wp-json\/wp\/v2\/users\/1"}],"replies":[{"embeddable":true,"href":"https:\/\/luchonoticias.com\/editor\/wp-json\/wp\/v2\/comments?post=39739"}],"version-history":[{"count":0,"href":"https:\/\/luchonoticias.com\/editor\/wp-json\/wp\/v2\/posts\/39739\/revisions"}],"wp:attachment":[{"href":"https:\/\/luchonoticias.com\/editor\/wp-json\/wp\/v2\/media?parent=39739"}],"wp:term":[{"taxonomy":"category","embeddable":true,"href":"https:\/\/luchonoticias.com\/editor\/wp-json\/wp\/v2\/categories?post=39739"},{"taxonomy":"post_tag","embeddable":true,"href":"https:\/\/luchonoticias.com\/editor\/wp-json\/wp\/v2\/tags?post=39739"}],"curies":[{"name":"wp","href":"https:\/\/api.w.org\/{rel}","templated":true}]}}