{"id":39742,"date":"2022-11-17T16:48:53","date_gmt":"2022-11-17T21:48:53","guid":{"rendered":"https:\/\/luchonoticias.com\/?p=39742"},"modified":"2022-11-17T17:23:31","modified_gmt":"2022-11-17T22:23:31","slug":"capturado-chepe-por-lanzar-granada-que-dejo-siete-heridos-en-algeciras","status":"publish","type":"post","link":"https:\/\/luchonoticias.com\/editor\/capturado-chepe-por-lanzar-granada-que-dejo-siete-heridos-en-algeciras\/","title":{"rendered":"Capturado \u2018Chepe\u2019 por lanzar granada que dej\u00f3 siete heridos en Algeciras"},"content":{"rendered":"\n<p>La Seccional de Investigaci\u00f3n Criminal con el apoyo de Inteligencia del departamento de Polic\u00eda Huila, lograron la captura de Jhon Fredy S\u00e1nchez Zambrano alias \u00b4Chepe\u00b4 en el municipio de Campoalegre. El capturado tendr\u00e1 que responder por los delitos de Terrorismo, Concierto para Delinquir Agravado y Fabricaci\u00f3n, Tr\u00e1fico o Porte de Armas de Fuego o Municiones.<\/p>\n\n\n\n<p>\u201cEl departamento de Polic\u00eda Huila logr\u00f3 la captura por orden judicial de alias \u00b4Chepe\u00b4, presunto integrante del GAOR-62, \u00e9ste sujeto es se\u00f1alado de ser participe del lanzamiento de un artefacto explosivo a un establecimiento comercial en Algeciras Huila el 16 de febrero del a\u00f1o 2019, donde resultaron heridas siete personas\u201d, revelaron las autoridades en un comunicado.<\/p>\n\n\n\n<p><strong>Investigaci\u00f3n<\/strong><\/p>\n\n\n\n<p>En lo revelado por las fuentes oficiales, se logr\u00f3 establecer que durante la investigaci\u00f3n los peritos judiciales determinaron que Jhon Fredy S\u00e1nchez Zambrano alias \u00b4Chepe\u00b4 ser\u00eda adem\u00e1s el responsable de entregar panfletos extorsivos a comerciantes y agricultores en el departamento del Huila.<\/p>\n\n\n\n<p>\u201cAlias \u00b4Chepe\u00b4 tendr\u00e1 que responder por los delitos de Terrorismo, Concierto para Delinquir Agravado y Fabricaci\u00f3n o Porte de Armas de Fuego de Uso Privativas de la Fuerza P\u00fablica, un Juez de la Rep\u00fablica le dict\u00f3 medida de aseguramiento en centro carcelario\u201d, concluy\u00f3 el Departamento de Polic\u00eda Huila en el informe oficial.<\/p>\n\n\n\n<p>Finalmente, se conoci\u00f3 que la Fiscal\u00eda logr\u00f3 la imputaci\u00f3n de cargos a un integrante m\u00e1s de esta estructura criminal y la solicitud de circular azul de Interpol para la ubicaci\u00f3n y captura de otra persona.<\/p>\n","protected":false},"excerpt":{"rendered":"<p>La Seccional de Investigaci\u00f3n Criminal con el apoyo de Inteligencia del departamento de Polic\u00eda Huila, lograron la captura de Jhon Fredy S\u00e1nchez Zambrano alias \u00b4Chepe\u00b4 en el municipio de Campoalegre. El capturado tendr\u00e1 que responder por los delitos de Terrorismo, Concierto para Delinquir Agravado y Fabricaci\u00f3n, Tr\u00e1fico o Porte de Armas de Fuego o Municiones. [&hellip;]<\/p>\n","protected":false},"author":1,"featured_media":0,"comment_status":"open","ping_status":"open","sticky":false,"template":"","format":"standard","meta":{"footnotes":""},"categories":[36,29],"tags":[],"class_list":["post-39742","post","type-post","status-publish","format-standard","hentry","category-destacado","category-judicial"],"yoast_head":"<!-- This site is optimized with the Yoast SEO plugin v26.6 - https:\/\/yoast.com\/wordpress\/plugins\/seo\/ -->\n<title>Capturado \u2018Chepe\u2019 por lanzar granada que dej\u00f3 siete heridos en Algeciras -<\/title>\n<meta name=\"robots\" content=\"index, follow, max-snippet:-1, max-image-preview:large, max-video-preview:-1\" \/>\n<link rel=\"canonical\" href=\"https:\/\/luchonoticias.com\/editor\/capturado-chepe-por-lanzar-granada-que-dejo-siete-heridos-en-algeciras\/\" \/>\n<meta property=\"og:locale\" content=\"es_ES\" \/>\n<meta property=\"og:type\" content=\"article\" \/>\n<meta property=\"og:title\" content=\"Capturado \u2018Chepe\u2019 por lanzar granada que dej\u00f3 siete heridos en Algeciras -\" \/>\n<meta property=\"og:url\" content=\"https:\/\/luchonoticias.com\/editor\/capturado-chepe-por-lanzar-granada-que-dejo-siete-heridos-en-algeciras\/\" \/>\n<meta property=\"article:publisher\" content=\"https:\/\/www.facebook.com\/luchonoticiasneiva\" \/>\n<meta property=\"article:author\" content=\"https:\/\/www.facebook.com\/luchonoticiasneiva\" \/>\n<meta property=\"article:published_time\" content=\"2022-11-17T21:48:53+00:00\" \/>\n<meta property=\"article:modified_time\" content=\"2022-11-17T22:23:31+00:00\" \/>\n<meta name=\"author\" content=\"admin\" \/>\n<meta name=\"twitter:card\" content=\"summary_large_image\" \/>\n<meta name=\"twitter:label1\" content=\"Escrito por\" \/>\n\t<meta name=\"twitter:data1\" content=\"admin\" \/>\n\t<meta name=\"twitter:label2\" content=\"Tiempo de lectura\" \/>\n\t<meta name=\"twitter:data2\" content=\"1 minuto\" \/>\n<script type=\"application\/ld+json\" class=\"yoast-schema-graph\">{\"@context\":\"https:\/\/schema.org\",\"@graph\":[{\"@type\":\"Article\",\"@id\":\"https:\/\/luchonoticias.com\/editor\/capturado-chepe-por-lanzar-granada-que-dejo-siete-heridos-en-algeciras\/#article\",\"isPartOf\":{\"@id\":\"https:\/\/luchonoticias.com\/editor\/capturado-chepe-por-lanzar-granada-que-dejo-siete-heridos-en-algeciras\/\"},\"author\":{\"name\":\"admin\",\"@id\":\"https:\/\/luchonoticias.com\/editor\/#\/schema\/person\/7a7fd911f58561fd056dbac7b55af9cd\"},\"headline\":\"Capturado \u2018Chepe\u2019 por lanzar granada que dej\u00f3 siete heridos en Algeciras\",\"datePublished\":\"2022-11-17T21:48:53+00:00\",\"dateModified\":\"2022-11-17T22:23:31+00:00\",\"mainEntityOfPage\":{\"@id\":\"https:\/\/luchonoticias.com\/editor\/capturado-chepe-por-lanzar-granada-que-dejo-siete-heridos-en-algeciras\/\"},\"wordCount\":271,\"commentCount\":0,\"publisher\":{\"@id\":\"https:\/\/luchonoticias.com\/editor\/#\/schema\/person\/7a7fd911f58561fd056dbac7b55af9cd\"},\"articleSection\":[\"Destacado\",\"Judicial\"],\"inLanguage\":\"es\",\"potentialAction\":[{\"@type\":\"CommentAction\",\"name\":\"Comment\",\"target\":[\"https:\/\/luchonoticias.com\/editor\/capturado-chepe-por-lanzar-granada-que-dejo-siete-heridos-en-algeciras\/#respond\"]}]},{\"@type\":\"WebPage\",\"@id\":\"https:\/\/luchonoticias.com\/editor\/capturado-chepe-por-lanzar-granada-que-dejo-siete-heridos-en-algeciras\/\",\"url\":\"https:\/\/luchonoticias.com\/editor\/capturado-chepe-por-lanzar-granada-que-dejo-siete-heridos-en-algeciras\/\",\"name\":\"Capturado \u2018Chepe\u2019 por lanzar granada que dej\u00f3 siete heridos en Algeciras -\",\"isPartOf\":{\"@id\":\"https:\/\/luchonoticias.com\/editor\/#website\"},\"datePublished\":\"2022-11-17T21:48:53+00:00\",\"dateModified\":\"2022-11-17T22:23:31+00:00\",\"breadcrumb\":{\"@id\":\"https:\/\/luchonoticias.com\/editor\/capturado-chepe-por-lanzar-granada-que-dejo-siete-heridos-en-algeciras\/#breadcrumb\"},\"inLanguage\":\"es\",\"potentialAction\":[{\"@type\":\"ReadAction\",\"target\":[\"https:\/\/luchonoticias.com\/editor\/capturado-chepe-por-lanzar-granada-que-dejo-siete-heridos-en-algeciras\/\"]}]},{\"@type\":\"BreadcrumbList\",\"@id\":\"https:\/\/luchonoticias.com\/editor\/capturado-chepe-por-lanzar-granada-que-dejo-siete-heridos-en-algeciras\/#breadcrumb\",\"itemListElement\":[{\"@type\":\"ListItem\",\"position\":1,\"name\":\"Portada\",\"item\":\"https:\/\/luchonoticias.com\/editor\/\"},{\"@type\":\"ListItem\",\"position\":2,\"name\":\"Capturado \u2018Chepe\u2019 por lanzar granada que dej\u00f3 siete heridos en Algeciras\"}]},{\"@type\":\"WebSite\",\"@id\":\"https:\/\/luchonoticias.com\/editor\/#website\",\"url\":\"https:\/\/luchonoticias.com\/editor\/\",\"name\":\"\",\"description\":\"\",\"publisher\":{\"@id\":\"https:\/\/luchonoticias.com\/editor\/#\/schema\/person\/7a7fd911f58561fd056dbac7b55af9cd\"},\"potentialAction\":[{\"@type\":\"SearchAction\",\"target\":{\"@type\":\"EntryPoint\",\"urlTemplate\":\"https:\/\/luchonoticias.com\/editor\/?s={search_term_string}\"},\"query-input\":{\"@type\":\"PropertyValueSpecification\",\"valueRequired\":true,\"valueName\":\"search_term_string\"}}],\"inLanguage\":\"es\"},{\"@type\":[\"Person\",\"Organization\"],\"@id\":\"https:\/\/luchonoticias.com\/editor\/#\/schema\/person\/7a7fd911f58561fd056dbac7b55af9cd\",\"name\":\"admin\",\"image\":{\"@type\":\"ImageObject\",\"inLanguage\":\"es\",\"@id\":\"https:\/\/luchonoticias.com\/editor\/#\/schema\/person\/image\/\",\"url\":\"https:\/\/luchonoticias.com\/editor\/wp-content\/uploads\/2024\/02\/cropped-cropped-logolu.webp\",\"contentUrl\":\"https:\/\/luchonoticias.com\/editor\/wp-content\/uploads\/2024\/02\/cropped-cropped-logolu.webp\",\"width\":382,\"height\":170,\"caption\":\"admin\"},\"logo\":{\"@id\":\"https:\/\/luchonoticias.com\/editor\/#\/schema\/person\/image\/\"},\"sameAs\":[\"https:\/\/www.facebook.com\/luchonoticiasneiva\"],\"url\":\"https:\/\/luchonoticias.com\/editor\/author\/admin\/\"}]}<\/script>\n<!-- \/ Yoast SEO plugin. -->","yoast_head_json":{"title":"Capturado \u2018Chepe\u2019 por lanzar granada que dej\u00f3 siete heridos en Algeciras -","robots":{"index":"index","follow":"follow","max-snippet":"max-snippet:-1","max-image-preview":"max-image-preview:large","max-video-preview":"max-video-preview:-1"},"canonical":"https:\/\/luchonoticias.com\/editor\/capturado-chepe-por-lanzar-granada-que-dejo-siete-heridos-en-algeciras\/","og_locale":"es_ES","og_type":"article","og_title":"Capturado \u2018Chepe\u2019 por lanzar granada que dej\u00f3 siete heridos en Algeciras -","og_url":"https:\/\/luchonoticias.com\/editor\/capturado-chepe-por-lanzar-granada-que-dejo-siete-heridos-en-algeciras\/","article_publisher":"https:\/\/www.facebook.com\/luchonoticiasneiva","article_author":"https:\/\/www.facebook.com\/luchonoticiasneiva","article_published_time":"2022-11-17T21:48:53+00:00","article_modified_time":"2022-11-17T22:23:31+00:00","author":"admin","twitter_card":"summary_large_image","twitter_misc":{"Escrito por":"admin","Tiempo de lectura":"1 minuto"},"schema":{"@context":"https:\/\/schema.org","@graph":[{"@type":"Article","@id":"https:\/\/luchonoticias.com\/editor\/capturado-chepe-por-lanzar-granada-que-dejo-siete-heridos-en-algeciras\/#article","isPartOf":{"@id":"https:\/\/luchonoticias.com\/editor\/capturado-chepe-por-lanzar-granada-que-dejo-siete-heridos-en-algeciras\/"},"author":{"name":"admin","@id":"https:\/\/luchonoticias.com\/editor\/#\/schema\/person\/7a7fd911f58561fd056dbac7b55af9cd"},"headline":"Capturado \u2018Chepe\u2019 por lanzar granada que dej\u00f3 siete heridos en Algeciras","datePublished":"2022-11-17T21:48:53+00:00","dateModified":"2022-11-17T22:23:31+00:00","mainEntityOfPage":{"@id":"https:\/\/luchonoticias.com\/editor\/capturado-chepe-por-lanzar-granada-que-dejo-siete-heridos-en-algeciras\/"},"wordCount":271,"commentCount":0,"publisher":{"@id":"https:\/\/luchonoticias.com\/editor\/#\/schema\/person\/7a7fd911f58561fd056dbac7b55af9cd"},"articleSection":["Destacado","Judicial"],"inLanguage":"es","potentialAction":[{"@type":"CommentAction","name":"Comment","target":["https:\/\/luchonoticias.com\/editor\/capturado-chepe-por-lanzar-granada-que-dejo-siete-heridos-en-algeciras\/#respond"]}]},{"@type":"WebPage","@id":"https:\/\/luchonoticias.com\/editor\/capturado-chepe-por-lanzar-granada-que-dejo-siete-heridos-en-algeciras\/","url":"https:\/\/luchonoticias.com\/editor\/capturado-chepe-por-lanzar-granada-que-dejo-siete-heridos-en-algeciras\/","name":"Capturado \u2018Chepe\u2019 por lanzar granada que dej\u00f3 siete heridos en Algeciras -","isPartOf":{"@id":"https:\/\/luchonoticias.com\/editor\/#website"},"datePublished":"2022-11-17T21:48:53+00:00","dateModified":"2022-11-17T22:23:31+00:00","breadcrumb":{"@id":"https:\/\/luchonoticias.com\/editor\/capturado-chepe-por-lanzar-granada-que-dejo-siete-heridos-en-algeciras\/#breadcrumb"},"inLanguage":"es","potentialAction":[{"@type":"ReadAction","target":["https:\/\/luchonoticias.com\/editor\/capturado-chepe-por-lanzar-granada-que-dejo-siete-heridos-en-algeciras\/"]}]},{"@type":"BreadcrumbList","@id":"https:\/\/luchonoticias.com\/editor\/capturado-chepe-por-lanzar-granada-que-dejo-siete-heridos-en-algeciras\/#breadcrumb","itemListElement":[{"@type":"ListItem","position":1,"name":"Portada","item":"https:\/\/luchonoticias.com\/editor\/"},{"@type":"ListItem","position":2,"name":"Capturado \u2018Chepe\u2019 por lanzar granada que dej\u00f3 siete heridos en Algeciras"}]},{"@type":"WebSite","@id":"https:\/\/luchonoticias.com\/editor\/#website","url":"https:\/\/luchonoticias.com\/editor\/","name":"","description":"","publisher":{"@id":"https:\/\/luchonoticias.com\/editor\/#\/schema\/person\/7a7fd911f58561fd056dbac7b55af9cd"},"potentialAction":[{"@type":"SearchAction","target":{"@type":"EntryPoint","urlTemplate":"https:\/\/luchonoticias.com\/editor\/?s={search_term_string}"},"query-input":{"@type":"PropertyValueSpecification","valueRequired":true,"valueName":"search_term_string"}}],"inLanguage":"es"},{"@type":["Person","Organization"],"@id":"https:\/\/luchonoticias.com\/editor\/#\/schema\/person\/7a7fd911f58561fd056dbac7b55af9cd","name":"admin","image":{"@type":"ImageObject","inLanguage":"es","@id":"https:\/\/luchonoticias.com\/editor\/#\/schema\/person\/image\/","url":"https:\/\/luchonoticias.com\/editor\/wp-content\/uploads\/2024\/02\/cropped-cropped-logolu.webp","contentUrl":"https:\/\/luchonoticias.com\/editor\/wp-content\/uploads\/2024\/02\/cropped-cropped-logolu.webp","width":382,"height":170,"caption":"admin"},"logo":{"@id":"https:\/\/luchonoticias.com\/editor\/#\/schema\/person\/image\/"},"sameAs":["https:\/\/www.facebook.com\/luchonoticiasneiva"],"url":"https:\/\/luchonoticias.com\/editor\/author\/admin\/"}]}},"_links":{"self":[{"href":"https:\/\/luchonoticias.com\/editor\/wp-json\/wp\/v2\/posts\/39742","targetHints":{"allow":["GET"]}}],"collection":[{"href":"https:\/\/luchonoticias.com\/editor\/wp-json\/wp\/v2\/posts"}],"about":[{"href":"https:\/\/luchonoticias.com\/editor\/wp-json\/wp\/v2\/types\/post"}],"author":[{"embeddable":true,"href":"https:\/\/luchonoticias.com\/editor\/wp-json\/wp\/v2\/users\/1"}],"replies":[{"embeddable":true,"href":"https:\/\/luchonoticias.com\/editor\/wp-json\/wp\/v2\/comments?post=39742"}],"version-history":[{"count":0,"href":"https:\/\/luchonoticias.com\/editor\/wp-json\/wp\/v2\/posts\/39742\/revisions"}],"wp:attachment":[{"href":"https:\/\/luchonoticias.com\/editor\/wp-json\/wp\/v2\/media?parent=39742"}],"wp:term":[{"taxonomy":"category","embeddable":true,"href":"https:\/\/luchonoticias.com\/editor\/wp-json\/wp\/v2\/categories?post=39742"},{"taxonomy":"post_tag","embeddable":true,"href":"https:\/\/luchonoticias.com\/editor\/wp-json\/wp\/v2\/tags?post=39742"}],"curies":[{"name":"wp","href":"https:\/\/api.w.org\/{rel}","templated":true}]}}