{"id":39772,"date":"2022-11-18T06:47:31","date_gmt":"2022-11-18T11:47:31","guid":{"rendered":"https:\/\/luchonoticias.com\/?p=39772"},"modified":"2022-11-18T06:47:31","modified_gmt":"2022-11-18T11:47:31","slug":"regreso-de-la-ruta-aerea-neiva-cali","status":"publish","type":"post","link":"https:\/\/luchonoticias.com\/editor\/regreso-de-la-ruta-aerea-neiva-cali\/","title":{"rendered":"Regreso de la ruta a\u00e9rea Neiva \u2013 Cali"},"content":{"rendered":"\n<p>La Alcald\u00eda de Neiva a trav\u00e9s de la Mesa de Conectividad de la Oficina de Internacionalizaci\u00f3n y Proyectos logr\u00f3 gestionar el regreso del vuelo entre Neiva \u2013 Cali con la aerol\u00ednea EasyFly, ruta que hab\u00eda sido suspendida hace poco tiempo, y que se reanuda el pr\u00f3ximo 1\u00ba de diciembre.<\/p>\n\n\n\n<p>\u201cLa ruta ya estaba, fue suspendida hace alg\u00fan tiempo pero la Alcald\u00eda de Neiva y la Mesa de Conectividad A\u00e9rea, que es un instancia que se ha trabajado con la Aeron\u00e1utica Civil y algunos operados a\u00e9reos hizo la gesti\u00f3n, no solo para esta ruta si no para otras que aumenten su itinerancia para la temporada de fin de a\u00f1o, eso indica que ya EasyFly anunci\u00f3 que vuelve la ruta a Cali\u201d, expres\u00f3 Rafael S\u00e1nchez D\u00edaz, jefe de la Oficina de Internacionalizaci\u00f3n y Proyectos de la Alcald\u00eda de Neiva.<\/p>\n\n\n\n<figure class=\"wp-block-gallery has-nested-images columns-default is-cropped wp-block-gallery-1 is-layout-flex wp-block-gallery-is-layout-flex\">\n<figure class=\"wp-block-image size-large\"><img decoding=\"async\" data-id=\"39774\" src=\"https:\/\/luchonoticias.com\/wp-content\/uploads\/2022\/11\/WhatsApp-Image-2022-11-17-at-6.26.00-PM-1-1024x768.jpeg\" alt=\"\" class=\"wp-image-39774\"\/><\/figure>\n\n\n\n<figure class=\"wp-block-image size-large\"><img decoding=\"async\" data-id=\"39775\" src=\"https:\/\/luchonoticias.com\/wp-content\/uploads\/2022\/11\/WhatsApp-Image-2022-11-17-at-6.26.00-PM-1024x768.jpeg\" alt=\"\" class=\"wp-image-39775\"\/><\/figure>\n<\/figure>\n\n\n\n<p>Es as\u00ed como el pr\u00f3ximo 1\u00ba de diciembre de 2022, arrancar\u00e1 nuevamente operaciones los d\u00edas jueves y domingos en horas de la tarde.<\/p>\n\n\n\n<p>\u201cTambi\u00e9n se est\u00e1 trabajando para el fortalecimiento de algunas rutas a Bogot\u00e1 y que se trabaje muy duro tambi\u00e9n con las aerol\u00edneas para que las cancelaciones de los vuelos tengan unos tiempos y anuncios claros\u201d, sostuvo el funcionario.<\/p>\n\n\n\n<p>A partir de estas gestiones, la Administraci\u00f3n Municipal, liderada por el alcalde de Neiva Gorky Mu\u00f1oz Calder\u00f3n, sigue mostrando su inter\u00e9s en apoyar al sector empresarial de la ciudad mediante la gesti\u00f3n de proyectos y solicitudes que permitan mejorar el desarrollo y conectividad de la ciudad.<\/p>\n\n\n\n<p>\u201cEsperamos que la gente lo use de manera correcta y que podamos tenerlo no solo en esa ruta si no ampliado en el a\u00f1o 2023, los precios son los mismos que han manejado siempre, supongo que habr\u00e1 un aumento por el tema de fin de a\u00f1o pero si pueden comprarlo desde ya para viajar a Cali pueden hacerlo\u201d, concluy\u00f3 S\u00e1nchez D\u00edaz.<\/p>\n","protected":false},"excerpt":{"rendered":"<p>La Alcald\u00eda de Neiva a trav\u00e9s de la Mesa de Conectividad de la Oficina de Internacionalizaci\u00f3n y Proyectos logr\u00f3 gestionar el regreso del vuelo entre Neiva \u2013 Cali con la aerol\u00ednea EasyFly, ruta que hab\u00eda sido suspendida hace poco tiempo, y que se reanuda el pr\u00f3ximo 1\u00ba de diciembre. \u201cLa ruta ya estaba, fue suspendida [&hellip;]<\/p>\n","protected":false},"author":1,"featured_media":0,"comment_status":"open","ping_status":"open","sticky":false,"template":"","format":"standard","meta":{"footnotes":""},"categories":[36,31],"tags":[],"class_list":["post-39772","post","type-post","status-publish","format-standard","hentry","category-destacado","category-local"],"yoast_head":"<!-- This site is optimized with the Yoast SEO plugin v26.6 - https:\/\/yoast.com\/wordpress\/plugins\/seo\/ -->\n<title>Regreso de la ruta a\u00e9rea Neiva \u2013 Cali -<\/title>\n<meta name=\"robots\" content=\"index, follow, max-snippet:-1, max-image-preview:large, max-video-preview:-1\" \/>\n<link rel=\"canonical\" href=\"https:\/\/luchonoticias.com\/editor\/regreso-de-la-ruta-aerea-neiva-cali\/\" \/>\n<meta property=\"og:locale\" content=\"es_ES\" \/>\n<meta property=\"og:type\" content=\"article\" \/>\n<meta property=\"og:title\" content=\"Regreso de la ruta a\u00e9rea Neiva \u2013 Cali -\" \/>\n<meta property=\"og:url\" content=\"https:\/\/luchonoticias.com\/editor\/regreso-de-la-ruta-aerea-neiva-cali\/\" \/>\n<meta property=\"article:publisher\" content=\"https:\/\/www.facebook.com\/luchonoticiasneiva\" \/>\n<meta property=\"article:author\" content=\"https:\/\/www.facebook.com\/luchonoticiasneiva\" \/>\n<meta property=\"article:published_time\" content=\"2022-11-18T11:47:31+00:00\" \/>\n<meta property=\"og:image\" content=\"https:\/\/luchonoticias.com\/wp-content\/uploads\/2022\/11\/WhatsApp-Image-2022-11-17-at-6.26.00-PM-1-1024x768.jpeg\" \/>\n<meta name=\"author\" content=\"admin\" \/>\n<meta name=\"twitter:card\" content=\"summary_large_image\" \/>\n<meta name=\"twitter:label1\" content=\"Escrito por\" \/>\n\t<meta name=\"twitter:data1\" content=\"admin\" \/>\n\t<meta name=\"twitter:label2\" content=\"Tiempo de lectura\" \/>\n\t<meta name=\"twitter:data2\" content=\"2 minutos\" \/>\n<script type=\"application\/ld+json\" class=\"yoast-schema-graph\">{\"@context\":\"https:\/\/schema.org\",\"@graph\":[{\"@type\":\"Article\",\"@id\":\"https:\/\/luchonoticias.com\/editor\/regreso-de-la-ruta-aerea-neiva-cali\/#article\",\"isPartOf\":{\"@id\":\"https:\/\/luchonoticias.com\/editor\/regreso-de-la-ruta-aerea-neiva-cali\/\"},\"author\":{\"name\":\"admin\",\"@id\":\"https:\/\/luchonoticias.com\/editor\/#\/schema\/person\/7a7fd911f58561fd056dbac7b55af9cd\"},\"headline\":\"Regreso de la ruta a\u00e9rea Neiva \u2013 Cali\",\"datePublished\":\"2022-11-18T11:47:31+00:00\",\"mainEntityOfPage\":{\"@id\":\"https:\/\/luchonoticias.com\/editor\/regreso-de-la-ruta-aerea-neiva-cali\/\"},\"wordCount\":339,\"commentCount\":0,\"publisher\":{\"@id\":\"https:\/\/luchonoticias.com\/editor\/#\/schema\/person\/7a7fd911f58561fd056dbac7b55af9cd\"},\"image\":{\"@id\":\"https:\/\/luchonoticias.com\/editor\/regreso-de-la-ruta-aerea-neiva-cali\/#primaryimage\"},\"thumbnailUrl\":\"https:\/\/luchonoticias.com\/wp-content\/uploads\/2022\/11\/WhatsApp-Image-2022-11-17-at-6.26.00-PM-1-1024x768.jpeg\",\"articleSection\":[\"Destacado\",\"Local\"],\"inLanguage\":\"es\",\"potentialAction\":[{\"@type\":\"CommentAction\",\"name\":\"Comment\",\"target\":[\"https:\/\/luchonoticias.com\/editor\/regreso-de-la-ruta-aerea-neiva-cali\/#respond\"]}]},{\"@type\":\"WebPage\",\"@id\":\"https:\/\/luchonoticias.com\/editor\/regreso-de-la-ruta-aerea-neiva-cali\/\",\"url\":\"https:\/\/luchonoticias.com\/editor\/regreso-de-la-ruta-aerea-neiva-cali\/\",\"name\":\"Regreso de la ruta a\u00e9rea Neiva \u2013 Cali -\",\"isPartOf\":{\"@id\":\"https:\/\/luchonoticias.com\/editor\/#website\"},\"primaryImageOfPage\":{\"@id\":\"https:\/\/luchonoticias.com\/editor\/regreso-de-la-ruta-aerea-neiva-cali\/#primaryimage\"},\"image\":{\"@id\":\"https:\/\/luchonoticias.com\/editor\/regreso-de-la-ruta-aerea-neiva-cali\/#primaryimage\"},\"thumbnailUrl\":\"https:\/\/luchonoticias.com\/wp-content\/uploads\/2022\/11\/WhatsApp-Image-2022-11-17-at-6.26.00-PM-1-1024x768.jpeg\",\"datePublished\":\"2022-11-18T11:47:31+00:00\",\"breadcrumb\":{\"@id\":\"https:\/\/luchonoticias.com\/editor\/regreso-de-la-ruta-aerea-neiva-cali\/#breadcrumb\"},\"inLanguage\":\"es\",\"potentialAction\":[{\"@type\":\"ReadAction\",\"target\":[\"https:\/\/luchonoticias.com\/editor\/regreso-de-la-ruta-aerea-neiva-cali\/\"]}]},{\"@type\":\"ImageObject\",\"inLanguage\":\"es\",\"@id\":\"https:\/\/luchonoticias.com\/editor\/regreso-de-la-ruta-aerea-neiva-cali\/#primaryimage\",\"url\":\"https:\/\/luchonoticias.com\/wp-content\/uploads\/2022\/11\/WhatsApp-Image-2022-11-17-at-6.26.00-PM-1-1024x768.jpeg\",\"contentUrl\":\"https:\/\/luchonoticias.com\/wp-content\/uploads\/2022\/11\/WhatsApp-Image-2022-11-17-at-6.26.00-PM-1-1024x768.jpeg\"},{\"@type\":\"BreadcrumbList\",\"@id\":\"https:\/\/luchonoticias.com\/editor\/regreso-de-la-ruta-aerea-neiva-cali\/#breadcrumb\",\"itemListElement\":[{\"@type\":\"ListItem\",\"position\":1,\"name\":\"Portada\",\"item\":\"https:\/\/luchonoticias.com\/editor\/\"},{\"@type\":\"ListItem\",\"position\":2,\"name\":\"Regreso de la ruta a\u00e9rea Neiva \u2013 Cali\"}]},{\"@type\":\"WebSite\",\"@id\":\"https:\/\/luchonoticias.com\/editor\/#website\",\"url\":\"https:\/\/luchonoticias.com\/editor\/\",\"name\":\"\",\"description\":\"\",\"publisher\":{\"@id\":\"https:\/\/luchonoticias.com\/editor\/#\/schema\/person\/7a7fd911f58561fd056dbac7b55af9cd\"},\"potentialAction\":[{\"@type\":\"SearchAction\",\"target\":{\"@type\":\"EntryPoint\",\"urlTemplate\":\"https:\/\/luchonoticias.com\/editor\/?s={search_term_string}\"},\"query-input\":{\"@type\":\"PropertyValueSpecification\",\"valueRequired\":true,\"valueName\":\"search_term_string\"}}],\"inLanguage\":\"es\"},{\"@type\":[\"Person\",\"Organization\"],\"@id\":\"https:\/\/luchonoticias.com\/editor\/#\/schema\/person\/7a7fd911f58561fd056dbac7b55af9cd\",\"name\":\"admin\",\"image\":{\"@type\":\"ImageObject\",\"inLanguage\":\"es\",\"@id\":\"https:\/\/luchonoticias.com\/editor\/#\/schema\/person\/image\/\",\"url\":\"https:\/\/luchonoticias.com\/editor\/wp-content\/uploads\/2024\/02\/cropped-cropped-logolu.webp\",\"contentUrl\":\"https:\/\/luchonoticias.com\/editor\/wp-content\/uploads\/2024\/02\/cropped-cropped-logolu.webp\",\"width\":382,\"height\":170,\"caption\":\"admin\"},\"logo\":{\"@id\":\"https:\/\/luchonoticias.com\/editor\/#\/schema\/person\/image\/\"},\"sameAs\":[\"https:\/\/www.facebook.com\/luchonoticiasneiva\"],\"url\":\"https:\/\/luchonoticias.com\/editor\/author\/admin\/\"}]}<\/script>\n<!-- \/ Yoast SEO plugin. -->","yoast_head_json":{"title":"Regreso de la ruta a\u00e9rea Neiva \u2013 Cali -","robots":{"index":"index","follow":"follow","max-snippet":"max-snippet:-1","max-image-preview":"max-image-preview:large","max-video-preview":"max-video-preview:-1"},"canonical":"https:\/\/luchonoticias.com\/editor\/regreso-de-la-ruta-aerea-neiva-cali\/","og_locale":"es_ES","og_type":"article","og_title":"Regreso de la ruta a\u00e9rea Neiva \u2013 Cali -","og_url":"https:\/\/luchonoticias.com\/editor\/regreso-de-la-ruta-aerea-neiva-cali\/","article_publisher":"https:\/\/www.facebook.com\/luchonoticiasneiva","article_author":"https:\/\/www.facebook.com\/luchonoticiasneiva","article_published_time":"2022-11-18T11:47:31+00:00","og_image":[{"url":"https:\/\/luchonoticias.com\/wp-content\/uploads\/2022\/11\/WhatsApp-Image-2022-11-17-at-6.26.00-PM-1-1024x768.jpeg","type":"","width":"","height":""}],"author":"admin","twitter_card":"summary_large_image","twitter_misc":{"Escrito por":"admin","Tiempo de lectura":"2 minutos"},"schema":{"@context":"https:\/\/schema.org","@graph":[{"@type":"Article","@id":"https:\/\/luchonoticias.com\/editor\/regreso-de-la-ruta-aerea-neiva-cali\/#article","isPartOf":{"@id":"https:\/\/luchonoticias.com\/editor\/regreso-de-la-ruta-aerea-neiva-cali\/"},"author":{"name":"admin","@id":"https:\/\/luchonoticias.com\/editor\/#\/schema\/person\/7a7fd911f58561fd056dbac7b55af9cd"},"headline":"Regreso de la ruta a\u00e9rea Neiva \u2013 Cali","datePublished":"2022-11-18T11:47:31+00:00","mainEntityOfPage":{"@id":"https:\/\/luchonoticias.com\/editor\/regreso-de-la-ruta-aerea-neiva-cali\/"},"wordCount":339,"commentCount":0,"publisher":{"@id":"https:\/\/luchonoticias.com\/editor\/#\/schema\/person\/7a7fd911f58561fd056dbac7b55af9cd"},"image":{"@id":"https:\/\/luchonoticias.com\/editor\/regreso-de-la-ruta-aerea-neiva-cali\/#primaryimage"},"thumbnailUrl":"https:\/\/luchonoticias.com\/wp-content\/uploads\/2022\/11\/WhatsApp-Image-2022-11-17-at-6.26.00-PM-1-1024x768.jpeg","articleSection":["Destacado","Local"],"inLanguage":"es","potentialAction":[{"@type":"CommentAction","name":"Comment","target":["https:\/\/luchonoticias.com\/editor\/regreso-de-la-ruta-aerea-neiva-cali\/#respond"]}]},{"@type":"WebPage","@id":"https:\/\/luchonoticias.com\/editor\/regreso-de-la-ruta-aerea-neiva-cali\/","url":"https:\/\/luchonoticias.com\/editor\/regreso-de-la-ruta-aerea-neiva-cali\/","name":"Regreso de la ruta a\u00e9rea Neiva \u2013 Cali -","isPartOf":{"@id":"https:\/\/luchonoticias.com\/editor\/#website"},"primaryImageOfPage":{"@id":"https:\/\/luchonoticias.com\/editor\/regreso-de-la-ruta-aerea-neiva-cali\/#primaryimage"},"image":{"@id":"https:\/\/luchonoticias.com\/editor\/regreso-de-la-ruta-aerea-neiva-cali\/#primaryimage"},"thumbnailUrl":"https:\/\/luchonoticias.com\/wp-content\/uploads\/2022\/11\/WhatsApp-Image-2022-11-17-at-6.26.00-PM-1-1024x768.jpeg","datePublished":"2022-11-18T11:47:31+00:00","breadcrumb":{"@id":"https:\/\/luchonoticias.com\/editor\/regreso-de-la-ruta-aerea-neiva-cali\/#breadcrumb"},"inLanguage":"es","potentialAction":[{"@type":"ReadAction","target":["https:\/\/luchonoticias.com\/editor\/regreso-de-la-ruta-aerea-neiva-cali\/"]}]},{"@type":"ImageObject","inLanguage":"es","@id":"https:\/\/luchonoticias.com\/editor\/regreso-de-la-ruta-aerea-neiva-cali\/#primaryimage","url":"https:\/\/luchonoticias.com\/wp-content\/uploads\/2022\/11\/WhatsApp-Image-2022-11-17-at-6.26.00-PM-1-1024x768.jpeg","contentUrl":"https:\/\/luchonoticias.com\/wp-content\/uploads\/2022\/11\/WhatsApp-Image-2022-11-17-at-6.26.00-PM-1-1024x768.jpeg"},{"@type":"BreadcrumbList","@id":"https:\/\/luchonoticias.com\/editor\/regreso-de-la-ruta-aerea-neiva-cali\/#breadcrumb","itemListElement":[{"@type":"ListItem","position":1,"name":"Portada","item":"https:\/\/luchonoticias.com\/editor\/"},{"@type":"ListItem","position":2,"name":"Regreso de la ruta a\u00e9rea Neiva \u2013 Cali"}]},{"@type":"WebSite","@id":"https:\/\/luchonoticias.com\/editor\/#website","url":"https:\/\/luchonoticias.com\/editor\/","name":"","description":"","publisher":{"@id":"https:\/\/luchonoticias.com\/editor\/#\/schema\/person\/7a7fd911f58561fd056dbac7b55af9cd"},"potentialAction":[{"@type":"SearchAction","target":{"@type":"EntryPoint","urlTemplate":"https:\/\/luchonoticias.com\/editor\/?s={search_term_string}"},"query-input":{"@type":"PropertyValueSpecification","valueRequired":true,"valueName":"search_term_string"}}],"inLanguage":"es"},{"@type":["Person","Organization"],"@id":"https:\/\/luchonoticias.com\/editor\/#\/schema\/person\/7a7fd911f58561fd056dbac7b55af9cd","name":"admin","image":{"@type":"ImageObject","inLanguage":"es","@id":"https:\/\/luchonoticias.com\/editor\/#\/schema\/person\/image\/","url":"https:\/\/luchonoticias.com\/editor\/wp-content\/uploads\/2024\/02\/cropped-cropped-logolu.webp","contentUrl":"https:\/\/luchonoticias.com\/editor\/wp-content\/uploads\/2024\/02\/cropped-cropped-logolu.webp","width":382,"height":170,"caption":"admin"},"logo":{"@id":"https:\/\/luchonoticias.com\/editor\/#\/schema\/person\/image\/"},"sameAs":["https:\/\/www.facebook.com\/luchonoticiasneiva"],"url":"https:\/\/luchonoticias.com\/editor\/author\/admin\/"}]}},"_links":{"self":[{"href":"https:\/\/luchonoticias.com\/editor\/wp-json\/wp\/v2\/posts\/39772","targetHints":{"allow":["GET"]}}],"collection":[{"href":"https:\/\/luchonoticias.com\/editor\/wp-json\/wp\/v2\/posts"}],"about":[{"href":"https:\/\/luchonoticias.com\/editor\/wp-json\/wp\/v2\/types\/post"}],"author":[{"embeddable":true,"href":"https:\/\/luchonoticias.com\/editor\/wp-json\/wp\/v2\/users\/1"}],"replies":[{"embeddable":true,"href":"https:\/\/luchonoticias.com\/editor\/wp-json\/wp\/v2\/comments?post=39772"}],"version-history":[{"count":0,"href":"https:\/\/luchonoticias.com\/editor\/wp-json\/wp\/v2\/posts\/39772\/revisions"}],"wp:attachment":[{"href":"https:\/\/luchonoticias.com\/editor\/wp-json\/wp\/v2\/media?parent=39772"}],"wp:term":[{"taxonomy":"category","embeddable":true,"href":"https:\/\/luchonoticias.com\/editor\/wp-json\/wp\/v2\/categories?post=39772"},{"taxonomy":"post_tag","embeddable":true,"href":"https:\/\/luchonoticias.com\/editor\/wp-json\/wp\/v2\/tags?post=39772"}],"curies":[{"name":"wp","href":"https:\/\/api.w.org\/{rel}","templated":true}]}}