{"id":39805,"date":"2022-11-18T07:38:58","date_gmt":"2022-11-18T12:38:58","guid":{"rendered":"https:\/\/luchonoticias.com\/?p=39805"},"modified":"2022-11-18T07:38:59","modified_gmt":"2022-11-18T12:38:59","slug":"solo-dos-casos-de-covid19-se-encuentran-activos-en-el-huila","status":"publish","type":"post","link":"https:\/\/luchonoticias.com\/editor\/solo-dos-casos-de-covid19-se-encuentran-activos-en-el-huila\/","title":{"rendered":"Solo dos casos de Covid19 se encuentran activos en el Huila"},"content":{"rendered":"\n<p>Solo dos casos del virus SarsCov2 permanecen activos en el territorio huilense, reflejando positivos resultados de la campa\u00f1a de inmunizaci\u00f3n de la poblaci\u00f3n que ha liderado de manera permanente el Gobierno Departamental \u201cHuila Crece\u201d desde la Secretar\u00eda de Salud Departamental en articulaci\u00f3n con las IPS vacunadoras y las Direcciones Locales de Salud.<\/p>\n\n\n\n<p>\u201cSeguimos comprometidos con la vigilancia epidemiol\u00f3gica de los eventos que son de inter\u00e9s en la salud p\u00fablica, seguimos realizando seguimiento el Covid19, la viruela s\u00edmica, el dengue y las dem\u00e1s patolog\u00edas\u201d inform\u00f3 C\u00e9sar Alberto Polan\u00eda Silva, secretario de Salud del Huila.<\/p>\n\n\n\n<p>Durante la semana del 12 al 17 de septiembre se notificaron 2 casos en el municipio de Neiva, que se encuentran en atenci\u00f3n ambulatoria.<\/p>\n\n\n\n<p>\u201cHemos superado la fase de pandemia, pero el virus sigue circulando, es end\u00e9mico y se pueden presentar casos; muy importante la reducci\u00f3n de la mortalidad por Covid19, eso significa que todo el proceso de vacunaci\u00f3n ha servido, sigue encontrando respuesta inmunol\u00f3gica en la poblaci\u00f3n y por eso insistimos en la necesidad de completar los esquemas\u201d agreg\u00f3 el secretario.<\/p>\n\n\n\n<figure class=\"wp-block-image size-large\"><img decoding=\"async\" src=\"https:\/\/luchonoticias.com\/wp-content\/uploads\/2022\/11\/WhatsApp-Image-2022-11-17-at-11.03.38-PM-1024x778.jpeg\" alt=\"\" class=\"wp-image-39807\"\/><\/figure>\n\n\n\n<p>Las vacunas contra el Covid19 est\u00e1n disponibles en todos los puntos de atenci\u00f3n de las IPS vacunadoras y hacen parte del Programa Ampliado de Inmunizaci\u00f3n, de \u00e9sta manera se propende por mantener el comportamiento de baja incidencia y prevalencia de la enfermedad en el departamento del Huila.<\/p>\n","protected":false},"excerpt":{"rendered":"<p>Solo dos casos del virus SarsCov2 permanecen activos en el territorio huilense, reflejando positivos resultados de la campa\u00f1a de inmunizaci\u00f3n de la poblaci\u00f3n que ha liderado de manera permanente el Gobierno Departamental \u201cHuila Crece\u201d desde la Secretar\u00eda de Salud Departamental en articulaci\u00f3n con las IPS vacunadoras y las Direcciones Locales de Salud. \u201cSeguimos comprometidos con [&hellip;]<\/p>\n","protected":false},"author":1,"featured_media":0,"comment_status":"open","ping_status":"open","sticky":false,"template":"","format":"standard","meta":{"footnotes":""},"categories":[36,33],"tags":[],"class_list":["post-39805","post","type-post","status-publish","format-standard","hentry","category-destacado","category-huila"],"yoast_head":"<!-- This site is optimized with the Yoast SEO plugin v26.6 - https:\/\/yoast.com\/wordpress\/plugins\/seo\/ -->\n<title>Solo dos casos de Covid19 se encuentran activos en el Huila -<\/title>\n<meta name=\"robots\" content=\"index, follow, max-snippet:-1, max-image-preview:large, max-video-preview:-1\" \/>\n<link rel=\"canonical\" href=\"https:\/\/luchonoticias.com\/editor\/solo-dos-casos-de-covid19-se-encuentran-activos-en-el-huila\/\" \/>\n<meta property=\"og:locale\" content=\"es_ES\" \/>\n<meta property=\"og:type\" content=\"article\" \/>\n<meta property=\"og:title\" content=\"Solo dos casos de Covid19 se encuentran activos en el Huila -\" \/>\n<meta property=\"og:url\" content=\"https:\/\/luchonoticias.com\/editor\/solo-dos-casos-de-covid19-se-encuentran-activos-en-el-huila\/\" \/>\n<meta property=\"article:publisher\" content=\"https:\/\/www.facebook.com\/luchonoticiasneiva\" \/>\n<meta property=\"article:author\" content=\"https:\/\/www.facebook.com\/luchonoticiasneiva\" \/>\n<meta property=\"article:published_time\" content=\"2022-11-18T12:38:58+00:00\" \/>\n<meta property=\"article:modified_time\" content=\"2022-11-18T12:38:59+00:00\" \/>\n<meta property=\"og:image\" content=\"https:\/\/luchonoticias.com\/wp-content\/uploads\/2022\/11\/WhatsApp-Image-2022-11-17-at-11.03.38-PM-1024x778.jpeg\" \/>\n<meta name=\"author\" content=\"admin\" \/>\n<meta name=\"twitter:card\" content=\"summary_large_image\" \/>\n<meta name=\"twitter:label1\" content=\"Escrito por\" \/>\n\t<meta name=\"twitter:data1\" content=\"admin\" \/>\n\t<meta name=\"twitter:label2\" content=\"Tiempo de lectura\" \/>\n\t<meta name=\"twitter:data2\" content=\"1 minuto\" \/>\n<script type=\"application\/ld+json\" class=\"yoast-schema-graph\">{\"@context\":\"https:\/\/schema.org\",\"@graph\":[{\"@type\":\"Article\",\"@id\":\"https:\/\/luchonoticias.com\/editor\/solo-dos-casos-de-covid19-se-encuentran-activos-en-el-huila\/#article\",\"isPartOf\":{\"@id\":\"https:\/\/luchonoticias.com\/editor\/solo-dos-casos-de-covid19-se-encuentran-activos-en-el-huila\/\"},\"author\":{\"name\":\"admin\",\"@id\":\"https:\/\/luchonoticias.com\/editor\/#\/schema\/person\/7a7fd911f58561fd056dbac7b55af9cd\"},\"headline\":\"Solo dos casos de Covid19 se encuentran activos en el Huila\",\"datePublished\":\"2022-11-18T12:38:58+00:00\",\"dateModified\":\"2022-11-18T12:38:59+00:00\",\"mainEntityOfPage\":{\"@id\":\"https:\/\/luchonoticias.com\/editor\/solo-dos-casos-de-covid19-se-encuentran-activos-en-el-huila\/\"},\"wordCount\":252,\"commentCount\":0,\"publisher\":{\"@id\":\"https:\/\/luchonoticias.com\/editor\/#\/schema\/person\/7a7fd911f58561fd056dbac7b55af9cd\"},\"image\":{\"@id\":\"https:\/\/luchonoticias.com\/editor\/solo-dos-casos-de-covid19-se-encuentran-activos-en-el-huila\/#primaryimage\"},\"thumbnailUrl\":\"https:\/\/luchonoticias.com\/wp-content\/uploads\/2022\/11\/WhatsApp-Image-2022-11-17-at-11.03.38-PM-1024x778.jpeg\",\"articleSection\":[\"Destacado\",\"Huila\"],\"inLanguage\":\"es\",\"potentialAction\":[{\"@type\":\"CommentAction\",\"name\":\"Comment\",\"target\":[\"https:\/\/luchonoticias.com\/editor\/solo-dos-casos-de-covid19-se-encuentran-activos-en-el-huila\/#respond\"]}]},{\"@type\":\"WebPage\",\"@id\":\"https:\/\/luchonoticias.com\/editor\/solo-dos-casos-de-covid19-se-encuentran-activos-en-el-huila\/\",\"url\":\"https:\/\/luchonoticias.com\/editor\/solo-dos-casos-de-covid19-se-encuentran-activos-en-el-huila\/\",\"name\":\"Solo dos casos de Covid19 se encuentran activos en el Huila -\",\"isPartOf\":{\"@id\":\"https:\/\/luchonoticias.com\/editor\/#website\"},\"primaryImageOfPage\":{\"@id\":\"https:\/\/luchonoticias.com\/editor\/solo-dos-casos-de-covid19-se-encuentran-activos-en-el-huila\/#primaryimage\"},\"image\":{\"@id\":\"https:\/\/luchonoticias.com\/editor\/solo-dos-casos-de-covid19-se-encuentran-activos-en-el-huila\/#primaryimage\"},\"thumbnailUrl\":\"https:\/\/luchonoticias.com\/wp-content\/uploads\/2022\/11\/WhatsApp-Image-2022-11-17-at-11.03.38-PM-1024x778.jpeg\",\"datePublished\":\"2022-11-18T12:38:58+00:00\",\"dateModified\":\"2022-11-18T12:38:59+00:00\",\"breadcrumb\":{\"@id\":\"https:\/\/luchonoticias.com\/editor\/solo-dos-casos-de-covid19-se-encuentran-activos-en-el-huila\/#breadcrumb\"},\"inLanguage\":\"es\",\"potentialAction\":[{\"@type\":\"ReadAction\",\"target\":[\"https:\/\/luchonoticias.com\/editor\/solo-dos-casos-de-covid19-se-encuentran-activos-en-el-huila\/\"]}]},{\"@type\":\"ImageObject\",\"inLanguage\":\"es\",\"@id\":\"https:\/\/luchonoticias.com\/editor\/solo-dos-casos-de-covid19-se-encuentran-activos-en-el-huila\/#primaryimage\",\"url\":\"https:\/\/luchonoticias.com\/wp-content\/uploads\/2022\/11\/WhatsApp-Image-2022-11-17-at-11.03.38-PM-1024x778.jpeg\",\"contentUrl\":\"https:\/\/luchonoticias.com\/wp-content\/uploads\/2022\/11\/WhatsApp-Image-2022-11-17-at-11.03.38-PM-1024x778.jpeg\"},{\"@type\":\"BreadcrumbList\",\"@id\":\"https:\/\/luchonoticias.com\/editor\/solo-dos-casos-de-covid19-se-encuentran-activos-en-el-huila\/#breadcrumb\",\"itemListElement\":[{\"@type\":\"ListItem\",\"position\":1,\"name\":\"Portada\",\"item\":\"https:\/\/luchonoticias.com\/editor\/\"},{\"@type\":\"ListItem\",\"position\":2,\"name\":\"Solo dos casos de Covid19 se encuentran activos en el Huila\"}]},{\"@type\":\"WebSite\",\"@id\":\"https:\/\/luchonoticias.com\/editor\/#website\",\"url\":\"https:\/\/luchonoticias.com\/editor\/\",\"name\":\"\",\"description\":\"\",\"publisher\":{\"@id\":\"https:\/\/luchonoticias.com\/editor\/#\/schema\/person\/7a7fd911f58561fd056dbac7b55af9cd\"},\"potentialAction\":[{\"@type\":\"SearchAction\",\"target\":{\"@type\":\"EntryPoint\",\"urlTemplate\":\"https:\/\/luchonoticias.com\/editor\/?s={search_term_string}\"},\"query-input\":{\"@type\":\"PropertyValueSpecification\",\"valueRequired\":true,\"valueName\":\"search_term_string\"}}],\"inLanguage\":\"es\"},{\"@type\":[\"Person\",\"Organization\"],\"@id\":\"https:\/\/luchonoticias.com\/editor\/#\/schema\/person\/7a7fd911f58561fd056dbac7b55af9cd\",\"name\":\"admin\",\"image\":{\"@type\":\"ImageObject\",\"inLanguage\":\"es\",\"@id\":\"https:\/\/luchonoticias.com\/editor\/#\/schema\/person\/image\/\",\"url\":\"https:\/\/luchonoticias.com\/editor\/wp-content\/uploads\/2024\/02\/cropped-cropped-logolu.webp\",\"contentUrl\":\"https:\/\/luchonoticias.com\/editor\/wp-content\/uploads\/2024\/02\/cropped-cropped-logolu.webp\",\"width\":382,\"height\":170,\"caption\":\"admin\"},\"logo\":{\"@id\":\"https:\/\/luchonoticias.com\/editor\/#\/schema\/person\/image\/\"},\"sameAs\":[\"https:\/\/www.facebook.com\/luchonoticiasneiva\"],\"url\":\"https:\/\/luchonoticias.com\/editor\/author\/admin\/\"}]}<\/script>\n<!-- \/ Yoast SEO plugin. -->","yoast_head_json":{"title":"Solo dos casos de Covid19 se encuentran activos en el Huila -","robots":{"index":"index","follow":"follow","max-snippet":"max-snippet:-1","max-image-preview":"max-image-preview:large","max-video-preview":"max-video-preview:-1"},"canonical":"https:\/\/luchonoticias.com\/editor\/solo-dos-casos-de-covid19-se-encuentran-activos-en-el-huila\/","og_locale":"es_ES","og_type":"article","og_title":"Solo dos casos de Covid19 se encuentran activos en el Huila -","og_url":"https:\/\/luchonoticias.com\/editor\/solo-dos-casos-de-covid19-se-encuentran-activos-en-el-huila\/","article_publisher":"https:\/\/www.facebook.com\/luchonoticiasneiva","article_author":"https:\/\/www.facebook.com\/luchonoticiasneiva","article_published_time":"2022-11-18T12:38:58+00:00","article_modified_time":"2022-11-18T12:38:59+00:00","og_image":[{"url":"https:\/\/luchonoticias.com\/wp-content\/uploads\/2022\/11\/WhatsApp-Image-2022-11-17-at-11.03.38-PM-1024x778.jpeg","type":"","width":"","height":""}],"author":"admin","twitter_card":"summary_large_image","twitter_misc":{"Escrito por":"admin","Tiempo de lectura":"1 minuto"},"schema":{"@context":"https:\/\/schema.org","@graph":[{"@type":"Article","@id":"https:\/\/luchonoticias.com\/editor\/solo-dos-casos-de-covid19-se-encuentran-activos-en-el-huila\/#article","isPartOf":{"@id":"https:\/\/luchonoticias.com\/editor\/solo-dos-casos-de-covid19-se-encuentran-activos-en-el-huila\/"},"author":{"name":"admin","@id":"https:\/\/luchonoticias.com\/editor\/#\/schema\/person\/7a7fd911f58561fd056dbac7b55af9cd"},"headline":"Solo dos casos de Covid19 se encuentran activos en el Huila","datePublished":"2022-11-18T12:38:58+00:00","dateModified":"2022-11-18T12:38:59+00:00","mainEntityOfPage":{"@id":"https:\/\/luchonoticias.com\/editor\/solo-dos-casos-de-covid19-se-encuentran-activos-en-el-huila\/"},"wordCount":252,"commentCount":0,"publisher":{"@id":"https:\/\/luchonoticias.com\/editor\/#\/schema\/person\/7a7fd911f58561fd056dbac7b55af9cd"},"image":{"@id":"https:\/\/luchonoticias.com\/editor\/solo-dos-casos-de-covid19-se-encuentran-activos-en-el-huila\/#primaryimage"},"thumbnailUrl":"https:\/\/luchonoticias.com\/wp-content\/uploads\/2022\/11\/WhatsApp-Image-2022-11-17-at-11.03.38-PM-1024x778.jpeg","articleSection":["Destacado","Huila"],"inLanguage":"es","potentialAction":[{"@type":"CommentAction","name":"Comment","target":["https:\/\/luchonoticias.com\/editor\/solo-dos-casos-de-covid19-se-encuentran-activos-en-el-huila\/#respond"]}]},{"@type":"WebPage","@id":"https:\/\/luchonoticias.com\/editor\/solo-dos-casos-de-covid19-se-encuentran-activos-en-el-huila\/","url":"https:\/\/luchonoticias.com\/editor\/solo-dos-casos-de-covid19-se-encuentran-activos-en-el-huila\/","name":"Solo dos casos de Covid19 se encuentran activos en el Huila -","isPartOf":{"@id":"https:\/\/luchonoticias.com\/editor\/#website"},"primaryImageOfPage":{"@id":"https:\/\/luchonoticias.com\/editor\/solo-dos-casos-de-covid19-se-encuentran-activos-en-el-huila\/#primaryimage"},"image":{"@id":"https:\/\/luchonoticias.com\/editor\/solo-dos-casos-de-covid19-se-encuentran-activos-en-el-huila\/#primaryimage"},"thumbnailUrl":"https:\/\/luchonoticias.com\/wp-content\/uploads\/2022\/11\/WhatsApp-Image-2022-11-17-at-11.03.38-PM-1024x778.jpeg","datePublished":"2022-11-18T12:38:58+00:00","dateModified":"2022-11-18T12:38:59+00:00","breadcrumb":{"@id":"https:\/\/luchonoticias.com\/editor\/solo-dos-casos-de-covid19-se-encuentran-activos-en-el-huila\/#breadcrumb"},"inLanguage":"es","potentialAction":[{"@type":"ReadAction","target":["https:\/\/luchonoticias.com\/editor\/solo-dos-casos-de-covid19-se-encuentran-activos-en-el-huila\/"]}]},{"@type":"ImageObject","inLanguage":"es","@id":"https:\/\/luchonoticias.com\/editor\/solo-dos-casos-de-covid19-se-encuentran-activos-en-el-huila\/#primaryimage","url":"https:\/\/luchonoticias.com\/wp-content\/uploads\/2022\/11\/WhatsApp-Image-2022-11-17-at-11.03.38-PM-1024x778.jpeg","contentUrl":"https:\/\/luchonoticias.com\/wp-content\/uploads\/2022\/11\/WhatsApp-Image-2022-11-17-at-11.03.38-PM-1024x778.jpeg"},{"@type":"BreadcrumbList","@id":"https:\/\/luchonoticias.com\/editor\/solo-dos-casos-de-covid19-se-encuentran-activos-en-el-huila\/#breadcrumb","itemListElement":[{"@type":"ListItem","position":1,"name":"Portada","item":"https:\/\/luchonoticias.com\/editor\/"},{"@type":"ListItem","position":2,"name":"Solo dos casos de Covid19 se encuentran activos en el Huila"}]},{"@type":"WebSite","@id":"https:\/\/luchonoticias.com\/editor\/#website","url":"https:\/\/luchonoticias.com\/editor\/","name":"","description":"","publisher":{"@id":"https:\/\/luchonoticias.com\/editor\/#\/schema\/person\/7a7fd911f58561fd056dbac7b55af9cd"},"potentialAction":[{"@type":"SearchAction","target":{"@type":"EntryPoint","urlTemplate":"https:\/\/luchonoticias.com\/editor\/?s={search_term_string}"},"query-input":{"@type":"PropertyValueSpecification","valueRequired":true,"valueName":"search_term_string"}}],"inLanguage":"es"},{"@type":["Person","Organization"],"@id":"https:\/\/luchonoticias.com\/editor\/#\/schema\/person\/7a7fd911f58561fd056dbac7b55af9cd","name":"admin","image":{"@type":"ImageObject","inLanguage":"es","@id":"https:\/\/luchonoticias.com\/editor\/#\/schema\/person\/image\/","url":"https:\/\/luchonoticias.com\/editor\/wp-content\/uploads\/2024\/02\/cropped-cropped-logolu.webp","contentUrl":"https:\/\/luchonoticias.com\/editor\/wp-content\/uploads\/2024\/02\/cropped-cropped-logolu.webp","width":382,"height":170,"caption":"admin"},"logo":{"@id":"https:\/\/luchonoticias.com\/editor\/#\/schema\/person\/image\/"},"sameAs":["https:\/\/www.facebook.com\/luchonoticiasneiva"],"url":"https:\/\/luchonoticias.com\/editor\/author\/admin\/"}]}},"_links":{"self":[{"href":"https:\/\/luchonoticias.com\/editor\/wp-json\/wp\/v2\/posts\/39805","targetHints":{"allow":["GET"]}}],"collection":[{"href":"https:\/\/luchonoticias.com\/editor\/wp-json\/wp\/v2\/posts"}],"about":[{"href":"https:\/\/luchonoticias.com\/editor\/wp-json\/wp\/v2\/types\/post"}],"author":[{"embeddable":true,"href":"https:\/\/luchonoticias.com\/editor\/wp-json\/wp\/v2\/users\/1"}],"replies":[{"embeddable":true,"href":"https:\/\/luchonoticias.com\/editor\/wp-json\/wp\/v2\/comments?post=39805"}],"version-history":[{"count":0,"href":"https:\/\/luchonoticias.com\/editor\/wp-json\/wp\/v2\/posts\/39805\/revisions"}],"wp:attachment":[{"href":"https:\/\/luchonoticias.com\/editor\/wp-json\/wp\/v2\/media?parent=39805"}],"wp:term":[{"taxonomy":"category","embeddable":true,"href":"https:\/\/luchonoticias.com\/editor\/wp-json\/wp\/v2\/categories?post=39805"},{"taxonomy":"post_tag","embeddable":true,"href":"https:\/\/luchonoticias.com\/editor\/wp-json\/wp\/v2\/tags?post=39805"}],"curies":[{"name":"wp","href":"https:\/\/api.w.org\/{rel}","templated":true}]}}