{"id":39814,"date":"2022-11-18T08:27:26","date_gmt":"2022-11-18T13:27:26","guid":{"rendered":"https:\/\/luchonoticias.com\/?p=39814"},"modified":"2022-11-18T08:27:27","modified_gmt":"2022-11-18T13:27:27","slug":"ecuador-ya-tiene-la-mente-puesta-en-el-debut","status":"publish","type":"post","link":"https:\/\/luchonoticias.com\/editor\/ecuador-ya-tiene-la-mente-puesta-en-el-debut\/","title":{"rendered":"Ecuador ya tiene la mente puesta en el debut"},"content":{"rendered":"\n<p>Siguen&nbsp;<strong>llegando las selecciones<\/strong>&nbsp;que intervendr\u00e1n desde este domingo en el&nbsp;<strong>mundial de f\u00fatbol de Catar<\/strong>, una de ellas,&nbsp;<strong>Ecuador&nbsp;<\/strong>quien rivalizar\u00e1 ante los locales en el juego inaugural.<\/p>\n\n\n\n<p>El cuadro dirigido por Gustavo Alfaro&nbsp;<strong>ya se encuentra en el pa\u00eds anfitri\u00f3n&nbsp;<\/strong>y viene llevando a cabo sus respectivos entrenamientos, con este ya son tres los d\u00edas que lleva dicha escuadra bajo entrenamientos.<\/p>\n\n\n\n<p>Los trabajos se han venido llevando a cabo en el polideportivo del club Mesaimeer SC&nbsp;y en horas de la noche para evitar las altas temperaturas.<\/p>\n\n\n\n<p>\u201cEsperamos&nbsp;<strong>hacer un buen Mundial&nbsp;<\/strong>[\u2026]. Lo especial que tiene este grupo es la humildad, el estar unidos, trabajar todos por igual y no creernos m\u00e1s que nadie\u201d, dijo al respecto el mediocampista Carlos Gruezo.<\/p>\n","protected":false},"excerpt":{"rendered":"<p>Siguen&nbsp;llegando las selecciones&nbsp;que intervendr\u00e1n desde este domingo en el&nbsp;mundial de f\u00fatbol de Catar, una de ellas,&nbsp;Ecuador&nbsp;quien rivalizar\u00e1 ante los locales en el juego inaugural. El cuadro dirigido por Gustavo Alfaro&nbsp;ya se encuentra en el pa\u00eds anfitri\u00f3n&nbsp;y viene llevando a cabo sus respectivos entrenamientos, con este ya son tres los d\u00edas que lleva dicha escuadra bajo [&hellip;]<\/p>\n","protected":false},"author":1,"featured_media":0,"comment_status":"open","ping_status":"open","sticky":false,"template":"","format":"standard","meta":{"footnotes":""},"categories":[34],"tags":[],"class_list":["post-39814","post","type-post","status-publish","format-standard","hentry","category-deportes"],"yoast_head":"<!-- This site is optimized with the Yoast SEO plugin v26.6 - https:\/\/yoast.com\/wordpress\/plugins\/seo\/ -->\n<title>Ecuador ya tiene la mente puesta en el debut -<\/title>\n<meta name=\"robots\" content=\"index, follow, max-snippet:-1, max-image-preview:large, max-video-preview:-1\" \/>\n<link rel=\"canonical\" href=\"https:\/\/luchonoticias.com\/editor\/ecuador-ya-tiene-la-mente-puesta-en-el-debut\/\" \/>\n<meta property=\"og:locale\" content=\"es_ES\" \/>\n<meta property=\"og:type\" content=\"article\" \/>\n<meta property=\"og:title\" content=\"Ecuador ya tiene la mente puesta en el debut -\" \/>\n<meta property=\"og:url\" content=\"https:\/\/luchonoticias.com\/editor\/ecuador-ya-tiene-la-mente-puesta-en-el-debut\/\" \/>\n<meta property=\"article:publisher\" content=\"https:\/\/www.facebook.com\/luchonoticiasneiva\" \/>\n<meta property=\"article:author\" content=\"https:\/\/www.facebook.com\/luchonoticiasneiva\" \/>\n<meta property=\"article:published_time\" content=\"2022-11-18T13:27:26+00:00\" \/>\n<meta property=\"article:modified_time\" content=\"2022-11-18T13:27:27+00:00\" \/>\n<meta name=\"author\" content=\"admin\" \/>\n<meta name=\"twitter:card\" content=\"summary_large_image\" \/>\n<meta name=\"twitter:label1\" content=\"Escrito por\" \/>\n\t<meta name=\"twitter:data1\" content=\"admin\" \/>\n\t<meta name=\"twitter:label2\" content=\"Tiempo de lectura\" \/>\n\t<meta name=\"twitter:data2\" content=\"1 minuto\" \/>\n<script type=\"application\/ld+json\" class=\"yoast-schema-graph\">{\"@context\":\"https:\/\/schema.org\",\"@graph\":[{\"@type\":\"Article\",\"@id\":\"https:\/\/luchonoticias.com\/editor\/ecuador-ya-tiene-la-mente-puesta-en-el-debut\/#article\",\"isPartOf\":{\"@id\":\"https:\/\/luchonoticias.com\/editor\/ecuador-ya-tiene-la-mente-puesta-en-el-debut\/\"},\"author\":{\"name\":\"admin\",\"@id\":\"https:\/\/luchonoticias.com\/editor\/#\/schema\/person\/7a7fd911f58561fd056dbac7b55af9cd\"},\"headline\":\"Ecuador ya tiene la mente puesta en el debut\",\"datePublished\":\"2022-11-18T13:27:26+00:00\",\"dateModified\":\"2022-11-18T13:27:27+00:00\",\"mainEntityOfPage\":{\"@id\":\"https:\/\/luchonoticias.com\/editor\/ecuador-ya-tiene-la-mente-puesta-en-el-debut\/\"},\"wordCount\":148,\"commentCount\":0,\"publisher\":{\"@id\":\"https:\/\/luchonoticias.com\/editor\/#\/schema\/person\/7a7fd911f58561fd056dbac7b55af9cd\"},\"articleSection\":[\"Deportes\"],\"inLanguage\":\"es\",\"potentialAction\":[{\"@type\":\"CommentAction\",\"name\":\"Comment\",\"target\":[\"https:\/\/luchonoticias.com\/editor\/ecuador-ya-tiene-la-mente-puesta-en-el-debut\/#respond\"]}]},{\"@type\":\"WebPage\",\"@id\":\"https:\/\/luchonoticias.com\/editor\/ecuador-ya-tiene-la-mente-puesta-en-el-debut\/\",\"url\":\"https:\/\/luchonoticias.com\/editor\/ecuador-ya-tiene-la-mente-puesta-en-el-debut\/\",\"name\":\"Ecuador ya tiene la mente puesta en el debut -\",\"isPartOf\":{\"@id\":\"https:\/\/luchonoticias.com\/editor\/#website\"},\"datePublished\":\"2022-11-18T13:27:26+00:00\",\"dateModified\":\"2022-11-18T13:27:27+00:00\",\"breadcrumb\":{\"@id\":\"https:\/\/luchonoticias.com\/editor\/ecuador-ya-tiene-la-mente-puesta-en-el-debut\/#breadcrumb\"},\"inLanguage\":\"es\",\"potentialAction\":[{\"@type\":\"ReadAction\",\"target\":[\"https:\/\/luchonoticias.com\/editor\/ecuador-ya-tiene-la-mente-puesta-en-el-debut\/\"]}]},{\"@type\":\"BreadcrumbList\",\"@id\":\"https:\/\/luchonoticias.com\/editor\/ecuador-ya-tiene-la-mente-puesta-en-el-debut\/#breadcrumb\",\"itemListElement\":[{\"@type\":\"ListItem\",\"position\":1,\"name\":\"Portada\",\"item\":\"https:\/\/luchonoticias.com\/editor\/\"},{\"@type\":\"ListItem\",\"position\":2,\"name\":\"Ecuador ya tiene la mente puesta en el debut\"}]},{\"@type\":\"WebSite\",\"@id\":\"https:\/\/luchonoticias.com\/editor\/#website\",\"url\":\"https:\/\/luchonoticias.com\/editor\/\",\"name\":\"\",\"description\":\"\",\"publisher\":{\"@id\":\"https:\/\/luchonoticias.com\/editor\/#\/schema\/person\/7a7fd911f58561fd056dbac7b55af9cd\"},\"potentialAction\":[{\"@type\":\"SearchAction\",\"target\":{\"@type\":\"EntryPoint\",\"urlTemplate\":\"https:\/\/luchonoticias.com\/editor\/?s={search_term_string}\"},\"query-input\":{\"@type\":\"PropertyValueSpecification\",\"valueRequired\":true,\"valueName\":\"search_term_string\"}}],\"inLanguage\":\"es\"},{\"@type\":[\"Person\",\"Organization\"],\"@id\":\"https:\/\/luchonoticias.com\/editor\/#\/schema\/person\/7a7fd911f58561fd056dbac7b55af9cd\",\"name\":\"admin\",\"image\":{\"@type\":\"ImageObject\",\"inLanguage\":\"es\",\"@id\":\"https:\/\/luchonoticias.com\/editor\/#\/schema\/person\/image\/\",\"url\":\"https:\/\/luchonoticias.com\/editor\/wp-content\/uploads\/2024\/02\/cropped-cropped-logolu.webp\",\"contentUrl\":\"https:\/\/luchonoticias.com\/editor\/wp-content\/uploads\/2024\/02\/cropped-cropped-logolu.webp\",\"width\":382,\"height\":170,\"caption\":\"admin\"},\"logo\":{\"@id\":\"https:\/\/luchonoticias.com\/editor\/#\/schema\/person\/image\/\"},\"sameAs\":[\"https:\/\/www.facebook.com\/luchonoticiasneiva\"],\"url\":\"https:\/\/luchonoticias.com\/editor\/author\/admin\/\"}]}<\/script>\n<!-- \/ Yoast SEO plugin. -->","yoast_head_json":{"title":"Ecuador ya tiene la mente puesta en el debut -","robots":{"index":"index","follow":"follow","max-snippet":"max-snippet:-1","max-image-preview":"max-image-preview:large","max-video-preview":"max-video-preview:-1"},"canonical":"https:\/\/luchonoticias.com\/editor\/ecuador-ya-tiene-la-mente-puesta-en-el-debut\/","og_locale":"es_ES","og_type":"article","og_title":"Ecuador ya tiene la mente puesta en el debut -","og_url":"https:\/\/luchonoticias.com\/editor\/ecuador-ya-tiene-la-mente-puesta-en-el-debut\/","article_publisher":"https:\/\/www.facebook.com\/luchonoticiasneiva","article_author":"https:\/\/www.facebook.com\/luchonoticiasneiva","article_published_time":"2022-11-18T13:27:26+00:00","article_modified_time":"2022-11-18T13:27:27+00:00","author":"admin","twitter_card":"summary_large_image","twitter_misc":{"Escrito por":"admin","Tiempo de lectura":"1 minuto"},"schema":{"@context":"https:\/\/schema.org","@graph":[{"@type":"Article","@id":"https:\/\/luchonoticias.com\/editor\/ecuador-ya-tiene-la-mente-puesta-en-el-debut\/#article","isPartOf":{"@id":"https:\/\/luchonoticias.com\/editor\/ecuador-ya-tiene-la-mente-puesta-en-el-debut\/"},"author":{"name":"admin","@id":"https:\/\/luchonoticias.com\/editor\/#\/schema\/person\/7a7fd911f58561fd056dbac7b55af9cd"},"headline":"Ecuador ya tiene la mente puesta en el debut","datePublished":"2022-11-18T13:27:26+00:00","dateModified":"2022-11-18T13:27:27+00:00","mainEntityOfPage":{"@id":"https:\/\/luchonoticias.com\/editor\/ecuador-ya-tiene-la-mente-puesta-en-el-debut\/"},"wordCount":148,"commentCount":0,"publisher":{"@id":"https:\/\/luchonoticias.com\/editor\/#\/schema\/person\/7a7fd911f58561fd056dbac7b55af9cd"},"articleSection":["Deportes"],"inLanguage":"es","potentialAction":[{"@type":"CommentAction","name":"Comment","target":["https:\/\/luchonoticias.com\/editor\/ecuador-ya-tiene-la-mente-puesta-en-el-debut\/#respond"]}]},{"@type":"WebPage","@id":"https:\/\/luchonoticias.com\/editor\/ecuador-ya-tiene-la-mente-puesta-en-el-debut\/","url":"https:\/\/luchonoticias.com\/editor\/ecuador-ya-tiene-la-mente-puesta-en-el-debut\/","name":"Ecuador ya tiene la mente puesta en el debut -","isPartOf":{"@id":"https:\/\/luchonoticias.com\/editor\/#website"},"datePublished":"2022-11-18T13:27:26+00:00","dateModified":"2022-11-18T13:27:27+00:00","breadcrumb":{"@id":"https:\/\/luchonoticias.com\/editor\/ecuador-ya-tiene-la-mente-puesta-en-el-debut\/#breadcrumb"},"inLanguage":"es","potentialAction":[{"@type":"ReadAction","target":["https:\/\/luchonoticias.com\/editor\/ecuador-ya-tiene-la-mente-puesta-en-el-debut\/"]}]},{"@type":"BreadcrumbList","@id":"https:\/\/luchonoticias.com\/editor\/ecuador-ya-tiene-la-mente-puesta-en-el-debut\/#breadcrumb","itemListElement":[{"@type":"ListItem","position":1,"name":"Portada","item":"https:\/\/luchonoticias.com\/editor\/"},{"@type":"ListItem","position":2,"name":"Ecuador ya tiene la mente puesta en el debut"}]},{"@type":"WebSite","@id":"https:\/\/luchonoticias.com\/editor\/#website","url":"https:\/\/luchonoticias.com\/editor\/","name":"","description":"","publisher":{"@id":"https:\/\/luchonoticias.com\/editor\/#\/schema\/person\/7a7fd911f58561fd056dbac7b55af9cd"},"potentialAction":[{"@type":"SearchAction","target":{"@type":"EntryPoint","urlTemplate":"https:\/\/luchonoticias.com\/editor\/?s={search_term_string}"},"query-input":{"@type":"PropertyValueSpecification","valueRequired":true,"valueName":"search_term_string"}}],"inLanguage":"es"},{"@type":["Person","Organization"],"@id":"https:\/\/luchonoticias.com\/editor\/#\/schema\/person\/7a7fd911f58561fd056dbac7b55af9cd","name":"admin","image":{"@type":"ImageObject","inLanguage":"es","@id":"https:\/\/luchonoticias.com\/editor\/#\/schema\/person\/image\/","url":"https:\/\/luchonoticias.com\/editor\/wp-content\/uploads\/2024\/02\/cropped-cropped-logolu.webp","contentUrl":"https:\/\/luchonoticias.com\/editor\/wp-content\/uploads\/2024\/02\/cropped-cropped-logolu.webp","width":382,"height":170,"caption":"admin"},"logo":{"@id":"https:\/\/luchonoticias.com\/editor\/#\/schema\/person\/image\/"},"sameAs":["https:\/\/www.facebook.com\/luchonoticiasneiva"],"url":"https:\/\/luchonoticias.com\/editor\/author\/admin\/"}]}},"_links":{"self":[{"href":"https:\/\/luchonoticias.com\/editor\/wp-json\/wp\/v2\/posts\/39814","targetHints":{"allow":["GET"]}}],"collection":[{"href":"https:\/\/luchonoticias.com\/editor\/wp-json\/wp\/v2\/posts"}],"about":[{"href":"https:\/\/luchonoticias.com\/editor\/wp-json\/wp\/v2\/types\/post"}],"author":[{"embeddable":true,"href":"https:\/\/luchonoticias.com\/editor\/wp-json\/wp\/v2\/users\/1"}],"replies":[{"embeddable":true,"href":"https:\/\/luchonoticias.com\/editor\/wp-json\/wp\/v2\/comments?post=39814"}],"version-history":[{"count":0,"href":"https:\/\/luchonoticias.com\/editor\/wp-json\/wp\/v2\/posts\/39814\/revisions"}],"wp:attachment":[{"href":"https:\/\/luchonoticias.com\/editor\/wp-json\/wp\/v2\/media?parent=39814"}],"wp:term":[{"taxonomy":"category","embeddable":true,"href":"https:\/\/luchonoticias.com\/editor\/wp-json\/wp\/v2\/categories?post=39814"},{"taxonomy":"post_tag","embeddable":true,"href":"https:\/\/luchonoticias.com\/editor\/wp-json\/wp\/v2\/tags?post=39814"}],"curies":[{"name":"wp","href":"https:\/\/api.w.org\/{rel}","templated":true}]}}