{"id":39817,"date":"2022-11-18T08:31:48","date_gmt":"2022-11-18T13:31:48","guid":{"rendered":"https:\/\/luchonoticias.com\/?p=39817"},"modified":"2022-11-18T08:31:49","modified_gmt":"2022-11-18T13:31:49","slug":"colombia-alista-el-partido-amistoso-ante-paraguay","status":"publish","type":"post","link":"https:\/\/luchonoticias.com\/editor\/colombia-alista-el-partido-amistoso-ante-paraguay\/","title":{"rendered":"Colombia alista el partido amistoso ante Paraguay"},"content":{"rendered":"\n<p>La&nbsp;<strong>Selecci\u00f3n Colombia<\/strong>&nbsp;sigue con su preparaci\u00f3n en Fort Lauderdale&nbsp;<strong>previo al encuentro amistoso ante Paraguay&nbsp;<\/strong>que sirve como preparaci\u00f3n para los compromisos oficiales del seleccionado en el 2023.<\/p>\n\n\n\n<p>El equipo colombiano&nbsp;<strong>entren\u00f3 en horas de la ma\u00f1ana,<\/strong>&nbsp;donde hizo \u00e9nfasis en aspectos t\u00e1cticos, seguido de trabajos de definici\u00f3n.<\/p>\n\n\n\n<p>El seleccionado nacional&nbsp;<strong>tendr\u00e1 su \u00faltimo entrenamiento hoy&nbsp;<\/strong>en el Estadio DRV PKN del Inter de Miami. Previo a la pr\u00e1ctica el DT N\u00e9stor Lorenzo y un jugador asistir\u00e1n a la conferencia de prensa oficial.<\/p>\n\n\n\n<p>Con informaci\u00f3n y foto de la Federaci\u00f3n Colombiana de F\u00fatbol.<\/p>\n","protected":false},"excerpt":{"rendered":"<p>La&nbsp;Selecci\u00f3n Colombia&nbsp;sigue con su preparaci\u00f3n en Fort Lauderdale&nbsp;previo al encuentro amistoso ante Paraguay&nbsp;que sirve como preparaci\u00f3n para los compromisos oficiales del seleccionado en el 2023. El equipo colombiano&nbsp;entren\u00f3 en horas de la ma\u00f1ana,&nbsp;donde hizo \u00e9nfasis en aspectos t\u00e1cticos, seguido de trabajos de definici\u00f3n. El seleccionado nacional&nbsp;tendr\u00e1 su \u00faltimo entrenamiento hoy&nbsp;en el Estadio DRV PKN del [&hellip;]<\/p>\n","protected":false},"author":1,"featured_media":0,"comment_status":"open","ping_status":"open","sticky":false,"template":"","format":"standard","meta":{"footnotes":""},"categories":[34],"tags":[],"class_list":["post-39817","post","type-post","status-publish","format-standard","hentry","category-deportes"],"yoast_head":"<!-- This site is optimized with the Yoast SEO plugin v26.6 - https:\/\/yoast.com\/wordpress\/plugins\/seo\/ -->\n<title>Colombia alista el partido amistoso ante Paraguay -<\/title>\n<meta name=\"robots\" content=\"index, follow, max-snippet:-1, max-image-preview:large, max-video-preview:-1\" \/>\n<link rel=\"canonical\" href=\"https:\/\/luchonoticias.com\/editor\/colombia-alista-el-partido-amistoso-ante-paraguay\/\" \/>\n<meta property=\"og:locale\" content=\"es_ES\" \/>\n<meta property=\"og:type\" content=\"article\" \/>\n<meta property=\"og:title\" content=\"Colombia alista el partido amistoso ante Paraguay -\" \/>\n<meta property=\"og:url\" content=\"https:\/\/luchonoticias.com\/editor\/colombia-alista-el-partido-amistoso-ante-paraguay\/\" \/>\n<meta property=\"article:publisher\" content=\"https:\/\/www.facebook.com\/luchonoticiasneiva\" \/>\n<meta property=\"article:author\" content=\"https:\/\/www.facebook.com\/luchonoticiasneiva\" \/>\n<meta property=\"article:published_time\" content=\"2022-11-18T13:31:48+00:00\" \/>\n<meta property=\"article:modified_time\" content=\"2022-11-18T13:31:49+00:00\" \/>\n<meta name=\"author\" content=\"admin\" \/>\n<meta name=\"twitter:card\" content=\"summary_large_image\" \/>\n<meta name=\"twitter:label1\" content=\"Escrito por\" \/>\n\t<meta name=\"twitter:data1\" content=\"admin\" \/>\n\t<meta name=\"twitter:label2\" content=\"Tiempo de lectura\" \/>\n\t<meta name=\"twitter:data2\" content=\"1 minuto\" \/>\n<script type=\"application\/ld+json\" class=\"yoast-schema-graph\">{\"@context\":\"https:\/\/schema.org\",\"@graph\":[{\"@type\":\"Article\",\"@id\":\"https:\/\/luchonoticias.com\/editor\/colombia-alista-el-partido-amistoso-ante-paraguay\/#article\",\"isPartOf\":{\"@id\":\"https:\/\/luchonoticias.com\/editor\/colombia-alista-el-partido-amistoso-ante-paraguay\/\"},\"author\":{\"name\":\"admin\",\"@id\":\"https:\/\/luchonoticias.com\/editor\/#\/schema\/person\/7a7fd911f58561fd056dbac7b55af9cd\"},\"headline\":\"Colombia alista el partido amistoso ante Paraguay\",\"datePublished\":\"2022-11-18T13:31:48+00:00\",\"dateModified\":\"2022-11-18T13:31:49+00:00\",\"mainEntityOfPage\":{\"@id\":\"https:\/\/luchonoticias.com\/editor\/colombia-alista-el-partido-amistoso-ante-paraguay\/\"},\"wordCount\":120,\"commentCount\":0,\"publisher\":{\"@id\":\"https:\/\/luchonoticias.com\/editor\/#\/schema\/person\/7a7fd911f58561fd056dbac7b55af9cd\"},\"articleSection\":[\"Deportes\"],\"inLanguage\":\"es\",\"potentialAction\":[{\"@type\":\"CommentAction\",\"name\":\"Comment\",\"target\":[\"https:\/\/luchonoticias.com\/editor\/colombia-alista-el-partido-amistoso-ante-paraguay\/#respond\"]}]},{\"@type\":\"WebPage\",\"@id\":\"https:\/\/luchonoticias.com\/editor\/colombia-alista-el-partido-amistoso-ante-paraguay\/\",\"url\":\"https:\/\/luchonoticias.com\/editor\/colombia-alista-el-partido-amistoso-ante-paraguay\/\",\"name\":\"Colombia alista el partido amistoso ante Paraguay -\",\"isPartOf\":{\"@id\":\"https:\/\/luchonoticias.com\/editor\/#website\"},\"datePublished\":\"2022-11-18T13:31:48+00:00\",\"dateModified\":\"2022-11-18T13:31:49+00:00\",\"breadcrumb\":{\"@id\":\"https:\/\/luchonoticias.com\/editor\/colombia-alista-el-partido-amistoso-ante-paraguay\/#breadcrumb\"},\"inLanguage\":\"es\",\"potentialAction\":[{\"@type\":\"ReadAction\",\"target\":[\"https:\/\/luchonoticias.com\/editor\/colombia-alista-el-partido-amistoso-ante-paraguay\/\"]}]},{\"@type\":\"BreadcrumbList\",\"@id\":\"https:\/\/luchonoticias.com\/editor\/colombia-alista-el-partido-amistoso-ante-paraguay\/#breadcrumb\",\"itemListElement\":[{\"@type\":\"ListItem\",\"position\":1,\"name\":\"Portada\",\"item\":\"https:\/\/luchonoticias.com\/editor\/\"},{\"@type\":\"ListItem\",\"position\":2,\"name\":\"Colombia alista el partido amistoso ante Paraguay\"}]},{\"@type\":\"WebSite\",\"@id\":\"https:\/\/luchonoticias.com\/editor\/#website\",\"url\":\"https:\/\/luchonoticias.com\/editor\/\",\"name\":\"\",\"description\":\"\",\"publisher\":{\"@id\":\"https:\/\/luchonoticias.com\/editor\/#\/schema\/person\/7a7fd911f58561fd056dbac7b55af9cd\"},\"potentialAction\":[{\"@type\":\"SearchAction\",\"target\":{\"@type\":\"EntryPoint\",\"urlTemplate\":\"https:\/\/luchonoticias.com\/editor\/?s={search_term_string}\"},\"query-input\":{\"@type\":\"PropertyValueSpecification\",\"valueRequired\":true,\"valueName\":\"search_term_string\"}}],\"inLanguage\":\"es\"},{\"@type\":[\"Person\",\"Organization\"],\"@id\":\"https:\/\/luchonoticias.com\/editor\/#\/schema\/person\/7a7fd911f58561fd056dbac7b55af9cd\",\"name\":\"admin\",\"image\":{\"@type\":\"ImageObject\",\"inLanguage\":\"es\",\"@id\":\"https:\/\/luchonoticias.com\/editor\/#\/schema\/person\/image\/\",\"url\":\"https:\/\/luchonoticias.com\/editor\/wp-content\/uploads\/2024\/02\/cropped-cropped-logolu.webp\",\"contentUrl\":\"https:\/\/luchonoticias.com\/editor\/wp-content\/uploads\/2024\/02\/cropped-cropped-logolu.webp\",\"width\":382,\"height\":170,\"caption\":\"admin\"},\"logo\":{\"@id\":\"https:\/\/luchonoticias.com\/editor\/#\/schema\/person\/image\/\"},\"sameAs\":[\"https:\/\/www.facebook.com\/luchonoticiasneiva\"],\"url\":\"https:\/\/luchonoticias.com\/editor\/author\/admin\/\"}]}<\/script>\n<!-- \/ Yoast SEO plugin. -->","yoast_head_json":{"title":"Colombia alista el partido amistoso ante Paraguay -","robots":{"index":"index","follow":"follow","max-snippet":"max-snippet:-1","max-image-preview":"max-image-preview:large","max-video-preview":"max-video-preview:-1"},"canonical":"https:\/\/luchonoticias.com\/editor\/colombia-alista-el-partido-amistoso-ante-paraguay\/","og_locale":"es_ES","og_type":"article","og_title":"Colombia alista el partido amistoso ante Paraguay -","og_url":"https:\/\/luchonoticias.com\/editor\/colombia-alista-el-partido-amistoso-ante-paraguay\/","article_publisher":"https:\/\/www.facebook.com\/luchonoticiasneiva","article_author":"https:\/\/www.facebook.com\/luchonoticiasneiva","article_published_time":"2022-11-18T13:31:48+00:00","article_modified_time":"2022-11-18T13:31:49+00:00","author":"admin","twitter_card":"summary_large_image","twitter_misc":{"Escrito por":"admin","Tiempo de lectura":"1 minuto"},"schema":{"@context":"https:\/\/schema.org","@graph":[{"@type":"Article","@id":"https:\/\/luchonoticias.com\/editor\/colombia-alista-el-partido-amistoso-ante-paraguay\/#article","isPartOf":{"@id":"https:\/\/luchonoticias.com\/editor\/colombia-alista-el-partido-amistoso-ante-paraguay\/"},"author":{"name":"admin","@id":"https:\/\/luchonoticias.com\/editor\/#\/schema\/person\/7a7fd911f58561fd056dbac7b55af9cd"},"headline":"Colombia alista el partido amistoso ante Paraguay","datePublished":"2022-11-18T13:31:48+00:00","dateModified":"2022-11-18T13:31:49+00:00","mainEntityOfPage":{"@id":"https:\/\/luchonoticias.com\/editor\/colombia-alista-el-partido-amistoso-ante-paraguay\/"},"wordCount":120,"commentCount":0,"publisher":{"@id":"https:\/\/luchonoticias.com\/editor\/#\/schema\/person\/7a7fd911f58561fd056dbac7b55af9cd"},"articleSection":["Deportes"],"inLanguage":"es","potentialAction":[{"@type":"CommentAction","name":"Comment","target":["https:\/\/luchonoticias.com\/editor\/colombia-alista-el-partido-amistoso-ante-paraguay\/#respond"]}]},{"@type":"WebPage","@id":"https:\/\/luchonoticias.com\/editor\/colombia-alista-el-partido-amistoso-ante-paraguay\/","url":"https:\/\/luchonoticias.com\/editor\/colombia-alista-el-partido-amistoso-ante-paraguay\/","name":"Colombia alista el partido amistoso ante Paraguay -","isPartOf":{"@id":"https:\/\/luchonoticias.com\/editor\/#website"},"datePublished":"2022-11-18T13:31:48+00:00","dateModified":"2022-11-18T13:31:49+00:00","breadcrumb":{"@id":"https:\/\/luchonoticias.com\/editor\/colombia-alista-el-partido-amistoso-ante-paraguay\/#breadcrumb"},"inLanguage":"es","potentialAction":[{"@type":"ReadAction","target":["https:\/\/luchonoticias.com\/editor\/colombia-alista-el-partido-amistoso-ante-paraguay\/"]}]},{"@type":"BreadcrumbList","@id":"https:\/\/luchonoticias.com\/editor\/colombia-alista-el-partido-amistoso-ante-paraguay\/#breadcrumb","itemListElement":[{"@type":"ListItem","position":1,"name":"Portada","item":"https:\/\/luchonoticias.com\/editor\/"},{"@type":"ListItem","position":2,"name":"Colombia alista el partido amistoso ante Paraguay"}]},{"@type":"WebSite","@id":"https:\/\/luchonoticias.com\/editor\/#website","url":"https:\/\/luchonoticias.com\/editor\/","name":"","description":"","publisher":{"@id":"https:\/\/luchonoticias.com\/editor\/#\/schema\/person\/7a7fd911f58561fd056dbac7b55af9cd"},"potentialAction":[{"@type":"SearchAction","target":{"@type":"EntryPoint","urlTemplate":"https:\/\/luchonoticias.com\/editor\/?s={search_term_string}"},"query-input":{"@type":"PropertyValueSpecification","valueRequired":true,"valueName":"search_term_string"}}],"inLanguage":"es"},{"@type":["Person","Organization"],"@id":"https:\/\/luchonoticias.com\/editor\/#\/schema\/person\/7a7fd911f58561fd056dbac7b55af9cd","name":"admin","image":{"@type":"ImageObject","inLanguage":"es","@id":"https:\/\/luchonoticias.com\/editor\/#\/schema\/person\/image\/","url":"https:\/\/luchonoticias.com\/editor\/wp-content\/uploads\/2024\/02\/cropped-cropped-logolu.webp","contentUrl":"https:\/\/luchonoticias.com\/editor\/wp-content\/uploads\/2024\/02\/cropped-cropped-logolu.webp","width":382,"height":170,"caption":"admin"},"logo":{"@id":"https:\/\/luchonoticias.com\/editor\/#\/schema\/person\/image\/"},"sameAs":["https:\/\/www.facebook.com\/luchonoticiasneiva"],"url":"https:\/\/luchonoticias.com\/editor\/author\/admin\/"}]}},"_links":{"self":[{"href":"https:\/\/luchonoticias.com\/editor\/wp-json\/wp\/v2\/posts\/39817","targetHints":{"allow":["GET"]}}],"collection":[{"href":"https:\/\/luchonoticias.com\/editor\/wp-json\/wp\/v2\/posts"}],"about":[{"href":"https:\/\/luchonoticias.com\/editor\/wp-json\/wp\/v2\/types\/post"}],"author":[{"embeddable":true,"href":"https:\/\/luchonoticias.com\/editor\/wp-json\/wp\/v2\/users\/1"}],"replies":[{"embeddable":true,"href":"https:\/\/luchonoticias.com\/editor\/wp-json\/wp\/v2\/comments?post=39817"}],"version-history":[{"count":0,"href":"https:\/\/luchonoticias.com\/editor\/wp-json\/wp\/v2\/posts\/39817\/revisions"}],"wp:attachment":[{"href":"https:\/\/luchonoticias.com\/editor\/wp-json\/wp\/v2\/media?parent=39817"}],"wp:term":[{"taxonomy":"category","embeddable":true,"href":"https:\/\/luchonoticias.com\/editor\/wp-json\/wp\/v2\/categories?post=39817"},{"taxonomy":"post_tag","embeddable":true,"href":"https:\/\/luchonoticias.com\/editor\/wp-json\/wp\/v2\/tags?post=39817"}],"curies":[{"name":"wp","href":"https:\/\/api.w.org\/{rel}","templated":true}]}}