{"id":39832,"date":"2022-11-18T15:04:05","date_gmt":"2022-11-18T20:04:05","guid":{"rendered":"https:\/\/luchonoticias.com\/?p=39832"},"modified":"2022-11-18T15:04:06","modified_gmt":"2022-11-18T20:04:06","slug":"inicio-el-reinado-trans-del-bambuco-en-su-version-xxiv","status":"publish","type":"post","link":"https:\/\/luchonoticias.com\/editor\/inicio-el-reinado-trans-del-bambuco-en-su-version-xxiv\/","title":{"rendered":"Inicio el reinado trans del bambuco en su versi\u00f3n XXIV"},"content":{"rendered":"\n<p>La importancia de la inclusi\u00f3n en todos los aspectos, espacios sociales, culturales y dem\u00e1s hacen que la Gobernaci\u00f3n del Huila contin\u00fae apoyando eventos como el Reinado Trans del Bambuco. Un espacio en que las protagonistas se disputan la Corona del reinado mas importante del sur colombiano en su propia versi\u00f3n.<\/p>\n\n\n\n<p>A partir de las 5:00 pm del jueves se dio apertura oficial a la programaci\u00f3n que cont\u00f3 con la presentaci\u00f3n La Banda Sinf\u00f3nica del Huila y el baile de la actual soberana. Hoy a las 10:00 am en el restaurante Lo Arrieros se llevar\u00e1 a cabo la rueda de prensa, un espacio en el que las candidatas hablar\u00e1n con los medios de comunicaciones y compartir\u00e1n un desayuno con los presentes.<\/p>\n\n\n\n<p>La programaci\u00f3n contin\u00faa con el desfile en traje de fantas\u00eda, el desfile en traje de ba\u00f1o, el desfile de gala y la muestra folcl\u00f3rica de cada una de ellas en la discoteca LUX donde las comitivas acompa\u00f1ar\u00e1n a sus representantes. La coronaci\u00f3n de la nueva Reina ser\u00e1 el s\u00e1bado a partir de las 6:00 pm en el centro comercial San Juan Plaza, a diferencia de las versiones anteriores esta vez ser\u00e1 con entrada libre y sorprender\u00e1 al p\u00fablico que asista con detalles incorporados en esta versi\u00f3n en la que se espera la ejecuci\u00f3n de sanjuanero huilense con delicadeza, pero tambi\u00e9n con la impotencia que requiere el baile.<\/p>\n\n\n\n<figure class=\"wp-block-gallery has-nested-images columns-default is-cropped wp-block-gallery-1 is-layout-flex wp-block-gallery-is-layout-flex\">\n<figure class=\"wp-block-image size-large\"><img decoding=\"async\" data-id=\"39835\" src=\"https:\/\/luchonoticias.com\/wp-content\/uploads\/2022\/11\/WhatsApp-Image-2022-11-18-at-9.51.12-AM-1-768x1024.jpeg\" alt=\"\" class=\"wp-image-39835\"\/><\/figure>\n\n\n\n<figure class=\"wp-block-image size-large\"><img decoding=\"async\" data-id=\"39834\" src=\"https:\/\/luchonoticias.com\/wp-content\/uploads\/2022\/11\/WhatsApp-Image-2022-11-18-at-9.51.12-AM-768x1024.jpeg\" alt=\"\" class=\"wp-image-39834\"\/><\/figure>\n\n\n\n<figure class=\"wp-block-image size-large\"><img decoding=\"async\" data-id=\"39836\" src=\"https:\/\/luchonoticias.com\/wp-content\/uploads\/2022\/11\/WhatsApp-Image-2022-11-18-at-9.51.11-AM-2-768x1024.jpeg\" alt=\"\" class=\"wp-image-39836\"\/><\/figure>\n<\/figure>\n\n\n\n<p>Ese mismo d\u00eda un poco m\u00e1s temprano, exactamente a las 2:00 pm se adelantar\u00e1 una marcha por la diversidad y la reivindicaci\u00f3n de los derechos de los sectores LGTBIQ+ en el que las protagonistas ser\u00e1n las beldades Departamentales, este iniciar\u00e1 en el centro de convenciones \u2018Jos\u00e9 Eustasio Rivera\u2019 y culminar\u00e1 en la Plaza de Banderas de la Gobernaci\u00f3n del Huila.<\/p>\n\n\n\n<p>\u201cAbrir espacios de promoci\u00f3n cultural inclusivos son importantes para el gobierno Huila Crece y que todos los sectores se sientan parte, hace que se valide el apoyo a estos eventos, como comunidad es la oportunidad de vivenciar la tradici\u00f3n y el folclor no solo del Departamento del Huila sino de todo el pa\u00eds\u201d coment\u00f3 Belinda Molano, actual Reina Nacional trans del Bambuco.<\/p>\n\n\n\n<p>El Festival representa la oportunidad de mostrar todos sus conocimientos en folclor y turismo tanto de Huila como de los departamentos que representan. En la muestra folcl\u00f3rica por ejemplo las candidatas tienen la oportunidad de presentar una peque\u00f1a coreograf\u00eda de sus regiones con los trajes t\u00edpicos y una puesta en escena de lo mejor de cada una de ellas.\u00a0<\/p>\n\n\n\n<figure class=\"wp-block-gallery has-nested-images columns-default is-cropped wp-block-gallery-2 is-layout-flex wp-block-gallery-is-layout-flex\">\n<figure class=\"wp-block-image size-large\"><img decoding=\"async\" data-id=\"39837\" src=\"https:\/\/luchonoticias.com\/wp-content\/uploads\/2022\/11\/WhatsApp-Image-2022-11-18-at-9.51.11-AM-1-1024x1024.jpeg\" alt=\"\" class=\"wp-image-39837\"\/><\/figure>\n<\/figure>\n\n\n\n<p>Maicol Narv\u00e1ez, coordinador del festival, afirma que&nbsp; a\u00f1o tras a\u00f1o trae mucha riqueza cultural y su idea es aprovechar cada oportunidad y espacio brindado en la programaci\u00f3n para mostrar lo mejor de este sector vulnerado y discriminado en muchas ocasiones, espacios como la rueda de prensa son primordiales para dar a conocer la esencia de equienes son y el orgullo que sienten al representar esta regi\u00f3n.<\/p>\n","protected":false},"excerpt":{"rendered":"<p>La importancia de la inclusi\u00f3n en todos los aspectos, espacios sociales, culturales y dem\u00e1s hacen que la Gobernaci\u00f3n del Huila contin\u00fae apoyando eventos como el Reinado Trans del Bambuco. Un espacio en que las protagonistas se disputan la Corona del reinado mas importante del sur colombiano en su propia versi\u00f3n. A partir de las 5:00 [&hellip;]<\/p>\n","protected":false},"author":1,"featured_media":0,"comment_status":"open","ping_status":"open","sticky":false,"template":"","format":"standard","meta":{"footnotes":""},"categories":[3961,36],"tags":[],"class_list":["post-39832","post","type-post","status-publish","format-standard","hentry","category-comunidad","category-destacado"],"yoast_head":"<!-- This site is optimized with the Yoast SEO plugin v26.6 - https:\/\/yoast.com\/wordpress\/plugins\/seo\/ -->\n<title>Inicio el reinado trans del bambuco en su versi\u00f3n XXIV -<\/title>\n<meta name=\"robots\" content=\"index, follow, max-snippet:-1, max-image-preview:large, max-video-preview:-1\" \/>\n<link rel=\"canonical\" href=\"https:\/\/luchonoticias.com\/editor\/inicio-el-reinado-trans-del-bambuco-en-su-version-xxiv\/\" \/>\n<meta property=\"og:locale\" content=\"es_ES\" \/>\n<meta property=\"og:type\" content=\"article\" \/>\n<meta property=\"og:title\" content=\"Inicio el reinado trans del bambuco en su versi\u00f3n XXIV -\" \/>\n<meta property=\"og:url\" content=\"https:\/\/luchonoticias.com\/editor\/inicio-el-reinado-trans-del-bambuco-en-su-version-xxiv\/\" \/>\n<meta property=\"article:publisher\" content=\"https:\/\/www.facebook.com\/luchonoticiasneiva\" \/>\n<meta property=\"article:author\" content=\"https:\/\/www.facebook.com\/luchonoticiasneiva\" \/>\n<meta property=\"article:published_time\" content=\"2022-11-18T20:04:05+00:00\" \/>\n<meta property=\"article:modified_time\" content=\"2022-11-18T20:04:06+00:00\" \/>\n<meta property=\"og:image\" content=\"https:\/\/luchonoticias.com\/wp-content\/uploads\/2022\/11\/WhatsApp-Image-2022-11-18-at-9.51.12-AM-1-768x1024.jpeg\" \/>\n<meta name=\"author\" content=\"admin\" \/>\n<meta name=\"twitter:card\" content=\"summary_large_image\" \/>\n<meta name=\"twitter:label1\" content=\"Escrito por\" \/>\n\t<meta name=\"twitter:data1\" content=\"admin\" \/>\n\t<meta name=\"twitter:label2\" content=\"Tiempo de lectura\" \/>\n\t<meta name=\"twitter:data2\" content=\"3 minutos\" \/>\n<script type=\"application\/ld+json\" class=\"yoast-schema-graph\">{\"@context\":\"https:\/\/schema.org\",\"@graph\":[{\"@type\":\"Article\",\"@id\":\"https:\/\/luchonoticias.com\/editor\/inicio-el-reinado-trans-del-bambuco-en-su-version-xxiv\/#article\",\"isPartOf\":{\"@id\":\"https:\/\/luchonoticias.com\/editor\/inicio-el-reinado-trans-del-bambuco-en-su-version-xxiv\/\"},\"author\":{\"name\":\"admin\",\"@id\":\"https:\/\/luchonoticias.com\/editor\/#\/schema\/person\/7a7fd911f58561fd056dbac7b55af9cd\"},\"headline\":\"Inicio el reinado trans del bambuco en su versi\u00f3n XXIV\",\"datePublished\":\"2022-11-18T20:04:05+00:00\",\"dateModified\":\"2022-11-18T20:04:06+00:00\",\"mainEntityOfPage\":{\"@id\":\"https:\/\/luchonoticias.com\/editor\/inicio-el-reinado-trans-del-bambuco-en-su-version-xxiv\/\"},\"wordCount\":522,\"commentCount\":0,\"publisher\":{\"@id\":\"https:\/\/luchonoticias.com\/editor\/#\/schema\/person\/7a7fd911f58561fd056dbac7b55af9cd\"},\"image\":{\"@id\":\"https:\/\/luchonoticias.com\/editor\/inicio-el-reinado-trans-del-bambuco-en-su-version-xxiv\/#primaryimage\"},\"thumbnailUrl\":\"https:\/\/luchonoticias.com\/wp-content\/uploads\/2022\/11\/WhatsApp-Image-2022-11-18-at-9.51.12-AM-1-768x1024.jpeg\",\"articleSection\":[\"Comunidad\",\"Destacado\"],\"inLanguage\":\"es\",\"potentialAction\":[{\"@type\":\"CommentAction\",\"name\":\"Comment\",\"target\":[\"https:\/\/luchonoticias.com\/editor\/inicio-el-reinado-trans-del-bambuco-en-su-version-xxiv\/#respond\"]}]},{\"@type\":\"WebPage\",\"@id\":\"https:\/\/luchonoticias.com\/editor\/inicio-el-reinado-trans-del-bambuco-en-su-version-xxiv\/\",\"url\":\"https:\/\/luchonoticias.com\/editor\/inicio-el-reinado-trans-del-bambuco-en-su-version-xxiv\/\",\"name\":\"Inicio el reinado trans del bambuco en su versi\u00f3n XXIV -\",\"isPartOf\":{\"@id\":\"https:\/\/luchonoticias.com\/editor\/#website\"},\"primaryImageOfPage\":{\"@id\":\"https:\/\/luchonoticias.com\/editor\/inicio-el-reinado-trans-del-bambuco-en-su-version-xxiv\/#primaryimage\"},\"image\":{\"@id\":\"https:\/\/luchonoticias.com\/editor\/inicio-el-reinado-trans-del-bambuco-en-su-version-xxiv\/#primaryimage\"},\"thumbnailUrl\":\"https:\/\/luchonoticias.com\/wp-content\/uploads\/2022\/11\/WhatsApp-Image-2022-11-18-at-9.51.12-AM-1-768x1024.jpeg\",\"datePublished\":\"2022-11-18T20:04:05+00:00\",\"dateModified\":\"2022-11-18T20:04:06+00:00\",\"breadcrumb\":{\"@id\":\"https:\/\/luchonoticias.com\/editor\/inicio-el-reinado-trans-del-bambuco-en-su-version-xxiv\/#breadcrumb\"},\"inLanguage\":\"es\",\"potentialAction\":[{\"@type\":\"ReadAction\",\"target\":[\"https:\/\/luchonoticias.com\/editor\/inicio-el-reinado-trans-del-bambuco-en-su-version-xxiv\/\"]}]},{\"@type\":\"ImageObject\",\"inLanguage\":\"es\",\"@id\":\"https:\/\/luchonoticias.com\/editor\/inicio-el-reinado-trans-del-bambuco-en-su-version-xxiv\/#primaryimage\",\"url\":\"https:\/\/luchonoticias.com\/wp-content\/uploads\/2022\/11\/WhatsApp-Image-2022-11-18-at-9.51.12-AM-1-768x1024.jpeg\",\"contentUrl\":\"https:\/\/luchonoticias.com\/wp-content\/uploads\/2022\/11\/WhatsApp-Image-2022-11-18-at-9.51.12-AM-1-768x1024.jpeg\"},{\"@type\":\"BreadcrumbList\",\"@id\":\"https:\/\/luchonoticias.com\/editor\/inicio-el-reinado-trans-del-bambuco-en-su-version-xxiv\/#breadcrumb\",\"itemListElement\":[{\"@type\":\"ListItem\",\"position\":1,\"name\":\"Portada\",\"item\":\"https:\/\/luchonoticias.com\/editor\/\"},{\"@type\":\"ListItem\",\"position\":2,\"name\":\"Inicio el reinado trans del bambuco en su versi\u00f3n XXIV\"}]},{\"@type\":\"WebSite\",\"@id\":\"https:\/\/luchonoticias.com\/editor\/#website\",\"url\":\"https:\/\/luchonoticias.com\/editor\/\",\"name\":\"\",\"description\":\"\",\"publisher\":{\"@id\":\"https:\/\/luchonoticias.com\/editor\/#\/schema\/person\/7a7fd911f58561fd056dbac7b55af9cd\"},\"potentialAction\":[{\"@type\":\"SearchAction\",\"target\":{\"@type\":\"EntryPoint\",\"urlTemplate\":\"https:\/\/luchonoticias.com\/editor\/?s={search_term_string}\"},\"query-input\":{\"@type\":\"PropertyValueSpecification\",\"valueRequired\":true,\"valueName\":\"search_term_string\"}}],\"inLanguage\":\"es\"},{\"@type\":[\"Person\",\"Organization\"],\"@id\":\"https:\/\/luchonoticias.com\/editor\/#\/schema\/person\/7a7fd911f58561fd056dbac7b55af9cd\",\"name\":\"admin\",\"image\":{\"@type\":\"ImageObject\",\"inLanguage\":\"es\",\"@id\":\"https:\/\/luchonoticias.com\/editor\/#\/schema\/person\/image\/\",\"url\":\"https:\/\/luchonoticias.com\/editor\/wp-content\/uploads\/2024\/02\/cropped-cropped-logolu.webp\",\"contentUrl\":\"https:\/\/luchonoticias.com\/editor\/wp-content\/uploads\/2024\/02\/cropped-cropped-logolu.webp\",\"width\":382,\"height\":170,\"caption\":\"admin\"},\"logo\":{\"@id\":\"https:\/\/luchonoticias.com\/editor\/#\/schema\/person\/image\/\"},\"sameAs\":[\"https:\/\/www.facebook.com\/luchonoticiasneiva\"],\"url\":\"https:\/\/luchonoticias.com\/editor\/author\/admin\/\"}]}<\/script>\n<!-- \/ Yoast SEO plugin. -->","yoast_head_json":{"title":"Inicio el reinado trans del bambuco en su versi\u00f3n XXIV -","robots":{"index":"index","follow":"follow","max-snippet":"max-snippet:-1","max-image-preview":"max-image-preview:large","max-video-preview":"max-video-preview:-1"},"canonical":"https:\/\/luchonoticias.com\/editor\/inicio-el-reinado-trans-del-bambuco-en-su-version-xxiv\/","og_locale":"es_ES","og_type":"article","og_title":"Inicio el reinado trans del bambuco en su versi\u00f3n XXIV -","og_url":"https:\/\/luchonoticias.com\/editor\/inicio-el-reinado-trans-del-bambuco-en-su-version-xxiv\/","article_publisher":"https:\/\/www.facebook.com\/luchonoticiasneiva","article_author":"https:\/\/www.facebook.com\/luchonoticiasneiva","article_published_time":"2022-11-18T20:04:05+00:00","article_modified_time":"2022-11-18T20:04:06+00:00","og_image":[{"url":"https:\/\/luchonoticias.com\/wp-content\/uploads\/2022\/11\/WhatsApp-Image-2022-11-18-at-9.51.12-AM-1-768x1024.jpeg","type":"","width":"","height":""}],"author":"admin","twitter_card":"summary_large_image","twitter_misc":{"Escrito por":"admin","Tiempo de lectura":"3 minutos"},"schema":{"@context":"https:\/\/schema.org","@graph":[{"@type":"Article","@id":"https:\/\/luchonoticias.com\/editor\/inicio-el-reinado-trans-del-bambuco-en-su-version-xxiv\/#article","isPartOf":{"@id":"https:\/\/luchonoticias.com\/editor\/inicio-el-reinado-trans-del-bambuco-en-su-version-xxiv\/"},"author":{"name":"admin","@id":"https:\/\/luchonoticias.com\/editor\/#\/schema\/person\/7a7fd911f58561fd056dbac7b55af9cd"},"headline":"Inicio el reinado trans del bambuco en su versi\u00f3n XXIV","datePublished":"2022-11-18T20:04:05+00:00","dateModified":"2022-11-18T20:04:06+00:00","mainEntityOfPage":{"@id":"https:\/\/luchonoticias.com\/editor\/inicio-el-reinado-trans-del-bambuco-en-su-version-xxiv\/"},"wordCount":522,"commentCount":0,"publisher":{"@id":"https:\/\/luchonoticias.com\/editor\/#\/schema\/person\/7a7fd911f58561fd056dbac7b55af9cd"},"image":{"@id":"https:\/\/luchonoticias.com\/editor\/inicio-el-reinado-trans-del-bambuco-en-su-version-xxiv\/#primaryimage"},"thumbnailUrl":"https:\/\/luchonoticias.com\/wp-content\/uploads\/2022\/11\/WhatsApp-Image-2022-11-18-at-9.51.12-AM-1-768x1024.jpeg","articleSection":["Comunidad","Destacado"],"inLanguage":"es","potentialAction":[{"@type":"CommentAction","name":"Comment","target":["https:\/\/luchonoticias.com\/editor\/inicio-el-reinado-trans-del-bambuco-en-su-version-xxiv\/#respond"]}]},{"@type":"WebPage","@id":"https:\/\/luchonoticias.com\/editor\/inicio-el-reinado-trans-del-bambuco-en-su-version-xxiv\/","url":"https:\/\/luchonoticias.com\/editor\/inicio-el-reinado-trans-del-bambuco-en-su-version-xxiv\/","name":"Inicio el reinado trans del bambuco en su versi\u00f3n XXIV -","isPartOf":{"@id":"https:\/\/luchonoticias.com\/editor\/#website"},"primaryImageOfPage":{"@id":"https:\/\/luchonoticias.com\/editor\/inicio-el-reinado-trans-del-bambuco-en-su-version-xxiv\/#primaryimage"},"image":{"@id":"https:\/\/luchonoticias.com\/editor\/inicio-el-reinado-trans-del-bambuco-en-su-version-xxiv\/#primaryimage"},"thumbnailUrl":"https:\/\/luchonoticias.com\/wp-content\/uploads\/2022\/11\/WhatsApp-Image-2022-11-18-at-9.51.12-AM-1-768x1024.jpeg","datePublished":"2022-11-18T20:04:05+00:00","dateModified":"2022-11-18T20:04:06+00:00","breadcrumb":{"@id":"https:\/\/luchonoticias.com\/editor\/inicio-el-reinado-trans-del-bambuco-en-su-version-xxiv\/#breadcrumb"},"inLanguage":"es","potentialAction":[{"@type":"ReadAction","target":["https:\/\/luchonoticias.com\/editor\/inicio-el-reinado-trans-del-bambuco-en-su-version-xxiv\/"]}]},{"@type":"ImageObject","inLanguage":"es","@id":"https:\/\/luchonoticias.com\/editor\/inicio-el-reinado-trans-del-bambuco-en-su-version-xxiv\/#primaryimage","url":"https:\/\/luchonoticias.com\/wp-content\/uploads\/2022\/11\/WhatsApp-Image-2022-11-18-at-9.51.12-AM-1-768x1024.jpeg","contentUrl":"https:\/\/luchonoticias.com\/wp-content\/uploads\/2022\/11\/WhatsApp-Image-2022-11-18-at-9.51.12-AM-1-768x1024.jpeg"},{"@type":"BreadcrumbList","@id":"https:\/\/luchonoticias.com\/editor\/inicio-el-reinado-trans-del-bambuco-en-su-version-xxiv\/#breadcrumb","itemListElement":[{"@type":"ListItem","position":1,"name":"Portada","item":"https:\/\/luchonoticias.com\/editor\/"},{"@type":"ListItem","position":2,"name":"Inicio el reinado trans del bambuco en su versi\u00f3n XXIV"}]},{"@type":"WebSite","@id":"https:\/\/luchonoticias.com\/editor\/#website","url":"https:\/\/luchonoticias.com\/editor\/","name":"","description":"","publisher":{"@id":"https:\/\/luchonoticias.com\/editor\/#\/schema\/person\/7a7fd911f58561fd056dbac7b55af9cd"},"potentialAction":[{"@type":"SearchAction","target":{"@type":"EntryPoint","urlTemplate":"https:\/\/luchonoticias.com\/editor\/?s={search_term_string}"},"query-input":{"@type":"PropertyValueSpecification","valueRequired":true,"valueName":"search_term_string"}}],"inLanguage":"es"},{"@type":["Person","Organization"],"@id":"https:\/\/luchonoticias.com\/editor\/#\/schema\/person\/7a7fd911f58561fd056dbac7b55af9cd","name":"admin","image":{"@type":"ImageObject","inLanguage":"es","@id":"https:\/\/luchonoticias.com\/editor\/#\/schema\/person\/image\/","url":"https:\/\/luchonoticias.com\/editor\/wp-content\/uploads\/2024\/02\/cropped-cropped-logolu.webp","contentUrl":"https:\/\/luchonoticias.com\/editor\/wp-content\/uploads\/2024\/02\/cropped-cropped-logolu.webp","width":382,"height":170,"caption":"admin"},"logo":{"@id":"https:\/\/luchonoticias.com\/editor\/#\/schema\/person\/image\/"},"sameAs":["https:\/\/www.facebook.com\/luchonoticiasneiva"],"url":"https:\/\/luchonoticias.com\/editor\/author\/admin\/"}]}},"_links":{"self":[{"href":"https:\/\/luchonoticias.com\/editor\/wp-json\/wp\/v2\/posts\/39832","targetHints":{"allow":["GET"]}}],"collection":[{"href":"https:\/\/luchonoticias.com\/editor\/wp-json\/wp\/v2\/posts"}],"about":[{"href":"https:\/\/luchonoticias.com\/editor\/wp-json\/wp\/v2\/types\/post"}],"author":[{"embeddable":true,"href":"https:\/\/luchonoticias.com\/editor\/wp-json\/wp\/v2\/users\/1"}],"replies":[{"embeddable":true,"href":"https:\/\/luchonoticias.com\/editor\/wp-json\/wp\/v2\/comments?post=39832"}],"version-history":[{"count":0,"href":"https:\/\/luchonoticias.com\/editor\/wp-json\/wp\/v2\/posts\/39832\/revisions"}],"wp:attachment":[{"href":"https:\/\/luchonoticias.com\/editor\/wp-json\/wp\/v2\/media?parent=39832"}],"wp:term":[{"taxonomy":"category","embeddable":true,"href":"https:\/\/luchonoticias.com\/editor\/wp-json\/wp\/v2\/categories?post=39832"},{"taxonomy":"post_tag","embeddable":true,"href":"https:\/\/luchonoticias.com\/editor\/wp-json\/wp\/v2\/tags?post=39832"}],"curies":[{"name":"wp","href":"https:\/\/api.w.org\/{rel}","templated":true}]}}