{"id":39921,"date":"2022-11-19T12:34:14","date_gmt":"2022-11-19T17:34:14","guid":{"rendered":"https:\/\/luchonoticias.com\/?p=39921"},"modified":"2022-11-19T12:34:15","modified_gmt":"2022-11-19T17:34:15","slug":"gobierno-nacional-y-eln-reanudaran-este-lunes-negociaciones-de-paz-en-venezuela","status":"publish","type":"post","link":"https:\/\/luchonoticias.com\/editor\/gobierno-nacional-y-eln-reanudaran-este-lunes-negociaciones-de-paz-en-venezuela\/","title":{"rendered":"Gobierno Nacional y ELN reanudar\u00e1n, este lunes negociaciones de paz en Venezuela"},"content":{"rendered":"\n<p>El Alto Comisionado para la Paz, Danilo Rueda, y el Jefe de la Delegaci\u00f3n del Ej\u00e9rcito de Liberaci\u00f3n Nacional (ELN), Pablo Beltr\u00e1n, confirmaron en las \u00faltimas horas el reinicio oficial de la Mesa de Di\u00e1logo el pr\u00f3ximo lunes 21 de noviembre en la ciudad de Caracas, en Venezuela.<\/p>\n\n\n\n<p>En su anuncio, el Comisionado Rueda y la delegaci\u00f3n del ELN indicaron que \u201csomos conscientes del profundo anhelo del pueblo colombiano, de la sociedad y de la naci\u00f3n de avanzar en un proceso de paz y de construcci\u00f3n plena de la democracia\u201d.<\/p>\n\n\n\n<p>El Gobierno colombiano y el ELN retomar\u00e1n las negociaciones de paz a partir del lunes en la capital venezolana, despu\u00e9s de una suspensi\u00f3n de casi cuatro a\u00f1os y luego de que Colombia y Venezuela restablecieran relaciones diplom\u00e1ticas.<\/p>\n\n\n\n<p>El anuncio se da tras la invitaci\u00f3n que hizo el Presidente Gustavo Petro el mi\u00e9rcoles pasado en Barranquilla al Presidente Ejecutivo de la Federaci\u00f3n de Ganaderos de Colombia (FEDEG\u00c1N), Jos\u00e9 F\u00e9lix Lafaurie, para que haga parte del equipo negociador del Gobierno en los di\u00e1logos de paz que se inician con el grupo alzado en armas.<\/p>\n\n\n\n<p>El Jefe de Estado expres\u00f3 que \u201cse cierra la puerta y se abre otra, y esa otra no puede ser otro conflicto armado, otra venganza, como ha sucedido en estos dos siglos de historia del pa\u00eds, sino que tiene que ser el comienzo de la era de la paz\u201d.<\/p>\n\n\n\n<p>En el evento convocado en Caracas por el Alto Comisionado de Paz y el Jefe de la Delegaci\u00f3n de Di\u00e1logo del ELN se dar\u00e1n a conocer los dem\u00e1s integrantes que intervendr\u00e1n en la Mesa.<\/p>\n","protected":false},"excerpt":{"rendered":"<p>El Alto Comisionado para la Paz, Danilo Rueda, y el Jefe de la Delegaci\u00f3n del Ej\u00e9rcito de Liberaci\u00f3n Nacional (ELN), Pablo Beltr\u00e1n, confirmaron en las \u00faltimas horas el reinicio oficial de la Mesa de Di\u00e1logo el pr\u00f3ximo lunes 21 de noviembre en la ciudad de Caracas, en Venezuela. En su anuncio, el Comisionado Rueda y [&hellip;]<\/p>\n","protected":false},"author":1,"featured_media":0,"comment_status":"open","ping_status":"open","sticky":false,"template":"","format":"standard","meta":{"footnotes":""},"categories":[36,32],"tags":[],"class_list":["post-39921","post","type-post","status-publish","format-standard","hentry","category-destacado","category-nacional"],"yoast_head":"<!-- This site is optimized with the Yoast SEO plugin v26.6 - https:\/\/yoast.com\/wordpress\/plugins\/seo\/ -->\n<title>Gobierno Nacional y ELN reanudar\u00e1n, este lunes negociaciones de paz en Venezuela -<\/title>\n<meta name=\"robots\" content=\"index, follow, max-snippet:-1, max-image-preview:large, max-video-preview:-1\" \/>\n<link rel=\"canonical\" href=\"https:\/\/luchonoticias.com\/editor\/gobierno-nacional-y-eln-reanudaran-este-lunes-negociaciones-de-paz-en-venezuela\/\" \/>\n<meta property=\"og:locale\" content=\"es_ES\" \/>\n<meta property=\"og:type\" content=\"article\" \/>\n<meta property=\"og:title\" content=\"Gobierno Nacional y ELN reanudar\u00e1n, este lunes negociaciones de paz en Venezuela -\" \/>\n<meta property=\"og:url\" content=\"https:\/\/luchonoticias.com\/editor\/gobierno-nacional-y-eln-reanudaran-este-lunes-negociaciones-de-paz-en-venezuela\/\" \/>\n<meta property=\"article:publisher\" content=\"https:\/\/www.facebook.com\/luchonoticiasneiva\" \/>\n<meta property=\"article:author\" content=\"https:\/\/www.facebook.com\/luchonoticiasneiva\" \/>\n<meta property=\"article:published_time\" content=\"2022-11-19T17:34:14+00:00\" \/>\n<meta property=\"article:modified_time\" content=\"2022-11-19T17:34:15+00:00\" \/>\n<meta name=\"author\" content=\"admin\" \/>\n<meta name=\"twitter:card\" content=\"summary_large_image\" \/>\n<meta name=\"twitter:label1\" content=\"Escrito por\" \/>\n\t<meta name=\"twitter:data1\" content=\"admin\" \/>\n\t<meta name=\"twitter:label2\" content=\"Tiempo de lectura\" \/>\n\t<meta name=\"twitter:data2\" content=\"1 minuto\" \/>\n<script type=\"application\/ld+json\" class=\"yoast-schema-graph\">{\"@context\":\"https:\/\/schema.org\",\"@graph\":[{\"@type\":\"Article\",\"@id\":\"https:\/\/luchonoticias.com\/editor\/gobierno-nacional-y-eln-reanudaran-este-lunes-negociaciones-de-paz-en-venezuela\/#article\",\"isPartOf\":{\"@id\":\"https:\/\/luchonoticias.com\/editor\/gobierno-nacional-y-eln-reanudaran-este-lunes-negociaciones-de-paz-en-venezuela\/\"},\"author\":{\"name\":\"admin\",\"@id\":\"https:\/\/luchonoticias.com\/editor\/#\/schema\/person\/7a7fd911f58561fd056dbac7b55af9cd\"},\"headline\":\"Gobierno Nacional y ELN reanudar\u00e1n, este lunes negociaciones de paz en Venezuela\",\"datePublished\":\"2022-11-19T17:34:14+00:00\",\"dateModified\":\"2022-11-19T17:34:15+00:00\",\"mainEntityOfPage\":{\"@id\":\"https:\/\/luchonoticias.com\/editor\/gobierno-nacional-y-eln-reanudaran-este-lunes-negociaciones-de-paz-en-venezuela\/\"},\"wordCount\":303,\"commentCount\":0,\"publisher\":{\"@id\":\"https:\/\/luchonoticias.com\/editor\/#\/schema\/person\/7a7fd911f58561fd056dbac7b55af9cd\"},\"articleSection\":[\"Destacado\",\"Nacional\"],\"inLanguage\":\"es\",\"potentialAction\":[{\"@type\":\"CommentAction\",\"name\":\"Comment\",\"target\":[\"https:\/\/luchonoticias.com\/editor\/gobierno-nacional-y-eln-reanudaran-este-lunes-negociaciones-de-paz-en-venezuela\/#respond\"]}]},{\"@type\":\"WebPage\",\"@id\":\"https:\/\/luchonoticias.com\/editor\/gobierno-nacional-y-eln-reanudaran-este-lunes-negociaciones-de-paz-en-venezuela\/\",\"url\":\"https:\/\/luchonoticias.com\/editor\/gobierno-nacional-y-eln-reanudaran-este-lunes-negociaciones-de-paz-en-venezuela\/\",\"name\":\"Gobierno Nacional y ELN reanudar\u00e1n, este lunes negociaciones de paz en Venezuela -\",\"isPartOf\":{\"@id\":\"https:\/\/luchonoticias.com\/editor\/#website\"},\"datePublished\":\"2022-11-19T17:34:14+00:00\",\"dateModified\":\"2022-11-19T17:34:15+00:00\",\"breadcrumb\":{\"@id\":\"https:\/\/luchonoticias.com\/editor\/gobierno-nacional-y-eln-reanudaran-este-lunes-negociaciones-de-paz-en-venezuela\/#breadcrumb\"},\"inLanguage\":\"es\",\"potentialAction\":[{\"@type\":\"ReadAction\",\"target\":[\"https:\/\/luchonoticias.com\/editor\/gobierno-nacional-y-eln-reanudaran-este-lunes-negociaciones-de-paz-en-venezuela\/\"]}]},{\"@type\":\"BreadcrumbList\",\"@id\":\"https:\/\/luchonoticias.com\/editor\/gobierno-nacional-y-eln-reanudaran-este-lunes-negociaciones-de-paz-en-venezuela\/#breadcrumb\",\"itemListElement\":[{\"@type\":\"ListItem\",\"position\":1,\"name\":\"Portada\",\"item\":\"https:\/\/luchonoticias.com\/editor\/\"},{\"@type\":\"ListItem\",\"position\":2,\"name\":\"Gobierno Nacional y ELN reanudar\u00e1n, este lunes negociaciones de paz en Venezuela\"}]},{\"@type\":\"WebSite\",\"@id\":\"https:\/\/luchonoticias.com\/editor\/#website\",\"url\":\"https:\/\/luchonoticias.com\/editor\/\",\"name\":\"\",\"description\":\"\",\"publisher\":{\"@id\":\"https:\/\/luchonoticias.com\/editor\/#\/schema\/person\/7a7fd911f58561fd056dbac7b55af9cd\"},\"potentialAction\":[{\"@type\":\"SearchAction\",\"target\":{\"@type\":\"EntryPoint\",\"urlTemplate\":\"https:\/\/luchonoticias.com\/editor\/?s={search_term_string}\"},\"query-input\":{\"@type\":\"PropertyValueSpecification\",\"valueRequired\":true,\"valueName\":\"search_term_string\"}}],\"inLanguage\":\"es\"},{\"@type\":[\"Person\",\"Organization\"],\"@id\":\"https:\/\/luchonoticias.com\/editor\/#\/schema\/person\/7a7fd911f58561fd056dbac7b55af9cd\",\"name\":\"admin\",\"image\":{\"@type\":\"ImageObject\",\"inLanguage\":\"es\",\"@id\":\"https:\/\/luchonoticias.com\/editor\/#\/schema\/person\/image\/\",\"url\":\"https:\/\/luchonoticias.com\/editor\/wp-content\/uploads\/2024\/02\/cropped-cropped-logolu.webp\",\"contentUrl\":\"https:\/\/luchonoticias.com\/editor\/wp-content\/uploads\/2024\/02\/cropped-cropped-logolu.webp\",\"width\":382,\"height\":170,\"caption\":\"admin\"},\"logo\":{\"@id\":\"https:\/\/luchonoticias.com\/editor\/#\/schema\/person\/image\/\"},\"sameAs\":[\"https:\/\/www.facebook.com\/luchonoticiasneiva\"],\"url\":\"https:\/\/luchonoticias.com\/editor\/author\/admin\/\"}]}<\/script>\n<!-- \/ Yoast SEO plugin. -->","yoast_head_json":{"title":"Gobierno Nacional y ELN reanudar\u00e1n, este lunes negociaciones de paz en Venezuela -","robots":{"index":"index","follow":"follow","max-snippet":"max-snippet:-1","max-image-preview":"max-image-preview:large","max-video-preview":"max-video-preview:-1"},"canonical":"https:\/\/luchonoticias.com\/editor\/gobierno-nacional-y-eln-reanudaran-este-lunes-negociaciones-de-paz-en-venezuela\/","og_locale":"es_ES","og_type":"article","og_title":"Gobierno Nacional y ELN reanudar\u00e1n, este lunes negociaciones de paz en Venezuela -","og_url":"https:\/\/luchonoticias.com\/editor\/gobierno-nacional-y-eln-reanudaran-este-lunes-negociaciones-de-paz-en-venezuela\/","article_publisher":"https:\/\/www.facebook.com\/luchonoticiasneiva","article_author":"https:\/\/www.facebook.com\/luchonoticiasneiva","article_published_time":"2022-11-19T17:34:14+00:00","article_modified_time":"2022-11-19T17:34:15+00:00","author":"admin","twitter_card":"summary_large_image","twitter_misc":{"Escrito por":"admin","Tiempo de lectura":"1 minuto"},"schema":{"@context":"https:\/\/schema.org","@graph":[{"@type":"Article","@id":"https:\/\/luchonoticias.com\/editor\/gobierno-nacional-y-eln-reanudaran-este-lunes-negociaciones-de-paz-en-venezuela\/#article","isPartOf":{"@id":"https:\/\/luchonoticias.com\/editor\/gobierno-nacional-y-eln-reanudaran-este-lunes-negociaciones-de-paz-en-venezuela\/"},"author":{"name":"admin","@id":"https:\/\/luchonoticias.com\/editor\/#\/schema\/person\/7a7fd911f58561fd056dbac7b55af9cd"},"headline":"Gobierno Nacional y ELN reanudar\u00e1n, este lunes negociaciones de paz en Venezuela","datePublished":"2022-11-19T17:34:14+00:00","dateModified":"2022-11-19T17:34:15+00:00","mainEntityOfPage":{"@id":"https:\/\/luchonoticias.com\/editor\/gobierno-nacional-y-eln-reanudaran-este-lunes-negociaciones-de-paz-en-venezuela\/"},"wordCount":303,"commentCount":0,"publisher":{"@id":"https:\/\/luchonoticias.com\/editor\/#\/schema\/person\/7a7fd911f58561fd056dbac7b55af9cd"},"articleSection":["Destacado","Nacional"],"inLanguage":"es","potentialAction":[{"@type":"CommentAction","name":"Comment","target":["https:\/\/luchonoticias.com\/editor\/gobierno-nacional-y-eln-reanudaran-este-lunes-negociaciones-de-paz-en-venezuela\/#respond"]}]},{"@type":"WebPage","@id":"https:\/\/luchonoticias.com\/editor\/gobierno-nacional-y-eln-reanudaran-este-lunes-negociaciones-de-paz-en-venezuela\/","url":"https:\/\/luchonoticias.com\/editor\/gobierno-nacional-y-eln-reanudaran-este-lunes-negociaciones-de-paz-en-venezuela\/","name":"Gobierno Nacional y ELN reanudar\u00e1n, este lunes negociaciones de paz en Venezuela -","isPartOf":{"@id":"https:\/\/luchonoticias.com\/editor\/#website"},"datePublished":"2022-11-19T17:34:14+00:00","dateModified":"2022-11-19T17:34:15+00:00","breadcrumb":{"@id":"https:\/\/luchonoticias.com\/editor\/gobierno-nacional-y-eln-reanudaran-este-lunes-negociaciones-de-paz-en-venezuela\/#breadcrumb"},"inLanguage":"es","potentialAction":[{"@type":"ReadAction","target":["https:\/\/luchonoticias.com\/editor\/gobierno-nacional-y-eln-reanudaran-este-lunes-negociaciones-de-paz-en-venezuela\/"]}]},{"@type":"BreadcrumbList","@id":"https:\/\/luchonoticias.com\/editor\/gobierno-nacional-y-eln-reanudaran-este-lunes-negociaciones-de-paz-en-venezuela\/#breadcrumb","itemListElement":[{"@type":"ListItem","position":1,"name":"Portada","item":"https:\/\/luchonoticias.com\/editor\/"},{"@type":"ListItem","position":2,"name":"Gobierno Nacional y ELN reanudar\u00e1n, este lunes negociaciones de paz en Venezuela"}]},{"@type":"WebSite","@id":"https:\/\/luchonoticias.com\/editor\/#website","url":"https:\/\/luchonoticias.com\/editor\/","name":"","description":"","publisher":{"@id":"https:\/\/luchonoticias.com\/editor\/#\/schema\/person\/7a7fd911f58561fd056dbac7b55af9cd"},"potentialAction":[{"@type":"SearchAction","target":{"@type":"EntryPoint","urlTemplate":"https:\/\/luchonoticias.com\/editor\/?s={search_term_string}"},"query-input":{"@type":"PropertyValueSpecification","valueRequired":true,"valueName":"search_term_string"}}],"inLanguage":"es"},{"@type":["Person","Organization"],"@id":"https:\/\/luchonoticias.com\/editor\/#\/schema\/person\/7a7fd911f58561fd056dbac7b55af9cd","name":"admin","image":{"@type":"ImageObject","inLanguage":"es","@id":"https:\/\/luchonoticias.com\/editor\/#\/schema\/person\/image\/","url":"https:\/\/luchonoticias.com\/editor\/wp-content\/uploads\/2024\/02\/cropped-cropped-logolu.webp","contentUrl":"https:\/\/luchonoticias.com\/editor\/wp-content\/uploads\/2024\/02\/cropped-cropped-logolu.webp","width":382,"height":170,"caption":"admin"},"logo":{"@id":"https:\/\/luchonoticias.com\/editor\/#\/schema\/person\/image\/"},"sameAs":["https:\/\/www.facebook.com\/luchonoticiasneiva"],"url":"https:\/\/luchonoticias.com\/editor\/author\/admin\/"}]}},"_links":{"self":[{"href":"https:\/\/luchonoticias.com\/editor\/wp-json\/wp\/v2\/posts\/39921","targetHints":{"allow":["GET"]}}],"collection":[{"href":"https:\/\/luchonoticias.com\/editor\/wp-json\/wp\/v2\/posts"}],"about":[{"href":"https:\/\/luchonoticias.com\/editor\/wp-json\/wp\/v2\/types\/post"}],"author":[{"embeddable":true,"href":"https:\/\/luchonoticias.com\/editor\/wp-json\/wp\/v2\/users\/1"}],"replies":[{"embeddable":true,"href":"https:\/\/luchonoticias.com\/editor\/wp-json\/wp\/v2\/comments?post=39921"}],"version-history":[{"count":0,"href":"https:\/\/luchonoticias.com\/editor\/wp-json\/wp\/v2\/posts\/39921\/revisions"}],"wp:attachment":[{"href":"https:\/\/luchonoticias.com\/editor\/wp-json\/wp\/v2\/media?parent=39921"}],"wp:term":[{"taxonomy":"category","embeddable":true,"href":"https:\/\/luchonoticias.com\/editor\/wp-json\/wp\/v2\/categories?post=39921"},{"taxonomy":"post_tag","embeddable":true,"href":"https:\/\/luchonoticias.com\/editor\/wp-json\/wp\/v2\/tags?post=39921"}],"curies":[{"name":"wp","href":"https:\/\/api.w.org\/{rel}","templated":true}]}}