{"id":39976,"date":"2022-11-20T13:10:48","date_gmt":"2022-11-20T18:10:48","guid":{"rendered":"https:\/\/luchonoticias.com\/?p=39976"},"modified":"2022-11-20T13:10:49","modified_gmt":"2022-11-20T18:10:49","slug":"ecuador-vencio-a-catar-en-el-inicio-del-mundial-de-futbol","status":"publish","type":"post","link":"https:\/\/luchonoticias.com\/editor\/ecuador-vencio-a-catar-en-el-inicio-del-mundial-de-futbol\/","title":{"rendered":"Ecuador venci\u00f3 a Catar en el inicio del mundial de f\u00fatbol"},"content":{"rendered":"\n<p><strong>Comenz\u00f3 el mundial de f\u00fatbol Catar 2022<\/strong>, competencia la cual fue inaugurada con una ceremonia la cual tuvo harto despliegue previo por la deserci\u00f3n de varios artistas al evento que tuvo como figuras al cantante brit\u00e1nico Robbie Williams y al actor norteamericano Morgan Freeman.<\/p>\n\n\n\n<p>Ya en lo deportivo la&nbsp;<strong>Selecci\u00f3n de Ecuador<\/strong>&nbsp;dio la primera campanada del torneo al&nbsp;<strong>vencer a los locales por 2:0.<\/strong><\/p>\n\n\n\n<p>Dominio a placer por los lados de los ecuatorianos en la primera parte ante una Catar que ha pagado cara su ingenuidad en escenarios de esa magnitud,&nbsp;<strong>Einer Valencia a los minutos 16 (penal) y 31<\/strong>, le dieron la ventaja a los del vecino pa\u00eds frente a los anfitriones y actuales titulares asi\u00e1ticos.<\/p>\n\n\n\n<p>Para la segunda mitad se equilibraron las fuerzas m\u00e1s no el marcador, eso s\u00ed, tanto Ecuador como los locales dispusieron de dos opciones de gol las cuales terminaron desviadas.<\/p>\n","protected":false},"excerpt":{"rendered":"<p>Comenz\u00f3 el mundial de f\u00fatbol Catar 2022, competencia la cual fue inaugurada con una ceremonia la cual tuvo harto despliegue previo por la deserci\u00f3n de varios artistas al evento que tuvo como figuras al cantante brit\u00e1nico Robbie Williams y al actor norteamericano Morgan Freeman. Ya en lo deportivo la&nbsp;Selecci\u00f3n de Ecuador&nbsp;dio la primera campanada del [&hellip;]<\/p>\n","protected":false},"author":1,"featured_media":0,"comment_status":"open","ping_status":"open","sticky":false,"template":"","format":"standard","meta":{"footnotes":""},"categories":[34],"tags":[],"class_list":["post-39976","post","type-post","status-publish","format-standard","hentry","category-deportes"],"yoast_head":"<!-- This site is optimized with the Yoast SEO plugin v26.6 - https:\/\/yoast.com\/wordpress\/plugins\/seo\/ -->\n<title>Ecuador venci\u00f3 a Catar en el inicio del mundial de f\u00fatbol -<\/title>\n<meta name=\"robots\" content=\"index, follow, max-snippet:-1, max-image-preview:large, max-video-preview:-1\" \/>\n<link rel=\"canonical\" href=\"https:\/\/luchonoticias.com\/editor\/ecuador-vencio-a-catar-en-el-inicio-del-mundial-de-futbol\/\" \/>\n<meta property=\"og:locale\" content=\"es_ES\" \/>\n<meta property=\"og:type\" content=\"article\" \/>\n<meta property=\"og:title\" content=\"Ecuador venci\u00f3 a Catar en el inicio del mundial de f\u00fatbol -\" \/>\n<meta property=\"og:url\" content=\"https:\/\/luchonoticias.com\/editor\/ecuador-vencio-a-catar-en-el-inicio-del-mundial-de-futbol\/\" \/>\n<meta property=\"article:publisher\" content=\"https:\/\/www.facebook.com\/luchonoticiasneiva\" \/>\n<meta property=\"article:author\" content=\"https:\/\/www.facebook.com\/luchonoticiasneiva\" \/>\n<meta property=\"article:published_time\" content=\"2022-11-20T18:10:48+00:00\" \/>\n<meta property=\"article:modified_time\" content=\"2022-11-20T18:10:49+00:00\" \/>\n<meta name=\"author\" content=\"admin\" \/>\n<meta name=\"twitter:card\" content=\"summary_large_image\" \/>\n<meta name=\"twitter:label1\" content=\"Escrito por\" \/>\n\t<meta name=\"twitter:data1\" content=\"admin\" \/>\n\t<meta name=\"twitter:label2\" content=\"Tiempo de lectura\" \/>\n\t<meta name=\"twitter:data2\" content=\"1 minuto\" \/>\n<script type=\"application\/ld+json\" class=\"yoast-schema-graph\">{\"@context\":\"https:\/\/schema.org\",\"@graph\":[{\"@type\":\"Article\",\"@id\":\"https:\/\/luchonoticias.com\/editor\/ecuador-vencio-a-catar-en-el-inicio-del-mundial-de-futbol\/#article\",\"isPartOf\":{\"@id\":\"https:\/\/luchonoticias.com\/editor\/ecuador-vencio-a-catar-en-el-inicio-del-mundial-de-futbol\/\"},\"author\":{\"name\":\"admin\",\"@id\":\"https:\/\/luchonoticias.com\/editor\/#\/schema\/person\/7a7fd911f58561fd056dbac7b55af9cd\"},\"headline\":\"Ecuador venci\u00f3 a Catar en el inicio del mundial de f\u00fatbol\",\"datePublished\":\"2022-11-20T18:10:48+00:00\",\"dateModified\":\"2022-11-20T18:10:49+00:00\",\"mainEntityOfPage\":{\"@id\":\"https:\/\/luchonoticias.com\/editor\/ecuador-vencio-a-catar-en-el-inicio-del-mundial-de-futbol\/\"},\"wordCount\":166,\"commentCount\":0,\"publisher\":{\"@id\":\"https:\/\/luchonoticias.com\/editor\/#\/schema\/person\/7a7fd911f58561fd056dbac7b55af9cd\"},\"articleSection\":[\"Deportes\"],\"inLanguage\":\"es\",\"potentialAction\":[{\"@type\":\"CommentAction\",\"name\":\"Comment\",\"target\":[\"https:\/\/luchonoticias.com\/editor\/ecuador-vencio-a-catar-en-el-inicio-del-mundial-de-futbol\/#respond\"]}]},{\"@type\":\"WebPage\",\"@id\":\"https:\/\/luchonoticias.com\/editor\/ecuador-vencio-a-catar-en-el-inicio-del-mundial-de-futbol\/\",\"url\":\"https:\/\/luchonoticias.com\/editor\/ecuador-vencio-a-catar-en-el-inicio-del-mundial-de-futbol\/\",\"name\":\"Ecuador venci\u00f3 a Catar en el inicio del mundial de f\u00fatbol -\",\"isPartOf\":{\"@id\":\"https:\/\/luchonoticias.com\/editor\/#website\"},\"datePublished\":\"2022-11-20T18:10:48+00:00\",\"dateModified\":\"2022-11-20T18:10:49+00:00\",\"breadcrumb\":{\"@id\":\"https:\/\/luchonoticias.com\/editor\/ecuador-vencio-a-catar-en-el-inicio-del-mundial-de-futbol\/#breadcrumb\"},\"inLanguage\":\"es\",\"potentialAction\":[{\"@type\":\"ReadAction\",\"target\":[\"https:\/\/luchonoticias.com\/editor\/ecuador-vencio-a-catar-en-el-inicio-del-mundial-de-futbol\/\"]}]},{\"@type\":\"BreadcrumbList\",\"@id\":\"https:\/\/luchonoticias.com\/editor\/ecuador-vencio-a-catar-en-el-inicio-del-mundial-de-futbol\/#breadcrumb\",\"itemListElement\":[{\"@type\":\"ListItem\",\"position\":1,\"name\":\"Portada\",\"item\":\"https:\/\/luchonoticias.com\/editor\/\"},{\"@type\":\"ListItem\",\"position\":2,\"name\":\"Ecuador venci\u00f3 a Catar en el inicio del mundial de f\u00fatbol\"}]},{\"@type\":\"WebSite\",\"@id\":\"https:\/\/luchonoticias.com\/editor\/#website\",\"url\":\"https:\/\/luchonoticias.com\/editor\/\",\"name\":\"\",\"description\":\"\",\"publisher\":{\"@id\":\"https:\/\/luchonoticias.com\/editor\/#\/schema\/person\/7a7fd911f58561fd056dbac7b55af9cd\"},\"potentialAction\":[{\"@type\":\"SearchAction\",\"target\":{\"@type\":\"EntryPoint\",\"urlTemplate\":\"https:\/\/luchonoticias.com\/editor\/?s={search_term_string}\"},\"query-input\":{\"@type\":\"PropertyValueSpecification\",\"valueRequired\":true,\"valueName\":\"search_term_string\"}}],\"inLanguage\":\"es\"},{\"@type\":[\"Person\",\"Organization\"],\"@id\":\"https:\/\/luchonoticias.com\/editor\/#\/schema\/person\/7a7fd911f58561fd056dbac7b55af9cd\",\"name\":\"admin\",\"image\":{\"@type\":\"ImageObject\",\"inLanguage\":\"es\",\"@id\":\"https:\/\/luchonoticias.com\/editor\/#\/schema\/person\/image\/\",\"url\":\"https:\/\/luchonoticias.com\/editor\/wp-content\/uploads\/2024\/02\/cropped-cropped-logolu.webp\",\"contentUrl\":\"https:\/\/luchonoticias.com\/editor\/wp-content\/uploads\/2024\/02\/cropped-cropped-logolu.webp\",\"width\":382,\"height\":170,\"caption\":\"admin\"},\"logo\":{\"@id\":\"https:\/\/luchonoticias.com\/editor\/#\/schema\/person\/image\/\"},\"sameAs\":[\"https:\/\/www.facebook.com\/luchonoticiasneiva\"],\"url\":\"https:\/\/luchonoticias.com\/editor\/author\/admin\/\"}]}<\/script>\n<!-- \/ Yoast SEO plugin. -->","yoast_head_json":{"title":"Ecuador venci\u00f3 a Catar en el inicio del mundial de f\u00fatbol -","robots":{"index":"index","follow":"follow","max-snippet":"max-snippet:-1","max-image-preview":"max-image-preview:large","max-video-preview":"max-video-preview:-1"},"canonical":"https:\/\/luchonoticias.com\/editor\/ecuador-vencio-a-catar-en-el-inicio-del-mundial-de-futbol\/","og_locale":"es_ES","og_type":"article","og_title":"Ecuador venci\u00f3 a Catar en el inicio del mundial de f\u00fatbol -","og_url":"https:\/\/luchonoticias.com\/editor\/ecuador-vencio-a-catar-en-el-inicio-del-mundial-de-futbol\/","article_publisher":"https:\/\/www.facebook.com\/luchonoticiasneiva","article_author":"https:\/\/www.facebook.com\/luchonoticiasneiva","article_published_time":"2022-11-20T18:10:48+00:00","article_modified_time":"2022-11-20T18:10:49+00:00","author":"admin","twitter_card":"summary_large_image","twitter_misc":{"Escrito por":"admin","Tiempo de lectura":"1 minuto"},"schema":{"@context":"https:\/\/schema.org","@graph":[{"@type":"Article","@id":"https:\/\/luchonoticias.com\/editor\/ecuador-vencio-a-catar-en-el-inicio-del-mundial-de-futbol\/#article","isPartOf":{"@id":"https:\/\/luchonoticias.com\/editor\/ecuador-vencio-a-catar-en-el-inicio-del-mundial-de-futbol\/"},"author":{"name":"admin","@id":"https:\/\/luchonoticias.com\/editor\/#\/schema\/person\/7a7fd911f58561fd056dbac7b55af9cd"},"headline":"Ecuador venci\u00f3 a Catar en el inicio del mundial de f\u00fatbol","datePublished":"2022-11-20T18:10:48+00:00","dateModified":"2022-11-20T18:10:49+00:00","mainEntityOfPage":{"@id":"https:\/\/luchonoticias.com\/editor\/ecuador-vencio-a-catar-en-el-inicio-del-mundial-de-futbol\/"},"wordCount":166,"commentCount":0,"publisher":{"@id":"https:\/\/luchonoticias.com\/editor\/#\/schema\/person\/7a7fd911f58561fd056dbac7b55af9cd"},"articleSection":["Deportes"],"inLanguage":"es","potentialAction":[{"@type":"CommentAction","name":"Comment","target":["https:\/\/luchonoticias.com\/editor\/ecuador-vencio-a-catar-en-el-inicio-del-mundial-de-futbol\/#respond"]}]},{"@type":"WebPage","@id":"https:\/\/luchonoticias.com\/editor\/ecuador-vencio-a-catar-en-el-inicio-del-mundial-de-futbol\/","url":"https:\/\/luchonoticias.com\/editor\/ecuador-vencio-a-catar-en-el-inicio-del-mundial-de-futbol\/","name":"Ecuador venci\u00f3 a Catar en el inicio del mundial de f\u00fatbol -","isPartOf":{"@id":"https:\/\/luchonoticias.com\/editor\/#website"},"datePublished":"2022-11-20T18:10:48+00:00","dateModified":"2022-11-20T18:10:49+00:00","breadcrumb":{"@id":"https:\/\/luchonoticias.com\/editor\/ecuador-vencio-a-catar-en-el-inicio-del-mundial-de-futbol\/#breadcrumb"},"inLanguage":"es","potentialAction":[{"@type":"ReadAction","target":["https:\/\/luchonoticias.com\/editor\/ecuador-vencio-a-catar-en-el-inicio-del-mundial-de-futbol\/"]}]},{"@type":"BreadcrumbList","@id":"https:\/\/luchonoticias.com\/editor\/ecuador-vencio-a-catar-en-el-inicio-del-mundial-de-futbol\/#breadcrumb","itemListElement":[{"@type":"ListItem","position":1,"name":"Portada","item":"https:\/\/luchonoticias.com\/editor\/"},{"@type":"ListItem","position":2,"name":"Ecuador venci\u00f3 a Catar en el inicio del mundial de f\u00fatbol"}]},{"@type":"WebSite","@id":"https:\/\/luchonoticias.com\/editor\/#website","url":"https:\/\/luchonoticias.com\/editor\/","name":"","description":"","publisher":{"@id":"https:\/\/luchonoticias.com\/editor\/#\/schema\/person\/7a7fd911f58561fd056dbac7b55af9cd"},"potentialAction":[{"@type":"SearchAction","target":{"@type":"EntryPoint","urlTemplate":"https:\/\/luchonoticias.com\/editor\/?s={search_term_string}"},"query-input":{"@type":"PropertyValueSpecification","valueRequired":true,"valueName":"search_term_string"}}],"inLanguage":"es"},{"@type":["Person","Organization"],"@id":"https:\/\/luchonoticias.com\/editor\/#\/schema\/person\/7a7fd911f58561fd056dbac7b55af9cd","name":"admin","image":{"@type":"ImageObject","inLanguage":"es","@id":"https:\/\/luchonoticias.com\/editor\/#\/schema\/person\/image\/","url":"https:\/\/luchonoticias.com\/editor\/wp-content\/uploads\/2024\/02\/cropped-cropped-logolu.webp","contentUrl":"https:\/\/luchonoticias.com\/editor\/wp-content\/uploads\/2024\/02\/cropped-cropped-logolu.webp","width":382,"height":170,"caption":"admin"},"logo":{"@id":"https:\/\/luchonoticias.com\/editor\/#\/schema\/person\/image\/"},"sameAs":["https:\/\/www.facebook.com\/luchonoticiasneiva"],"url":"https:\/\/luchonoticias.com\/editor\/author\/admin\/"}]}},"_links":{"self":[{"href":"https:\/\/luchonoticias.com\/editor\/wp-json\/wp\/v2\/posts\/39976","targetHints":{"allow":["GET"]}}],"collection":[{"href":"https:\/\/luchonoticias.com\/editor\/wp-json\/wp\/v2\/posts"}],"about":[{"href":"https:\/\/luchonoticias.com\/editor\/wp-json\/wp\/v2\/types\/post"}],"author":[{"embeddable":true,"href":"https:\/\/luchonoticias.com\/editor\/wp-json\/wp\/v2\/users\/1"}],"replies":[{"embeddable":true,"href":"https:\/\/luchonoticias.com\/editor\/wp-json\/wp\/v2\/comments?post=39976"}],"version-history":[{"count":0,"href":"https:\/\/luchonoticias.com\/editor\/wp-json\/wp\/v2\/posts\/39976\/revisions"}],"wp:attachment":[{"href":"https:\/\/luchonoticias.com\/editor\/wp-json\/wp\/v2\/media?parent=39976"}],"wp:term":[{"taxonomy":"category","embeddable":true,"href":"https:\/\/luchonoticias.com\/editor\/wp-json\/wp\/v2\/categories?post=39976"},{"taxonomy":"post_tag","embeddable":true,"href":"https:\/\/luchonoticias.com\/editor\/wp-json\/wp\/v2\/tags?post=39976"}],"curies":[{"name":"wp","href":"https:\/\/api.w.org\/{rel}","templated":true}]}}