{"id":39992,"date":"2022-11-21T05:16:01","date_gmt":"2022-11-21T10:16:01","guid":{"rendered":"https:\/\/luchonoticias.com\/?p=39992"},"modified":"2022-11-21T05:16:02","modified_gmt":"2022-11-21T10:16:02","slug":"rivera-fue-escenario-de-la-copa-nacional-de-ajedrez","status":"publish","type":"post","link":"https:\/\/luchonoticias.com\/editor\/rivera-fue-escenario-de-la-copa-nacional-de-ajedrez\/","title":{"rendered":"Rivera fue escenario de la Copa Nacional de Ajedrez"},"content":{"rendered":"\n<p>El pasado fin de semana&nbsp;<strong>Rivera<\/strong>&nbsp;fue escenario de la&nbsp;<strong>Copa Nacional de Ajedrez<\/strong>, evento que desarroll\u00f3 su primera edici\u00f3n y organizada por la Junta Municipal de Deportes y Recreaci\u00f3n.<\/p>\n\n\n\n<p>La competencia&nbsp;<strong>se llev\u00f3 a cabo en el polideportivo principal y en ocho categor\u00edas<\/strong>, donde adem\u00e1s se premiaron a los tres primeros as\u00ed como a los mejores tableros locales:<\/p>\n\n\n\n<p>A continuaci\u00f3n, el cuadro de honor del torneo:<\/p>\n\n\n\n<p><strong>Categor\u00eda Sub-8<\/strong><br><strong>CAMPE\u00d3N:\u00a0Tob\u00edas Castro<br><\/strong>Juan Esteban Barrera<br>Mar\u00eda Antonia Trujillo<br>Mejor riverense. Jos\u00e9 Joaqu\u00edn Ovalle.<\/p>\n\n\n\n<p><strong>Categor\u00eda Sub-10<\/strong><br><strong>CAMPE\u00d3N:\u00a0Mateo Lucuara<br><\/strong>Daniel Felipe Campos<br>\u00c1ngel Damian Mu\u00f1oz<br>Mejor riverense. Emiliano Pinz\u00f3n.<\/p>\n\n\n\n<p><strong>Categor\u00eda Sub-14<\/strong><br><strong>CAMPE\u00d3N: Tob\u00edas Castro<br><\/strong>Juan Esteban Barrera<br>Mar\u00eda Antonia Trujillo<br>Mejor riverense. Javier Stiven Jim\u00e9nez.<\/p>\n\n\n\n<p><strong>Categor\u00eda Abierta<\/strong><br><strong>CAMPE\u00d3N: Gustavo Cadena.<br><\/strong>Jorge Silva.<br>\u00d3scar Chaux.<\/p>\n\n\n\n<p><strong>Mejores Riverenses<\/strong><br><strong>CAMPE\u00d3N:\u00a0\u00d3scar Mauricio P\u00e9rez<br><\/strong>Jos\u00e9 Willard R\u00edos<br>Henrry Puentes<\/p>\n\n\n\n<p><strong>Mejores Elo 1700<\/strong><br><strong>CAMPE\u00d3N: Nicol\u00e1s Dur\u00e1n Cardoso<br><\/strong>William Nicol\u00e1s Rodr\u00edguez<br>Juan Manuel Torres<\/p>\n\n\n\n<p><strong>Mejores Damas<\/strong><br><strong>CAMPEONA: Tania Isabela Gal\u00edndez<br><\/strong>Nataly Almanza<\/p>\n\n\n\n<p><strong>Categor\u00eda Sub-14<br>CAMPEONA:\u00a0Sara Sofia Ortega<br><\/strong>Milton Vargas<br>Juan Pablo V\u00e1squez<br>Mejor riverense. Javier Stiven Jim\u00e9nez.<\/p>\n","protected":false},"excerpt":{"rendered":"<p>El pasado fin de semana&nbsp;Rivera&nbsp;fue escenario de la&nbsp;Copa Nacional de Ajedrez, evento que desarroll\u00f3 su primera edici\u00f3n y organizada por la Junta Municipal de Deportes y Recreaci\u00f3n. La competencia&nbsp;se llev\u00f3 a cabo en el polideportivo principal y en ocho categor\u00edas, donde adem\u00e1s se premiaron a los tres primeros as\u00ed como a los mejores tableros locales: [&hellip;]<\/p>\n","protected":false},"author":1,"featured_media":0,"comment_status":"open","ping_status":"open","sticky":false,"template":"","format":"standard","meta":{"footnotes":""},"categories":[34],"tags":[],"class_list":["post-39992","post","type-post","status-publish","format-standard","hentry","category-deportes"],"yoast_head":"<!-- This site is optimized with the Yoast SEO plugin v26.6 - https:\/\/yoast.com\/wordpress\/plugins\/seo\/ -->\n<title>Rivera fue escenario de la Copa Nacional de Ajedrez -<\/title>\n<meta name=\"robots\" content=\"index, follow, max-snippet:-1, max-image-preview:large, max-video-preview:-1\" \/>\n<link rel=\"canonical\" href=\"https:\/\/luchonoticias.com\/editor\/rivera-fue-escenario-de-la-copa-nacional-de-ajedrez\/\" \/>\n<meta property=\"og:locale\" content=\"es_ES\" \/>\n<meta property=\"og:type\" content=\"article\" \/>\n<meta property=\"og:title\" content=\"Rivera fue escenario de la Copa Nacional de Ajedrez -\" \/>\n<meta property=\"og:url\" content=\"https:\/\/luchonoticias.com\/editor\/rivera-fue-escenario-de-la-copa-nacional-de-ajedrez\/\" \/>\n<meta property=\"article:publisher\" content=\"https:\/\/www.facebook.com\/luchonoticiasneiva\" \/>\n<meta property=\"article:author\" content=\"https:\/\/www.facebook.com\/luchonoticiasneiva\" \/>\n<meta property=\"article:published_time\" content=\"2022-11-21T10:16:01+00:00\" \/>\n<meta property=\"article:modified_time\" content=\"2022-11-21T10:16:02+00:00\" \/>\n<meta name=\"author\" content=\"admin\" \/>\n<meta name=\"twitter:card\" content=\"summary_large_image\" \/>\n<meta name=\"twitter:label1\" content=\"Escrito por\" \/>\n\t<meta name=\"twitter:data1\" content=\"admin\" \/>\n\t<meta name=\"twitter:label2\" content=\"Tiempo de lectura\" \/>\n\t<meta name=\"twitter:data2\" content=\"1 minuto\" \/>\n<script type=\"application\/ld+json\" class=\"yoast-schema-graph\">{\"@context\":\"https:\/\/schema.org\",\"@graph\":[{\"@type\":\"Article\",\"@id\":\"https:\/\/luchonoticias.com\/editor\/rivera-fue-escenario-de-la-copa-nacional-de-ajedrez\/#article\",\"isPartOf\":{\"@id\":\"https:\/\/luchonoticias.com\/editor\/rivera-fue-escenario-de-la-copa-nacional-de-ajedrez\/\"},\"author\":{\"name\":\"admin\",\"@id\":\"https:\/\/luchonoticias.com\/editor\/#\/schema\/person\/7a7fd911f58561fd056dbac7b55af9cd\"},\"headline\":\"Rivera fue escenario de la Copa Nacional de Ajedrez\",\"datePublished\":\"2022-11-21T10:16:01+00:00\",\"dateModified\":\"2022-11-21T10:16:02+00:00\",\"mainEntityOfPage\":{\"@id\":\"https:\/\/luchonoticias.com\/editor\/rivera-fue-escenario-de-la-copa-nacional-de-ajedrez\/\"},\"wordCount\":207,\"commentCount\":0,\"publisher\":{\"@id\":\"https:\/\/luchonoticias.com\/editor\/#\/schema\/person\/7a7fd911f58561fd056dbac7b55af9cd\"},\"articleSection\":[\"Deportes\"],\"inLanguage\":\"es\",\"potentialAction\":[{\"@type\":\"CommentAction\",\"name\":\"Comment\",\"target\":[\"https:\/\/luchonoticias.com\/editor\/rivera-fue-escenario-de-la-copa-nacional-de-ajedrez\/#respond\"]}]},{\"@type\":\"WebPage\",\"@id\":\"https:\/\/luchonoticias.com\/editor\/rivera-fue-escenario-de-la-copa-nacional-de-ajedrez\/\",\"url\":\"https:\/\/luchonoticias.com\/editor\/rivera-fue-escenario-de-la-copa-nacional-de-ajedrez\/\",\"name\":\"Rivera fue escenario de la Copa Nacional de Ajedrez -\",\"isPartOf\":{\"@id\":\"https:\/\/luchonoticias.com\/editor\/#website\"},\"datePublished\":\"2022-11-21T10:16:01+00:00\",\"dateModified\":\"2022-11-21T10:16:02+00:00\",\"breadcrumb\":{\"@id\":\"https:\/\/luchonoticias.com\/editor\/rivera-fue-escenario-de-la-copa-nacional-de-ajedrez\/#breadcrumb\"},\"inLanguage\":\"es\",\"potentialAction\":[{\"@type\":\"ReadAction\",\"target\":[\"https:\/\/luchonoticias.com\/editor\/rivera-fue-escenario-de-la-copa-nacional-de-ajedrez\/\"]}]},{\"@type\":\"BreadcrumbList\",\"@id\":\"https:\/\/luchonoticias.com\/editor\/rivera-fue-escenario-de-la-copa-nacional-de-ajedrez\/#breadcrumb\",\"itemListElement\":[{\"@type\":\"ListItem\",\"position\":1,\"name\":\"Portada\",\"item\":\"https:\/\/luchonoticias.com\/editor\/\"},{\"@type\":\"ListItem\",\"position\":2,\"name\":\"Rivera fue escenario de la Copa Nacional de Ajedrez\"}]},{\"@type\":\"WebSite\",\"@id\":\"https:\/\/luchonoticias.com\/editor\/#website\",\"url\":\"https:\/\/luchonoticias.com\/editor\/\",\"name\":\"\",\"description\":\"\",\"publisher\":{\"@id\":\"https:\/\/luchonoticias.com\/editor\/#\/schema\/person\/7a7fd911f58561fd056dbac7b55af9cd\"},\"potentialAction\":[{\"@type\":\"SearchAction\",\"target\":{\"@type\":\"EntryPoint\",\"urlTemplate\":\"https:\/\/luchonoticias.com\/editor\/?s={search_term_string}\"},\"query-input\":{\"@type\":\"PropertyValueSpecification\",\"valueRequired\":true,\"valueName\":\"search_term_string\"}}],\"inLanguage\":\"es\"},{\"@type\":[\"Person\",\"Organization\"],\"@id\":\"https:\/\/luchonoticias.com\/editor\/#\/schema\/person\/7a7fd911f58561fd056dbac7b55af9cd\",\"name\":\"admin\",\"image\":{\"@type\":\"ImageObject\",\"inLanguage\":\"es\",\"@id\":\"https:\/\/luchonoticias.com\/editor\/#\/schema\/person\/image\/\",\"url\":\"https:\/\/luchonoticias.com\/editor\/wp-content\/uploads\/2024\/02\/cropped-cropped-logolu.webp\",\"contentUrl\":\"https:\/\/luchonoticias.com\/editor\/wp-content\/uploads\/2024\/02\/cropped-cropped-logolu.webp\",\"width\":382,\"height\":170,\"caption\":\"admin\"},\"logo\":{\"@id\":\"https:\/\/luchonoticias.com\/editor\/#\/schema\/person\/image\/\"},\"sameAs\":[\"https:\/\/www.facebook.com\/luchonoticiasneiva\"],\"url\":\"https:\/\/luchonoticias.com\/editor\/author\/admin\/\"}]}<\/script>\n<!-- \/ Yoast SEO plugin. -->","yoast_head_json":{"title":"Rivera fue escenario de la Copa Nacional de Ajedrez -","robots":{"index":"index","follow":"follow","max-snippet":"max-snippet:-1","max-image-preview":"max-image-preview:large","max-video-preview":"max-video-preview:-1"},"canonical":"https:\/\/luchonoticias.com\/editor\/rivera-fue-escenario-de-la-copa-nacional-de-ajedrez\/","og_locale":"es_ES","og_type":"article","og_title":"Rivera fue escenario de la Copa Nacional de Ajedrez -","og_url":"https:\/\/luchonoticias.com\/editor\/rivera-fue-escenario-de-la-copa-nacional-de-ajedrez\/","article_publisher":"https:\/\/www.facebook.com\/luchonoticiasneiva","article_author":"https:\/\/www.facebook.com\/luchonoticiasneiva","article_published_time":"2022-11-21T10:16:01+00:00","article_modified_time":"2022-11-21T10:16:02+00:00","author":"admin","twitter_card":"summary_large_image","twitter_misc":{"Escrito por":"admin","Tiempo de lectura":"1 minuto"},"schema":{"@context":"https:\/\/schema.org","@graph":[{"@type":"Article","@id":"https:\/\/luchonoticias.com\/editor\/rivera-fue-escenario-de-la-copa-nacional-de-ajedrez\/#article","isPartOf":{"@id":"https:\/\/luchonoticias.com\/editor\/rivera-fue-escenario-de-la-copa-nacional-de-ajedrez\/"},"author":{"name":"admin","@id":"https:\/\/luchonoticias.com\/editor\/#\/schema\/person\/7a7fd911f58561fd056dbac7b55af9cd"},"headline":"Rivera fue escenario de la Copa Nacional de Ajedrez","datePublished":"2022-11-21T10:16:01+00:00","dateModified":"2022-11-21T10:16:02+00:00","mainEntityOfPage":{"@id":"https:\/\/luchonoticias.com\/editor\/rivera-fue-escenario-de-la-copa-nacional-de-ajedrez\/"},"wordCount":207,"commentCount":0,"publisher":{"@id":"https:\/\/luchonoticias.com\/editor\/#\/schema\/person\/7a7fd911f58561fd056dbac7b55af9cd"},"articleSection":["Deportes"],"inLanguage":"es","potentialAction":[{"@type":"CommentAction","name":"Comment","target":["https:\/\/luchonoticias.com\/editor\/rivera-fue-escenario-de-la-copa-nacional-de-ajedrez\/#respond"]}]},{"@type":"WebPage","@id":"https:\/\/luchonoticias.com\/editor\/rivera-fue-escenario-de-la-copa-nacional-de-ajedrez\/","url":"https:\/\/luchonoticias.com\/editor\/rivera-fue-escenario-de-la-copa-nacional-de-ajedrez\/","name":"Rivera fue escenario de la Copa Nacional de Ajedrez -","isPartOf":{"@id":"https:\/\/luchonoticias.com\/editor\/#website"},"datePublished":"2022-11-21T10:16:01+00:00","dateModified":"2022-11-21T10:16:02+00:00","breadcrumb":{"@id":"https:\/\/luchonoticias.com\/editor\/rivera-fue-escenario-de-la-copa-nacional-de-ajedrez\/#breadcrumb"},"inLanguage":"es","potentialAction":[{"@type":"ReadAction","target":["https:\/\/luchonoticias.com\/editor\/rivera-fue-escenario-de-la-copa-nacional-de-ajedrez\/"]}]},{"@type":"BreadcrumbList","@id":"https:\/\/luchonoticias.com\/editor\/rivera-fue-escenario-de-la-copa-nacional-de-ajedrez\/#breadcrumb","itemListElement":[{"@type":"ListItem","position":1,"name":"Portada","item":"https:\/\/luchonoticias.com\/editor\/"},{"@type":"ListItem","position":2,"name":"Rivera fue escenario de la Copa Nacional de Ajedrez"}]},{"@type":"WebSite","@id":"https:\/\/luchonoticias.com\/editor\/#website","url":"https:\/\/luchonoticias.com\/editor\/","name":"","description":"","publisher":{"@id":"https:\/\/luchonoticias.com\/editor\/#\/schema\/person\/7a7fd911f58561fd056dbac7b55af9cd"},"potentialAction":[{"@type":"SearchAction","target":{"@type":"EntryPoint","urlTemplate":"https:\/\/luchonoticias.com\/editor\/?s={search_term_string}"},"query-input":{"@type":"PropertyValueSpecification","valueRequired":true,"valueName":"search_term_string"}}],"inLanguage":"es"},{"@type":["Person","Organization"],"@id":"https:\/\/luchonoticias.com\/editor\/#\/schema\/person\/7a7fd911f58561fd056dbac7b55af9cd","name":"admin","image":{"@type":"ImageObject","inLanguage":"es","@id":"https:\/\/luchonoticias.com\/editor\/#\/schema\/person\/image\/","url":"https:\/\/luchonoticias.com\/editor\/wp-content\/uploads\/2024\/02\/cropped-cropped-logolu.webp","contentUrl":"https:\/\/luchonoticias.com\/editor\/wp-content\/uploads\/2024\/02\/cropped-cropped-logolu.webp","width":382,"height":170,"caption":"admin"},"logo":{"@id":"https:\/\/luchonoticias.com\/editor\/#\/schema\/person\/image\/"},"sameAs":["https:\/\/www.facebook.com\/luchonoticiasneiva"],"url":"https:\/\/luchonoticias.com\/editor\/author\/admin\/"}]}},"_links":{"self":[{"href":"https:\/\/luchonoticias.com\/editor\/wp-json\/wp\/v2\/posts\/39992","targetHints":{"allow":["GET"]}}],"collection":[{"href":"https:\/\/luchonoticias.com\/editor\/wp-json\/wp\/v2\/posts"}],"about":[{"href":"https:\/\/luchonoticias.com\/editor\/wp-json\/wp\/v2\/types\/post"}],"author":[{"embeddable":true,"href":"https:\/\/luchonoticias.com\/editor\/wp-json\/wp\/v2\/users\/1"}],"replies":[{"embeddable":true,"href":"https:\/\/luchonoticias.com\/editor\/wp-json\/wp\/v2\/comments?post=39992"}],"version-history":[{"count":0,"href":"https:\/\/luchonoticias.com\/editor\/wp-json\/wp\/v2\/posts\/39992\/revisions"}],"wp:attachment":[{"href":"https:\/\/luchonoticias.com\/editor\/wp-json\/wp\/v2\/media?parent=39992"}],"wp:term":[{"taxonomy":"category","embeddable":true,"href":"https:\/\/luchonoticias.com\/editor\/wp-json\/wp\/v2\/categories?post=39992"},{"taxonomy":"post_tag","embeddable":true,"href":"https:\/\/luchonoticias.com\/editor\/wp-json\/wp\/v2\/tags?post=39992"}],"curies":[{"name":"wp","href":"https:\/\/api.w.org\/{rel}","templated":true}]}}