{"id":39995,"date":"2022-11-21T06:27:05","date_gmt":"2022-11-21T11:27:05","guid":{"rendered":"https:\/\/luchonoticias.com\/?p=39995"},"modified":"2022-11-21T06:27:06","modified_gmt":"2022-11-21T11:27:06","slug":"setp-continua-compensacion-ambiental-en-la-carrera-segunda-de-neiva","status":"publish","type":"post","link":"https:\/\/luchonoticias.com\/editor\/setp-continua-compensacion-ambiental-en-la-carrera-segunda-de-neiva\/","title":{"rendered":"SETP contin\u00faa compensaci\u00f3n ambiental en la carrera segunda de Neiva"},"content":{"rendered":"\n<p>Una jornada de siembra, limpieza y ornamentaci\u00f3n, le cambi\u00f3 la cara a la carrera Segunda de Neiva. Esta actividad fue liderada por el Sistema Estrat\u00e9gico de Transporte P\u00fablico, SETP, como parte de la compensaci\u00f3n ambiental por el impacto causado para el desarrollo del proyecto de construcci\u00f3n y rehabilitaci\u00f3n de andenes, y ciclorruta en esta importante arteria vial.<\/p>\n\n\n\n<p>\u201cHoy se inici\u00f3 con la siembra de 125 individuos arb\u00f3reos en este sector, recordemos que aqu\u00ed por las obras y la implementaci\u00f3n del perfil vial surgi\u00f3 la necesidad de talar 44 \u00e1rboles. Entonces realizamos la segunda parte de la compensaci\u00f3n ambiental, iniciada hace unos meses en la ladera del r\u00edo Las Ceibas. Hemos sembrado cerca de 20 \u00e1rboles por cada \u00e1rbol talado\u201d, afirm\u00f3 el gerente del SETP, Faiber Sandoval Cumbe.<\/p>\n\n\n\n<figure class=\"wp-block-gallery has-nested-images columns-default is-cropped wp-block-gallery-1 is-layout-flex wp-block-gallery-is-layout-flex\">\n<figure class=\"wp-block-image size-large\"><img decoding=\"async\" data-id=\"39999\" src=\"https:\/\/luchonoticias.com\/wp-content\/uploads\/2022\/11\/WhatsApp-Image-2022-11-20-at-6.17.37-PM-2-766x1024.jpeg\" alt=\"\" class=\"wp-image-39999\"\/><\/figure>\n\n\n\n<figure class=\"wp-block-image size-large\"><img decoding=\"async\" data-id=\"39998\" src=\"https:\/\/luchonoticias.com\/wp-content\/uploads\/2022\/11\/WhatsApp-Image-2022-11-20-at-6.17.36-PM-1-682x1024.jpeg\" alt=\"\" class=\"wp-image-39998\"\/><\/figure>\n\n\n\n<figure class=\"wp-block-image size-large\"><img decoding=\"async\" data-id=\"39997\" src=\"https:\/\/luchonoticias.com\/wp-content\/uploads\/2022\/11\/WhatsApp-Image-2022-11-20-at-6.17.34-PM-682x1024.jpeg\" alt=\"\" class=\"wp-image-39997\"\/><\/figure>\n<\/figure>\n\n\n\n<p>En esta primera jornada se realizar\u00e1 la siembra de 77 individuos sobre la carrera Segunda entre Avenida La Toma y la Calle 10, \u00e1rea de influencia directa del proyecto. En los pr\u00f3ximos d\u00edas se sembrar\u00e1n los 48 faltantes.<\/p>\n\n\n\n<p>Por su parte el alcalde de Neiva, Gorky Mu\u00f1oz Calder\u00f3n, indic\u00f3 que con esta siembra, no solo se reverdece el corredor vial, sino que se combaten los efectos del cambio clim\u00e1tico en el municipio y fortalece la calidad del medioambiente.<\/p>\n\n\n\n<p><strong>Medida compensatoria<\/strong><\/p>\n\n\n\n<p>Es importante se\u00f1alar que el permiso de aprovechamiento forestal, otorgado por la Corporaci\u00f3n Aut\u00f3noma Regional del Alto Magdalena, CAM, fue para 70 individuos forestales, de los cuales solo se talaron 44, con el objetivo de reducir el impacto de la obra en el entorno.<\/p>\n\n\n\n<p>As\u00ed la medida compensatoria establecida alcanza el n\u00famero de 920 \u00e1rboles, los cuales se sembraron as\u00ed: 335 especies de bosque seco tropical en la ronda de protecci\u00f3n del r\u00edo Las Ceibas, 125 que se plantar\u00e1n entre la carrera Segunda entre Avenida La Toma y la calle 5, y 460 entregados a la CAM.<\/p>\n\n\n\n<figure class=\"wp-block-gallery has-nested-images columns-default is-cropped wp-block-gallery-2 is-layout-flex wp-block-gallery-is-layout-flex\">\n<figure class=\"wp-block-image size-large\"><img decoding=\"async\" data-id=\"40001\" src=\"https:\/\/luchonoticias.com\/wp-content\/uploads\/2022\/11\/WhatsApp-Image-2022-11-20-at-6.17.37-PM-1024x768.jpeg\" alt=\"\" class=\"wp-image-40001\"\/><\/figure>\n\n\n\n<figure class=\"wp-block-image size-large\"><img decoding=\"async\" data-id=\"40000\" src=\"https:\/\/luchonoticias.com\/wp-content\/uploads\/2022\/11\/WhatsApp-Image-2022-11-20-at-6.17.36-PM-1024x683.jpeg\" alt=\"\" class=\"wp-image-40000\"\/><\/figure>\n<\/figure>\n\n\n\n<p>Como aliados en esta actividad participaron Ciudad Limpia, Las Ceibas &#8211; Empresas P\u00fablicas y los funcionarios del SETP, que dedicaron de su tiempo y compromiso con el proyecto para mejorar el trayecto vial.<\/p>\n","protected":false},"excerpt":{"rendered":"<p>Una jornada de siembra, limpieza y ornamentaci\u00f3n, le cambi\u00f3 la cara a la carrera Segunda de Neiva. Esta actividad fue liderada por el Sistema Estrat\u00e9gico de Transporte P\u00fablico, SETP, como parte de la compensaci\u00f3n ambiental por el impacto causado para el desarrollo del proyecto de construcci\u00f3n y rehabilitaci\u00f3n de andenes, y ciclorruta en esta importante [&hellip;]<\/p>\n","protected":false},"author":1,"featured_media":0,"comment_status":"open","ping_status":"open","sticky":false,"template":"","format":"standard","meta":{"footnotes":""},"categories":[3961,36],"tags":[],"class_list":["post-39995","post","type-post","status-publish","format-standard","hentry","category-comunidad","category-destacado"],"yoast_head":"<!-- This site is optimized with the Yoast SEO plugin v26.6 - https:\/\/yoast.com\/wordpress\/plugins\/seo\/ -->\n<title>SETP contin\u00faa compensaci\u00f3n ambiental en la carrera segunda de Neiva -<\/title>\n<meta name=\"robots\" content=\"index, follow, max-snippet:-1, max-image-preview:large, max-video-preview:-1\" \/>\n<link rel=\"canonical\" href=\"https:\/\/luchonoticias.com\/editor\/setp-continua-compensacion-ambiental-en-la-carrera-segunda-de-neiva\/\" \/>\n<meta property=\"og:locale\" content=\"es_ES\" \/>\n<meta property=\"og:type\" content=\"article\" \/>\n<meta property=\"og:title\" content=\"SETP contin\u00faa compensaci\u00f3n ambiental en la carrera segunda de Neiva -\" \/>\n<meta property=\"og:url\" content=\"https:\/\/luchonoticias.com\/editor\/setp-continua-compensacion-ambiental-en-la-carrera-segunda-de-neiva\/\" \/>\n<meta property=\"article:publisher\" content=\"https:\/\/www.facebook.com\/luchonoticiasneiva\" \/>\n<meta property=\"article:author\" content=\"https:\/\/www.facebook.com\/luchonoticiasneiva\" \/>\n<meta property=\"article:published_time\" content=\"2022-11-21T11:27:05+00:00\" \/>\n<meta property=\"article:modified_time\" content=\"2022-11-21T11:27:06+00:00\" \/>\n<meta property=\"og:image\" content=\"https:\/\/luchonoticias.com\/wp-content\/uploads\/2022\/11\/WhatsApp-Image-2022-11-20-at-6.17.37-PM-2-766x1024.jpeg\" \/>\n<meta name=\"author\" content=\"admin\" \/>\n<meta name=\"twitter:card\" content=\"summary_large_image\" \/>\n<meta name=\"twitter:label1\" content=\"Escrito por\" \/>\n\t<meta name=\"twitter:data1\" content=\"admin\" \/>\n\t<meta name=\"twitter:label2\" content=\"Tiempo de lectura\" \/>\n\t<meta name=\"twitter:data2\" content=\"2 minutos\" \/>\n<script type=\"application\/ld+json\" class=\"yoast-schema-graph\">{\"@context\":\"https:\/\/schema.org\",\"@graph\":[{\"@type\":\"Article\",\"@id\":\"https:\/\/luchonoticias.com\/editor\/setp-continua-compensacion-ambiental-en-la-carrera-segunda-de-neiva\/#article\",\"isPartOf\":{\"@id\":\"https:\/\/luchonoticias.com\/editor\/setp-continua-compensacion-ambiental-en-la-carrera-segunda-de-neiva\/\"},\"author\":{\"name\":\"admin\",\"@id\":\"https:\/\/luchonoticias.com\/editor\/#\/schema\/person\/7a7fd911f58561fd056dbac7b55af9cd\"},\"headline\":\"SETP contin\u00faa compensaci\u00f3n ambiental en la carrera segunda de Neiva\",\"datePublished\":\"2022-11-21T11:27:05+00:00\",\"dateModified\":\"2022-11-21T11:27:06+00:00\",\"mainEntityOfPage\":{\"@id\":\"https:\/\/luchonoticias.com\/editor\/setp-continua-compensacion-ambiental-en-la-carrera-segunda-de-neiva\/\"},\"wordCount\":360,\"commentCount\":0,\"publisher\":{\"@id\":\"https:\/\/luchonoticias.com\/editor\/#\/schema\/person\/7a7fd911f58561fd056dbac7b55af9cd\"},\"image\":{\"@id\":\"https:\/\/luchonoticias.com\/editor\/setp-continua-compensacion-ambiental-en-la-carrera-segunda-de-neiva\/#primaryimage\"},\"thumbnailUrl\":\"https:\/\/luchonoticias.com\/wp-content\/uploads\/2022\/11\/WhatsApp-Image-2022-11-20-at-6.17.37-PM-2-766x1024.jpeg\",\"articleSection\":[\"Comunidad\",\"Destacado\"],\"inLanguage\":\"es\",\"potentialAction\":[{\"@type\":\"CommentAction\",\"name\":\"Comment\",\"target\":[\"https:\/\/luchonoticias.com\/editor\/setp-continua-compensacion-ambiental-en-la-carrera-segunda-de-neiva\/#respond\"]}]},{\"@type\":\"WebPage\",\"@id\":\"https:\/\/luchonoticias.com\/editor\/setp-continua-compensacion-ambiental-en-la-carrera-segunda-de-neiva\/\",\"url\":\"https:\/\/luchonoticias.com\/editor\/setp-continua-compensacion-ambiental-en-la-carrera-segunda-de-neiva\/\",\"name\":\"SETP contin\u00faa compensaci\u00f3n ambiental en la carrera segunda de Neiva -\",\"isPartOf\":{\"@id\":\"https:\/\/luchonoticias.com\/editor\/#website\"},\"primaryImageOfPage\":{\"@id\":\"https:\/\/luchonoticias.com\/editor\/setp-continua-compensacion-ambiental-en-la-carrera-segunda-de-neiva\/#primaryimage\"},\"image\":{\"@id\":\"https:\/\/luchonoticias.com\/editor\/setp-continua-compensacion-ambiental-en-la-carrera-segunda-de-neiva\/#primaryimage\"},\"thumbnailUrl\":\"https:\/\/luchonoticias.com\/wp-content\/uploads\/2022\/11\/WhatsApp-Image-2022-11-20-at-6.17.37-PM-2-766x1024.jpeg\",\"datePublished\":\"2022-11-21T11:27:05+00:00\",\"dateModified\":\"2022-11-21T11:27:06+00:00\",\"breadcrumb\":{\"@id\":\"https:\/\/luchonoticias.com\/editor\/setp-continua-compensacion-ambiental-en-la-carrera-segunda-de-neiva\/#breadcrumb\"},\"inLanguage\":\"es\",\"potentialAction\":[{\"@type\":\"ReadAction\",\"target\":[\"https:\/\/luchonoticias.com\/editor\/setp-continua-compensacion-ambiental-en-la-carrera-segunda-de-neiva\/\"]}]},{\"@type\":\"ImageObject\",\"inLanguage\":\"es\",\"@id\":\"https:\/\/luchonoticias.com\/editor\/setp-continua-compensacion-ambiental-en-la-carrera-segunda-de-neiva\/#primaryimage\",\"url\":\"https:\/\/luchonoticias.com\/wp-content\/uploads\/2022\/11\/WhatsApp-Image-2022-11-20-at-6.17.37-PM-2-766x1024.jpeg\",\"contentUrl\":\"https:\/\/luchonoticias.com\/wp-content\/uploads\/2022\/11\/WhatsApp-Image-2022-11-20-at-6.17.37-PM-2-766x1024.jpeg\"},{\"@type\":\"BreadcrumbList\",\"@id\":\"https:\/\/luchonoticias.com\/editor\/setp-continua-compensacion-ambiental-en-la-carrera-segunda-de-neiva\/#breadcrumb\",\"itemListElement\":[{\"@type\":\"ListItem\",\"position\":1,\"name\":\"Portada\",\"item\":\"https:\/\/luchonoticias.com\/editor\/\"},{\"@type\":\"ListItem\",\"position\":2,\"name\":\"SETP contin\u00faa compensaci\u00f3n ambiental en la carrera segunda de Neiva\"}]},{\"@type\":\"WebSite\",\"@id\":\"https:\/\/luchonoticias.com\/editor\/#website\",\"url\":\"https:\/\/luchonoticias.com\/editor\/\",\"name\":\"\",\"description\":\"\",\"publisher\":{\"@id\":\"https:\/\/luchonoticias.com\/editor\/#\/schema\/person\/7a7fd911f58561fd056dbac7b55af9cd\"},\"potentialAction\":[{\"@type\":\"SearchAction\",\"target\":{\"@type\":\"EntryPoint\",\"urlTemplate\":\"https:\/\/luchonoticias.com\/editor\/?s={search_term_string}\"},\"query-input\":{\"@type\":\"PropertyValueSpecification\",\"valueRequired\":true,\"valueName\":\"search_term_string\"}}],\"inLanguage\":\"es\"},{\"@type\":[\"Person\",\"Organization\"],\"@id\":\"https:\/\/luchonoticias.com\/editor\/#\/schema\/person\/7a7fd911f58561fd056dbac7b55af9cd\",\"name\":\"admin\",\"image\":{\"@type\":\"ImageObject\",\"inLanguage\":\"es\",\"@id\":\"https:\/\/luchonoticias.com\/editor\/#\/schema\/person\/image\/\",\"url\":\"https:\/\/luchonoticias.com\/editor\/wp-content\/uploads\/2024\/02\/cropped-cropped-logolu.webp\",\"contentUrl\":\"https:\/\/luchonoticias.com\/editor\/wp-content\/uploads\/2024\/02\/cropped-cropped-logolu.webp\",\"width\":382,\"height\":170,\"caption\":\"admin\"},\"logo\":{\"@id\":\"https:\/\/luchonoticias.com\/editor\/#\/schema\/person\/image\/\"},\"sameAs\":[\"https:\/\/www.facebook.com\/luchonoticiasneiva\"],\"url\":\"https:\/\/luchonoticias.com\/editor\/author\/admin\/\"}]}<\/script>\n<!-- \/ Yoast SEO plugin. -->","yoast_head_json":{"title":"SETP contin\u00faa compensaci\u00f3n ambiental en la carrera segunda de Neiva -","robots":{"index":"index","follow":"follow","max-snippet":"max-snippet:-1","max-image-preview":"max-image-preview:large","max-video-preview":"max-video-preview:-1"},"canonical":"https:\/\/luchonoticias.com\/editor\/setp-continua-compensacion-ambiental-en-la-carrera-segunda-de-neiva\/","og_locale":"es_ES","og_type":"article","og_title":"SETP contin\u00faa compensaci\u00f3n ambiental en la carrera segunda de Neiva -","og_url":"https:\/\/luchonoticias.com\/editor\/setp-continua-compensacion-ambiental-en-la-carrera-segunda-de-neiva\/","article_publisher":"https:\/\/www.facebook.com\/luchonoticiasneiva","article_author":"https:\/\/www.facebook.com\/luchonoticiasneiva","article_published_time":"2022-11-21T11:27:05+00:00","article_modified_time":"2022-11-21T11:27:06+00:00","og_image":[{"url":"https:\/\/luchonoticias.com\/wp-content\/uploads\/2022\/11\/WhatsApp-Image-2022-11-20-at-6.17.37-PM-2-766x1024.jpeg","type":"","width":"","height":""}],"author":"admin","twitter_card":"summary_large_image","twitter_misc":{"Escrito por":"admin","Tiempo de lectura":"2 minutos"},"schema":{"@context":"https:\/\/schema.org","@graph":[{"@type":"Article","@id":"https:\/\/luchonoticias.com\/editor\/setp-continua-compensacion-ambiental-en-la-carrera-segunda-de-neiva\/#article","isPartOf":{"@id":"https:\/\/luchonoticias.com\/editor\/setp-continua-compensacion-ambiental-en-la-carrera-segunda-de-neiva\/"},"author":{"name":"admin","@id":"https:\/\/luchonoticias.com\/editor\/#\/schema\/person\/7a7fd911f58561fd056dbac7b55af9cd"},"headline":"SETP contin\u00faa compensaci\u00f3n ambiental en la carrera segunda de Neiva","datePublished":"2022-11-21T11:27:05+00:00","dateModified":"2022-11-21T11:27:06+00:00","mainEntityOfPage":{"@id":"https:\/\/luchonoticias.com\/editor\/setp-continua-compensacion-ambiental-en-la-carrera-segunda-de-neiva\/"},"wordCount":360,"commentCount":0,"publisher":{"@id":"https:\/\/luchonoticias.com\/editor\/#\/schema\/person\/7a7fd911f58561fd056dbac7b55af9cd"},"image":{"@id":"https:\/\/luchonoticias.com\/editor\/setp-continua-compensacion-ambiental-en-la-carrera-segunda-de-neiva\/#primaryimage"},"thumbnailUrl":"https:\/\/luchonoticias.com\/wp-content\/uploads\/2022\/11\/WhatsApp-Image-2022-11-20-at-6.17.37-PM-2-766x1024.jpeg","articleSection":["Comunidad","Destacado"],"inLanguage":"es","potentialAction":[{"@type":"CommentAction","name":"Comment","target":["https:\/\/luchonoticias.com\/editor\/setp-continua-compensacion-ambiental-en-la-carrera-segunda-de-neiva\/#respond"]}]},{"@type":"WebPage","@id":"https:\/\/luchonoticias.com\/editor\/setp-continua-compensacion-ambiental-en-la-carrera-segunda-de-neiva\/","url":"https:\/\/luchonoticias.com\/editor\/setp-continua-compensacion-ambiental-en-la-carrera-segunda-de-neiva\/","name":"SETP contin\u00faa compensaci\u00f3n ambiental en la carrera segunda de Neiva -","isPartOf":{"@id":"https:\/\/luchonoticias.com\/editor\/#website"},"primaryImageOfPage":{"@id":"https:\/\/luchonoticias.com\/editor\/setp-continua-compensacion-ambiental-en-la-carrera-segunda-de-neiva\/#primaryimage"},"image":{"@id":"https:\/\/luchonoticias.com\/editor\/setp-continua-compensacion-ambiental-en-la-carrera-segunda-de-neiva\/#primaryimage"},"thumbnailUrl":"https:\/\/luchonoticias.com\/wp-content\/uploads\/2022\/11\/WhatsApp-Image-2022-11-20-at-6.17.37-PM-2-766x1024.jpeg","datePublished":"2022-11-21T11:27:05+00:00","dateModified":"2022-11-21T11:27:06+00:00","breadcrumb":{"@id":"https:\/\/luchonoticias.com\/editor\/setp-continua-compensacion-ambiental-en-la-carrera-segunda-de-neiva\/#breadcrumb"},"inLanguage":"es","potentialAction":[{"@type":"ReadAction","target":["https:\/\/luchonoticias.com\/editor\/setp-continua-compensacion-ambiental-en-la-carrera-segunda-de-neiva\/"]}]},{"@type":"ImageObject","inLanguage":"es","@id":"https:\/\/luchonoticias.com\/editor\/setp-continua-compensacion-ambiental-en-la-carrera-segunda-de-neiva\/#primaryimage","url":"https:\/\/luchonoticias.com\/wp-content\/uploads\/2022\/11\/WhatsApp-Image-2022-11-20-at-6.17.37-PM-2-766x1024.jpeg","contentUrl":"https:\/\/luchonoticias.com\/wp-content\/uploads\/2022\/11\/WhatsApp-Image-2022-11-20-at-6.17.37-PM-2-766x1024.jpeg"},{"@type":"BreadcrumbList","@id":"https:\/\/luchonoticias.com\/editor\/setp-continua-compensacion-ambiental-en-la-carrera-segunda-de-neiva\/#breadcrumb","itemListElement":[{"@type":"ListItem","position":1,"name":"Portada","item":"https:\/\/luchonoticias.com\/editor\/"},{"@type":"ListItem","position":2,"name":"SETP contin\u00faa compensaci\u00f3n ambiental en la carrera segunda de Neiva"}]},{"@type":"WebSite","@id":"https:\/\/luchonoticias.com\/editor\/#website","url":"https:\/\/luchonoticias.com\/editor\/","name":"","description":"","publisher":{"@id":"https:\/\/luchonoticias.com\/editor\/#\/schema\/person\/7a7fd911f58561fd056dbac7b55af9cd"},"potentialAction":[{"@type":"SearchAction","target":{"@type":"EntryPoint","urlTemplate":"https:\/\/luchonoticias.com\/editor\/?s={search_term_string}"},"query-input":{"@type":"PropertyValueSpecification","valueRequired":true,"valueName":"search_term_string"}}],"inLanguage":"es"},{"@type":["Person","Organization"],"@id":"https:\/\/luchonoticias.com\/editor\/#\/schema\/person\/7a7fd911f58561fd056dbac7b55af9cd","name":"admin","image":{"@type":"ImageObject","inLanguage":"es","@id":"https:\/\/luchonoticias.com\/editor\/#\/schema\/person\/image\/","url":"https:\/\/luchonoticias.com\/editor\/wp-content\/uploads\/2024\/02\/cropped-cropped-logolu.webp","contentUrl":"https:\/\/luchonoticias.com\/editor\/wp-content\/uploads\/2024\/02\/cropped-cropped-logolu.webp","width":382,"height":170,"caption":"admin"},"logo":{"@id":"https:\/\/luchonoticias.com\/editor\/#\/schema\/person\/image\/"},"sameAs":["https:\/\/www.facebook.com\/luchonoticiasneiva"],"url":"https:\/\/luchonoticias.com\/editor\/author\/admin\/"}]}},"_links":{"self":[{"href":"https:\/\/luchonoticias.com\/editor\/wp-json\/wp\/v2\/posts\/39995","targetHints":{"allow":["GET"]}}],"collection":[{"href":"https:\/\/luchonoticias.com\/editor\/wp-json\/wp\/v2\/posts"}],"about":[{"href":"https:\/\/luchonoticias.com\/editor\/wp-json\/wp\/v2\/types\/post"}],"author":[{"embeddable":true,"href":"https:\/\/luchonoticias.com\/editor\/wp-json\/wp\/v2\/users\/1"}],"replies":[{"embeddable":true,"href":"https:\/\/luchonoticias.com\/editor\/wp-json\/wp\/v2\/comments?post=39995"}],"version-history":[{"count":0,"href":"https:\/\/luchonoticias.com\/editor\/wp-json\/wp\/v2\/posts\/39995\/revisions"}],"wp:attachment":[{"href":"https:\/\/luchonoticias.com\/editor\/wp-json\/wp\/v2\/media?parent=39995"}],"wp:term":[{"taxonomy":"category","embeddable":true,"href":"https:\/\/luchonoticias.com\/editor\/wp-json\/wp\/v2\/categories?post=39995"},{"taxonomy":"post_tag","embeddable":true,"href":"https:\/\/luchonoticias.com\/editor\/wp-json\/wp\/v2\/tags?post=39995"}],"curies":[{"name":"wp","href":"https:\/\/api.w.org\/{rel}","templated":true}]}}