{"id":40003,"date":"2022-11-21T06:35:24","date_gmt":"2022-11-21T11:35:24","guid":{"rendered":"https:\/\/luchonoticias.com\/?p=40003"},"modified":"2022-11-21T06:35:25","modified_gmt":"2022-11-21T11:35:25","slug":"12-personas-capturadas-logro-la-policia-el-ultimo-fin-de-semana-en-el-huila","status":"publish","type":"post","link":"https:\/\/luchonoticias.com\/editor\/12-personas-capturadas-logro-la-policia-el-ultimo-fin-de-semana-en-el-huila\/","title":{"rendered":"12 personas capturadas, logr\u00f3 la Polic\u00eda el ultimo fin de semana en el Huila"},"content":{"rendered":"\n<p>En un informe oficial, las autoridades huilenses dieron a conocer que gracias a los planes desplegados durante el fin de semana en el Departamento, la Polic\u00eda Huila logr\u00f3 la captura de 12 personas, comprometidos en distintos delitos, la incautaci\u00f3n de 3 armas de fuego, 6 traum\u00e1ticas y 51 corto punzantes. Igualmente, la recuperaci\u00f3n de 4 celulares y 5 motocicletas que figuraban hurtadas.<\/p>\n\n\n\n<figure class=\"wp-block-image size-large is-style-rounded\"><img decoding=\"async\" src=\"https:\/\/luchonoticias.com\/wp-content\/uploads\/2022\/11\/WhatsApp-Image-2022-11-14-at-7.26.40-PM-1-1024x576.jpeg\" alt=\"\" class=\"wp-image-40006\"\/><\/figure>\n\n\n\n<p><strong>Movilidad<\/strong><\/p>\n\n\n\n<p>En temas de movilidad las fuentes oficiales indicaron que, m\u00e1s de 57 mil veh\u00edculos se movilizaron por las v\u00edas del Departamento. De igual forma en la jurisdicci\u00f3n de Polic\u00eda Huila, en las distintas \u00e1reas de control para prevenir la siniestralidad vial, se impusieron un total de 18 \u00f3rdenes de comparendo, de estos.<\/p>\n\n\n\n<p>\u201cHacemos un llamado a los ciudadanos a hacer parte de la red de participaci\u00f3n c\u00edvica de los municipios, igualmente a que informen y denuncien a las personas que infringen las leyes y crean zozobra en la comunidad\u201d, concluyeron las autoridades en el comunicado oficial.<\/p>\n","protected":false},"excerpt":{"rendered":"<p>En un informe oficial, las autoridades huilenses dieron a conocer que gracias a los planes desplegados durante el fin de semana en el Departamento, la Polic\u00eda Huila logr\u00f3 la captura de 12 personas, comprometidos en distintos delitos, la incautaci\u00f3n de 3 armas de fuego, 6 traum\u00e1ticas y 51 corto punzantes. Igualmente, la recuperaci\u00f3n de 4 [&hellip;]<\/p>\n","protected":false},"author":1,"featured_media":0,"comment_status":"open","ping_status":"open","sticky":false,"template":"","format":"standard","meta":{"footnotes":""},"categories":[36,29],"tags":[],"class_list":["post-40003","post","type-post","status-publish","format-standard","hentry","category-destacado","category-judicial"],"yoast_head":"<!-- This site is optimized with the Yoast SEO plugin v26.6 - https:\/\/yoast.com\/wordpress\/plugins\/seo\/ -->\n<title>12 personas capturadas, logr\u00f3 la Polic\u00eda el ultimo fin de semana en el Huila -<\/title>\n<meta name=\"robots\" content=\"index, follow, max-snippet:-1, max-image-preview:large, max-video-preview:-1\" \/>\n<link rel=\"canonical\" href=\"https:\/\/luchonoticias.com\/editor\/12-personas-capturadas-logro-la-policia-el-ultimo-fin-de-semana-en-el-huila\/\" \/>\n<meta property=\"og:locale\" content=\"es_ES\" \/>\n<meta property=\"og:type\" content=\"article\" \/>\n<meta property=\"og:title\" content=\"12 personas capturadas, logr\u00f3 la Polic\u00eda el ultimo fin de semana en el Huila -\" \/>\n<meta property=\"og:url\" content=\"https:\/\/luchonoticias.com\/editor\/12-personas-capturadas-logro-la-policia-el-ultimo-fin-de-semana-en-el-huila\/\" \/>\n<meta property=\"article:publisher\" content=\"https:\/\/www.facebook.com\/luchonoticiasneiva\" \/>\n<meta property=\"article:author\" content=\"https:\/\/www.facebook.com\/luchonoticiasneiva\" \/>\n<meta property=\"article:published_time\" content=\"2022-11-21T11:35:24+00:00\" \/>\n<meta property=\"article:modified_time\" content=\"2022-11-21T11:35:25+00:00\" \/>\n<meta property=\"og:image\" content=\"https:\/\/luchonoticias.com\/wp-content\/uploads\/2022\/11\/WhatsApp-Image-2022-11-14-at-7.26.40-PM-1-1024x576.jpeg\" \/>\n<meta name=\"author\" content=\"admin\" \/>\n<meta name=\"twitter:card\" content=\"summary_large_image\" \/>\n<meta name=\"twitter:label1\" content=\"Escrito por\" \/>\n\t<meta name=\"twitter:data1\" content=\"admin\" \/>\n\t<meta name=\"twitter:label2\" content=\"Tiempo de lectura\" \/>\n\t<meta name=\"twitter:data2\" content=\"1 minuto\" \/>\n<script type=\"application\/ld+json\" class=\"yoast-schema-graph\">{\"@context\":\"https:\/\/schema.org\",\"@graph\":[{\"@type\":\"Article\",\"@id\":\"https:\/\/luchonoticias.com\/editor\/12-personas-capturadas-logro-la-policia-el-ultimo-fin-de-semana-en-el-huila\/#article\",\"isPartOf\":{\"@id\":\"https:\/\/luchonoticias.com\/editor\/12-personas-capturadas-logro-la-policia-el-ultimo-fin-de-semana-en-el-huila\/\"},\"author\":{\"name\":\"admin\",\"@id\":\"https:\/\/luchonoticias.com\/editor\/#\/schema\/person\/7a7fd911f58561fd056dbac7b55af9cd\"},\"headline\":\"12 personas capturadas, logr\u00f3 la Polic\u00eda el ultimo fin de semana en el Huila\",\"datePublished\":\"2022-11-21T11:35:24+00:00\",\"dateModified\":\"2022-11-21T11:35:25+00:00\",\"mainEntityOfPage\":{\"@id\":\"https:\/\/luchonoticias.com\/editor\/12-personas-capturadas-logro-la-policia-el-ultimo-fin-de-semana-en-el-huila\/\"},\"wordCount\":176,\"commentCount\":0,\"publisher\":{\"@id\":\"https:\/\/luchonoticias.com\/editor\/#\/schema\/person\/7a7fd911f58561fd056dbac7b55af9cd\"},\"image\":{\"@id\":\"https:\/\/luchonoticias.com\/editor\/12-personas-capturadas-logro-la-policia-el-ultimo-fin-de-semana-en-el-huila\/#primaryimage\"},\"thumbnailUrl\":\"https:\/\/luchonoticias.com\/wp-content\/uploads\/2022\/11\/WhatsApp-Image-2022-11-14-at-7.26.40-PM-1-1024x576.jpeg\",\"articleSection\":[\"Destacado\",\"Judicial\"],\"inLanguage\":\"es\",\"potentialAction\":[{\"@type\":\"CommentAction\",\"name\":\"Comment\",\"target\":[\"https:\/\/luchonoticias.com\/editor\/12-personas-capturadas-logro-la-policia-el-ultimo-fin-de-semana-en-el-huila\/#respond\"]}]},{\"@type\":\"WebPage\",\"@id\":\"https:\/\/luchonoticias.com\/editor\/12-personas-capturadas-logro-la-policia-el-ultimo-fin-de-semana-en-el-huila\/\",\"url\":\"https:\/\/luchonoticias.com\/editor\/12-personas-capturadas-logro-la-policia-el-ultimo-fin-de-semana-en-el-huila\/\",\"name\":\"12 personas capturadas, logr\u00f3 la Polic\u00eda el ultimo fin de semana en el Huila -\",\"isPartOf\":{\"@id\":\"https:\/\/luchonoticias.com\/editor\/#website\"},\"primaryImageOfPage\":{\"@id\":\"https:\/\/luchonoticias.com\/editor\/12-personas-capturadas-logro-la-policia-el-ultimo-fin-de-semana-en-el-huila\/#primaryimage\"},\"image\":{\"@id\":\"https:\/\/luchonoticias.com\/editor\/12-personas-capturadas-logro-la-policia-el-ultimo-fin-de-semana-en-el-huila\/#primaryimage\"},\"thumbnailUrl\":\"https:\/\/luchonoticias.com\/wp-content\/uploads\/2022\/11\/WhatsApp-Image-2022-11-14-at-7.26.40-PM-1-1024x576.jpeg\",\"datePublished\":\"2022-11-21T11:35:24+00:00\",\"dateModified\":\"2022-11-21T11:35:25+00:00\",\"breadcrumb\":{\"@id\":\"https:\/\/luchonoticias.com\/editor\/12-personas-capturadas-logro-la-policia-el-ultimo-fin-de-semana-en-el-huila\/#breadcrumb\"},\"inLanguage\":\"es\",\"potentialAction\":[{\"@type\":\"ReadAction\",\"target\":[\"https:\/\/luchonoticias.com\/editor\/12-personas-capturadas-logro-la-policia-el-ultimo-fin-de-semana-en-el-huila\/\"]}]},{\"@type\":\"ImageObject\",\"inLanguage\":\"es\",\"@id\":\"https:\/\/luchonoticias.com\/editor\/12-personas-capturadas-logro-la-policia-el-ultimo-fin-de-semana-en-el-huila\/#primaryimage\",\"url\":\"https:\/\/luchonoticias.com\/wp-content\/uploads\/2022\/11\/WhatsApp-Image-2022-11-14-at-7.26.40-PM-1-1024x576.jpeg\",\"contentUrl\":\"https:\/\/luchonoticias.com\/wp-content\/uploads\/2022\/11\/WhatsApp-Image-2022-11-14-at-7.26.40-PM-1-1024x576.jpeg\"},{\"@type\":\"BreadcrumbList\",\"@id\":\"https:\/\/luchonoticias.com\/editor\/12-personas-capturadas-logro-la-policia-el-ultimo-fin-de-semana-en-el-huila\/#breadcrumb\",\"itemListElement\":[{\"@type\":\"ListItem\",\"position\":1,\"name\":\"Portada\",\"item\":\"https:\/\/luchonoticias.com\/editor\/\"},{\"@type\":\"ListItem\",\"position\":2,\"name\":\"12 personas capturadas, logr\u00f3 la Polic\u00eda el ultimo fin de semana en el Huila\"}]},{\"@type\":\"WebSite\",\"@id\":\"https:\/\/luchonoticias.com\/editor\/#website\",\"url\":\"https:\/\/luchonoticias.com\/editor\/\",\"name\":\"\",\"description\":\"\",\"publisher\":{\"@id\":\"https:\/\/luchonoticias.com\/editor\/#\/schema\/person\/7a7fd911f58561fd056dbac7b55af9cd\"},\"potentialAction\":[{\"@type\":\"SearchAction\",\"target\":{\"@type\":\"EntryPoint\",\"urlTemplate\":\"https:\/\/luchonoticias.com\/editor\/?s={search_term_string}\"},\"query-input\":{\"@type\":\"PropertyValueSpecification\",\"valueRequired\":true,\"valueName\":\"search_term_string\"}}],\"inLanguage\":\"es\"},{\"@type\":[\"Person\",\"Organization\"],\"@id\":\"https:\/\/luchonoticias.com\/editor\/#\/schema\/person\/7a7fd911f58561fd056dbac7b55af9cd\",\"name\":\"admin\",\"image\":{\"@type\":\"ImageObject\",\"inLanguage\":\"es\",\"@id\":\"https:\/\/luchonoticias.com\/editor\/#\/schema\/person\/image\/\",\"url\":\"https:\/\/luchonoticias.com\/editor\/wp-content\/uploads\/2024\/02\/cropped-cropped-logolu.webp\",\"contentUrl\":\"https:\/\/luchonoticias.com\/editor\/wp-content\/uploads\/2024\/02\/cropped-cropped-logolu.webp\",\"width\":382,\"height\":170,\"caption\":\"admin\"},\"logo\":{\"@id\":\"https:\/\/luchonoticias.com\/editor\/#\/schema\/person\/image\/\"},\"sameAs\":[\"https:\/\/www.facebook.com\/luchonoticiasneiva\"],\"url\":\"https:\/\/luchonoticias.com\/editor\/author\/admin\/\"}]}<\/script>\n<!-- \/ Yoast SEO plugin. -->","yoast_head_json":{"title":"12 personas capturadas, logr\u00f3 la Polic\u00eda el ultimo fin de semana en el Huila -","robots":{"index":"index","follow":"follow","max-snippet":"max-snippet:-1","max-image-preview":"max-image-preview:large","max-video-preview":"max-video-preview:-1"},"canonical":"https:\/\/luchonoticias.com\/editor\/12-personas-capturadas-logro-la-policia-el-ultimo-fin-de-semana-en-el-huila\/","og_locale":"es_ES","og_type":"article","og_title":"12 personas capturadas, logr\u00f3 la Polic\u00eda el ultimo fin de semana en el Huila -","og_url":"https:\/\/luchonoticias.com\/editor\/12-personas-capturadas-logro-la-policia-el-ultimo-fin-de-semana-en-el-huila\/","article_publisher":"https:\/\/www.facebook.com\/luchonoticiasneiva","article_author":"https:\/\/www.facebook.com\/luchonoticiasneiva","article_published_time":"2022-11-21T11:35:24+00:00","article_modified_time":"2022-11-21T11:35:25+00:00","og_image":[{"url":"https:\/\/luchonoticias.com\/wp-content\/uploads\/2022\/11\/WhatsApp-Image-2022-11-14-at-7.26.40-PM-1-1024x576.jpeg","type":"","width":"","height":""}],"author":"admin","twitter_card":"summary_large_image","twitter_misc":{"Escrito por":"admin","Tiempo de lectura":"1 minuto"},"schema":{"@context":"https:\/\/schema.org","@graph":[{"@type":"Article","@id":"https:\/\/luchonoticias.com\/editor\/12-personas-capturadas-logro-la-policia-el-ultimo-fin-de-semana-en-el-huila\/#article","isPartOf":{"@id":"https:\/\/luchonoticias.com\/editor\/12-personas-capturadas-logro-la-policia-el-ultimo-fin-de-semana-en-el-huila\/"},"author":{"name":"admin","@id":"https:\/\/luchonoticias.com\/editor\/#\/schema\/person\/7a7fd911f58561fd056dbac7b55af9cd"},"headline":"12 personas capturadas, logr\u00f3 la Polic\u00eda el ultimo fin de semana en el Huila","datePublished":"2022-11-21T11:35:24+00:00","dateModified":"2022-11-21T11:35:25+00:00","mainEntityOfPage":{"@id":"https:\/\/luchonoticias.com\/editor\/12-personas-capturadas-logro-la-policia-el-ultimo-fin-de-semana-en-el-huila\/"},"wordCount":176,"commentCount":0,"publisher":{"@id":"https:\/\/luchonoticias.com\/editor\/#\/schema\/person\/7a7fd911f58561fd056dbac7b55af9cd"},"image":{"@id":"https:\/\/luchonoticias.com\/editor\/12-personas-capturadas-logro-la-policia-el-ultimo-fin-de-semana-en-el-huila\/#primaryimage"},"thumbnailUrl":"https:\/\/luchonoticias.com\/wp-content\/uploads\/2022\/11\/WhatsApp-Image-2022-11-14-at-7.26.40-PM-1-1024x576.jpeg","articleSection":["Destacado","Judicial"],"inLanguage":"es","potentialAction":[{"@type":"CommentAction","name":"Comment","target":["https:\/\/luchonoticias.com\/editor\/12-personas-capturadas-logro-la-policia-el-ultimo-fin-de-semana-en-el-huila\/#respond"]}]},{"@type":"WebPage","@id":"https:\/\/luchonoticias.com\/editor\/12-personas-capturadas-logro-la-policia-el-ultimo-fin-de-semana-en-el-huila\/","url":"https:\/\/luchonoticias.com\/editor\/12-personas-capturadas-logro-la-policia-el-ultimo-fin-de-semana-en-el-huila\/","name":"12 personas capturadas, logr\u00f3 la Polic\u00eda el ultimo fin de semana en el Huila -","isPartOf":{"@id":"https:\/\/luchonoticias.com\/editor\/#website"},"primaryImageOfPage":{"@id":"https:\/\/luchonoticias.com\/editor\/12-personas-capturadas-logro-la-policia-el-ultimo-fin-de-semana-en-el-huila\/#primaryimage"},"image":{"@id":"https:\/\/luchonoticias.com\/editor\/12-personas-capturadas-logro-la-policia-el-ultimo-fin-de-semana-en-el-huila\/#primaryimage"},"thumbnailUrl":"https:\/\/luchonoticias.com\/wp-content\/uploads\/2022\/11\/WhatsApp-Image-2022-11-14-at-7.26.40-PM-1-1024x576.jpeg","datePublished":"2022-11-21T11:35:24+00:00","dateModified":"2022-11-21T11:35:25+00:00","breadcrumb":{"@id":"https:\/\/luchonoticias.com\/editor\/12-personas-capturadas-logro-la-policia-el-ultimo-fin-de-semana-en-el-huila\/#breadcrumb"},"inLanguage":"es","potentialAction":[{"@type":"ReadAction","target":["https:\/\/luchonoticias.com\/editor\/12-personas-capturadas-logro-la-policia-el-ultimo-fin-de-semana-en-el-huila\/"]}]},{"@type":"ImageObject","inLanguage":"es","@id":"https:\/\/luchonoticias.com\/editor\/12-personas-capturadas-logro-la-policia-el-ultimo-fin-de-semana-en-el-huila\/#primaryimage","url":"https:\/\/luchonoticias.com\/wp-content\/uploads\/2022\/11\/WhatsApp-Image-2022-11-14-at-7.26.40-PM-1-1024x576.jpeg","contentUrl":"https:\/\/luchonoticias.com\/wp-content\/uploads\/2022\/11\/WhatsApp-Image-2022-11-14-at-7.26.40-PM-1-1024x576.jpeg"},{"@type":"BreadcrumbList","@id":"https:\/\/luchonoticias.com\/editor\/12-personas-capturadas-logro-la-policia-el-ultimo-fin-de-semana-en-el-huila\/#breadcrumb","itemListElement":[{"@type":"ListItem","position":1,"name":"Portada","item":"https:\/\/luchonoticias.com\/editor\/"},{"@type":"ListItem","position":2,"name":"12 personas capturadas, logr\u00f3 la Polic\u00eda el ultimo fin de semana en el Huila"}]},{"@type":"WebSite","@id":"https:\/\/luchonoticias.com\/editor\/#website","url":"https:\/\/luchonoticias.com\/editor\/","name":"","description":"","publisher":{"@id":"https:\/\/luchonoticias.com\/editor\/#\/schema\/person\/7a7fd911f58561fd056dbac7b55af9cd"},"potentialAction":[{"@type":"SearchAction","target":{"@type":"EntryPoint","urlTemplate":"https:\/\/luchonoticias.com\/editor\/?s={search_term_string}"},"query-input":{"@type":"PropertyValueSpecification","valueRequired":true,"valueName":"search_term_string"}}],"inLanguage":"es"},{"@type":["Person","Organization"],"@id":"https:\/\/luchonoticias.com\/editor\/#\/schema\/person\/7a7fd911f58561fd056dbac7b55af9cd","name":"admin","image":{"@type":"ImageObject","inLanguage":"es","@id":"https:\/\/luchonoticias.com\/editor\/#\/schema\/person\/image\/","url":"https:\/\/luchonoticias.com\/editor\/wp-content\/uploads\/2024\/02\/cropped-cropped-logolu.webp","contentUrl":"https:\/\/luchonoticias.com\/editor\/wp-content\/uploads\/2024\/02\/cropped-cropped-logolu.webp","width":382,"height":170,"caption":"admin"},"logo":{"@id":"https:\/\/luchonoticias.com\/editor\/#\/schema\/person\/image\/"},"sameAs":["https:\/\/www.facebook.com\/luchonoticiasneiva"],"url":"https:\/\/luchonoticias.com\/editor\/author\/admin\/"}]}},"_links":{"self":[{"href":"https:\/\/luchonoticias.com\/editor\/wp-json\/wp\/v2\/posts\/40003","targetHints":{"allow":["GET"]}}],"collection":[{"href":"https:\/\/luchonoticias.com\/editor\/wp-json\/wp\/v2\/posts"}],"about":[{"href":"https:\/\/luchonoticias.com\/editor\/wp-json\/wp\/v2\/types\/post"}],"author":[{"embeddable":true,"href":"https:\/\/luchonoticias.com\/editor\/wp-json\/wp\/v2\/users\/1"}],"replies":[{"embeddable":true,"href":"https:\/\/luchonoticias.com\/editor\/wp-json\/wp\/v2\/comments?post=40003"}],"version-history":[{"count":0,"href":"https:\/\/luchonoticias.com\/editor\/wp-json\/wp\/v2\/posts\/40003\/revisions"}],"wp:attachment":[{"href":"https:\/\/luchonoticias.com\/editor\/wp-json\/wp\/v2\/media?parent=40003"}],"wp:term":[{"taxonomy":"category","embeddable":true,"href":"https:\/\/luchonoticias.com\/editor\/wp-json\/wp\/v2\/categories?post=40003"},{"taxonomy":"post_tag","embeddable":true,"href":"https:\/\/luchonoticias.com\/editor\/wp-json\/wp\/v2\/tags?post=40003"}],"curies":[{"name":"wp","href":"https:\/\/api.w.org\/{rel}","templated":true}]}}