{"id":40027,"date":"2022-11-21T10:58:47","date_gmt":"2022-11-21T15:58:47","guid":{"rendered":"https:\/\/luchonoticias.com\/?p=40027"},"modified":"2022-11-21T10:58:48","modified_gmt":"2022-11-21T15:58:48","slug":"deportes-tolima-pierde-a-su-dirigente-mas-insigne","status":"publish","type":"post","link":"https:\/\/luchonoticias.com\/editor\/deportes-tolima-pierde-a-su-dirigente-mas-insigne\/","title":{"rendered":"Deportes Tolima pierde a su dirigente m\u00e1s insigne"},"content":{"rendered":"\n<p>Mediante comunicado el&nbsp;<strong>Deportes Tolima&nbsp;<\/strong>anunci\u00f3 el&nbsp;<strong>fallecimiento&nbsp;<\/strong>de su m\u00e1ximo accionista, el ex congresista y empresario&nbsp;<strong>Gabriel Camargo<\/strong>.<\/p>\n\n\n\n<p>En el comunicado el onceno \u2018pijao\u2019 manifest\u00f3 que Camargo\u00a0<strong>falleci\u00f3 luego de una dura batalla con el c\u00e1ncer<\/strong>, falleciendo en horas de la ma\u00f1ana en Bogot\u00e1, donde ser\u00e1 sepultado.<\/p>\n\n\n\n<p><\/p>\n\n\n\n<blockquote class=\"twitter-tweet\"><p lang=\"es\" dir=\"ltr\">Gracias Don Gabriel por su eterno legado \u2728 <a href=\"https:\/\/t.co\/FVywqOUPK8\">pic.twitter.com\/FVywqOUPK8<\/a><\/p>&mdash; Club Deportes Tolima S.A \u2b50\ufe0f\u2b50\ufe0f\u2b50\ufe0f (@cdtolima) <a href=\"https:\/\/twitter.com\/cdtolima\/status\/1594706391373152265?ref_src=twsrc%5Etfw\">November 21, 2022<\/a><\/blockquote> <script async src=\"https:\/\/platform.twitter.com\/widgets.js\" charset=\"utf-8\"><\/script>\n\n\n\n<p><\/p>\n\n\n\n<p>Camargo estuvo&nbsp;<strong>vinculado por m\u00e1s de 43 a\u00f1os&nbsp;<\/strong>a la entidad y bajo su mando logr\u00f3&nbsp;<strong>sacarlo tres veces campe\u00f3n del f\u00fatbol colombiano<\/strong>&nbsp;as\u00ed como clasificarlo a eventos internacionales.<\/p>\n\n\n\n<p>Recordar que en las filas del equipo del departamento vecino&nbsp;<strong>militan Juan Jos\u00e9 Rubiano<\/strong>&nbsp;(que este a\u00f1o jug\u00f3 la Supercopa Juvenil) y&nbsp;<strong>Jos\u00e9 Moya<\/strong>, quien este semestre no vio acci\u00f3n por lesi\u00f3n.<\/p>\n","protected":false},"excerpt":{"rendered":"<p>Mediante comunicado el&nbsp;Deportes Tolima&nbsp;anunci\u00f3 el&nbsp;fallecimiento&nbsp;de su m\u00e1ximo accionista, el ex congresista y empresario&nbsp;Gabriel Camargo. En el comunicado el onceno \u2018pijao\u2019 manifest\u00f3 que Camargo\u00a0falleci\u00f3 luego de una dura batalla con el c\u00e1ncer, falleciendo en horas de la ma\u00f1ana en Bogot\u00e1, donde ser\u00e1 sepultado. Gracias Don Gabriel por su eterno legado \u2728 pic.twitter.com\/FVywqOUPK8 &mdash; Club Deportes Tolima [&hellip;]<\/p>\n","protected":false},"author":1,"featured_media":0,"comment_status":"open","ping_status":"open","sticky":false,"template":"","format":"standard","meta":{"footnotes":""},"categories":[34],"tags":[],"class_list":["post-40027","post","type-post","status-publish","format-standard","hentry","category-deportes"],"yoast_head":"<!-- This site is optimized with the Yoast SEO plugin v26.6 - https:\/\/yoast.com\/wordpress\/plugins\/seo\/ -->\n<title>Deportes Tolima pierde a su dirigente m\u00e1s insigne -<\/title>\n<meta name=\"robots\" content=\"index, follow, max-snippet:-1, max-image-preview:large, max-video-preview:-1\" \/>\n<link rel=\"canonical\" href=\"https:\/\/luchonoticias.com\/editor\/deportes-tolima-pierde-a-su-dirigente-mas-insigne\/\" \/>\n<meta property=\"og:locale\" content=\"es_ES\" \/>\n<meta property=\"og:type\" content=\"article\" \/>\n<meta property=\"og:title\" content=\"Deportes Tolima pierde a su dirigente m\u00e1s insigne -\" \/>\n<meta property=\"og:url\" content=\"https:\/\/luchonoticias.com\/editor\/deportes-tolima-pierde-a-su-dirigente-mas-insigne\/\" \/>\n<meta property=\"article:publisher\" content=\"https:\/\/www.facebook.com\/luchonoticiasneiva\" \/>\n<meta property=\"article:author\" content=\"https:\/\/www.facebook.com\/luchonoticiasneiva\" \/>\n<meta property=\"article:published_time\" content=\"2022-11-21T15:58:47+00:00\" \/>\n<meta property=\"article:modified_time\" content=\"2022-11-21T15:58:48+00:00\" \/>\n<meta name=\"author\" content=\"admin\" \/>\n<meta name=\"twitter:card\" content=\"summary_large_image\" \/>\n<meta name=\"twitter:label1\" content=\"Escrito por\" \/>\n\t<meta name=\"twitter:data1\" content=\"admin\" \/>\n\t<meta name=\"twitter:label2\" content=\"Tiempo de lectura\" \/>\n\t<meta name=\"twitter:data2\" content=\"1 minuto\" \/>\n<script type=\"application\/ld+json\" class=\"yoast-schema-graph\">{\"@context\":\"https:\/\/schema.org\",\"@graph\":[{\"@type\":\"Article\",\"@id\":\"https:\/\/luchonoticias.com\/editor\/deportes-tolima-pierde-a-su-dirigente-mas-insigne\/#article\",\"isPartOf\":{\"@id\":\"https:\/\/luchonoticias.com\/editor\/deportes-tolima-pierde-a-su-dirigente-mas-insigne\/\"},\"author\":{\"name\":\"admin\",\"@id\":\"https:\/\/luchonoticias.com\/editor\/#\/schema\/person\/7a7fd911f58561fd056dbac7b55af9cd\"},\"headline\":\"Deportes Tolima pierde a su dirigente m\u00e1s insigne\",\"datePublished\":\"2022-11-21T15:58:47+00:00\",\"dateModified\":\"2022-11-21T15:58:48+00:00\",\"mainEntityOfPage\":{\"@id\":\"https:\/\/luchonoticias.com\/editor\/deportes-tolima-pierde-a-su-dirigente-mas-insigne\/\"},\"wordCount\":158,\"commentCount\":0,\"publisher\":{\"@id\":\"https:\/\/luchonoticias.com\/editor\/#\/schema\/person\/7a7fd911f58561fd056dbac7b55af9cd\"},\"articleSection\":[\"Deportes\"],\"inLanguage\":\"es\",\"potentialAction\":[{\"@type\":\"CommentAction\",\"name\":\"Comment\",\"target\":[\"https:\/\/luchonoticias.com\/editor\/deportes-tolima-pierde-a-su-dirigente-mas-insigne\/#respond\"]}]},{\"@type\":\"WebPage\",\"@id\":\"https:\/\/luchonoticias.com\/editor\/deportes-tolima-pierde-a-su-dirigente-mas-insigne\/\",\"url\":\"https:\/\/luchonoticias.com\/editor\/deportes-tolima-pierde-a-su-dirigente-mas-insigne\/\",\"name\":\"Deportes Tolima pierde a su dirigente m\u00e1s insigne -\",\"isPartOf\":{\"@id\":\"https:\/\/luchonoticias.com\/editor\/#website\"},\"datePublished\":\"2022-11-21T15:58:47+00:00\",\"dateModified\":\"2022-11-21T15:58:48+00:00\",\"breadcrumb\":{\"@id\":\"https:\/\/luchonoticias.com\/editor\/deportes-tolima-pierde-a-su-dirigente-mas-insigne\/#breadcrumb\"},\"inLanguage\":\"es\",\"potentialAction\":[{\"@type\":\"ReadAction\",\"target\":[\"https:\/\/luchonoticias.com\/editor\/deportes-tolima-pierde-a-su-dirigente-mas-insigne\/\"]}]},{\"@type\":\"BreadcrumbList\",\"@id\":\"https:\/\/luchonoticias.com\/editor\/deportes-tolima-pierde-a-su-dirigente-mas-insigne\/#breadcrumb\",\"itemListElement\":[{\"@type\":\"ListItem\",\"position\":1,\"name\":\"Portada\",\"item\":\"https:\/\/luchonoticias.com\/editor\/\"},{\"@type\":\"ListItem\",\"position\":2,\"name\":\"Deportes Tolima pierde a su dirigente m\u00e1s insigne\"}]},{\"@type\":\"WebSite\",\"@id\":\"https:\/\/luchonoticias.com\/editor\/#website\",\"url\":\"https:\/\/luchonoticias.com\/editor\/\",\"name\":\"\",\"description\":\"\",\"publisher\":{\"@id\":\"https:\/\/luchonoticias.com\/editor\/#\/schema\/person\/7a7fd911f58561fd056dbac7b55af9cd\"},\"potentialAction\":[{\"@type\":\"SearchAction\",\"target\":{\"@type\":\"EntryPoint\",\"urlTemplate\":\"https:\/\/luchonoticias.com\/editor\/?s={search_term_string}\"},\"query-input\":{\"@type\":\"PropertyValueSpecification\",\"valueRequired\":true,\"valueName\":\"search_term_string\"}}],\"inLanguage\":\"es\"},{\"@type\":[\"Person\",\"Organization\"],\"@id\":\"https:\/\/luchonoticias.com\/editor\/#\/schema\/person\/7a7fd911f58561fd056dbac7b55af9cd\",\"name\":\"admin\",\"image\":{\"@type\":\"ImageObject\",\"inLanguage\":\"es\",\"@id\":\"https:\/\/luchonoticias.com\/editor\/#\/schema\/person\/image\/\",\"url\":\"https:\/\/luchonoticias.com\/editor\/wp-content\/uploads\/2024\/02\/cropped-cropped-logolu.webp\",\"contentUrl\":\"https:\/\/luchonoticias.com\/editor\/wp-content\/uploads\/2024\/02\/cropped-cropped-logolu.webp\",\"width\":382,\"height\":170,\"caption\":\"admin\"},\"logo\":{\"@id\":\"https:\/\/luchonoticias.com\/editor\/#\/schema\/person\/image\/\"},\"sameAs\":[\"https:\/\/www.facebook.com\/luchonoticiasneiva\"],\"url\":\"https:\/\/luchonoticias.com\/editor\/author\/admin\/\"}]}<\/script>\n<!-- \/ Yoast SEO plugin. -->","yoast_head_json":{"title":"Deportes Tolima pierde a su dirigente m\u00e1s insigne -","robots":{"index":"index","follow":"follow","max-snippet":"max-snippet:-1","max-image-preview":"max-image-preview:large","max-video-preview":"max-video-preview:-1"},"canonical":"https:\/\/luchonoticias.com\/editor\/deportes-tolima-pierde-a-su-dirigente-mas-insigne\/","og_locale":"es_ES","og_type":"article","og_title":"Deportes Tolima pierde a su dirigente m\u00e1s insigne -","og_url":"https:\/\/luchonoticias.com\/editor\/deportes-tolima-pierde-a-su-dirigente-mas-insigne\/","article_publisher":"https:\/\/www.facebook.com\/luchonoticiasneiva","article_author":"https:\/\/www.facebook.com\/luchonoticiasneiva","article_published_time":"2022-11-21T15:58:47+00:00","article_modified_time":"2022-11-21T15:58:48+00:00","author":"admin","twitter_card":"summary_large_image","twitter_misc":{"Escrito por":"admin","Tiempo de lectura":"1 minuto"},"schema":{"@context":"https:\/\/schema.org","@graph":[{"@type":"Article","@id":"https:\/\/luchonoticias.com\/editor\/deportes-tolima-pierde-a-su-dirigente-mas-insigne\/#article","isPartOf":{"@id":"https:\/\/luchonoticias.com\/editor\/deportes-tolima-pierde-a-su-dirigente-mas-insigne\/"},"author":{"name":"admin","@id":"https:\/\/luchonoticias.com\/editor\/#\/schema\/person\/7a7fd911f58561fd056dbac7b55af9cd"},"headline":"Deportes Tolima pierde a su dirigente m\u00e1s insigne","datePublished":"2022-11-21T15:58:47+00:00","dateModified":"2022-11-21T15:58:48+00:00","mainEntityOfPage":{"@id":"https:\/\/luchonoticias.com\/editor\/deportes-tolima-pierde-a-su-dirigente-mas-insigne\/"},"wordCount":158,"commentCount":0,"publisher":{"@id":"https:\/\/luchonoticias.com\/editor\/#\/schema\/person\/7a7fd911f58561fd056dbac7b55af9cd"},"articleSection":["Deportes"],"inLanguage":"es","potentialAction":[{"@type":"CommentAction","name":"Comment","target":["https:\/\/luchonoticias.com\/editor\/deportes-tolima-pierde-a-su-dirigente-mas-insigne\/#respond"]}]},{"@type":"WebPage","@id":"https:\/\/luchonoticias.com\/editor\/deportes-tolima-pierde-a-su-dirigente-mas-insigne\/","url":"https:\/\/luchonoticias.com\/editor\/deportes-tolima-pierde-a-su-dirigente-mas-insigne\/","name":"Deportes Tolima pierde a su dirigente m\u00e1s insigne -","isPartOf":{"@id":"https:\/\/luchonoticias.com\/editor\/#website"},"datePublished":"2022-11-21T15:58:47+00:00","dateModified":"2022-11-21T15:58:48+00:00","breadcrumb":{"@id":"https:\/\/luchonoticias.com\/editor\/deportes-tolima-pierde-a-su-dirigente-mas-insigne\/#breadcrumb"},"inLanguage":"es","potentialAction":[{"@type":"ReadAction","target":["https:\/\/luchonoticias.com\/editor\/deportes-tolima-pierde-a-su-dirigente-mas-insigne\/"]}]},{"@type":"BreadcrumbList","@id":"https:\/\/luchonoticias.com\/editor\/deportes-tolima-pierde-a-su-dirigente-mas-insigne\/#breadcrumb","itemListElement":[{"@type":"ListItem","position":1,"name":"Portada","item":"https:\/\/luchonoticias.com\/editor\/"},{"@type":"ListItem","position":2,"name":"Deportes Tolima pierde a su dirigente m\u00e1s insigne"}]},{"@type":"WebSite","@id":"https:\/\/luchonoticias.com\/editor\/#website","url":"https:\/\/luchonoticias.com\/editor\/","name":"","description":"","publisher":{"@id":"https:\/\/luchonoticias.com\/editor\/#\/schema\/person\/7a7fd911f58561fd056dbac7b55af9cd"},"potentialAction":[{"@type":"SearchAction","target":{"@type":"EntryPoint","urlTemplate":"https:\/\/luchonoticias.com\/editor\/?s={search_term_string}"},"query-input":{"@type":"PropertyValueSpecification","valueRequired":true,"valueName":"search_term_string"}}],"inLanguage":"es"},{"@type":["Person","Organization"],"@id":"https:\/\/luchonoticias.com\/editor\/#\/schema\/person\/7a7fd911f58561fd056dbac7b55af9cd","name":"admin","image":{"@type":"ImageObject","inLanguage":"es","@id":"https:\/\/luchonoticias.com\/editor\/#\/schema\/person\/image\/","url":"https:\/\/luchonoticias.com\/editor\/wp-content\/uploads\/2024\/02\/cropped-cropped-logolu.webp","contentUrl":"https:\/\/luchonoticias.com\/editor\/wp-content\/uploads\/2024\/02\/cropped-cropped-logolu.webp","width":382,"height":170,"caption":"admin"},"logo":{"@id":"https:\/\/luchonoticias.com\/editor\/#\/schema\/person\/image\/"},"sameAs":["https:\/\/www.facebook.com\/luchonoticiasneiva"],"url":"https:\/\/luchonoticias.com\/editor\/author\/admin\/"}]}},"_links":{"self":[{"href":"https:\/\/luchonoticias.com\/editor\/wp-json\/wp\/v2\/posts\/40027","targetHints":{"allow":["GET"]}}],"collection":[{"href":"https:\/\/luchonoticias.com\/editor\/wp-json\/wp\/v2\/posts"}],"about":[{"href":"https:\/\/luchonoticias.com\/editor\/wp-json\/wp\/v2\/types\/post"}],"author":[{"embeddable":true,"href":"https:\/\/luchonoticias.com\/editor\/wp-json\/wp\/v2\/users\/1"}],"replies":[{"embeddable":true,"href":"https:\/\/luchonoticias.com\/editor\/wp-json\/wp\/v2\/comments?post=40027"}],"version-history":[{"count":0,"href":"https:\/\/luchonoticias.com\/editor\/wp-json\/wp\/v2\/posts\/40027\/revisions"}],"wp:attachment":[{"href":"https:\/\/luchonoticias.com\/editor\/wp-json\/wp\/v2\/media?parent=40027"}],"wp:term":[{"taxonomy":"category","embeddable":true,"href":"https:\/\/luchonoticias.com\/editor\/wp-json\/wp\/v2\/categories?post=40027"},{"taxonomy":"post_tag","embeddable":true,"href":"https:\/\/luchonoticias.com\/editor\/wp-json\/wp\/v2\/tags?post=40027"}],"curies":[{"name":"wp","href":"https:\/\/api.w.org\/{rel}","templated":true}]}}