{"id":40051,"date":"2022-11-21T16:43:01","date_gmt":"2022-11-21T21:43:01","guid":{"rendered":"https:\/\/luchonoticias.com\/?p=40051"},"modified":"2022-11-21T16:43:02","modified_gmt":"2022-11-21T21:43:02","slug":"usco-nuevamente-beneficiada-en-convocatoria-estado-joven","status":"publish","type":"post","link":"https:\/\/luchonoticias.com\/editor\/usco-nuevamente-beneficiada-en-convocatoria-estado-joven\/","title":{"rendered":"USCO nuevamente beneficiada en convocatoria Estado Joven"},"content":{"rendered":"\n<p>Por segunda ocasi\u00f3n consecutiva, la Universidad Surcolombiana result\u00f3 favorecida en la convocatoria Estado Joven, realizada por el Ministerio de Trabajo y Seguridad Social para financiar las pr\u00e1cticas laborales remuneradas a diez estudiantes de esta casa de estudios.<\/p>\n\n\n\n<p>Con este fin, hasta el pr\u00f3ximo 30 de noviembre se encuentran abiertas las inscripciones para que estudiantes de igual n\u00famero de programas de formaci\u00f3n profesional, realicen sus pr\u00e1cticas laborales en diferentes dependencias del alma m\u00e1ter.<\/p>\n\n\n\n<p>El programa Estado Joven est\u00e1 adscrito al Ministerio de Trabajo y Seguridad Social Seguridad, donde tambi\u00e9n concurren el Departamento Administrativo de la Funci\u00f3n P\u00fablica-DAFP y la Unidad Administrativa Especial del Servicio P\u00fablico de Empleo. Cuenta con el apoyo de la Alcald\u00eda de Neiva desde la Secretar\u00eda de Juventud.<\/p>\n\n\n\n<p>Los potenciales beneficiados deber\u00e1n estar matriculados en el \u00faltimo semestre de los programas de la USCO tales como Administraci\u00f3n de Empresas; Econom\u00eda; Ciencia Pol\u00edtica, Comunicaci\u00f3n Social y Periodismo; Administraci\u00f3n Financiera; Dise\u00f1o Gr\u00e1fico y Publicidad; Licenciatura Educaci\u00f3n F\u00edsica, Recreaci\u00f3n Y Deportes; Ingenier\u00eda de Software; Tecnolog\u00eda en Desarrollo de Software; y Licenciatura en Lenguas Modernas con \u00c9nfasis en Ingl\u00e9s.<\/p>\n\n\n\n<p>\u201cHemos aplicado y salimos beneficiados con el apoyo a diez estudiantes de la Surcolombiana, que les permitir\u00e1 ingresar a laborar aqu\u00ed mismo en la universidad y que van a tener un reconocimiento salarial acorde con la vigencia actual\u201d, recalc\u00f3 la Rectora ,Nidia Guzm\u00e1n Dur\u00e1n.<\/p>\n\n\n\n<p>Para la directiva, este logro es clave porque les permite a quienes resulten beneficiados fortalecer su hoja de vida, pues tendr\u00e1n una experiencia importante desde el pregrado.<\/p>\n\n\n\n<p>Invit\u00f3 a los estudiantes de \u00faltimo semestre de los programas que en esta ocasi\u00f3n ser\u00e1n los receptores de los eventuales practicantes -mencionados anteriormente- a que se inscriban en la convocatoria para seleccionar a los beneficiarios de estas diez plazas laborales.<\/p>\n\n\n\n<p><strong>Apoyo desde la Secretar\u00eda de Juventud<\/strong><\/p>\n\n\n\n<p>Paola Hern\u00e1ndez Caro, secretaria de Juventud del Municipio de Neiva, quien invit\u00f3 al alma m\u00e1ter a participar en esta nueva versi\u00f3n de Estado Joven, record\u00f3 que el rango de edad de los estudiantes que se beneficiar\u00e1n con el programa es entre los 15 y 28 a\u00f1os.<\/p>\n\n\n\n<p>Adem\u00e1s, precis\u00f3 que en el Huila solo cuatro entidades resultaron beneficiadas con este programa del Gobierno Nacional y la Universidad Surcolombiana es una de ellas luego de que la dependencia municipal extendiera la invitaci\u00f3n formal a participar en Estado Joven.<\/p>\n\n\n\n<p>\u201cLa inscripci\u00f3n es muy f\u00e1cil, todo est\u00e1 explicado por internet. Sin embargo, quienes quieran recibir acompa\u00f1amiento o asesor\u00eda, desde la Secretar\u00eda de Juventud estamos prestos a orientarlos en todo el proceso, explicarles los formatos, c\u00f3mo se deben diligenciar; as\u00ed que los esperamos en el Parque de los Ni\u00f1os, en la Casa Morada, Casa Empoderadora de la Mujer Neivana, para que participen en esta convocatoria y cuenten con todo el apoyo para la postulaci\u00f3n\u201d, detall\u00f3 la funcionaria.<\/p>\n","protected":false},"excerpt":{"rendered":"<p>Por segunda ocasi\u00f3n consecutiva, la Universidad Surcolombiana result\u00f3 favorecida en la convocatoria Estado Joven, realizada por el Ministerio de Trabajo y Seguridad Social para financiar las pr\u00e1cticas laborales remuneradas a diez estudiantes de esta casa de estudios. Con este fin, hasta el pr\u00f3ximo 30 de noviembre se encuentran abiertas las inscripciones para que estudiantes de [&hellip;]<\/p>\n","protected":false},"author":1,"featured_media":0,"comment_status":"open","ping_status":"open","sticky":false,"template":"","format":"standard","meta":{"footnotes":""},"categories":[36,35],"tags":[],"class_list":["post-40051","post","type-post","status-publish","format-standard","hentry","category-destacado","category-regional"],"yoast_head":"<!-- This site is optimized with the Yoast SEO plugin v26.6 - https:\/\/yoast.com\/wordpress\/plugins\/seo\/ -->\n<title>USCO nuevamente beneficiada en convocatoria Estado Joven -<\/title>\n<meta name=\"robots\" content=\"index, follow, max-snippet:-1, max-image-preview:large, max-video-preview:-1\" \/>\n<link rel=\"canonical\" href=\"https:\/\/luchonoticias.com\/editor\/usco-nuevamente-beneficiada-en-convocatoria-estado-joven\/\" \/>\n<meta property=\"og:locale\" content=\"es_ES\" \/>\n<meta property=\"og:type\" content=\"article\" \/>\n<meta property=\"og:title\" content=\"USCO nuevamente beneficiada en convocatoria Estado Joven -\" \/>\n<meta property=\"og:url\" content=\"https:\/\/luchonoticias.com\/editor\/usco-nuevamente-beneficiada-en-convocatoria-estado-joven\/\" \/>\n<meta property=\"article:publisher\" content=\"https:\/\/www.facebook.com\/luchonoticiasneiva\" \/>\n<meta property=\"article:author\" content=\"https:\/\/www.facebook.com\/luchonoticiasneiva\" \/>\n<meta property=\"article:published_time\" content=\"2022-11-21T21:43:01+00:00\" \/>\n<meta property=\"article:modified_time\" content=\"2022-11-21T21:43:02+00:00\" \/>\n<meta name=\"author\" content=\"admin\" \/>\n<meta name=\"twitter:card\" content=\"summary_large_image\" \/>\n<meta name=\"twitter:label1\" content=\"Escrito por\" \/>\n\t<meta name=\"twitter:data1\" content=\"admin\" \/>\n\t<meta name=\"twitter:label2\" content=\"Tiempo de lectura\" \/>\n\t<meta name=\"twitter:data2\" content=\"3 minutos\" \/>\n<script type=\"application\/ld+json\" class=\"yoast-schema-graph\">{\"@context\":\"https:\/\/schema.org\",\"@graph\":[{\"@type\":\"Article\",\"@id\":\"https:\/\/luchonoticias.com\/editor\/usco-nuevamente-beneficiada-en-convocatoria-estado-joven\/#article\",\"isPartOf\":{\"@id\":\"https:\/\/luchonoticias.com\/editor\/usco-nuevamente-beneficiada-en-convocatoria-estado-joven\/\"},\"author\":{\"name\":\"admin\",\"@id\":\"https:\/\/luchonoticias.com\/editor\/#\/schema\/person\/7a7fd911f58561fd056dbac7b55af9cd\"},\"headline\":\"USCO nuevamente beneficiada en convocatoria Estado Joven\",\"datePublished\":\"2022-11-21T21:43:01+00:00\",\"dateModified\":\"2022-11-21T21:43:02+00:00\",\"mainEntityOfPage\":{\"@id\":\"https:\/\/luchonoticias.com\/editor\/usco-nuevamente-beneficiada-en-convocatoria-estado-joven\/\"},\"wordCount\":508,\"commentCount\":0,\"publisher\":{\"@id\":\"https:\/\/luchonoticias.com\/editor\/#\/schema\/person\/7a7fd911f58561fd056dbac7b55af9cd\"},\"articleSection\":[\"Destacado\",\"Regional\"],\"inLanguage\":\"es\",\"potentialAction\":[{\"@type\":\"CommentAction\",\"name\":\"Comment\",\"target\":[\"https:\/\/luchonoticias.com\/editor\/usco-nuevamente-beneficiada-en-convocatoria-estado-joven\/#respond\"]}]},{\"@type\":\"WebPage\",\"@id\":\"https:\/\/luchonoticias.com\/editor\/usco-nuevamente-beneficiada-en-convocatoria-estado-joven\/\",\"url\":\"https:\/\/luchonoticias.com\/editor\/usco-nuevamente-beneficiada-en-convocatoria-estado-joven\/\",\"name\":\"USCO nuevamente beneficiada en convocatoria Estado Joven -\",\"isPartOf\":{\"@id\":\"https:\/\/luchonoticias.com\/editor\/#website\"},\"datePublished\":\"2022-11-21T21:43:01+00:00\",\"dateModified\":\"2022-11-21T21:43:02+00:00\",\"breadcrumb\":{\"@id\":\"https:\/\/luchonoticias.com\/editor\/usco-nuevamente-beneficiada-en-convocatoria-estado-joven\/#breadcrumb\"},\"inLanguage\":\"es\",\"potentialAction\":[{\"@type\":\"ReadAction\",\"target\":[\"https:\/\/luchonoticias.com\/editor\/usco-nuevamente-beneficiada-en-convocatoria-estado-joven\/\"]}]},{\"@type\":\"BreadcrumbList\",\"@id\":\"https:\/\/luchonoticias.com\/editor\/usco-nuevamente-beneficiada-en-convocatoria-estado-joven\/#breadcrumb\",\"itemListElement\":[{\"@type\":\"ListItem\",\"position\":1,\"name\":\"Portada\",\"item\":\"https:\/\/luchonoticias.com\/editor\/\"},{\"@type\":\"ListItem\",\"position\":2,\"name\":\"USCO nuevamente beneficiada en convocatoria Estado Joven\"}]},{\"@type\":\"WebSite\",\"@id\":\"https:\/\/luchonoticias.com\/editor\/#website\",\"url\":\"https:\/\/luchonoticias.com\/editor\/\",\"name\":\"\",\"description\":\"\",\"publisher\":{\"@id\":\"https:\/\/luchonoticias.com\/editor\/#\/schema\/person\/7a7fd911f58561fd056dbac7b55af9cd\"},\"potentialAction\":[{\"@type\":\"SearchAction\",\"target\":{\"@type\":\"EntryPoint\",\"urlTemplate\":\"https:\/\/luchonoticias.com\/editor\/?s={search_term_string}\"},\"query-input\":{\"@type\":\"PropertyValueSpecification\",\"valueRequired\":true,\"valueName\":\"search_term_string\"}}],\"inLanguage\":\"es\"},{\"@type\":[\"Person\",\"Organization\"],\"@id\":\"https:\/\/luchonoticias.com\/editor\/#\/schema\/person\/7a7fd911f58561fd056dbac7b55af9cd\",\"name\":\"admin\",\"image\":{\"@type\":\"ImageObject\",\"inLanguage\":\"es\",\"@id\":\"https:\/\/luchonoticias.com\/editor\/#\/schema\/person\/image\/\",\"url\":\"https:\/\/luchonoticias.com\/editor\/wp-content\/uploads\/2024\/02\/cropped-cropped-logolu.webp\",\"contentUrl\":\"https:\/\/luchonoticias.com\/editor\/wp-content\/uploads\/2024\/02\/cropped-cropped-logolu.webp\",\"width\":382,\"height\":170,\"caption\":\"admin\"},\"logo\":{\"@id\":\"https:\/\/luchonoticias.com\/editor\/#\/schema\/person\/image\/\"},\"sameAs\":[\"https:\/\/www.facebook.com\/luchonoticiasneiva\"],\"url\":\"https:\/\/luchonoticias.com\/editor\/author\/admin\/\"}]}<\/script>\n<!-- \/ Yoast SEO plugin. -->","yoast_head_json":{"title":"USCO nuevamente beneficiada en convocatoria Estado Joven -","robots":{"index":"index","follow":"follow","max-snippet":"max-snippet:-1","max-image-preview":"max-image-preview:large","max-video-preview":"max-video-preview:-1"},"canonical":"https:\/\/luchonoticias.com\/editor\/usco-nuevamente-beneficiada-en-convocatoria-estado-joven\/","og_locale":"es_ES","og_type":"article","og_title":"USCO nuevamente beneficiada en convocatoria Estado Joven -","og_url":"https:\/\/luchonoticias.com\/editor\/usco-nuevamente-beneficiada-en-convocatoria-estado-joven\/","article_publisher":"https:\/\/www.facebook.com\/luchonoticiasneiva","article_author":"https:\/\/www.facebook.com\/luchonoticiasneiva","article_published_time":"2022-11-21T21:43:01+00:00","article_modified_time":"2022-11-21T21:43:02+00:00","author":"admin","twitter_card":"summary_large_image","twitter_misc":{"Escrito por":"admin","Tiempo de lectura":"3 minutos"},"schema":{"@context":"https:\/\/schema.org","@graph":[{"@type":"Article","@id":"https:\/\/luchonoticias.com\/editor\/usco-nuevamente-beneficiada-en-convocatoria-estado-joven\/#article","isPartOf":{"@id":"https:\/\/luchonoticias.com\/editor\/usco-nuevamente-beneficiada-en-convocatoria-estado-joven\/"},"author":{"name":"admin","@id":"https:\/\/luchonoticias.com\/editor\/#\/schema\/person\/7a7fd911f58561fd056dbac7b55af9cd"},"headline":"USCO nuevamente beneficiada en convocatoria Estado Joven","datePublished":"2022-11-21T21:43:01+00:00","dateModified":"2022-11-21T21:43:02+00:00","mainEntityOfPage":{"@id":"https:\/\/luchonoticias.com\/editor\/usco-nuevamente-beneficiada-en-convocatoria-estado-joven\/"},"wordCount":508,"commentCount":0,"publisher":{"@id":"https:\/\/luchonoticias.com\/editor\/#\/schema\/person\/7a7fd911f58561fd056dbac7b55af9cd"},"articleSection":["Destacado","Regional"],"inLanguage":"es","potentialAction":[{"@type":"CommentAction","name":"Comment","target":["https:\/\/luchonoticias.com\/editor\/usco-nuevamente-beneficiada-en-convocatoria-estado-joven\/#respond"]}]},{"@type":"WebPage","@id":"https:\/\/luchonoticias.com\/editor\/usco-nuevamente-beneficiada-en-convocatoria-estado-joven\/","url":"https:\/\/luchonoticias.com\/editor\/usco-nuevamente-beneficiada-en-convocatoria-estado-joven\/","name":"USCO nuevamente beneficiada en convocatoria Estado Joven -","isPartOf":{"@id":"https:\/\/luchonoticias.com\/editor\/#website"},"datePublished":"2022-11-21T21:43:01+00:00","dateModified":"2022-11-21T21:43:02+00:00","breadcrumb":{"@id":"https:\/\/luchonoticias.com\/editor\/usco-nuevamente-beneficiada-en-convocatoria-estado-joven\/#breadcrumb"},"inLanguage":"es","potentialAction":[{"@type":"ReadAction","target":["https:\/\/luchonoticias.com\/editor\/usco-nuevamente-beneficiada-en-convocatoria-estado-joven\/"]}]},{"@type":"BreadcrumbList","@id":"https:\/\/luchonoticias.com\/editor\/usco-nuevamente-beneficiada-en-convocatoria-estado-joven\/#breadcrumb","itemListElement":[{"@type":"ListItem","position":1,"name":"Portada","item":"https:\/\/luchonoticias.com\/editor\/"},{"@type":"ListItem","position":2,"name":"USCO nuevamente beneficiada en convocatoria Estado Joven"}]},{"@type":"WebSite","@id":"https:\/\/luchonoticias.com\/editor\/#website","url":"https:\/\/luchonoticias.com\/editor\/","name":"","description":"","publisher":{"@id":"https:\/\/luchonoticias.com\/editor\/#\/schema\/person\/7a7fd911f58561fd056dbac7b55af9cd"},"potentialAction":[{"@type":"SearchAction","target":{"@type":"EntryPoint","urlTemplate":"https:\/\/luchonoticias.com\/editor\/?s={search_term_string}"},"query-input":{"@type":"PropertyValueSpecification","valueRequired":true,"valueName":"search_term_string"}}],"inLanguage":"es"},{"@type":["Person","Organization"],"@id":"https:\/\/luchonoticias.com\/editor\/#\/schema\/person\/7a7fd911f58561fd056dbac7b55af9cd","name":"admin","image":{"@type":"ImageObject","inLanguage":"es","@id":"https:\/\/luchonoticias.com\/editor\/#\/schema\/person\/image\/","url":"https:\/\/luchonoticias.com\/editor\/wp-content\/uploads\/2024\/02\/cropped-cropped-logolu.webp","contentUrl":"https:\/\/luchonoticias.com\/editor\/wp-content\/uploads\/2024\/02\/cropped-cropped-logolu.webp","width":382,"height":170,"caption":"admin"},"logo":{"@id":"https:\/\/luchonoticias.com\/editor\/#\/schema\/person\/image\/"},"sameAs":["https:\/\/www.facebook.com\/luchonoticiasneiva"],"url":"https:\/\/luchonoticias.com\/editor\/author\/admin\/"}]}},"_links":{"self":[{"href":"https:\/\/luchonoticias.com\/editor\/wp-json\/wp\/v2\/posts\/40051","targetHints":{"allow":["GET"]}}],"collection":[{"href":"https:\/\/luchonoticias.com\/editor\/wp-json\/wp\/v2\/posts"}],"about":[{"href":"https:\/\/luchonoticias.com\/editor\/wp-json\/wp\/v2\/types\/post"}],"author":[{"embeddable":true,"href":"https:\/\/luchonoticias.com\/editor\/wp-json\/wp\/v2\/users\/1"}],"replies":[{"embeddable":true,"href":"https:\/\/luchonoticias.com\/editor\/wp-json\/wp\/v2\/comments?post=40051"}],"version-history":[{"count":0,"href":"https:\/\/luchonoticias.com\/editor\/wp-json\/wp\/v2\/posts\/40051\/revisions"}],"wp:attachment":[{"href":"https:\/\/luchonoticias.com\/editor\/wp-json\/wp\/v2\/media?parent=40051"}],"wp:term":[{"taxonomy":"category","embeddable":true,"href":"https:\/\/luchonoticias.com\/editor\/wp-json\/wp\/v2\/categories?post=40051"},{"taxonomy":"post_tag","embeddable":true,"href":"https:\/\/luchonoticias.com\/editor\/wp-json\/wp\/v2\/tags?post=40051"}],"curies":[{"name":"wp","href":"https:\/\/api.w.org\/{rel}","templated":true}]}}