{"id":40060,"date":"2022-11-22T06:33:39","date_gmt":"2022-11-22T11:33:39","guid":{"rendered":"https:\/\/luchonoticias.com\/?p=40060"},"modified":"2022-11-22T06:33:40","modified_gmt":"2022-11-22T11:33:40","slug":"en-chapinero-alcaldia-celebro-el-dia-de-la-mujer-rural","status":"publish","type":"post","link":"https:\/\/luchonoticias.com\/editor\/en-chapinero-alcaldia-celebro-el-dia-de-la-mujer-rural\/","title":{"rendered":"En Chapinero, Alcald\u00eda celebr\u00f3 el D\u00eda de La Mujer Rural"},"content":{"rendered":"\n<p>Con una programaci\u00f3n cultural que inclu\u00eda la Santa Misa, danzas tradicionales de la regi\u00f3n, concursos de baile, entrega de obsequios, actividades simb\u00f3licas del d\u00eda de la mujer y rifas de electrodom\u00e9sticos y herramientas de trabajo para el campo, se llev\u00f3 a cabo la conmemoraci\u00f3n del D\u00eda Internacional de la Mujer Rural en el corregimiento de Chapinero.<\/p>\n\n\n\n<p>El evento se desarroll\u00f3 con el liderazgo de las mujeres campesinas de este centro poblado y de la Asociaci\u00f3n de Agricultores La Esperanza, que apoyadas en la secretar\u00edas de Desarrollo Agropecuario y Mujer, Infancia y Adolescencia, la ESE \u2018Carmen Emilia Ospina\u2019, el Comit\u00e9 Departamental de Cafeteros, la Universidad Abierta y a Distancia, UNAD, y otras entidades p\u00fablicas y privadas, que, sin importar el clima y las cuatro horas de recorrido del casco urbano de Neiva hasta el corregimiento de Chapinero, permitieron aunar esfuerzos y conmemorar este gran d\u00eda.<\/p>\n\n\n\n<figure class=\"wp-block-gallery has-nested-images columns-default is-cropped wp-block-gallery-1 is-layout-flex wp-block-gallery-is-layout-flex\">\n<figure class=\"wp-block-image size-large\"><img decoding=\"async\" data-id=\"40063\" src=\"https:\/\/luchonoticias.com\/wp-content\/uploads\/2022\/11\/WhatsApp-Image-2022-11-21-at-6.04.37-PM-1024x768.jpeg\" alt=\"\" class=\"wp-image-40063\"\/><\/figure>\n\n\n\n<figure class=\"wp-block-image size-large\"><img decoding=\"async\" data-id=\"40062\" src=\"https:\/\/luchonoticias.com\/wp-content\/uploads\/2022\/11\/WhatsApp-Image-2022-11-21-at-6.04.36-PM-1024x768.jpeg\" alt=\"\" class=\"wp-image-40062\"\/><\/figure>\n\n\n\n<figure class=\"wp-block-image size-large\"><img decoding=\"async\" data-id=\"40064\" src=\"https:\/\/luchonoticias.com\/wp-content\/uploads\/2022\/11\/WhatsApp-Image-2022-11-21-at-6.04.35-PM-1-1024x768.jpeg\" alt=\"\" class=\"wp-image-40064\"\/><\/figure>\n<\/figure>\n\n\n\n<p>La l\u00edder de la Secretar\u00eda de la Mujer Amparo, Montes Guau\u00f1a, afirm\u00f3 que, \u201cen nombre de nuestro alcalde Gorky Mu\u00f1oz Calder\u00f3n, sensible a la inclusi\u00f3n de este sector social de la mujer rural, hoy reconocemos su aporte importante en el desarrollo econ\u00f3mico y rural\u201d, adem\u00e1s de incentivar a las asistentes a conocer la Pol\u00edtica P\u00fablica de Mujer y Equidad de G\u00e9nero.<\/p>\n\n\n\n<p>Por lo anterior, el secretario de Desarrollo Agropecuario Fernando Rodr\u00edguez Pardo, reconoci\u00f3 que \u201cel corregimiento de Chapinero tiene mayor participaci\u00f3n y liderazgo de la mujer, liderando juntas de acci\u00f3n comunal y grupos asociativos\u201d, adem\u00e1s de informar sobre el proyecto finalizado para el sistema de alcantarillado de este sector, \u201cbuscamos la financiaci\u00f3n de este proyecto mediante un empr\u00e9stito al Concejo de Neiva, que una vez aprobado, ser\u00e1 un hecho para este corregimiento\u201d, anunci\u00f3 el funcionario.<\/p>\n\n\n\n<p><strong>Fortaleza y virtud<\/strong><\/p>\n\n\n\n<p>Es importante reconocer el trabajo de las l\u00edderes en este sector, Roc\u00edo Perdomo presidente de la JAC del corregimiento de Chapinero dijo que, \u201ccelebrando este d\u00eda reconozco las dificultades que tiene el trabajo de una l\u00edder, ya sea porque es un lugar con dificultades de acceso y de conectividad, pero damos la pelea para lograr nuestros objetivos\u201d.<\/p>\n\n\n\n<p>As\u00ed mismo, Daniela Ninco, mujer campesina y ganadora de una bomba para fumigar, alent\u00f3 a otras mujeres a seguir en la labor campesina, \u201cles digo a todas las mujeres que no nos sintamos d\u00e9biles, pues somos mujeres fuertes, capaces de lograr todo lo que queremos porque somos mujeres que sabemos cultivar la tierra\u201d.<\/p>\n\n\n\n<figure class=\"wp-block-gallery has-nested-images columns-default is-cropped wp-block-gallery-2 is-layout-flex wp-block-gallery-is-layout-flex\">\n<figure class=\"wp-block-image size-large\"><img decoding=\"async\" data-id=\"40066\" src=\"https:\/\/luchonoticias.com\/wp-content\/uploads\/2022\/11\/WhatsApp-Image-2022-11-21-at-6.04.35-PM-1024x768.jpeg\" alt=\"\" class=\"wp-image-40066\"\/><\/figure>\n\n\n\n<figure class=\"wp-block-image size-large\"><img decoding=\"async\" data-id=\"40067\" src=\"https:\/\/luchonoticias.com\/wp-content\/uploads\/2022\/11\/WhatsApp-Image-2022-11-21-at-6.04.34-PM-1-1024x768.jpeg\" alt=\"\" class=\"wp-image-40067\"\/><\/figure>\n\n\n\n<figure class=\"wp-block-image size-large\"><img decoding=\"async\" data-id=\"40065\" src=\"https:\/\/luchonoticias.com\/wp-content\/uploads\/2022\/11\/WhatsApp-Image-2022-11-21-at-6.04.33-PM-1024x768.jpeg\" alt=\"\" class=\"wp-image-40065\"\/><\/figure>\n<\/figure>\n\n\n\n<p>Para terminar, Onaldo S\u00e1nchez Medina, corregidor de Chapinero, ante el agasajo manifest\u00f3 que, \u201cqueremos dar un sincero agradecimiento a la administraci\u00f3n del alcalde Gorky Mu\u00f1oz Calder\u00f3n, por haber tenido en cuenta a esta poblaci\u00f3n de occidente, que con estas actividades hace posible generar nuevos di\u00e1logos con la comunidad\u201d.<\/p>\n","protected":false},"excerpt":{"rendered":"<p>Con una programaci\u00f3n cultural que inclu\u00eda la Santa Misa, danzas tradicionales de la regi\u00f3n, concursos de baile, entrega de obsequios, actividades simb\u00f3licas del d\u00eda de la mujer y rifas de electrodom\u00e9sticos y herramientas de trabajo para el campo, se llev\u00f3 a cabo la conmemoraci\u00f3n del D\u00eda Internacional de la Mujer Rural en el corregimiento de [&hellip;]<\/p>\n","protected":false},"author":1,"featured_media":0,"comment_status":"open","ping_status":"open","sticky":false,"template":"","format":"standard","meta":{"footnotes":""},"categories":[3961,36],"tags":[],"class_list":["post-40060","post","type-post","status-publish","format-standard","hentry","category-comunidad","category-destacado"],"yoast_head":"<!-- This site is optimized with the Yoast SEO plugin v26.6 - https:\/\/yoast.com\/wordpress\/plugins\/seo\/ -->\n<title>En Chapinero, Alcald\u00eda celebr\u00f3 el D\u00eda de La Mujer Rural -<\/title>\n<meta name=\"robots\" content=\"index, follow, max-snippet:-1, max-image-preview:large, max-video-preview:-1\" \/>\n<link rel=\"canonical\" href=\"https:\/\/luchonoticias.com\/editor\/en-chapinero-alcaldia-celebro-el-dia-de-la-mujer-rural\/\" \/>\n<meta property=\"og:locale\" content=\"es_ES\" \/>\n<meta property=\"og:type\" content=\"article\" \/>\n<meta property=\"og:title\" content=\"En Chapinero, Alcald\u00eda celebr\u00f3 el D\u00eda de La Mujer Rural -\" \/>\n<meta property=\"og:url\" content=\"https:\/\/luchonoticias.com\/editor\/en-chapinero-alcaldia-celebro-el-dia-de-la-mujer-rural\/\" \/>\n<meta property=\"article:publisher\" content=\"https:\/\/www.facebook.com\/luchonoticiasneiva\" \/>\n<meta property=\"article:author\" content=\"https:\/\/www.facebook.com\/luchonoticiasneiva\" \/>\n<meta property=\"article:published_time\" content=\"2022-11-22T11:33:39+00:00\" \/>\n<meta property=\"article:modified_time\" content=\"2022-11-22T11:33:40+00:00\" \/>\n<meta property=\"og:image\" content=\"https:\/\/luchonoticias.com\/wp-content\/uploads\/2022\/11\/WhatsApp-Image-2022-11-21-at-6.04.37-PM-1024x768.jpeg\" \/>\n<meta name=\"author\" content=\"admin\" \/>\n<meta name=\"twitter:card\" content=\"summary_large_image\" \/>\n<meta name=\"twitter:label1\" content=\"Escrito por\" \/>\n\t<meta name=\"twitter:data1\" content=\"admin\" \/>\n\t<meta name=\"twitter:label2\" content=\"Tiempo de lectura\" \/>\n\t<meta name=\"twitter:data2\" content=\"2 minutos\" \/>\n<script type=\"application\/ld+json\" class=\"yoast-schema-graph\">{\"@context\":\"https:\/\/schema.org\",\"@graph\":[{\"@type\":\"Article\",\"@id\":\"https:\/\/luchonoticias.com\/editor\/en-chapinero-alcaldia-celebro-el-dia-de-la-mujer-rural\/#article\",\"isPartOf\":{\"@id\":\"https:\/\/luchonoticias.com\/editor\/en-chapinero-alcaldia-celebro-el-dia-de-la-mujer-rural\/\"},\"author\":{\"name\":\"admin\",\"@id\":\"https:\/\/luchonoticias.com\/editor\/#\/schema\/person\/7a7fd911f58561fd056dbac7b55af9cd\"},\"headline\":\"En Chapinero, Alcald\u00eda celebr\u00f3 el D\u00eda de La Mujer Rural\",\"datePublished\":\"2022-11-22T11:33:39+00:00\",\"dateModified\":\"2022-11-22T11:33:40+00:00\",\"mainEntityOfPage\":{\"@id\":\"https:\/\/luchonoticias.com\/editor\/en-chapinero-alcaldia-celebro-el-dia-de-la-mujer-rural\/\"},\"wordCount\":492,\"commentCount\":0,\"publisher\":{\"@id\":\"https:\/\/luchonoticias.com\/editor\/#\/schema\/person\/7a7fd911f58561fd056dbac7b55af9cd\"},\"image\":{\"@id\":\"https:\/\/luchonoticias.com\/editor\/en-chapinero-alcaldia-celebro-el-dia-de-la-mujer-rural\/#primaryimage\"},\"thumbnailUrl\":\"https:\/\/luchonoticias.com\/wp-content\/uploads\/2022\/11\/WhatsApp-Image-2022-11-21-at-6.04.37-PM-1024x768.jpeg\",\"articleSection\":[\"Comunidad\",\"Destacado\"],\"inLanguage\":\"es\",\"potentialAction\":[{\"@type\":\"CommentAction\",\"name\":\"Comment\",\"target\":[\"https:\/\/luchonoticias.com\/editor\/en-chapinero-alcaldia-celebro-el-dia-de-la-mujer-rural\/#respond\"]}]},{\"@type\":\"WebPage\",\"@id\":\"https:\/\/luchonoticias.com\/editor\/en-chapinero-alcaldia-celebro-el-dia-de-la-mujer-rural\/\",\"url\":\"https:\/\/luchonoticias.com\/editor\/en-chapinero-alcaldia-celebro-el-dia-de-la-mujer-rural\/\",\"name\":\"En Chapinero, Alcald\u00eda celebr\u00f3 el D\u00eda de La Mujer Rural -\",\"isPartOf\":{\"@id\":\"https:\/\/luchonoticias.com\/editor\/#website\"},\"primaryImageOfPage\":{\"@id\":\"https:\/\/luchonoticias.com\/editor\/en-chapinero-alcaldia-celebro-el-dia-de-la-mujer-rural\/#primaryimage\"},\"image\":{\"@id\":\"https:\/\/luchonoticias.com\/editor\/en-chapinero-alcaldia-celebro-el-dia-de-la-mujer-rural\/#primaryimage\"},\"thumbnailUrl\":\"https:\/\/luchonoticias.com\/wp-content\/uploads\/2022\/11\/WhatsApp-Image-2022-11-21-at-6.04.37-PM-1024x768.jpeg\",\"datePublished\":\"2022-11-22T11:33:39+00:00\",\"dateModified\":\"2022-11-22T11:33:40+00:00\",\"breadcrumb\":{\"@id\":\"https:\/\/luchonoticias.com\/editor\/en-chapinero-alcaldia-celebro-el-dia-de-la-mujer-rural\/#breadcrumb\"},\"inLanguage\":\"es\",\"potentialAction\":[{\"@type\":\"ReadAction\",\"target\":[\"https:\/\/luchonoticias.com\/editor\/en-chapinero-alcaldia-celebro-el-dia-de-la-mujer-rural\/\"]}]},{\"@type\":\"ImageObject\",\"inLanguage\":\"es\",\"@id\":\"https:\/\/luchonoticias.com\/editor\/en-chapinero-alcaldia-celebro-el-dia-de-la-mujer-rural\/#primaryimage\",\"url\":\"https:\/\/luchonoticias.com\/wp-content\/uploads\/2022\/11\/WhatsApp-Image-2022-11-21-at-6.04.37-PM-1024x768.jpeg\",\"contentUrl\":\"https:\/\/luchonoticias.com\/wp-content\/uploads\/2022\/11\/WhatsApp-Image-2022-11-21-at-6.04.37-PM-1024x768.jpeg\"},{\"@type\":\"BreadcrumbList\",\"@id\":\"https:\/\/luchonoticias.com\/editor\/en-chapinero-alcaldia-celebro-el-dia-de-la-mujer-rural\/#breadcrumb\",\"itemListElement\":[{\"@type\":\"ListItem\",\"position\":1,\"name\":\"Portada\",\"item\":\"https:\/\/luchonoticias.com\/editor\/\"},{\"@type\":\"ListItem\",\"position\":2,\"name\":\"En Chapinero, Alcald\u00eda celebr\u00f3 el D\u00eda de La Mujer Rural\"}]},{\"@type\":\"WebSite\",\"@id\":\"https:\/\/luchonoticias.com\/editor\/#website\",\"url\":\"https:\/\/luchonoticias.com\/editor\/\",\"name\":\"\",\"description\":\"\",\"publisher\":{\"@id\":\"https:\/\/luchonoticias.com\/editor\/#\/schema\/person\/7a7fd911f58561fd056dbac7b55af9cd\"},\"potentialAction\":[{\"@type\":\"SearchAction\",\"target\":{\"@type\":\"EntryPoint\",\"urlTemplate\":\"https:\/\/luchonoticias.com\/editor\/?s={search_term_string}\"},\"query-input\":{\"@type\":\"PropertyValueSpecification\",\"valueRequired\":true,\"valueName\":\"search_term_string\"}}],\"inLanguage\":\"es\"},{\"@type\":[\"Person\",\"Organization\"],\"@id\":\"https:\/\/luchonoticias.com\/editor\/#\/schema\/person\/7a7fd911f58561fd056dbac7b55af9cd\",\"name\":\"admin\",\"image\":{\"@type\":\"ImageObject\",\"inLanguage\":\"es\",\"@id\":\"https:\/\/luchonoticias.com\/editor\/#\/schema\/person\/image\/\",\"url\":\"https:\/\/luchonoticias.com\/editor\/wp-content\/uploads\/2024\/02\/cropped-cropped-logolu.webp\",\"contentUrl\":\"https:\/\/luchonoticias.com\/editor\/wp-content\/uploads\/2024\/02\/cropped-cropped-logolu.webp\",\"width\":382,\"height\":170,\"caption\":\"admin\"},\"logo\":{\"@id\":\"https:\/\/luchonoticias.com\/editor\/#\/schema\/person\/image\/\"},\"sameAs\":[\"https:\/\/www.facebook.com\/luchonoticiasneiva\"],\"url\":\"https:\/\/luchonoticias.com\/editor\/author\/admin\/\"}]}<\/script>\n<!-- \/ Yoast SEO plugin. -->","yoast_head_json":{"title":"En Chapinero, Alcald\u00eda celebr\u00f3 el D\u00eda de La Mujer Rural -","robots":{"index":"index","follow":"follow","max-snippet":"max-snippet:-1","max-image-preview":"max-image-preview:large","max-video-preview":"max-video-preview:-1"},"canonical":"https:\/\/luchonoticias.com\/editor\/en-chapinero-alcaldia-celebro-el-dia-de-la-mujer-rural\/","og_locale":"es_ES","og_type":"article","og_title":"En Chapinero, Alcald\u00eda celebr\u00f3 el D\u00eda de La Mujer Rural -","og_url":"https:\/\/luchonoticias.com\/editor\/en-chapinero-alcaldia-celebro-el-dia-de-la-mujer-rural\/","article_publisher":"https:\/\/www.facebook.com\/luchonoticiasneiva","article_author":"https:\/\/www.facebook.com\/luchonoticiasneiva","article_published_time":"2022-11-22T11:33:39+00:00","article_modified_time":"2022-11-22T11:33:40+00:00","og_image":[{"url":"https:\/\/luchonoticias.com\/wp-content\/uploads\/2022\/11\/WhatsApp-Image-2022-11-21-at-6.04.37-PM-1024x768.jpeg","type":"","width":"","height":""}],"author":"admin","twitter_card":"summary_large_image","twitter_misc":{"Escrito por":"admin","Tiempo de lectura":"2 minutos"},"schema":{"@context":"https:\/\/schema.org","@graph":[{"@type":"Article","@id":"https:\/\/luchonoticias.com\/editor\/en-chapinero-alcaldia-celebro-el-dia-de-la-mujer-rural\/#article","isPartOf":{"@id":"https:\/\/luchonoticias.com\/editor\/en-chapinero-alcaldia-celebro-el-dia-de-la-mujer-rural\/"},"author":{"name":"admin","@id":"https:\/\/luchonoticias.com\/editor\/#\/schema\/person\/7a7fd911f58561fd056dbac7b55af9cd"},"headline":"En Chapinero, Alcald\u00eda celebr\u00f3 el D\u00eda de La Mujer Rural","datePublished":"2022-11-22T11:33:39+00:00","dateModified":"2022-11-22T11:33:40+00:00","mainEntityOfPage":{"@id":"https:\/\/luchonoticias.com\/editor\/en-chapinero-alcaldia-celebro-el-dia-de-la-mujer-rural\/"},"wordCount":492,"commentCount":0,"publisher":{"@id":"https:\/\/luchonoticias.com\/editor\/#\/schema\/person\/7a7fd911f58561fd056dbac7b55af9cd"},"image":{"@id":"https:\/\/luchonoticias.com\/editor\/en-chapinero-alcaldia-celebro-el-dia-de-la-mujer-rural\/#primaryimage"},"thumbnailUrl":"https:\/\/luchonoticias.com\/wp-content\/uploads\/2022\/11\/WhatsApp-Image-2022-11-21-at-6.04.37-PM-1024x768.jpeg","articleSection":["Comunidad","Destacado"],"inLanguage":"es","potentialAction":[{"@type":"CommentAction","name":"Comment","target":["https:\/\/luchonoticias.com\/editor\/en-chapinero-alcaldia-celebro-el-dia-de-la-mujer-rural\/#respond"]}]},{"@type":"WebPage","@id":"https:\/\/luchonoticias.com\/editor\/en-chapinero-alcaldia-celebro-el-dia-de-la-mujer-rural\/","url":"https:\/\/luchonoticias.com\/editor\/en-chapinero-alcaldia-celebro-el-dia-de-la-mujer-rural\/","name":"En Chapinero, Alcald\u00eda celebr\u00f3 el D\u00eda de La Mujer Rural -","isPartOf":{"@id":"https:\/\/luchonoticias.com\/editor\/#website"},"primaryImageOfPage":{"@id":"https:\/\/luchonoticias.com\/editor\/en-chapinero-alcaldia-celebro-el-dia-de-la-mujer-rural\/#primaryimage"},"image":{"@id":"https:\/\/luchonoticias.com\/editor\/en-chapinero-alcaldia-celebro-el-dia-de-la-mujer-rural\/#primaryimage"},"thumbnailUrl":"https:\/\/luchonoticias.com\/wp-content\/uploads\/2022\/11\/WhatsApp-Image-2022-11-21-at-6.04.37-PM-1024x768.jpeg","datePublished":"2022-11-22T11:33:39+00:00","dateModified":"2022-11-22T11:33:40+00:00","breadcrumb":{"@id":"https:\/\/luchonoticias.com\/editor\/en-chapinero-alcaldia-celebro-el-dia-de-la-mujer-rural\/#breadcrumb"},"inLanguage":"es","potentialAction":[{"@type":"ReadAction","target":["https:\/\/luchonoticias.com\/editor\/en-chapinero-alcaldia-celebro-el-dia-de-la-mujer-rural\/"]}]},{"@type":"ImageObject","inLanguage":"es","@id":"https:\/\/luchonoticias.com\/editor\/en-chapinero-alcaldia-celebro-el-dia-de-la-mujer-rural\/#primaryimage","url":"https:\/\/luchonoticias.com\/wp-content\/uploads\/2022\/11\/WhatsApp-Image-2022-11-21-at-6.04.37-PM-1024x768.jpeg","contentUrl":"https:\/\/luchonoticias.com\/wp-content\/uploads\/2022\/11\/WhatsApp-Image-2022-11-21-at-6.04.37-PM-1024x768.jpeg"},{"@type":"BreadcrumbList","@id":"https:\/\/luchonoticias.com\/editor\/en-chapinero-alcaldia-celebro-el-dia-de-la-mujer-rural\/#breadcrumb","itemListElement":[{"@type":"ListItem","position":1,"name":"Portada","item":"https:\/\/luchonoticias.com\/editor\/"},{"@type":"ListItem","position":2,"name":"En Chapinero, Alcald\u00eda celebr\u00f3 el D\u00eda de La Mujer Rural"}]},{"@type":"WebSite","@id":"https:\/\/luchonoticias.com\/editor\/#website","url":"https:\/\/luchonoticias.com\/editor\/","name":"","description":"","publisher":{"@id":"https:\/\/luchonoticias.com\/editor\/#\/schema\/person\/7a7fd911f58561fd056dbac7b55af9cd"},"potentialAction":[{"@type":"SearchAction","target":{"@type":"EntryPoint","urlTemplate":"https:\/\/luchonoticias.com\/editor\/?s={search_term_string}"},"query-input":{"@type":"PropertyValueSpecification","valueRequired":true,"valueName":"search_term_string"}}],"inLanguage":"es"},{"@type":["Person","Organization"],"@id":"https:\/\/luchonoticias.com\/editor\/#\/schema\/person\/7a7fd911f58561fd056dbac7b55af9cd","name":"admin","image":{"@type":"ImageObject","inLanguage":"es","@id":"https:\/\/luchonoticias.com\/editor\/#\/schema\/person\/image\/","url":"https:\/\/luchonoticias.com\/editor\/wp-content\/uploads\/2024\/02\/cropped-cropped-logolu.webp","contentUrl":"https:\/\/luchonoticias.com\/editor\/wp-content\/uploads\/2024\/02\/cropped-cropped-logolu.webp","width":382,"height":170,"caption":"admin"},"logo":{"@id":"https:\/\/luchonoticias.com\/editor\/#\/schema\/person\/image\/"},"sameAs":["https:\/\/www.facebook.com\/luchonoticiasneiva"],"url":"https:\/\/luchonoticias.com\/editor\/author\/admin\/"}]}},"_links":{"self":[{"href":"https:\/\/luchonoticias.com\/editor\/wp-json\/wp\/v2\/posts\/40060","targetHints":{"allow":["GET"]}}],"collection":[{"href":"https:\/\/luchonoticias.com\/editor\/wp-json\/wp\/v2\/posts"}],"about":[{"href":"https:\/\/luchonoticias.com\/editor\/wp-json\/wp\/v2\/types\/post"}],"author":[{"embeddable":true,"href":"https:\/\/luchonoticias.com\/editor\/wp-json\/wp\/v2\/users\/1"}],"replies":[{"embeddable":true,"href":"https:\/\/luchonoticias.com\/editor\/wp-json\/wp\/v2\/comments?post=40060"}],"version-history":[{"count":0,"href":"https:\/\/luchonoticias.com\/editor\/wp-json\/wp\/v2\/posts\/40060\/revisions"}],"wp:attachment":[{"href":"https:\/\/luchonoticias.com\/editor\/wp-json\/wp\/v2\/media?parent=40060"}],"wp:term":[{"taxonomy":"category","embeddable":true,"href":"https:\/\/luchonoticias.com\/editor\/wp-json\/wp\/v2\/categories?post=40060"},{"taxonomy":"post_tag","embeddable":true,"href":"https:\/\/luchonoticias.com\/editor\/wp-json\/wp\/v2\/tags?post=40060"}],"curies":[{"name":"wp","href":"https:\/\/api.w.org\/{rel}","templated":true}]}}