{"id":40077,"date":"2022-11-22T06:42:15","date_gmt":"2022-11-22T11:42:15","guid":{"rendered":"https:\/\/luchonoticias.com\/?p=40077"},"modified":"2022-11-22T06:42:16","modified_gmt":"2022-11-22T11:42:16","slug":"a-los-79-anos-fallecio-el-cantautor-cubano-pablo-milanes","status":"publish","type":"post","link":"https:\/\/luchonoticias.com\/editor\/a-los-79-anos-fallecio-el-cantautor-cubano-pablo-milanes\/","title":{"rendered":"A los 79 a\u00f1os falleci\u00f3 el cantautor cubano Pablo Milan\u00e9s"},"content":{"rendered":"\n<p>As\u00ed lo inform\u00f3 la oficina de prensa del artista a trav\u00e9s de un comunicado, quienes indicaron, \u00abCon gran dolor y tristeza, lamentamos informar que el maestro Pablo Milan\u00e9s ha fallecido esta madrugada del 22 de noviembre en Madrid. Agradecemos profundamente todas las muestras de cari\u00f1o y apoyo, a toda su familia y amigos, en estos momentos tan dif\u00edciles. Que descanse en el amor y en la paz que siempre ha transmitido. Permanecer\u00e1 eternamente en nuestra memoria\u00bb.<\/p>\n\n\n\n<p>Pablo Milan\u00e9s, el autor de canciones como \u201cYolanda\u201d, \u201cYo no te pido\u201d, \u201cEl breve espacio en que no est\u00e1s\u201d, entre otras que lo inmortalizaron, falleci\u00f3 en Madrid, donde resid\u00eda desde hace a\u00f1os para recibir tratamiento m\u00e9dico por un c\u00e1ncer, seg\u00fan inform\u00f3 el diario El Pa\u00eds de la capital espa\u00f1ola.<\/p>\n\n\n\n<p>El pasado 11 de noviembre, las redes sociales oficiales del artista hab\u00edan difundido que el maestro estaba hospitalizado y siendo tratado por \u00ablos efectos de una serie de infecciones recurrentes que en los \u00faltimos tres meses han venido afectando a su estado de salud\u00bb.<\/p>\n","protected":false},"excerpt":{"rendered":"<p>As\u00ed lo inform\u00f3 la oficina de prensa del artista a trav\u00e9s de un comunicado, quienes indicaron, \u00abCon gran dolor y tristeza, lamentamos informar que el maestro Pablo Milan\u00e9s ha fallecido esta madrugada del 22 de noviembre en Madrid. Agradecemos profundamente todas las muestras de cari\u00f1o y apoyo, a toda su familia y amigos, en estos [&hellip;]<\/p>\n","protected":false},"author":1,"featured_media":0,"comment_status":"open","ping_status":"open","sticky":false,"template":"","format":"standard","meta":{"footnotes":""},"categories":[28,36],"tags":[],"class_list":["post-40077","post","type-post","status-publish","format-standard","hentry","category-actualidad","category-destacado"],"yoast_head":"<!-- This site is optimized with the Yoast SEO plugin v26.6 - https:\/\/yoast.com\/wordpress\/plugins\/seo\/ -->\n<title>A los 79 a\u00f1os falleci\u00f3 el cantautor cubano Pablo Milan\u00e9s -<\/title>\n<meta name=\"robots\" content=\"index, follow, max-snippet:-1, max-image-preview:large, max-video-preview:-1\" \/>\n<link rel=\"canonical\" href=\"https:\/\/luchonoticias.com\/editor\/a-los-79-anos-fallecio-el-cantautor-cubano-pablo-milanes\/\" \/>\n<meta property=\"og:locale\" content=\"es_ES\" \/>\n<meta property=\"og:type\" content=\"article\" \/>\n<meta property=\"og:title\" content=\"A los 79 a\u00f1os falleci\u00f3 el cantautor cubano Pablo Milan\u00e9s -\" \/>\n<meta property=\"og:url\" content=\"https:\/\/luchonoticias.com\/editor\/a-los-79-anos-fallecio-el-cantautor-cubano-pablo-milanes\/\" \/>\n<meta property=\"article:publisher\" content=\"https:\/\/www.facebook.com\/luchonoticiasneiva\" \/>\n<meta property=\"article:author\" content=\"https:\/\/www.facebook.com\/luchonoticiasneiva\" \/>\n<meta property=\"article:published_time\" content=\"2022-11-22T11:42:15+00:00\" \/>\n<meta property=\"article:modified_time\" content=\"2022-11-22T11:42:16+00:00\" \/>\n<meta name=\"author\" content=\"admin\" \/>\n<meta name=\"twitter:card\" content=\"summary_large_image\" \/>\n<meta name=\"twitter:label1\" content=\"Escrito por\" \/>\n\t<meta name=\"twitter:data1\" content=\"admin\" \/>\n\t<meta name=\"twitter:label2\" content=\"Tiempo de lectura\" \/>\n\t<meta name=\"twitter:data2\" content=\"1 minuto\" \/>\n<script type=\"application\/ld+json\" class=\"yoast-schema-graph\">{\"@context\":\"https:\/\/schema.org\",\"@graph\":[{\"@type\":\"Article\",\"@id\":\"https:\/\/luchonoticias.com\/editor\/a-los-79-anos-fallecio-el-cantautor-cubano-pablo-milanes\/#article\",\"isPartOf\":{\"@id\":\"https:\/\/luchonoticias.com\/editor\/a-los-79-anos-fallecio-el-cantautor-cubano-pablo-milanes\/\"},\"author\":{\"name\":\"admin\",\"@id\":\"https:\/\/luchonoticias.com\/editor\/#\/schema\/person\/7a7fd911f58561fd056dbac7b55af9cd\"},\"headline\":\"A los 79 a\u00f1os falleci\u00f3 el cantautor cubano Pablo Milan\u00e9s\",\"datePublished\":\"2022-11-22T11:42:15+00:00\",\"dateModified\":\"2022-11-22T11:42:16+00:00\",\"mainEntityOfPage\":{\"@id\":\"https:\/\/luchonoticias.com\/editor\/a-los-79-anos-fallecio-el-cantautor-cubano-pablo-milanes\/\"},\"wordCount\":192,\"commentCount\":0,\"publisher\":{\"@id\":\"https:\/\/luchonoticias.com\/editor\/#\/schema\/person\/7a7fd911f58561fd056dbac7b55af9cd\"},\"articleSection\":[\"Actualidad\",\"Destacado\"],\"inLanguage\":\"es\",\"potentialAction\":[{\"@type\":\"CommentAction\",\"name\":\"Comment\",\"target\":[\"https:\/\/luchonoticias.com\/editor\/a-los-79-anos-fallecio-el-cantautor-cubano-pablo-milanes\/#respond\"]}]},{\"@type\":\"WebPage\",\"@id\":\"https:\/\/luchonoticias.com\/editor\/a-los-79-anos-fallecio-el-cantautor-cubano-pablo-milanes\/\",\"url\":\"https:\/\/luchonoticias.com\/editor\/a-los-79-anos-fallecio-el-cantautor-cubano-pablo-milanes\/\",\"name\":\"A los 79 a\u00f1os falleci\u00f3 el cantautor cubano Pablo Milan\u00e9s -\",\"isPartOf\":{\"@id\":\"https:\/\/luchonoticias.com\/editor\/#website\"},\"datePublished\":\"2022-11-22T11:42:15+00:00\",\"dateModified\":\"2022-11-22T11:42:16+00:00\",\"breadcrumb\":{\"@id\":\"https:\/\/luchonoticias.com\/editor\/a-los-79-anos-fallecio-el-cantautor-cubano-pablo-milanes\/#breadcrumb\"},\"inLanguage\":\"es\",\"potentialAction\":[{\"@type\":\"ReadAction\",\"target\":[\"https:\/\/luchonoticias.com\/editor\/a-los-79-anos-fallecio-el-cantautor-cubano-pablo-milanes\/\"]}]},{\"@type\":\"BreadcrumbList\",\"@id\":\"https:\/\/luchonoticias.com\/editor\/a-los-79-anos-fallecio-el-cantautor-cubano-pablo-milanes\/#breadcrumb\",\"itemListElement\":[{\"@type\":\"ListItem\",\"position\":1,\"name\":\"Portada\",\"item\":\"https:\/\/luchonoticias.com\/editor\/\"},{\"@type\":\"ListItem\",\"position\":2,\"name\":\"A los 79 a\u00f1os falleci\u00f3 el cantautor cubano Pablo Milan\u00e9s\"}]},{\"@type\":\"WebSite\",\"@id\":\"https:\/\/luchonoticias.com\/editor\/#website\",\"url\":\"https:\/\/luchonoticias.com\/editor\/\",\"name\":\"\",\"description\":\"\",\"publisher\":{\"@id\":\"https:\/\/luchonoticias.com\/editor\/#\/schema\/person\/7a7fd911f58561fd056dbac7b55af9cd\"},\"potentialAction\":[{\"@type\":\"SearchAction\",\"target\":{\"@type\":\"EntryPoint\",\"urlTemplate\":\"https:\/\/luchonoticias.com\/editor\/?s={search_term_string}\"},\"query-input\":{\"@type\":\"PropertyValueSpecification\",\"valueRequired\":true,\"valueName\":\"search_term_string\"}}],\"inLanguage\":\"es\"},{\"@type\":[\"Person\",\"Organization\"],\"@id\":\"https:\/\/luchonoticias.com\/editor\/#\/schema\/person\/7a7fd911f58561fd056dbac7b55af9cd\",\"name\":\"admin\",\"image\":{\"@type\":\"ImageObject\",\"inLanguage\":\"es\",\"@id\":\"https:\/\/luchonoticias.com\/editor\/#\/schema\/person\/image\/\",\"url\":\"https:\/\/luchonoticias.com\/editor\/wp-content\/uploads\/2024\/02\/cropped-cropped-logolu.webp\",\"contentUrl\":\"https:\/\/luchonoticias.com\/editor\/wp-content\/uploads\/2024\/02\/cropped-cropped-logolu.webp\",\"width\":382,\"height\":170,\"caption\":\"admin\"},\"logo\":{\"@id\":\"https:\/\/luchonoticias.com\/editor\/#\/schema\/person\/image\/\"},\"sameAs\":[\"https:\/\/www.facebook.com\/luchonoticiasneiva\"],\"url\":\"https:\/\/luchonoticias.com\/editor\/author\/admin\/\"}]}<\/script>\n<!-- \/ Yoast SEO plugin. -->","yoast_head_json":{"title":"A los 79 a\u00f1os falleci\u00f3 el cantautor cubano Pablo Milan\u00e9s -","robots":{"index":"index","follow":"follow","max-snippet":"max-snippet:-1","max-image-preview":"max-image-preview:large","max-video-preview":"max-video-preview:-1"},"canonical":"https:\/\/luchonoticias.com\/editor\/a-los-79-anos-fallecio-el-cantautor-cubano-pablo-milanes\/","og_locale":"es_ES","og_type":"article","og_title":"A los 79 a\u00f1os falleci\u00f3 el cantautor cubano Pablo Milan\u00e9s -","og_url":"https:\/\/luchonoticias.com\/editor\/a-los-79-anos-fallecio-el-cantautor-cubano-pablo-milanes\/","article_publisher":"https:\/\/www.facebook.com\/luchonoticiasneiva","article_author":"https:\/\/www.facebook.com\/luchonoticiasneiva","article_published_time":"2022-11-22T11:42:15+00:00","article_modified_time":"2022-11-22T11:42:16+00:00","author":"admin","twitter_card":"summary_large_image","twitter_misc":{"Escrito por":"admin","Tiempo de lectura":"1 minuto"},"schema":{"@context":"https:\/\/schema.org","@graph":[{"@type":"Article","@id":"https:\/\/luchonoticias.com\/editor\/a-los-79-anos-fallecio-el-cantautor-cubano-pablo-milanes\/#article","isPartOf":{"@id":"https:\/\/luchonoticias.com\/editor\/a-los-79-anos-fallecio-el-cantautor-cubano-pablo-milanes\/"},"author":{"name":"admin","@id":"https:\/\/luchonoticias.com\/editor\/#\/schema\/person\/7a7fd911f58561fd056dbac7b55af9cd"},"headline":"A los 79 a\u00f1os falleci\u00f3 el cantautor cubano Pablo Milan\u00e9s","datePublished":"2022-11-22T11:42:15+00:00","dateModified":"2022-11-22T11:42:16+00:00","mainEntityOfPage":{"@id":"https:\/\/luchonoticias.com\/editor\/a-los-79-anos-fallecio-el-cantautor-cubano-pablo-milanes\/"},"wordCount":192,"commentCount":0,"publisher":{"@id":"https:\/\/luchonoticias.com\/editor\/#\/schema\/person\/7a7fd911f58561fd056dbac7b55af9cd"},"articleSection":["Actualidad","Destacado"],"inLanguage":"es","potentialAction":[{"@type":"CommentAction","name":"Comment","target":["https:\/\/luchonoticias.com\/editor\/a-los-79-anos-fallecio-el-cantautor-cubano-pablo-milanes\/#respond"]}]},{"@type":"WebPage","@id":"https:\/\/luchonoticias.com\/editor\/a-los-79-anos-fallecio-el-cantautor-cubano-pablo-milanes\/","url":"https:\/\/luchonoticias.com\/editor\/a-los-79-anos-fallecio-el-cantautor-cubano-pablo-milanes\/","name":"A los 79 a\u00f1os falleci\u00f3 el cantautor cubano Pablo Milan\u00e9s -","isPartOf":{"@id":"https:\/\/luchonoticias.com\/editor\/#website"},"datePublished":"2022-11-22T11:42:15+00:00","dateModified":"2022-11-22T11:42:16+00:00","breadcrumb":{"@id":"https:\/\/luchonoticias.com\/editor\/a-los-79-anos-fallecio-el-cantautor-cubano-pablo-milanes\/#breadcrumb"},"inLanguage":"es","potentialAction":[{"@type":"ReadAction","target":["https:\/\/luchonoticias.com\/editor\/a-los-79-anos-fallecio-el-cantautor-cubano-pablo-milanes\/"]}]},{"@type":"BreadcrumbList","@id":"https:\/\/luchonoticias.com\/editor\/a-los-79-anos-fallecio-el-cantautor-cubano-pablo-milanes\/#breadcrumb","itemListElement":[{"@type":"ListItem","position":1,"name":"Portada","item":"https:\/\/luchonoticias.com\/editor\/"},{"@type":"ListItem","position":2,"name":"A los 79 a\u00f1os falleci\u00f3 el cantautor cubano Pablo Milan\u00e9s"}]},{"@type":"WebSite","@id":"https:\/\/luchonoticias.com\/editor\/#website","url":"https:\/\/luchonoticias.com\/editor\/","name":"","description":"","publisher":{"@id":"https:\/\/luchonoticias.com\/editor\/#\/schema\/person\/7a7fd911f58561fd056dbac7b55af9cd"},"potentialAction":[{"@type":"SearchAction","target":{"@type":"EntryPoint","urlTemplate":"https:\/\/luchonoticias.com\/editor\/?s={search_term_string}"},"query-input":{"@type":"PropertyValueSpecification","valueRequired":true,"valueName":"search_term_string"}}],"inLanguage":"es"},{"@type":["Person","Organization"],"@id":"https:\/\/luchonoticias.com\/editor\/#\/schema\/person\/7a7fd911f58561fd056dbac7b55af9cd","name":"admin","image":{"@type":"ImageObject","inLanguage":"es","@id":"https:\/\/luchonoticias.com\/editor\/#\/schema\/person\/image\/","url":"https:\/\/luchonoticias.com\/editor\/wp-content\/uploads\/2024\/02\/cropped-cropped-logolu.webp","contentUrl":"https:\/\/luchonoticias.com\/editor\/wp-content\/uploads\/2024\/02\/cropped-cropped-logolu.webp","width":382,"height":170,"caption":"admin"},"logo":{"@id":"https:\/\/luchonoticias.com\/editor\/#\/schema\/person\/image\/"},"sameAs":["https:\/\/www.facebook.com\/luchonoticiasneiva"],"url":"https:\/\/luchonoticias.com\/editor\/author\/admin\/"}]}},"_links":{"self":[{"href":"https:\/\/luchonoticias.com\/editor\/wp-json\/wp\/v2\/posts\/40077","targetHints":{"allow":["GET"]}}],"collection":[{"href":"https:\/\/luchonoticias.com\/editor\/wp-json\/wp\/v2\/posts"}],"about":[{"href":"https:\/\/luchonoticias.com\/editor\/wp-json\/wp\/v2\/types\/post"}],"author":[{"embeddable":true,"href":"https:\/\/luchonoticias.com\/editor\/wp-json\/wp\/v2\/users\/1"}],"replies":[{"embeddable":true,"href":"https:\/\/luchonoticias.com\/editor\/wp-json\/wp\/v2\/comments?post=40077"}],"version-history":[{"count":0,"href":"https:\/\/luchonoticias.com\/editor\/wp-json\/wp\/v2\/posts\/40077\/revisions"}],"wp:attachment":[{"href":"https:\/\/luchonoticias.com\/editor\/wp-json\/wp\/v2\/media?parent=40077"}],"wp:term":[{"taxonomy":"category","embeddable":true,"href":"https:\/\/luchonoticias.com\/editor\/wp-json\/wp\/v2\/categories?post=40077"},{"taxonomy":"post_tag","embeddable":true,"href":"https:\/\/luchonoticias.com\/editor\/wp-json\/wp\/v2\/tags?post=40077"}],"curies":[{"name":"wp","href":"https:\/\/api.w.org\/{rel}","templated":true}]}}