{"id":40085,"date":"2022-11-22T06:53:42","date_gmt":"2022-11-22T11:53:42","guid":{"rendered":"https:\/\/luchonoticias.com\/?p=40085"},"modified":"2022-11-22T06:53:43","modified_gmt":"2022-11-22T11:53:43","slug":"la-calle-18-entre-carrera-4-y-5-al-servicio-de-los-neivanos-desde-el-mes-de-diciembre","status":"publish","type":"post","link":"https:\/\/luchonoticias.com\/editor\/la-calle-18-entre-carrera-4-y-5-al-servicio-de-los-neivanos-desde-el-mes-de-diciembre\/","title":{"rendered":"La calle 18 entre carrera 4 y 5, al servicio de los neivanos desde el mes de diciembre"},"content":{"rendered":"\n<p>As\u00ed lo dio a conocer el ingeniero residente de las obras de pavimentaci\u00f3n del contrato de 18 v\u00edas urbanas, Daniel Manrique, lideradas por el gobierno \u201cHuila Crece\u201d, donde se han invertido recursos adicionales que superan los $19.000 millones.<\/p>\n\n\n\n<p>\u201cEn la calle 18 tuvimos una pavimentaci\u00f3n con una estructura de pavimento de 18 cent\u00edmetros con un concreto MR45 con el cual se construyeron 100 metros lineales. El tiempo en el que se realiz\u00f3 fueron 15 d\u00edas para terminar todo el proceso constructivo de la placa, a continuaci\u00f3n en estos momentos el pasado martes se termin\u00f3 todo el proceso constructivo de la v\u00eda, la cual ahora estamos a la espera de los 28 d\u00edas para que el concreto nos alcance el 100% de la resistencia, para poder habilitar la v\u00eda y hacer su respectiva se\u00f1alizaci\u00f3n y\u00a0 ya queda terminada en su totalidad la calle 18\u201d, expres\u00f3 el profesional de la ingenier\u00eda.<\/p>\n\n\n\n<figure class=\"wp-block-gallery has-nested-images columns-default is-cropped wp-block-gallery-1 is-layout-flex wp-block-gallery-is-layout-flex\">\n<figure class=\"wp-block-image size-large is-style-rounded\"><img decoding=\"async\" data-id=\"40090\" src=\"https:\/\/luchonoticias.com\/wp-content\/uploads\/2022\/11\/WhatsApp-Image-2022-11-22-at-5.53.15-AM-1-1024x768.jpeg\" alt=\"\" class=\"wp-image-40090\"\/><\/figure>\n<\/figure>\n\n\n\n<p>Manrique a la vez argument\u00f3, que la comunidad neivana debe tener paciencia para no transitar con sus veh\u00edculos hasta que no se afiance el concreto sobre la v\u00eda.<\/p>\n\n\n\n<p>&nbsp;\u201cCon respecto a la comunidad que por favor tengan paciencia, a la espera a que no se vayan a habilitar para meter carros y nada porque si en estos momentos se me entra un carro o algo, es posible que se me quiebre una placa, porque no est\u00e1 al cien por ciento la resistencia todav\u00eda del concreto\u201d, explic\u00f3.<\/p>\n\n\n\n<p>Con respecto a la pavimentaci\u00f3n del primer tramo de la calle 51 en el norte de Neiva, el ingeniero, Daniel Manrique, anunci\u00f3 que en 8 d\u00edas se estar\u00eda pavimentando el primer tramo de ese sector.<\/p>\n\n\n\n<p>\u201cEn estos momentos con la calle 51 hemos contado con buen clima, entonces hemos estado trabajando constantemente, ya tengo 150 metros habilitados en rasante de v\u00eda, en estos momentos me encuentro en instalaci\u00f3n de sardineles para luego despu\u00e9s empezar con la pavimentaci\u00f3n de los primeros 150 metros lineales, el cronograma de pavimentaci\u00f3n est\u00e1 para ver si empezamos de aqu\u00ed a unos ocho d\u00edas estamos arrancando\u201d, a\u00f1adi\u00f3.<\/p>\n\n\n\n<figure class=\"wp-block-gallery has-nested-images columns-default is-cropped wp-block-gallery-2 is-layout-flex wp-block-gallery-is-layout-flex\">\n<figure class=\"wp-block-image size-large\"><img decoding=\"async\" data-id=\"40093\" src=\"https:\/\/luchonoticias.com\/wp-content\/uploads\/2022\/11\/WhatsApp-Image-2022-11-22-at-5.53.01-AM-1-1-1024x787.jpeg\" alt=\"\" class=\"wp-image-40093\"\/><\/figure>\n\n\n\n<figure class=\"wp-block-image size-large\"><img decoding=\"async\" data-id=\"40094\" src=\"https:\/\/luchonoticias.com\/wp-content\/uploads\/2022\/11\/WhatsApp-Image-2022-11-22-at-5.53.01-AM-2-1024x786.jpeg\" alt=\"\" class=\"wp-image-40094\"\/><\/figure>\n\n\n\n<figure class=\"wp-block-image size-large\"><img decoding=\"async\" data-id=\"40092\" src=\"https:\/\/luchonoticias.com\/wp-content\/uploads\/2022\/11\/WhatsApp-Image-2022-11-22-at-5.53.00-AM-1024x782.jpeg\" alt=\"\" class=\"wp-image-40092\"\/><\/figure>\n<\/figure>\n\n\n\n<p>Con respecto al segundo tramo de la obra el contratista argument\u00f3 que ya se inici\u00f3 con el mejoramiento de subrasante y nivelaci\u00f3n y topograf\u00eda del terreno y se espera que el tema del alcantarillado, Empresas P\u00fablicas d\u00e9 una pronta soluci\u00f3n a la ampliaci\u00f3n de tuber\u00edas de desag\u00fce, para poder terminar pronto la v\u00eda.<\/p>\n","protected":false},"excerpt":{"rendered":"<p>As\u00ed lo dio a conocer el ingeniero residente de las obras de pavimentaci\u00f3n del contrato de 18 v\u00edas urbanas, Daniel Manrique, lideradas por el gobierno \u201cHuila Crece\u201d, donde se han invertido recursos adicionales que superan los $19.000 millones. \u201cEn la calle 18 tuvimos una pavimentaci\u00f3n con una estructura de pavimento de 18 cent\u00edmetros con un [&hellip;]<\/p>\n","protected":false},"author":1,"featured_media":0,"comment_status":"open","ping_status":"open","sticky":false,"template":"","format":"standard","meta":{"footnotes":""},"categories":[36,31],"tags":[],"class_list":["post-40085","post","type-post","status-publish","format-standard","hentry","category-destacado","category-local"],"yoast_head":"<!-- This site is optimized with the Yoast SEO plugin v26.6 - https:\/\/yoast.com\/wordpress\/plugins\/seo\/ -->\n<title>La calle 18 entre carrera 4 y 5, al servicio de los neivanos desde el mes de diciembre -<\/title>\n<meta name=\"robots\" content=\"index, follow, max-snippet:-1, max-image-preview:large, max-video-preview:-1\" \/>\n<link rel=\"canonical\" href=\"https:\/\/luchonoticias.com\/editor\/la-calle-18-entre-carrera-4-y-5-al-servicio-de-los-neivanos-desde-el-mes-de-diciembre\/\" \/>\n<meta property=\"og:locale\" content=\"es_ES\" \/>\n<meta property=\"og:type\" content=\"article\" \/>\n<meta property=\"og:title\" content=\"La calle 18 entre carrera 4 y 5, al servicio de los neivanos desde el mes de diciembre -\" \/>\n<meta property=\"og:url\" content=\"https:\/\/luchonoticias.com\/editor\/la-calle-18-entre-carrera-4-y-5-al-servicio-de-los-neivanos-desde-el-mes-de-diciembre\/\" \/>\n<meta property=\"article:publisher\" content=\"https:\/\/www.facebook.com\/luchonoticiasneiva\" \/>\n<meta property=\"article:author\" content=\"https:\/\/www.facebook.com\/luchonoticiasneiva\" \/>\n<meta property=\"article:published_time\" content=\"2022-11-22T11:53:42+00:00\" \/>\n<meta property=\"article:modified_time\" content=\"2022-11-22T11:53:43+00:00\" \/>\n<meta property=\"og:image\" content=\"https:\/\/luchonoticias.com\/wp-content\/uploads\/2022\/11\/WhatsApp-Image-2022-11-22-at-5.53.15-AM-1-1024x768.jpeg\" \/>\n<meta name=\"author\" content=\"admin\" \/>\n<meta name=\"twitter:card\" content=\"summary_large_image\" \/>\n<meta name=\"twitter:label1\" content=\"Escrito por\" \/>\n\t<meta name=\"twitter:data1\" content=\"admin\" \/>\n\t<meta name=\"twitter:label2\" content=\"Tiempo de lectura\" \/>\n\t<meta name=\"twitter:data2\" content=\"2 minutos\" \/>\n<script type=\"application\/ld+json\" class=\"yoast-schema-graph\">{\"@context\":\"https:\/\/schema.org\",\"@graph\":[{\"@type\":\"Article\",\"@id\":\"https:\/\/luchonoticias.com\/editor\/la-calle-18-entre-carrera-4-y-5-al-servicio-de-los-neivanos-desde-el-mes-de-diciembre\/#article\",\"isPartOf\":{\"@id\":\"https:\/\/luchonoticias.com\/editor\/la-calle-18-entre-carrera-4-y-5-al-servicio-de-los-neivanos-desde-el-mes-de-diciembre\/\"},\"author\":{\"name\":\"admin\",\"@id\":\"https:\/\/luchonoticias.com\/editor\/#\/schema\/person\/7a7fd911f58561fd056dbac7b55af9cd\"},\"headline\":\"La calle 18 entre carrera 4 y 5, al servicio de los neivanos desde el mes de diciembre\",\"datePublished\":\"2022-11-22T11:53:42+00:00\",\"dateModified\":\"2022-11-22T11:53:43+00:00\",\"mainEntityOfPage\":{\"@id\":\"https:\/\/luchonoticias.com\/editor\/la-calle-18-entre-carrera-4-y-5-al-servicio-de-los-neivanos-desde-el-mes-de-diciembre\/\"},\"wordCount\":424,\"commentCount\":0,\"publisher\":{\"@id\":\"https:\/\/luchonoticias.com\/editor\/#\/schema\/person\/7a7fd911f58561fd056dbac7b55af9cd\"},\"image\":{\"@id\":\"https:\/\/luchonoticias.com\/editor\/la-calle-18-entre-carrera-4-y-5-al-servicio-de-los-neivanos-desde-el-mes-de-diciembre\/#primaryimage\"},\"thumbnailUrl\":\"https:\/\/luchonoticias.com\/wp-content\/uploads\/2022\/11\/WhatsApp-Image-2022-11-22-at-5.53.15-AM-1-1024x768.jpeg\",\"articleSection\":[\"Destacado\",\"Local\"],\"inLanguage\":\"es\",\"potentialAction\":[{\"@type\":\"CommentAction\",\"name\":\"Comment\",\"target\":[\"https:\/\/luchonoticias.com\/editor\/la-calle-18-entre-carrera-4-y-5-al-servicio-de-los-neivanos-desde-el-mes-de-diciembre\/#respond\"]}]},{\"@type\":\"WebPage\",\"@id\":\"https:\/\/luchonoticias.com\/editor\/la-calle-18-entre-carrera-4-y-5-al-servicio-de-los-neivanos-desde-el-mes-de-diciembre\/\",\"url\":\"https:\/\/luchonoticias.com\/editor\/la-calle-18-entre-carrera-4-y-5-al-servicio-de-los-neivanos-desde-el-mes-de-diciembre\/\",\"name\":\"La calle 18 entre carrera 4 y 5, al servicio de los neivanos desde el mes de diciembre -\",\"isPartOf\":{\"@id\":\"https:\/\/luchonoticias.com\/editor\/#website\"},\"primaryImageOfPage\":{\"@id\":\"https:\/\/luchonoticias.com\/editor\/la-calle-18-entre-carrera-4-y-5-al-servicio-de-los-neivanos-desde-el-mes-de-diciembre\/#primaryimage\"},\"image\":{\"@id\":\"https:\/\/luchonoticias.com\/editor\/la-calle-18-entre-carrera-4-y-5-al-servicio-de-los-neivanos-desde-el-mes-de-diciembre\/#primaryimage\"},\"thumbnailUrl\":\"https:\/\/luchonoticias.com\/wp-content\/uploads\/2022\/11\/WhatsApp-Image-2022-11-22-at-5.53.15-AM-1-1024x768.jpeg\",\"datePublished\":\"2022-11-22T11:53:42+00:00\",\"dateModified\":\"2022-11-22T11:53:43+00:00\",\"breadcrumb\":{\"@id\":\"https:\/\/luchonoticias.com\/editor\/la-calle-18-entre-carrera-4-y-5-al-servicio-de-los-neivanos-desde-el-mes-de-diciembre\/#breadcrumb\"},\"inLanguage\":\"es\",\"potentialAction\":[{\"@type\":\"ReadAction\",\"target\":[\"https:\/\/luchonoticias.com\/editor\/la-calle-18-entre-carrera-4-y-5-al-servicio-de-los-neivanos-desde-el-mes-de-diciembre\/\"]}]},{\"@type\":\"ImageObject\",\"inLanguage\":\"es\",\"@id\":\"https:\/\/luchonoticias.com\/editor\/la-calle-18-entre-carrera-4-y-5-al-servicio-de-los-neivanos-desde-el-mes-de-diciembre\/#primaryimage\",\"url\":\"https:\/\/luchonoticias.com\/wp-content\/uploads\/2022\/11\/WhatsApp-Image-2022-11-22-at-5.53.15-AM-1-1024x768.jpeg\",\"contentUrl\":\"https:\/\/luchonoticias.com\/wp-content\/uploads\/2022\/11\/WhatsApp-Image-2022-11-22-at-5.53.15-AM-1-1024x768.jpeg\"},{\"@type\":\"BreadcrumbList\",\"@id\":\"https:\/\/luchonoticias.com\/editor\/la-calle-18-entre-carrera-4-y-5-al-servicio-de-los-neivanos-desde-el-mes-de-diciembre\/#breadcrumb\",\"itemListElement\":[{\"@type\":\"ListItem\",\"position\":1,\"name\":\"Portada\",\"item\":\"https:\/\/luchonoticias.com\/editor\/\"},{\"@type\":\"ListItem\",\"position\":2,\"name\":\"La calle 18 entre carrera 4 y 5, al servicio de los neivanos desde el mes de diciembre\"}]},{\"@type\":\"WebSite\",\"@id\":\"https:\/\/luchonoticias.com\/editor\/#website\",\"url\":\"https:\/\/luchonoticias.com\/editor\/\",\"name\":\"\",\"description\":\"\",\"publisher\":{\"@id\":\"https:\/\/luchonoticias.com\/editor\/#\/schema\/person\/7a7fd911f58561fd056dbac7b55af9cd\"},\"potentialAction\":[{\"@type\":\"SearchAction\",\"target\":{\"@type\":\"EntryPoint\",\"urlTemplate\":\"https:\/\/luchonoticias.com\/editor\/?s={search_term_string}\"},\"query-input\":{\"@type\":\"PropertyValueSpecification\",\"valueRequired\":true,\"valueName\":\"search_term_string\"}}],\"inLanguage\":\"es\"},{\"@type\":[\"Person\",\"Organization\"],\"@id\":\"https:\/\/luchonoticias.com\/editor\/#\/schema\/person\/7a7fd911f58561fd056dbac7b55af9cd\",\"name\":\"admin\",\"image\":{\"@type\":\"ImageObject\",\"inLanguage\":\"es\",\"@id\":\"https:\/\/luchonoticias.com\/editor\/#\/schema\/person\/image\/\",\"url\":\"https:\/\/luchonoticias.com\/editor\/wp-content\/uploads\/2024\/02\/cropped-cropped-logolu.webp\",\"contentUrl\":\"https:\/\/luchonoticias.com\/editor\/wp-content\/uploads\/2024\/02\/cropped-cropped-logolu.webp\",\"width\":382,\"height\":170,\"caption\":\"admin\"},\"logo\":{\"@id\":\"https:\/\/luchonoticias.com\/editor\/#\/schema\/person\/image\/\"},\"sameAs\":[\"https:\/\/www.facebook.com\/luchonoticiasneiva\"],\"url\":\"https:\/\/luchonoticias.com\/editor\/author\/admin\/\"}]}<\/script>\n<!-- \/ Yoast SEO plugin. -->","yoast_head_json":{"title":"La calle 18 entre carrera 4 y 5, al servicio de los neivanos desde el mes de diciembre -","robots":{"index":"index","follow":"follow","max-snippet":"max-snippet:-1","max-image-preview":"max-image-preview:large","max-video-preview":"max-video-preview:-1"},"canonical":"https:\/\/luchonoticias.com\/editor\/la-calle-18-entre-carrera-4-y-5-al-servicio-de-los-neivanos-desde-el-mes-de-diciembre\/","og_locale":"es_ES","og_type":"article","og_title":"La calle 18 entre carrera 4 y 5, al servicio de los neivanos desde el mes de diciembre -","og_url":"https:\/\/luchonoticias.com\/editor\/la-calle-18-entre-carrera-4-y-5-al-servicio-de-los-neivanos-desde-el-mes-de-diciembre\/","article_publisher":"https:\/\/www.facebook.com\/luchonoticiasneiva","article_author":"https:\/\/www.facebook.com\/luchonoticiasneiva","article_published_time":"2022-11-22T11:53:42+00:00","article_modified_time":"2022-11-22T11:53:43+00:00","og_image":[{"url":"https:\/\/luchonoticias.com\/wp-content\/uploads\/2022\/11\/WhatsApp-Image-2022-11-22-at-5.53.15-AM-1-1024x768.jpeg","type":"","width":"","height":""}],"author":"admin","twitter_card":"summary_large_image","twitter_misc":{"Escrito por":"admin","Tiempo de lectura":"2 minutos"},"schema":{"@context":"https:\/\/schema.org","@graph":[{"@type":"Article","@id":"https:\/\/luchonoticias.com\/editor\/la-calle-18-entre-carrera-4-y-5-al-servicio-de-los-neivanos-desde-el-mes-de-diciembre\/#article","isPartOf":{"@id":"https:\/\/luchonoticias.com\/editor\/la-calle-18-entre-carrera-4-y-5-al-servicio-de-los-neivanos-desde-el-mes-de-diciembre\/"},"author":{"name":"admin","@id":"https:\/\/luchonoticias.com\/editor\/#\/schema\/person\/7a7fd911f58561fd056dbac7b55af9cd"},"headline":"La calle 18 entre carrera 4 y 5, al servicio de los neivanos desde el mes de diciembre","datePublished":"2022-11-22T11:53:42+00:00","dateModified":"2022-11-22T11:53:43+00:00","mainEntityOfPage":{"@id":"https:\/\/luchonoticias.com\/editor\/la-calle-18-entre-carrera-4-y-5-al-servicio-de-los-neivanos-desde-el-mes-de-diciembre\/"},"wordCount":424,"commentCount":0,"publisher":{"@id":"https:\/\/luchonoticias.com\/editor\/#\/schema\/person\/7a7fd911f58561fd056dbac7b55af9cd"},"image":{"@id":"https:\/\/luchonoticias.com\/editor\/la-calle-18-entre-carrera-4-y-5-al-servicio-de-los-neivanos-desde-el-mes-de-diciembre\/#primaryimage"},"thumbnailUrl":"https:\/\/luchonoticias.com\/wp-content\/uploads\/2022\/11\/WhatsApp-Image-2022-11-22-at-5.53.15-AM-1-1024x768.jpeg","articleSection":["Destacado","Local"],"inLanguage":"es","potentialAction":[{"@type":"CommentAction","name":"Comment","target":["https:\/\/luchonoticias.com\/editor\/la-calle-18-entre-carrera-4-y-5-al-servicio-de-los-neivanos-desde-el-mes-de-diciembre\/#respond"]}]},{"@type":"WebPage","@id":"https:\/\/luchonoticias.com\/editor\/la-calle-18-entre-carrera-4-y-5-al-servicio-de-los-neivanos-desde-el-mes-de-diciembre\/","url":"https:\/\/luchonoticias.com\/editor\/la-calle-18-entre-carrera-4-y-5-al-servicio-de-los-neivanos-desde-el-mes-de-diciembre\/","name":"La calle 18 entre carrera 4 y 5, al servicio de los neivanos desde el mes de diciembre -","isPartOf":{"@id":"https:\/\/luchonoticias.com\/editor\/#website"},"primaryImageOfPage":{"@id":"https:\/\/luchonoticias.com\/editor\/la-calle-18-entre-carrera-4-y-5-al-servicio-de-los-neivanos-desde-el-mes-de-diciembre\/#primaryimage"},"image":{"@id":"https:\/\/luchonoticias.com\/editor\/la-calle-18-entre-carrera-4-y-5-al-servicio-de-los-neivanos-desde-el-mes-de-diciembre\/#primaryimage"},"thumbnailUrl":"https:\/\/luchonoticias.com\/wp-content\/uploads\/2022\/11\/WhatsApp-Image-2022-11-22-at-5.53.15-AM-1-1024x768.jpeg","datePublished":"2022-11-22T11:53:42+00:00","dateModified":"2022-11-22T11:53:43+00:00","breadcrumb":{"@id":"https:\/\/luchonoticias.com\/editor\/la-calle-18-entre-carrera-4-y-5-al-servicio-de-los-neivanos-desde-el-mes-de-diciembre\/#breadcrumb"},"inLanguage":"es","potentialAction":[{"@type":"ReadAction","target":["https:\/\/luchonoticias.com\/editor\/la-calle-18-entre-carrera-4-y-5-al-servicio-de-los-neivanos-desde-el-mes-de-diciembre\/"]}]},{"@type":"ImageObject","inLanguage":"es","@id":"https:\/\/luchonoticias.com\/editor\/la-calle-18-entre-carrera-4-y-5-al-servicio-de-los-neivanos-desde-el-mes-de-diciembre\/#primaryimage","url":"https:\/\/luchonoticias.com\/wp-content\/uploads\/2022\/11\/WhatsApp-Image-2022-11-22-at-5.53.15-AM-1-1024x768.jpeg","contentUrl":"https:\/\/luchonoticias.com\/wp-content\/uploads\/2022\/11\/WhatsApp-Image-2022-11-22-at-5.53.15-AM-1-1024x768.jpeg"},{"@type":"BreadcrumbList","@id":"https:\/\/luchonoticias.com\/editor\/la-calle-18-entre-carrera-4-y-5-al-servicio-de-los-neivanos-desde-el-mes-de-diciembre\/#breadcrumb","itemListElement":[{"@type":"ListItem","position":1,"name":"Portada","item":"https:\/\/luchonoticias.com\/editor\/"},{"@type":"ListItem","position":2,"name":"La calle 18 entre carrera 4 y 5, al servicio de los neivanos desde el mes de diciembre"}]},{"@type":"WebSite","@id":"https:\/\/luchonoticias.com\/editor\/#website","url":"https:\/\/luchonoticias.com\/editor\/","name":"","description":"","publisher":{"@id":"https:\/\/luchonoticias.com\/editor\/#\/schema\/person\/7a7fd911f58561fd056dbac7b55af9cd"},"potentialAction":[{"@type":"SearchAction","target":{"@type":"EntryPoint","urlTemplate":"https:\/\/luchonoticias.com\/editor\/?s={search_term_string}"},"query-input":{"@type":"PropertyValueSpecification","valueRequired":true,"valueName":"search_term_string"}}],"inLanguage":"es"},{"@type":["Person","Organization"],"@id":"https:\/\/luchonoticias.com\/editor\/#\/schema\/person\/7a7fd911f58561fd056dbac7b55af9cd","name":"admin","image":{"@type":"ImageObject","inLanguage":"es","@id":"https:\/\/luchonoticias.com\/editor\/#\/schema\/person\/image\/","url":"https:\/\/luchonoticias.com\/editor\/wp-content\/uploads\/2024\/02\/cropped-cropped-logolu.webp","contentUrl":"https:\/\/luchonoticias.com\/editor\/wp-content\/uploads\/2024\/02\/cropped-cropped-logolu.webp","width":382,"height":170,"caption":"admin"},"logo":{"@id":"https:\/\/luchonoticias.com\/editor\/#\/schema\/person\/image\/"},"sameAs":["https:\/\/www.facebook.com\/luchonoticiasneiva"],"url":"https:\/\/luchonoticias.com\/editor\/author\/admin\/"}]}},"_links":{"self":[{"href":"https:\/\/luchonoticias.com\/editor\/wp-json\/wp\/v2\/posts\/40085","targetHints":{"allow":["GET"]}}],"collection":[{"href":"https:\/\/luchonoticias.com\/editor\/wp-json\/wp\/v2\/posts"}],"about":[{"href":"https:\/\/luchonoticias.com\/editor\/wp-json\/wp\/v2\/types\/post"}],"author":[{"embeddable":true,"href":"https:\/\/luchonoticias.com\/editor\/wp-json\/wp\/v2\/users\/1"}],"replies":[{"embeddable":true,"href":"https:\/\/luchonoticias.com\/editor\/wp-json\/wp\/v2\/comments?post=40085"}],"version-history":[{"count":0,"href":"https:\/\/luchonoticias.com\/editor\/wp-json\/wp\/v2\/posts\/40085\/revisions"}],"wp:attachment":[{"href":"https:\/\/luchonoticias.com\/editor\/wp-json\/wp\/v2\/media?parent=40085"}],"wp:term":[{"taxonomy":"category","embeddable":true,"href":"https:\/\/luchonoticias.com\/editor\/wp-json\/wp\/v2\/categories?post=40085"},{"taxonomy":"post_tag","embeddable":true,"href":"https:\/\/luchonoticias.com\/editor\/wp-json\/wp\/v2\/tags?post=40085"}],"curies":[{"name":"wp","href":"https:\/\/api.w.org\/{rel}","templated":true}]}}