{"id":40098,"date":"2022-11-22T06:55:55","date_gmt":"2022-11-22T11:55:55","guid":{"rendered":"https:\/\/luchonoticias.com\/?p=40098"},"modified":"2022-11-22T06:55:56","modified_gmt":"2022-11-22T11:55:56","slug":"asamblea-demanda-mayores-acciones-para-frenar-la-inseguridad-en-el-huila","status":"publish","type":"post","link":"https:\/\/luchonoticias.com\/editor\/asamblea-demanda-mayores-acciones-para-frenar-la-inseguridad-en-el-huila\/","title":{"rendered":"Asamblea demanda mayores acciones para frenar la inseguridad en el Huila"},"content":{"rendered":"\n<p>Ante los sucesos de inseguridad que tienen impactada a la ciudadan\u00eda en la capital del Huila y algunos municipios del Departamento, inici\u00f3 el debate de control pol\u00edtico \u2014citado por los diputados Alex Vargas, Jorge Andr\u00e9s G\u00e9chem, Carlos Ramiro Ch\u00e1varro y Karol Ortigoza\u2014, en el Sal\u00f3n de Exgobernadores del edificio departamental.<\/p>\n\n\n\n<p>En medio de la discusi\u00f3n sobre temas de seguridad del territorio, el diputado Jorge Andr\u00e9s G\u00e9chem mostr\u00f3 su preocupaci\u00f3n al evidenciar que varios delitos presentan tendencia al alza, encabezado por el hurto a motocicletas con un crecimiento del 103%, seguido de la ocurrencia de presuntos delitos sexuales con un incremento del 44%, y la configuraci\u00f3n de homicidios con un aumento del 37%.<\/p>\n\n\n\n<p>\u201cDe acuerdo con el Dane, el 72.8% de los neivanos consultados en la m\u00e1s reciente edici\u00f3n de la encuesta Pulso Social afirmaron sentirse inseguros y muy inseguros caminando su barrio de noche. Ese indicador de la capital huilense se ubic\u00f3 19.7 puntos porcentuales por encima de la media nacional\u201d, indic\u00f3 el diputado, quien, adem\u00e1s propuso, entre otras cosas, el endurecimiento del tratamiento para menores infractores.<\/p>\n\n\n\n<p>Por su parte, el diputado Alex Vargas, habl\u00f3 de la necesidad de articular esfuerzos con actores claves en salud mental, reducci\u00f3n del consumo nocivo de alcohol y sustancias psicoactivas, factores que hoy afectan la convivencia ciudadana en la regi\u00f3n. El asamble\u00edsta indic\u00f3, adem\u00e1s, que la Administraci\u00f3n Departamental debe trabajar en el fortalecimiento de la Plataforma Tecnol\u00f3gica de Seguridad y en la creaci\u00f3n de una Pol\u00edtica Sostenible de Seguridad Ciudadana.\u00a0<\/p>\n\n\n\n<figure class=\"wp-block-image size-large is-style-rounded\"><img decoding=\"async\" src=\"https:\/\/luchonoticias.com\/wp-content\/uploads\/2022\/11\/WhatsApp-Image-2022-11-21-at-7.09.45-PM-1024x682.jpeg\" alt=\"\" class=\"wp-image-40100\"\/><\/figure>\n\n\n\n<p>Seguidamente, el diputado Carlos Ramiro Ch\u00e1varro, revel\u00f3 que de 10 casos criminales que ocurren en el Huila, el 7.8% obedecen a distribuci\u00f3n y comercializaci\u00f3n de drogas, siendo el 62% de los consumidores, menores de edad.<\/p>\n\n\n\n<p>\u201cDe cada 10 personas que distribuyen droga, el 77.5% son j\u00f3venes\u201d, agreg\u00f3 el asamble\u00edsta, quien propuso, ante este preocupante panorama, la instalaci\u00f3n de una Base de Antinarc\u00f3ticos en el occidente del Huila que atienda la importaci\u00f3n de sustancias psicoactivas.<\/p>\n\n\n\n<p>Finalmente, Ch\u00e1varro habl\u00f3 de la necesidad de implementar un Plan de Recompensas, as\u00ed como dise\u00f1ar un Plan de Ciberseguridad y fortalecer la infraestructura para la inteligencia.<\/p>\n\n\n\n<p>En esa misma l\u00ednea, los diputados Omar Alex Diaz y Karol Ortigoza, demandaron acciones contundentes para frenar la inseguridad en el Huila, ante la presunta presencia de grupos al margen de la ley y carteles del narcotr\u00e1fico en la regi\u00f3n.<\/p>\n\n\n\n<p>\u201cSe deben articular esfuerzos para mostrar verdaderas y contundentes acciones, as\u00ed como exigir la judicializaci\u00f3n de quienes cometen il\u00edcitos\u2026Hay preocupaci\u00f3n por el aumento de los delitos sexuales y de g\u00e9nero, y por la ausencia de la fuerza p\u00fablica y polic\u00eda en sitios de concurrencia\u201d, expres\u00f3 la diputada Ortigoza.\u00a0<\/p>\n\n\n\n<figure class=\"wp-block-image size-large is-style-rounded\"><img decoding=\"async\" src=\"https:\/\/luchonoticias.com\/wp-content\/uploads\/2022\/11\/WhatsApp-Image-2022-11-21-at-7.09.46-PM-1-1024x672.jpeg\" alt=\"\" class=\"wp-image-40101\"\/><\/figure>\n\n\n\n<p><strong>Resultados<\/strong><\/p>\n\n\n\n<p>Adem\u00e1s de entregar un balance en seguridad, el coronel Edwin Becerra D\u00edaz, comandante de la Novena Brigada del Ej\u00e9rcito Nacional, ratific\u00f3 que en el Huila no hay \u00e1reas bases o zonas campamentarias de grupos armados organizados, pero que \u201cs\u00ed ha habido injerencia de la Columna M\u00f3vil Dagoberto Ramos y el Frente de Guerra Centro Sur. Hemos capturado a 5 de sus integrantes, entre ellos cabecillas con material de guerra\u201d, a\u00f1adi\u00f3 el alto oficial, comprometi\u00e9ndose a continuar con el accionar dentro del control militar de \u00e1rea por parte de sus soldados asignados a cada uno de los pelotones, tanto en zona rural como en l\u00edmites del Departamento, ejes viales y cascos urbanos.<\/p>\n\n\n\n<p>Frente a la reducci\u00f3n de delitos, la Polic\u00eda Nacional y la secretaria de Gobierno Departamental, sustentaron que s\u00ed ha habido una disminuci\u00f3n del 15% en homicidios comparado al a\u00f1o 2021.<\/p>\n\n\n\n<p>\u201cHay zonas de tr\u00e1nsito donde el tema de microtr\u00e1fico est\u00e1 afectando a municipios del occidente, pero gracias a un trabajo conjunto se han venido disminuyendo estas cifras. En lo que vamos del a\u00f1o, se han presentado 2.531 capturas, 70 homicidios, 39 conciertos para delinquir, 6 desarticulaciones por microtr\u00e1fico, 74 allanamientos en 11 municipios, y 563 campa\u00f1as de prevenci\u00f3n\u201d, finaliz\u00f3 diciendo la funcionaria.<\/p>\n","protected":false},"excerpt":{"rendered":"<p>Ante los sucesos de inseguridad que tienen impactada a la ciudadan\u00eda en la capital del Huila y algunos municipios del Departamento, inici\u00f3 el debate de control pol\u00edtico \u2014citado por los diputados Alex Vargas, Jorge Andr\u00e9s G\u00e9chem, Carlos Ramiro Ch\u00e1varro y Karol Ortigoza\u2014, en el Sal\u00f3n de Exgobernadores del edificio departamental. En medio de la discusi\u00f3n [&hellip;]<\/p>\n","protected":false},"author":1,"featured_media":0,"comment_status":"open","ping_status":"open","sticky":false,"template":"","format":"standard","meta":{"footnotes":""},"categories":[36,35],"tags":[],"class_list":["post-40098","post","type-post","status-publish","format-standard","hentry","category-destacado","category-regional"],"yoast_head":"<!-- This site is optimized with the Yoast SEO plugin v26.6 - https:\/\/yoast.com\/wordpress\/plugins\/seo\/ -->\n<title>Asamblea demanda mayores acciones para frenar la inseguridad en el Huila -<\/title>\n<meta name=\"robots\" content=\"index, follow, max-snippet:-1, max-image-preview:large, max-video-preview:-1\" \/>\n<link rel=\"canonical\" href=\"https:\/\/luchonoticias.com\/editor\/asamblea-demanda-mayores-acciones-para-frenar-la-inseguridad-en-el-huila\/\" \/>\n<meta property=\"og:locale\" content=\"es_ES\" \/>\n<meta property=\"og:type\" content=\"article\" \/>\n<meta property=\"og:title\" content=\"Asamblea demanda mayores acciones para frenar la inseguridad en el Huila -\" \/>\n<meta property=\"og:url\" content=\"https:\/\/luchonoticias.com\/editor\/asamblea-demanda-mayores-acciones-para-frenar-la-inseguridad-en-el-huila\/\" \/>\n<meta property=\"article:publisher\" content=\"https:\/\/www.facebook.com\/luchonoticiasneiva\" \/>\n<meta property=\"article:author\" content=\"https:\/\/www.facebook.com\/luchonoticiasneiva\" \/>\n<meta property=\"article:published_time\" content=\"2022-11-22T11:55:55+00:00\" \/>\n<meta property=\"article:modified_time\" content=\"2022-11-22T11:55:56+00:00\" \/>\n<meta property=\"og:image\" content=\"https:\/\/luchonoticias.com\/wp-content\/uploads\/2022\/11\/WhatsApp-Image-2022-11-21-at-7.09.45-PM-1024x682.jpeg\" \/>\n<meta name=\"author\" content=\"admin\" \/>\n<meta name=\"twitter:card\" content=\"summary_large_image\" \/>\n<meta name=\"twitter:label1\" content=\"Escrito por\" \/>\n\t<meta name=\"twitter:data1\" content=\"admin\" \/>\n\t<meta name=\"twitter:label2\" content=\"Tiempo de lectura\" \/>\n\t<meta name=\"twitter:data2\" content=\"3 minutos\" \/>\n<script type=\"application\/ld+json\" class=\"yoast-schema-graph\">{\"@context\":\"https:\/\/schema.org\",\"@graph\":[{\"@type\":\"Article\",\"@id\":\"https:\/\/luchonoticias.com\/editor\/asamblea-demanda-mayores-acciones-para-frenar-la-inseguridad-en-el-huila\/#article\",\"isPartOf\":{\"@id\":\"https:\/\/luchonoticias.com\/editor\/asamblea-demanda-mayores-acciones-para-frenar-la-inseguridad-en-el-huila\/\"},\"author\":{\"name\":\"admin\",\"@id\":\"https:\/\/luchonoticias.com\/editor\/#\/schema\/person\/7a7fd911f58561fd056dbac7b55af9cd\"},\"headline\":\"Asamblea demanda mayores acciones para frenar la inseguridad en el Huila\",\"datePublished\":\"2022-11-22T11:55:55+00:00\",\"dateModified\":\"2022-11-22T11:55:56+00:00\",\"mainEntityOfPage\":{\"@id\":\"https:\/\/luchonoticias.com\/editor\/asamblea-demanda-mayores-acciones-para-frenar-la-inseguridad-en-el-huila\/\"},\"wordCount\":688,\"commentCount\":0,\"publisher\":{\"@id\":\"https:\/\/luchonoticias.com\/editor\/#\/schema\/person\/7a7fd911f58561fd056dbac7b55af9cd\"},\"image\":{\"@id\":\"https:\/\/luchonoticias.com\/editor\/asamblea-demanda-mayores-acciones-para-frenar-la-inseguridad-en-el-huila\/#primaryimage\"},\"thumbnailUrl\":\"https:\/\/luchonoticias.com\/wp-content\/uploads\/2022\/11\/WhatsApp-Image-2022-11-21-at-7.09.45-PM-1024x682.jpeg\",\"articleSection\":[\"Destacado\",\"Regional\"],\"inLanguage\":\"es\",\"potentialAction\":[{\"@type\":\"CommentAction\",\"name\":\"Comment\",\"target\":[\"https:\/\/luchonoticias.com\/editor\/asamblea-demanda-mayores-acciones-para-frenar-la-inseguridad-en-el-huila\/#respond\"]}]},{\"@type\":\"WebPage\",\"@id\":\"https:\/\/luchonoticias.com\/editor\/asamblea-demanda-mayores-acciones-para-frenar-la-inseguridad-en-el-huila\/\",\"url\":\"https:\/\/luchonoticias.com\/editor\/asamblea-demanda-mayores-acciones-para-frenar-la-inseguridad-en-el-huila\/\",\"name\":\"Asamblea demanda mayores acciones para frenar la inseguridad en el Huila -\",\"isPartOf\":{\"@id\":\"https:\/\/luchonoticias.com\/editor\/#website\"},\"primaryImageOfPage\":{\"@id\":\"https:\/\/luchonoticias.com\/editor\/asamblea-demanda-mayores-acciones-para-frenar-la-inseguridad-en-el-huila\/#primaryimage\"},\"image\":{\"@id\":\"https:\/\/luchonoticias.com\/editor\/asamblea-demanda-mayores-acciones-para-frenar-la-inseguridad-en-el-huila\/#primaryimage\"},\"thumbnailUrl\":\"https:\/\/luchonoticias.com\/wp-content\/uploads\/2022\/11\/WhatsApp-Image-2022-11-21-at-7.09.45-PM-1024x682.jpeg\",\"datePublished\":\"2022-11-22T11:55:55+00:00\",\"dateModified\":\"2022-11-22T11:55:56+00:00\",\"breadcrumb\":{\"@id\":\"https:\/\/luchonoticias.com\/editor\/asamblea-demanda-mayores-acciones-para-frenar-la-inseguridad-en-el-huila\/#breadcrumb\"},\"inLanguage\":\"es\",\"potentialAction\":[{\"@type\":\"ReadAction\",\"target\":[\"https:\/\/luchonoticias.com\/editor\/asamblea-demanda-mayores-acciones-para-frenar-la-inseguridad-en-el-huila\/\"]}]},{\"@type\":\"ImageObject\",\"inLanguage\":\"es\",\"@id\":\"https:\/\/luchonoticias.com\/editor\/asamblea-demanda-mayores-acciones-para-frenar-la-inseguridad-en-el-huila\/#primaryimage\",\"url\":\"https:\/\/luchonoticias.com\/wp-content\/uploads\/2022\/11\/WhatsApp-Image-2022-11-21-at-7.09.45-PM-1024x682.jpeg\",\"contentUrl\":\"https:\/\/luchonoticias.com\/wp-content\/uploads\/2022\/11\/WhatsApp-Image-2022-11-21-at-7.09.45-PM-1024x682.jpeg\"},{\"@type\":\"BreadcrumbList\",\"@id\":\"https:\/\/luchonoticias.com\/editor\/asamblea-demanda-mayores-acciones-para-frenar-la-inseguridad-en-el-huila\/#breadcrumb\",\"itemListElement\":[{\"@type\":\"ListItem\",\"position\":1,\"name\":\"Portada\",\"item\":\"https:\/\/luchonoticias.com\/editor\/\"},{\"@type\":\"ListItem\",\"position\":2,\"name\":\"Asamblea demanda mayores acciones para frenar la inseguridad en el Huila\"}]},{\"@type\":\"WebSite\",\"@id\":\"https:\/\/luchonoticias.com\/editor\/#website\",\"url\":\"https:\/\/luchonoticias.com\/editor\/\",\"name\":\"\",\"description\":\"\",\"publisher\":{\"@id\":\"https:\/\/luchonoticias.com\/editor\/#\/schema\/person\/7a7fd911f58561fd056dbac7b55af9cd\"},\"potentialAction\":[{\"@type\":\"SearchAction\",\"target\":{\"@type\":\"EntryPoint\",\"urlTemplate\":\"https:\/\/luchonoticias.com\/editor\/?s={search_term_string}\"},\"query-input\":{\"@type\":\"PropertyValueSpecification\",\"valueRequired\":true,\"valueName\":\"search_term_string\"}}],\"inLanguage\":\"es\"},{\"@type\":[\"Person\",\"Organization\"],\"@id\":\"https:\/\/luchonoticias.com\/editor\/#\/schema\/person\/7a7fd911f58561fd056dbac7b55af9cd\",\"name\":\"admin\",\"image\":{\"@type\":\"ImageObject\",\"inLanguage\":\"es\",\"@id\":\"https:\/\/luchonoticias.com\/editor\/#\/schema\/person\/image\/\",\"url\":\"https:\/\/luchonoticias.com\/editor\/wp-content\/uploads\/2024\/02\/cropped-cropped-logolu.webp\",\"contentUrl\":\"https:\/\/luchonoticias.com\/editor\/wp-content\/uploads\/2024\/02\/cropped-cropped-logolu.webp\",\"width\":382,\"height\":170,\"caption\":\"admin\"},\"logo\":{\"@id\":\"https:\/\/luchonoticias.com\/editor\/#\/schema\/person\/image\/\"},\"sameAs\":[\"https:\/\/www.facebook.com\/luchonoticiasneiva\"],\"url\":\"https:\/\/luchonoticias.com\/editor\/author\/admin\/\"}]}<\/script>\n<!-- \/ Yoast SEO plugin. -->","yoast_head_json":{"title":"Asamblea demanda mayores acciones para frenar la inseguridad en el Huila -","robots":{"index":"index","follow":"follow","max-snippet":"max-snippet:-1","max-image-preview":"max-image-preview:large","max-video-preview":"max-video-preview:-1"},"canonical":"https:\/\/luchonoticias.com\/editor\/asamblea-demanda-mayores-acciones-para-frenar-la-inseguridad-en-el-huila\/","og_locale":"es_ES","og_type":"article","og_title":"Asamblea demanda mayores acciones para frenar la inseguridad en el Huila -","og_url":"https:\/\/luchonoticias.com\/editor\/asamblea-demanda-mayores-acciones-para-frenar-la-inseguridad-en-el-huila\/","article_publisher":"https:\/\/www.facebook.com\/luchonoticiasneiva","article_author":"https:\/\/www.facebook.com\/luchonoticiasneiva","article_published_time":"2022-11-22T11:55:55+00:00","article_modified_time":"2022-11-22T11:55:56+00:00","og_image":[{"url":"https:\/\/luchonoticias.com\/wp-content\/uploads\/2022\/11\/WhatsApp-Image-2022-11-21-at-7.09.45-PM-1024x682.jpeg","type":"","width":"","height":""}],"author":"admin","twitter_card":"summary_large_image","twitter_misc":{"Escrito por":"admin","Tiempo de lectura":"3 minutos"},"schema":{"@context":"https:\/\/schema.org","@graph":[{"@type":"Article","@id":"https:\/\/luchonoticias.com\/editor\/asamblea-demanda-mayores-acciones-para-frenar-la-inseguridad-en-el-huila\/#article","isPartOf":{"@id":"https:\/\/luchonoticias.com\/editor\/asamblea-demanda-mayores-acciones-para-frenar-la-inseguridad-en-el-huila\/"},"author":{"name":"admin","@id":"https:\/\/luchonoticias.com\/editor\/#\/schema\/person\/7a7fd911f58561fd056dbac7b55af9cd"},"headline":"Asamblea demanda mayores acciones para frenar la inseguridad en el Huila","datePublished":"2022-11-22T11:55:55+00:00","dateModified":"2022-11-22T11:55:56+00:00","mainEntityOfPage":{"@id":"https:\/\/luchonoticias.com\/editor\/asamblea-demanda-mayores-acciones-para-frenar-la-inseguridad-en-el-huila\/"},"wordCount":688,"commentCount":0,"publisher":{"@id":"https:\/\/luchonoticias.com\/editor\/#\/schema\/person\/7a7fd911f58561fd056dbac7b55af9cd"},"image":{"@id":"https:\/\/luchonoticias.com\/editor\/asamblea-demanda-mayores-acciones-para-frenar-la-inseguridad-en-el-huila\/#primaryimage"},"thumbnailUrl":"https:\/\/luchonoticias.com\/wp-content\/uploads\/2022\/11\/WhatsApp-Image-2022-11-21-at-7.09.45-PM-1024x682.jpeg","articleSection":["Destacado","Regional"],"inLanguage":"es","potentialAction":[{"@type":"CommentAction","name":"Comment","target":["https:\/\/luchonoticias.com\/editor\/asamblea-demanda-mayores-acciones-para-frenar-la-inseguridad-en-el-huila\/#respond"]}]},{"@type":"WebPage","@id":"https:\/\/luchonoticias.com\/editor\/asamblea-demanda-mayores-acciones-para-frenar-la-inseguridad-en-el-huila\/","url":"https:\/\/luchonoticias.com\/editor\/asamblea-demanda-mayores-acciones-para-frenar-la-inseguridad-en-el-huila\/","name":"Asamblea demanda mayores acciones para frenar la inseguridad en el Huila -","isPartOf":{"@id":"https:\/\/luchonoticias.com\/editor\/#website"},"primaryImageOfPage":{"@id":"https:\/\/luchonoticias.com\/editor\/asamblea-demanda-mayores-acciones-para-frenar-la-inseguridad-en-el-huila\/#primaryimage"},"image":{"@id":"https:\/\/luchonoticias.com\/editor\/asamblea-demanda-mayores-acciones-para-frenar-la-inseguridad-en-el-huila\/#primaryimage"},"thumbnailUrl":"https:\/\/luchonoticias.com\/wp-content\/uploads\/2022\/11\/WhatsApp-Image-2022-11-21-at-7.09.45-PM-1024x682.jpeg","datePublished":"2022-11-22T11:55:55+00:00","dateModified":"2022-11-22T11:55:56+00:00","breadcrumb":{"@id":"https:\/\/luchonoticias.com\/editor\/asamblea-demanda-mayores-acciones-para-frenar-la-inseguridad-en-el-huila\/#breadcrumb"},"inLanguage":"es","potentialAction":[{"@type":"ReadAction","target":["https:\/\/luchonoticias.com\/editor\/asamblea-demanda-mayores-acciones-para-frenar-la-inseguridad-en-el-huila\/"]}]},{"@type":"ImageObject","inLanguage":"es","@id":"https:\/\/luchonoticias.com\/editor\/asamblea-demanda-mayores-acciones-para-frenar-la-inseguridad-en-el-huila\/#primaryimage","url":"https:\/\/luchonoticias.com\/wp-content\/uploads\/2022\/11\/WhatsApp-Image-2022-11-21-at-7.09.45-PM-1024x682.jpeg","contentUrl":"https:\/\/luchonoticias.com\/wp-content\/uploads\/2022\/11\/WhatsApp-Image-2022-11-21-at-7.09.45-PM-1024x682.jpeg"},{"@type":"BreadcrumbList","@id":"https:\/\/luchonoticias.com\/editor\/asamblea-demanda-mayores-acciones-para-frenar-la-inseguridad-en-el-huila\/#breadcrumb","itemListElement":[{"@type":"ListItem","position":1,"name":"Portada","item":"https:\/\/luchonoticias.com\/editor\/"},{"@type":"ListItem","position":2,"name":"Asamblea demanda mayores acciones para frenar la inseguridad en el Huila"}]},{"@type":"WebSite","@id":"https:\/\/luchonoticias.com\/editor\/#website","url":"https:\/\/luchonoticias.com\/editor\/","name":"","description":"","publisher":{"@id":"https:\/\/luchonoticias.com\/editor\/#\/schema\/person\/7a7fd911f58561fd056dbac7b55af9cd"},"potentialAction":[{"@type":"SearchAction","target":{"@type":"EntryPoint","urlTemplate":"https:\/\/luchonoticias.com\/editor\/?s={search_term_string}"},"query-input":{"@type":"PropertyValueSpecification","valueRequired":true,"valueName":"search_term_string"}}],"inLanguage":"es"},{"@type":["Person","Organization"],"@id":"https:\/\/luchonoticias.com\/editor\/#\/schema\/person\/7a7fd911f58561fd056dbac7b55af9cd","name":"admin","image":{"@type":"ImageObject","inLanguage":"es","@id":"https:\/\/luchonoticias.com\/editor\/#\/schema\/person\/image\/","url":"https:\/\/luchonoticias.com\/editor\/wp-content\/uploads\/2024\/02\/cropped-cropped-logolu.webp","contentUrl":"https:\/\/luchonoticias.com\/editor\/wp-content\/uploads\/2024\/02\/cropped-cropped-logolu.webp","width":382,"height":170,"caption":"admin"},"logo":{"@id":"https:\/\/luchonoticias.com\/editor\/#\/schema\/person\/image\/"},"sameAs":["https:\/\/www.facebook.com\/luchonoticiasneiva"],"url":"https:\/\/luchonoticias.com\/editor\/author\/admin\/"}]}},"_links":{"self":[{"href":"https:\/\/luchonoticias.com\/editor\/wp-json\/wp\/v2\/posts\/40098","targetHints":{"allow":["GET"]}}],"collection":[{"href":"https:\/\/luchonoticias.com\/editor\/wp-json\/wp\/v2\/posts"}],"about":[{"href":"https:\/\/luchonoticias.com\/editor\/wp-json\/wp\/v2\/types\/post"}],"author":[{"embeddable":true,"href":"https:\/\/luchonoticias.com\/editor\/wp-json\/wp\/v2\/users\/1"}],"replies":[{"embeddable":true,"href":"https:\/\/luchonoticias.com\/editor\/wp-json\/wp\/v2\/comments?post=40098"}],"version-history":[{"count":0,"href":"https:\/\/luchonoticias.com\/editor\/wp-json\/wp\/v2\/posts\/40098\/revisions"}],"wp:attachment":[{"href":"https:\/\/luchonoticias.com\/editor\/wp-json\/wp\/v2\/media?parent=40098"}],"wp:term":[{"taxonomy":"category","embeddable":true,"href":"https:\/\/luchonoticias.com\/editor\/wp-json\/wp\/v2\/categories?post=40098"},{"taxonomy":"post_tag","embeddable":true,"href":"https:\/\/luchonoticias.com\/editor\/wp-json\/wp\/v2\/tags?post=40098"}],"curies":[{"name":"wp","href":"https:\/\/api.w.org\/{rel}","templated":true}]}}