{"id":40103,"date":"2022-11-22T07:02:23","date_gmt":"2022-11-22T12:02:23","guid":{"rendered":"https:\/\/luchonoticias.com\/?p=40103"},"modified":"2022-11-22T07:02:24","modified_gmt":"2022-11-22T12:02:24","slug":"desarticulada-red-de-extorsiones-de-alias-jhon-mechas-maximo-cabecilla-de-las-disidencias-del-frente-33-de-las-farc","status":"publish","type":"post","link":"https:\/\/luchonoticias.com\/editor\/desarticulada-red-de-extorsiones-de-alias-jhon-mechas-maximo-cabecilla-de-las-disidencias-del-frente-33-de-las-farc\/","title":{"rendered":"Desarticulada red de extorsiones de alias Jhon Mechas, m\u00e1ximo cabecilla de las disidencias del frente 33 de Las Farc"},"content":{"rendered":"\n<p>La Fiscal\u00eda General de la Naci\u00f3n impact\u00f3 a la red de extorsiones de alias Jhon Mechas, el se\u00f1alado m\u00e1ximo cabecilla de las disidencias del frente 33 de las Farc y principal determinador de varias acciones terroristas como el atentado a la Brigada 30 del Ej\u00e9rcito Nacional.<\/p>\n\n\n\n<p>En diligencias realizadas de manera conjunta con la Polic\u00eda Nacional en C\u00facuta (Norte de Santander) fueron capturados cinco presuntos integrantes de esta estructura criminal, a quienes se les atribuyen intimidaciones contra los mineros, transportadores y comerciantes de Norte de Santander y zona de frontera con Venezuela para obligarlos a pagar extorsiones.<\/p>\n\n\n\n<figure class=\"wp-block-video\"><video controls src=\"https:\/\/luchonoticias.com\/wp-content\/uploads\/2022\/11\/WhatsApp-Video-2022-11-22-at-6.45.11-AM.mp4\"><\/video><\/figure>\n\n\n\n<p>El material de prueba permiti\u00f3 conocer que esta estructura quemaba los veh\u00edculos de carga o activaba artefactos explosivos contra los locales comerciales de las v\u00edctimas que no cumpl\u00edan con las exigencias econ\u00f3micas.<\/p>\n\n\n\n<p>El pasado 4 de octubre, en Chitag\u00e1 (Norte de Santander), este grupo ilegal habr\u00eda presionado a un hombre para que firmara un documento en el que supuestamente vend\u00eda por 300 millones de pesos un t\u00edtulo minero que estaba a su nombre. El due\u00f1o del terreno no accedi\u00f3 a la petici\u00f3n, y durante varios d\u00edas personas armadas lo amenazaron en su lugar de residencia.<\/p>\n\n\n\n<p>De otra parte, el 30 de septiembre del a\u00f1o en curso, fue incinerado un cami\u00f3n que se movilizaba con v\u00edveres por una v\u00eda del corregimiento Urimaco, en San Cayetano (Norte de Santander). El conductor del automotor asegur\u00f3 que los responsables de este hecho le indicaron que correspond\u00eda a una retaliaci\u00f3n contra el representante legal de una empresa transportadora que se neg\u00f3 a cumplir con los pagos solicitados.<\/p>\n\n\n\n<figure class=\"wp-block-video\"><video controls src=\"https:\/\/luchonoticias.com\/wp-content\/uploads\/2022\/11\/WhatsApp-Video-2022-11-22-at-6.45.12-AM.mp4\"><\/video><\/figure>\n\n\n\n<p><strong>Judicializaciones<\/strong><\/p>\n\n\n\n<p>El presunto articulador de la red de extorsiones, conocido como \u2018El Viejo\u2019, ser\u00eda el encargado de seleccionar a las v\u00edctimas y, en algunos casos, las citaba a los campamentos de las disidencias localizados en zona de frontera para aumentar el nivel de intimidaci\u00f3n. Las evidencias dan cuenta de que manten\u00eda contacto directo con alias Jhon Mechas y otros cabecillas para proveerles apoyo log\u00edstico y rendirles cuentas sobre los dineros obtenidos.<\/p>\n\n\n\n<p>Alias El Viejo y sus cuatro posibles c\u00f3mplices fueron presentados ante un juez de control de garant\u00edas. Una fiscal de la Direcci\u00f3n Especializada contra las Organizaciones Criminales les imput\u00f3 los delitos de concierto para delinquir agravado, extorsi\u00f3n agravada, constre\u00f1imiento ilegal y da\u00f1o en bien ajeno. Los procesados no aceptaron los cargos y deber\u00e1n cumplir medida de aseguramiento privativa de la libertad en centro carcelario.<\/p>\n\n\n\n<p><strong>Los afectados con la decisi\u00f3n son:<\/strong><\/p>\n\n\n\n<p>\u2022 Pedro Antonio Franco Rodr\u00edguez, alias El Viejo.<\/p>\n\n\n\n<p>\u2022 Steven Camilo Monsalve Pinto, alias Andr\u00e9s.<\/p>\n\n\n\n<p>\u2022 Hervermael Castillo, ciudadano venezolano conocido como \u2018Zancudo\u2019.<\/p>\n\n\n\n<p>\u2022 Wilson Quintero Barbosa, alias Leo.<\/p>\n\n\n\n<p>\u2022 Adri\u00e1n Jhoneider S\u00e1nchez Uzc\u00e1tegui, alias Luis.<\/p>\n","protected":false},"excerpt":{"rendered":"<p>La Fiscal\u00eda General de la Naci\u00f3n impact\u00f3 a la red de extorsiones de alias Jhon Mechas, el se\u00f1alado m\u00e1ximo cabecilla de las disidencias del frente 33 de las Farc y principal determinador de varias acciones terroristas como el atentado a la Brigada 30 del Ej\u00e9rcito Nacional. En diligencias realizadas de manera conjunta con la Polic\u00eda [&hellip;]<\/p>\n","protected":false},"author":1,"featured_media":0,"comment_status":"open","ping_status":"open","sticky":false,"template":"","format":"standard","meta":{"footnotes":""},"categories":[36,29],"tags":[],"class_list":["post-40103","post","type-post","status-publish","format-standard","hentry","category-destacado","category-judicial"],"yoast_head":"<!-- This site is optimized with the Yoast SEO plugin v26.6 - https:\/\/yoast.com\/wordpress\/plugins\/seo\/ -->\n<title>Desarticulada red de extorsiones de alias Jhon Mechas, m\u00e1ximo cabecilla de las disidencias del frente 33 de Las Farc -<\/title>\n<meta name=\"robots\" content=\"index, follow, max-snippet:-1, max-image-preview:large, max-video-preview:-1\" \/>\n<link rel=\"canonical\" href=\"https:\/\/luchonoticias.com\/editor\/desarticulada-red-de-extorsiones-de-alias-jhon-mechas-maximo-cabecilla-de-las-disidencias-del-frente-33-de-las-farc\/\" \/>\n<meta property=\"og:locale\" content=\"es_ES\" \/>\n<meta property=\"og:type\" content=\"article\" \/>\n<meta property=\"og:title\" content=\"Desarticulada red de extorsiones de alias Jhon Mechas, m\u00e1ximo cabecilla de las disidencias del frente 33 de Las Farc -\" \/>\n<meta property=\"og:url\" content=\"https:\/\/luchonoticias.com\/editor\/desarticulada-red-de-extorsiones-de-alias-jhon-mechas-maximo-cabecilla-de-las-disidencias-del-frente-33-de-las-farc\/\" \/>\n<meta property=\"article:publisher\" content=\"https:\/\/www.facebook.com\/luchonoticiasneiva\" \/>\n<meta property=\"article:author\" content=\"https:\/\/www.facebook.com\/luchonoticiasneiva\" \/>\n<meta property=\"article:published_time\" content=\"2022-11-22T12:02:23+00:00\" \/>\n<meta property=\"article:modified_time\" content=\"2022-11-22T12:02:24+00:00\" \/>\n<meta name=\"author\" content=\"admin\" \/>\n<meta name=\"twitter:card\" content=\"summary_large_image\" \/>\n<meta name=\"twitter:label1\" content=\"Escrito por\" \/>\n\t<meta name=\"twitter:data1\" content=\"admin\" \/>\n\t<meta name=\"twitter:label2\" content=\"Tiempo de lectura\" \/>\n\t<meta name=\"twitter:data2\" content=\"2 minutos\" \/>\n<script type=\"application\/ld+json\" class=\"yoast-schema-graph\">{\"@context\":\"https:\/\/schema.org\",\"@graph\":[{\"@type\":\"Article\",\"@id\":\"https:\/\/luchonoticias.com\/editor\/desarticulada-red-de-extorsiones-de-alias-jhon-mechas-maximo-cabecilla-de-las-disidencias-del-frente-33-de-las-farc\/#article\",\"isPartOf\":{\"@id\":\"https:\/\/luchonoticias.com\/editor\/desarticulada-red-de-extorsiones-de-alias-jhon-mechas-maximo-cabecilla-de-las-disidencias-del-frente-33-de-las-farc\/\"},\"author\":{\"name\":\"admin\",\"@id\":\"https:\/\/luchonoticias.com\/editor\/#\/schema\/person\/7a7fd911f58561fd056dbac7b55af9cd\"},\"headline\":\"Desarticulada red de extorsiones de alias Jhon Mechas, m\u00e1ximo cabecilla de las disidencias del frente 33 de Las Farc\",\"datePublished\":\"2022-11-22T12:02:23+00:00\",\"dateModified\":\"2022-11-22T12:02:24+00:00\",\"mainEntityOfPage\":{\"@id\":\"https:\/\/luchonoticias.com\/editor\/desarticulada-red-de-extorsiones-de-alias-jhon-mechas-maximo-cabecilla-de-las-disidencias-del-frente-33-de-las-farc\/\"},\"wordCount\":486,\"commentCount\":0,\"publisher\":{\"@id\":\"https:\/\/luchonoticias.com\/editor\/#\/schema\/person\/7a7fd911f58561fd056dbac7b55af9cd\"},\"articleSection\":[\"Destacado\",\"Judicial\"],\"inLanguage\":\"es\",\"potentialAction\":[{\"@type\":\"CommentAction\",\"name\":\"Comment\",\"target\":[\"https:\/\/luchonoticias.com\/editor\/desarticulada-red-de-extorsiones-de-alias-jhon-mechas-maximo-cabecilla-de-las-disidencias-del-frente-33-de-las-farc\/#respond\"]}]},{\"@type\":\"WebPage\",\"@id\":\"https:\/\/luchonoticias.com\/editor\/desarticulada-red-de-extorsiones-de-alias-jhon-mechas-maximo-cabecilla-de-las-disidencias-del-frente-33-de-las-farc\/\",\"url\":\"https:\/\/luchonoticias.com\/editor\/desarticulada-red-de-extorsiones-de-alias-jhon-mechas-maximo-cabecilla-de-las-disidencias-del-frente-33-de-las-farc\/\",\"name\":\"Desarticulada red de extorsiones de alias Jhon Mechas, m\u00e1ximo cabecilla de las disidencias del frente 33 de Las Farc -\",\"isPartOf\":{\"@id\":\"https:\/\/luchonoticias.com\/editor\/#website\"},\"datePublished\":\"2022-11-22T12:02:23+00:00\",\"dateModified\":\"2022-11-22T12:02:24+00:00\",\"breadcrumb\":{\"@id\":\"https:\/\/luchonoticias.com\/editor\/desarticulada-red-de-extorsiones-de-alias-jhon-mechas-maximo-cabecilla-de-las-disidencias-del-frente-33-de-las-farc\/#breadcrumb\"},\"inLanguage\":\"es\",\"potentialAction\":[{\"@type\":\"ReadAction\",\"target\":[\"https:\/\/luchonoticias.com\/editor\/desarticulada-red-de-extorsiones-de-alias-jhon-mechas-maximo-cabecilla-de-las-disidencias-del-frente-33-de-las-farc\/\"]}]},{\"@type\":\"BreadcrumbList\",\"@id\":\"https:\/\/luchonoticias.com\/editor\/desarticulada-red-de-extorsiones-de-alias-jhon-mechas-maximo-cabecilla-de-las-disidencias-del-frente-33-de-las-farc\/#breadcrumb\",\"itemListElement\":[{\"@type\":\"ListItem\",\"position\":1,\"name\":\"Portada\",\"item\":\"https:\/\/luchonoticias.com\/editor\/\"},{\"@type\":\"ListItem\",\"position\":2,\"name\":\"Desarticulada red de extorsiones de alias Jhon Mechas, m\u00e1ximo cabecilla de las disidencias del frente 33 de Las Farc\"}]},{\"@type\":\"WebSite\",\"@id\":\"https:\/\/luchonoticias.com\/editor\/#website\",\"url\":\"https:\/\/luchonoticias.com\/editor\/\",\"name\":\"\",\"description\":\"\",\"publisher\":{\"@id\":\"https:\/\/luchonoticias.com\/editor\/#\/schema\/person\/7a7fd911f58561fd056dbac7b55af9cd\"},\"potentialAction\":[{\"@type\":\"SearchAction\",\"target\":{\"@type\":\"EntryPoint\",\"urlTemplate\":\"https:\/\/luchonoticias.com\/editor\/?s={search_term_string}\"},\"query-input\":{\"@type\":\"PropertyValueSpecification\",\"valueRequired\":true,\"valueName\":\"search_term_string\"}}],\"inLanguage\":\"es\"},{\"@type\":[\"Person\",\"Organization\"],\"@id\":\"https:\/\/luchonoticias.com\/editor\/#\/schema\/person\/7a7fd911f58561fd056dbac7b55af9cd\",\"name\":\"admin\",\"image\":{\"@type\":\"ImageObject\",\"inLanguage\":\"es\",\"@id\":\"https:\/\/luchonoticias.com\/editor\/#\/schema\/person\/image\/\",\"url\":\"https:\/\/luchonoticias.com\/editor\/wp-content\/uploads\/2024\/02\/cropped-cropped-logolu.webp\",\"contentUrl\":\"https:\/\/luchonoticias.com\/editor\/wp-content\/uploads\/2024\/02\/cropped-cropped-logolu.webp\",\"width\":382,\"height\":170,\"caption\":\"admin\"},\"logo\":{\"@id\":\"https:\/\/luchonoticias.com\/editor\/#\/schema\/person\/image\/\"},\"sameAs\":[\"https:\/\/www.facebook.com\/luchonoticiasneiva\"],\"url\":\"https:\/\/luchonoticias.com\/editor\/author\/admin\/\"}]}<\/script>\n<!-- \/ Yoast SEO plugin. -->","yoast_head_json":{"title":"Desarticulada red de extorsiones de alias Jhon Mechas, m\u00e1ximo cabecilla de las disidencias del frente 33 de Las Farc -","robots":{"index":"index","follow":"follow","max-snippet":"max-snippet:-1","max-image-preview":"max-image-preview:large","max-video-preview":"max-video-preview:-1"},"canonical":"https:\/\/luchonoticias.com\/editor\/desarticulada-red-de-extorsiones-de-alias-jhon-mechas-maximo-cabecilla-de-las-disidencias-del-frente-33-de-las-farc\/","og_locale":"es_ES","og_type":"article","og_title":"Desarticulada red de extorsiones de alias Jhon Mechas, m\u00e1ximo cabecilla de las disidencias del frente 33 de Las Farc -","og_url":"https:\/\/luchonoticias.com\/editor\/desarticulada-red-de-extorsiones-de-alias-jhon-mechas-maximo-cabecilla-de-las-disidencias-del-frente-33-de-las-farc\/","article_publisher":"https:\/\/www.facebook.com\/luchonoticiasneiva","article_author":"https:\/\/www.facebook.com\/luchonoticiasneiva","article_published_time":"2022-11-22T12:02:23+00:00","article_modified_time":"2022-11-22T12:02:24+00:00","author":"admin","twitter_card":"summary_large_image","twitter_misc":{"Escrito por":"admin","Tiempo de lectura":"2 minutos"},"schema":{"@context":"https:\/\/schema.org","@graph":[{"@type":"Article","@id":"https:\/\/luchonoticias.com\/editor\/desarticulada-red-de-extorsiones-de-alias-jhon-mechas-maximo-cabecilla-de-las-disidencias-del-frente-33-de-las-farc\/#article","isPartOf":{"@id":"https:\/\/luchonoticias.com\/editor\/desarticulada-red-de-extorsiones-de-alias-jhon-mechas-maximo-cabecilla-de-las-disidencias-del-frente-33-de-las-farc\/"},"author":{"name":"admin","@id":"https:\/\/luchonoticias.com\/editor\/#\/schema\/person\/7a7fd911f58561fd056dbac7b55af9cd"},"headline":"Desarticulada red de extorsiones de alias Jhon Mechas, m\u00e1ximo cabecilla de las disidencias del frente 33 de Las Farc","datePublished":"2022-11-22T12:02:23+00:00","dateModified":"2022-11-22T12:02:24+00:00","mainEntityOfPage":{"@id":"https:\/\/luchonoticias.com\/editor\/desarticulada-red-de-extorsiones-de-alias-jhon-mechas-maximo-cabecilla-de-las-disidencias-del-frente-33-de-las-farc\/"},"wordCount":486,"commentCount":0,"publisher":{"@id":"https:\/\/luchonoticias.com\/editor\/#\/schema\/person\/7a7fd911f58561fd056dbac7b55af9cd"},"articleSection":["Destacado","Judicial"],"inLanguage":"es","potentialAction":[{"@type":"CommentAction","name":"Comment","target":["https:\/\/luchonoticias.com\/editor\/desarticulada-red-de-extorsiones-de-alias-jhon-mechas-maximo-cabecilla-de-las-disidencias-del-frente-33-de-las-farc\/#respond"]}]},{"@type":"WebPage","@id":"https:\/\/luchonoticias.com\/editor\/desarticulada-red-de-extorsiones-de-alias-jhon-mechas-maximo-cabecilla-de-las-disidencias-del-frente-33-de-las-farc\/","url":"https:\/\/luchonoticias.com\/editor\/desarticulada-red-de-extorsiones-de-alias-jhon-mechas-maximo-cabecilla-de-las-disidencias-del-frente-33-de-las-farc\/","name":"Desarticulada red de extorsiones de alias Jhon Mechas, m\u00e1ximo cabecilla de las disidencias del frente 33 de Las Farc -","isPartOf":{"@id":"https:\/\/luchonoticias.com\/editor\/#website"},"datePublished":"2022-11-22T12:02:23+00:00","dateModified":"2022-11-22T12:02:24+00:00","breadcrumb":{"@id":"https:\/\/luchonoticias.com\/editor\/desarticulada-red-de-extorsiones-de-alias-jhon-mechas-maximo-cabecilla-de-las-disidencias-del-frente-33-de-las-farc\/#breadcrumb"},"inLanguage":"es","potentialAction":[{"@type":"ReadAction","target":["https:\/\/luchonoticias.com\/editor\/desarticulada-red-de-extorsiones-de-alias-jhon-mechas-maximo-cabecilla-de-las-disidencias-del-frente-33-de-las-farc\/"]}]},{"@type":"BreadcrumbList","@id":"https:\/\/luchonoticias.com\/editor\/desarticulada-red-de-extorsiones-de-alias-jhon-mechas-maximo-cabecilla-de-las-disidencias-del-frente-33-de-las-farc\/#breadcrumb","itemListElement":[{"@type":"ListItem","position":1,"name":"Portada","item":"https:\/\/luchonoticias.com\/editor\/"},{"@type":"ListItem","position":2,"name":"Desarticulada red de extorsiones de alias Jhon Mechas, m\u00e1ximo cabecilla de las disidencias del frente 33 de Las Farc"}]},{"@type":"WebSite","@id":"https:\/\/luchonoticias.com\/editor\/#website","url":"https:\/\/luchonoticias.com\/editor\/","name":"","description":"","publisher":{"@id":"https:\/\/luchonoticias.com\/editor\/#\/schema\/person\/7a7fd911f58561fd056dbac7b55af9cd"},"potentialAction":[{"@type":"SearchAction","target":{"@type":"EntryPoint","urlTemplate":"https:\/\/luchonoticias.com\/editor\/?s={search_term_string}"},"query-input":{"@type":"PropertyValueSpecification","valueRequired":true,"valueName":"search_term_string"}}],"inLanguage":"es"},{"@type":["Person","Organization"],"@id":"https:\/\/luchonoticias.com\/editor\/#\/schema\/person\/7a7fd911f58561fd056dbac7b55af9cd","name":"admin","image":{"@type":"ImageObject","inLanguage":"es","@id":"https:\/\/luchonoticias.com\/editor\/#\/schema\/person\/image\/","url":"https:\/\/luchonoticias.com\/editor\/wp-content\/uploads\/2024\/02\/cropped-cropped-logolu.webp","contentUrl":"https:\/\/luchonoticias.com\/editor\/wp-content\/uploads\/2024\/02\/cropped-cropped-logolu.webp","width":382,"height":170,"caption":"admin"},"logo":{"@id":"https:\/\/luchonoticias.com\/editor\/#\/schema\/person\/image\/"},"sameAs":["https:\/\/www.facebook.com\/luchonoticiasneiva"],"url":"https:\/\/luchonoticias.com\/editor\/author\/admin\/"}]}},"_links":{"self":[{"href":"https:\/\/luchonoticias.com\/editor\/wp-json\/wp\/v2\/posts\/40103","targetHints":{"allow":["GET"]}}],"collection":[{"href":"https:\/\/luchonoticias.com\/editor\/wp-json\/wp\/v2\/posts"}],"about":[{"href":"https:\/\/luchonoticias.com\/editor\/wp-json\/wp\/v2\/types\/post"}],"author":[{"embeddable":true,"href":"https:\/\/luchonoticias.com\/editor\/wp-json\/wp\/v2\/users\/1"}],"replies":[{"embeddable":true,"href":"https:\/\/luchonoticias.com\/editor\/wp-json\/wp\/v2\/comments?post=40103"}],"version-history":[{"count":0,"href":"https:\/\/luchonoticias.com\/editor\/wp-json\/wp\/v2\/posts\/40103\/revisions"}],"wp:attachment":[{"href":"https:\/\/luchonoticias.com\/editor\/wp-json\/wp\/v2\/media?parent=40103"}],"wp:term":[{"taxonomy":"category","embeddable":true,"href":"https:\/\/luchonoticias.com\/editor\/wp-json\/wp\/v2\/categories?post=40103"},{"taxonomy":"post_tag","embeddable":true,"href":"https:\/\/luchonoticias.com\/editor\/wp-json\/wp\/v2\/tags?post=40103"}],"curies":[{"name":"wp","href":"https:\/\/api.w.org\/{rel}","templated":true}]}}