{"id":40122,"date":"2022-11-22T08:13:20","date_gmt":"2022-11-22T13:13:20","guid":{"rendered":"https:\/\/luchonoticias.com\/?p=40122"},"modified":"2022-11-22T08:13:21","modified_gmt":"2022-11-22T13:13:21","slug":"capturados-cuatro-presuntos-atracadores-en-neiva","status":"publish","type":"post","link":"https:\/\/luchonoticias.com\/editor\/capturados-cuatro-presuntos-atracadores-en-neiva\/","title":{"rendered":"Capturados cuatro presuntos atracadores en Neiva"},"content":{"rendered":"\n<p>En las \u00faltimas horas, la Polic\u00eda Nacional dieron a conocer que en el desarrollo del \u00abPlan Cazador,\u00bb lograron en las \u00faltimas horas la captura en flagrancia de cuatro presuntos atracadores.<\/p>\n\n\n\n<p>\u201cEsta acci\u00f3n policial la desarrollaron los uniformados de los cuadrantes 33 y 35 del CAI Palmas, quienes mediante \u00abPlan candado\u00bb en la calle 19 con carrera 45 del barrio Pastrana, logran interceptar a 04 individuos, quienes minutos antes hab\u00edan hurtado mediante la modalidad de atraco y con arma blanca, un tel\u00e9fono celular a un ciudadano que transitaba por el sector\u201d, indic\u00f3 el Comando de Polic\u00eda Metropolitana de Neiva.<\/p>\n\n\n\n<figure class=\"wp-block-image size-large\"><img decoding=\"async\" src=\"https:\/\/luchonoticias.com\/wp-content\/uploads\/2022\/11\/WhatsApp-Image-2022-11-22-at-8.03.01-AM-1024x446.jpeg\" alt=\"\" class=\"wp-image-40125\"\/><\/figure>\n\n\n\n<p>Asimismo, las fuentes oficiales revelaron que estas cuatro personas que se movilizaban en dos motocicletas una Bajaj B\u00f3xer de placas DRW38F y una AKT NKD de placas BNG13F, son identificadas como:<\/p>\n\n\n\n<p>1. Jhoan Sebasti\u00e1n Vigolla Rebolledo de 24 a\u00f1os de edad.<\/p>\n\n\n\n<p>2. Jhon Sebasti\u00e1n Buitrago Trujillo de 24 a\u00f1os de edad.<\/p>\n\n\n\n<p>3. Sergio Andres Robledo Mar\u00edn de 21 a\u00f1os.<\/p>\n\n\n\n<p>4. Maicol Javier Robledo Mar\u00edn de 19 a\u00f1os de edad.<\/p>\n\n\n\n<p>\u201cEstos hombres al momento de su captura, fueron sorprendidos llevando consigo tres armas corto punzantes y el equipo m\u00f3vil, producto de su accionar criminal\u201d, agregaron las autoridades en el informe oficial.<\/p>\n\n\n\n<p>Finalmente, este medio de comunicaci\u00f3n logr\u00f3 conocer que los cuatro capturados fueron dejados a disposici\u00f3n de autoridad competente por el delito de Hurto Calificado y Agravado, donde un juez de control de garant\u00edas decidi\u00f3 otorgarles medida de aseguramiento en su lugar de residencia.<\/p>\n","protected":false},"excerpt":{"rendered":"<p>En las \u00faltimas horas, la Polic\u00eda Nacional dieron a conocer que en el desarrollo del \u00abPlan Cazador,\u00bb lograron en las \u00faltimas horas la captura en flagrancia de cuatro presuntos atracadores. \u201cEsta acci\u00f3n policial la desarrollaron los uniformados de los cuadrantes 33 y 35 del CAI Palmas, quienes mediante \u00abPlan candado\u00bb en la calle 19 con [&hellip;]<\/p>\n","protected":false},"author":1,"featured_media":0,"comment_status":"open","ping_status":"open","sticky":false,"template":"","format":"standard","meta":{"footnotes":""},"categories":[36,29],"tags":[],"class_list":["post-40122","post","type-post","status-publish","format-standard","hentry","category-destacado","category-judicial"],"yoast_head":"<!-- This site is optimized with the Yoast SEO plugin v26.6 - https:\/\/yoast.com\/wordpress\/plugins\/seo\/ -->\n<title>Capturados cuatro presuntos atracadores en Neiva -<\/title>\n<meta name=\"robots\" content=\"index, follow, max-snippet:-1, max-image-preview:large, max-video-preview:-1\" \/>\n<link rel=\"canonical\" href=\"https:\/\/luchonoticias.com\/editor\/capturados-cuatro-presuntos-atracadores-en-neiva\/\" \/>\n<meta property=\"og:locale\" content=\"es_ES\" \/>\n<meta property=\"og:type\" content=\"article\" \/>\n<meta property=\"og:title\" content=\"Capturados cuatro presuntos atracadores en Neiva -\" \/>\n<meta property=\"og:url\" content=\"https:\/\/luchonoticias.com\/editor\/capturados-cuatro-presuntos-atracadores-en-neiva\/\" \/>\n<meta property=\"article:publisher\" content=\"https:\/\/www.facebook.com\/luchonoticiasneiva\" \/>\n<meta property=\"article:author\" content=\"https:\/\/www.facebook.com\/luchonoticiasneiva\" \/>\n<meta property=\"article:published_time\" content=\"2022-11-22T13:13:20+00:00\" \/>\n<meta property=\"article:modified_time\" content=\"2022-11-22T13:13:21+00:00\" \/>\n<meta property=\"og:image\" content=\"https:\/\/luchonoticias.com\/wp-content\/uploads\/2022\/11\/WhatsApp-Image-2022-11-22-at-8.03.01-AM-1024x446.jpeg\" \/>\n<meta name=\"author\" content=\"admin\" \/>\n<meta name=\"twitter:card\" content=\"summary_large_image\" \/>\n<meta name=\"twitter:label1\" content=\"Escrito por\" \/>\n\t<meta name=\"twitter:data1\" content=\"admin\" \/>\n\t<meta name=\"twitter:label2\" content=\"Tiempo de lectura\" \/>\n\t<meta name=\"twitter:data2\" content=\"1 minuto\" \/>\n<script type=\"application\/ld+json\" class=\"yoast-schema-graph\">{\"@context\":\"https:\/\/schema.org\",\"@graph\":[{\"@type\":\"Article\",\"@id\":\"https:\/\/luchonoticias.com\/editor\/capturados-cuatro-presuntos-atracadores-en-neiva\/#article\",\"isPartOf\":{\"@id\":\"https:\/\/luchonoticias.com\/editor\/capturados-cuatro-presuntos-atracadores-en-neiva\/\"},\"author\":{\"name\":\"admin\",\"@id\":\"https:\/\/luchonoticias.com\/editor\/#\/schema\/person\/7a7fd911f58561fd056dbac7b55af9cd\"},\"headline\":\"Capturados cuatro presuntos atracadores en Neiva\",\"datePublished\":\"2022-11-22T13:13:20+00:00\",\"dateModified\":\"2022-11-22T13:13:21+00:00\",\"mainEntityOfPage\":{\"@id\":\"https:\/\/luchonoticias.com\/editor\/capturados-cuatro-presuntos-atracadores-en-neiva\/\"},\"wordCount\":254,\"commentCount\":0,\"publisher\":{\"@id\":\"https:\/\/luchonoticias.com\/editor\/#\/schema\/person\/7a7fd911f58561fd056dbac7b55af9cd\"},\"image\":{\"@id\":\"https:\/\/luchonoticias.com\/editor\/capturados-cuatro-presuntos-atracadores-en-neiva\/#primaryimage\"},\"thumbnailUrl\":\"https:\/\/luchonoticias.com\/wp-content\/uploads\/2022\/11\/WhatsApp-Image-2022-11-22-at-8.03.01-AM-1024x446.jpeg\",\"articleSection\":[\"Destacado\",\"Judicial\"],\"inLanguage\":\"es\",\"potentialAction\":[{\"@type\":\"CommentAction\",\"name\":\"Comment\",\"target\":[\"https:\/\/luchonoticias.com\/editor\/capturados-cuatro-presuntos-atracadores-en-neiva\/#respond\"]}]},{\"@type\":\"WebPage\",\"@id\":\"https:\/\/luchonoticias.com\/editor\/capturados-cuatro-presuntos-atracadores-en-neiva\/\",\"url\":\"https:\/\/luchonoticias.com\/editor\/capturados-cuatro-presuntos-atracadores-en-neiva\/\",\"name\":\"Capturados cuatro presuntos atracadores en Neiva -\",\"isPartOf\":{\"@id\":\"https:\/\/luchonoticias.com\/editor\/#website\"},\"primaryImageOfPage\":{\"@id\":\"https:\/\/luchonoticias.com\/editor\/capturados-cuatro-presuntos-atracadores-en-neiva\/#primaryimage\"},\"image\":{\"@id\":\"https:\/\/luchonoticias.com\/editor\/capturados-cuatro-presuntos-atracadores-en-neiva\/#primaryimage\"},\"thumbnailUrl\":\"https:\/\/luchonoticias.com\/wp-content\/uploads\/2022\/11\/WhatsApp-Image-2022-11-22-at-8.03.01-AM-1024x446.jpeg\",\"datePublished\":\"2022-11-22T13:13:20+00:00\",\"dateModified\":\"2022-11-22T13:13:21+00:00\",\"breadcrumb\":{\"@id\":\"https:\/\/luchonoticias.com\/editor\/capturados-cuatro-presuntos-atracadores-en-neiva\/#breadcrumb\"},\"inLanguage\":\"es\",\"potentialAction\":[{\"@type\":\"ReadAction\",\"target\":[\"https:\/\/luchonoticias.com\/editor\/capturados-cuatro-presuntos-atracadores-en-neiva\/\"]}]},{\"@type\":\"ImageObject\",\"inLanguage\":\"es\",\"@id\":\"https:\/\/luchonoticias.com\/editor\/capturados-cuatro-presuntos-atracadores-en-neiva\/#primaryimage\",\"url\":\"https:\/\/luchonoticias.com\/wp-content\/uploads\/2022\/11\/WhatsApp-Image-2022-11-22-at-8.03.01-AM-1024x446.jpeg\",\"contentUrl\":\"https:\/\/luchonoticias.com\/wp-content\/uploads\/2022\/11\/WhatsApp-Image-2022-11-22-at-8.03.01-AM-1024x446.jpeg\"},{\"@type\":\"BreadcrumbList\",\"@id\":\"https:\/\/luchonoticias.com\/editor\/capturados-cuatro-presuntos-atracadores-en-neiva\/#breadcrumb\",\"itemListElement\":[{\"@type\":\"ListItem\",\"position\":1,\"name\":\"Portada\",\"item\":\"https:\/\/luchonoticias.com\/editor\/\"},{\"@type\":\"ListItem\",\"position\":2,\"name\":\"Capturados cuatro presuntos atracadores en Neiva\"}]},{\"@type\":\"WebSite\",\"@id\":\"https:\/\/luchonoticias.com\/editor\/#website\",\"url\":\"https:\/\/luchonoticias.com\/editor\/\",\"name\":\"\",\"description\":\"\",\"publisher\":{\"@id\":\"https:\/\/luchonoticias.com\/editor\/#\/schema\/person\/7a7fd911f58561fd056dbac7b55af9cd\"},\"potentialAction\":[{\"@type\":\"SearchAction\",\"target\":{\"@type\":\"EntryPoint\",\"urlTemplate\":\"https:\/\/luchonoticias.com\/editor\/?s={search_term_string}\"},\"query-input\":{\"@type\":\"PropertyValueSpecification\",\"valueRequired\":true,\"valueName\":\"search_term_string\"}}],\"inLanguage\":\"es\"},{\"@type\":[\"Person\",\"Organization\"],\"@id\":\"https:\/\/luchonoticias.com\/editor\/#\/schema\/person\/7a7fd911f58561fd056dbac7b55af9cd\",\"name\":\"admin\",\"image\":{\"@type\":\"ImageObject\",\"inLanguage\":\"es\",\"@id\":\"https:\/\/luchonoticias.com\/editor\/#\/schema\/person\/image\/\",\"url\":\"https:\/\/luchonoticias.com\/editor\/wp-content\/uploads\/2024\/02\/cropped-cropped-logolu.webp\",\"contentUrl\":\"https:\/\/luchonoticias.com\/editor\/wp-content\/uploads\/2024\/02\/cropped-cropped-logolu.webp\",\"width\":382,\"height\":170,\"caption\":\"admin\"},\"logo\":{\"@id\":\"https:\/\/luchonoticias.com\/editor\/#\/schema\/person\/image\/\"},\"sameAs\":[\"https:\/\/www.facebook.com\/luchonoticiasneiva\"],\"url\":\"https:\/\/luchonoticias.com\/editor\/author\/admin\/\"}]}<\/script>\n<!-- \/ Yoast SEO plugin. -->","yoast_head_json":{"title":"Capturados cuatro presuntos atracadores en Neiva -","robots":{"index":"index","follow":"follow","max-snippet":"max-snippet:-1","max-image-preview":"max-image-preview:large","max-video-preview":"max-video-preview:-1"},"canonical":"https:\/\/luchonoticias.com\/editor\/capturados-cuatro-presuntos-atracadores-en-neiva\/","og_locale":"es_ES","og_type":"article","og_title":"Capturados cuatro presuntos atracadores en Neiva -","og_url":"https:\/\/luchonoticias.com\/editor\/capturados-cuatro-presuntos-atracadores-en-neiva\/","article_publisher":"https:\/\/www.facebook.com\/luchonoticiasneiva","article_author":"https:\/\/www.facebook.com\/luchonoticiasneiva","article_published_time":"2022-11-22T13:13:20+00:00","article_modified_time":"2022-11-22T13:13:21+00:00","og_image":[{"url":"https:\/\/luchonoticias.com\/wp-content\/uploads\/2022\/11\/WhatsApp-Image-2022-11-22-at-8.03.01-AM-1024x446.jpeg","type":"","width":"","height":""}],"author":"admin","twitter_card":"summary_large_image","twitter_misc":{"Escrito por":"admin","Tiempo de lectura":"1 minuto"},"schema":{"@context":"https:\/\/schema.org","@graph":[{"@type":"Article","@id":"https:\/\/luchonoticias.com\/editor\/capturados-cuatro-presuntos-atracadores-en-neiva\/#article","isPartOf":{"@id":"https:\/\/luchonoticias.com\/editor\/capturados-cuatro-presuntos-atracadores-en-neiva\/"},"author":{"name":"admin","@id":"https:\/\/luchonoticias.com\/editor\/#\/schema\/person\/7a7fd911f58561fd056dbac7b55af9cd"},"headline":"Capturados cuatro presuntos atracadores en Neiva","datePublished":"2022-11-22T13:13:20+00:00","dateModified":"2022-11-22T13:13:21+00:00","mainEntityOfPage":{"@id":"https:\/\/luchonoticias.com\/editor\/capturados-cuatro-presuntos-atracadores-en-neiva\/"},"wordCount":254,"commentCount":0,"publisher":{"@id":"https:\/\/luchonoticias.com\/editor\/#\/schema\/person\/7a7fd911f58561fd056dbac7b55af9cd"},"image":{"@id":"https:\/\/luchonoticias.com\/editor\/capturados-cuatro-presuntos-atracadores-en-neiva\/#primaryimage"},"thumbnailUrl":"https:\/\/luchonoticias.com\/wp-content\/uploads\/2022\/11\/WhatsApp-Image-2022-11-22-at-8.03.01-AM-1024x446.jpeg","articleSection":["Destacado","Judicial"],"inLanguage":"es","potentialAction":[{"@type":"CommentAction","name":"Comment","target":["https:\/\/luchonoticias.com\/editor\/capturados-cuatro-presuntos-atracadores-en-neiva\/#respond"]}]},{"@type":"WebPage","@id":"https:\/\/luchonoticias.com\/editor\/capturados-cuatro-presuntos-atracadores-en-neiva\/","url":"https:\/\/luchonoticias.com\/editor\/capturados-cuatro-presuntos-atracadores-en-neiva\/","name":"Capturados cuatro presuntos atracadores en Neiva -","isPartOf":{"@id":"https:\/\/luchonoticias.com\/editor\/#website"},"primaryImageOfPage":{"@id":"https:\/\/luchonoticias.com\/editor\/capturados-cuatro-presuntos-atracadores-en-neiva\/#primaryimage"},"image":{"@id":"https:\/\/luchonoticias.com\/editor\/capturados-cuatro-presuntos-atracadores-en-neiva\/#primaryimage"},"thumbnailUrl":"https:\/\/luchonoticias.com\/wp-content\/uploads\/2022\/11\/WhatsApp-Image-2022-11-22-at-8.03.01-AM-1024x446.jpeg","datePublished":"2022-11-22T13:13:20+00:00","dateModified":"2022-11-22T13:13:21+00:00","breadcrumb":{"@id":"https:\/\/luchonoticias.com\/editor\/capturados-cuatro-presuntos-atracadores-en-neiva\/#breadcrumb"},"inLanguage":"es","potentialAction":[{"@type":"ReadAction","target":["https:\/\/luchonoticias.com\/editor\/capturados-cuatro-presuntos-atracadores-en-neiva\/"]}]},{"@type":"ImageObject","inLanguage":"es","@id":"https:\/\/luchonoticias.com\/editor\/capturados-cuatro-presuntos-atracadores-en-neiva\/#primaryimage","url":"https:\/\/luchonoticias.com\/wp-content\/uploads\/2022\/11\/WhatsApp-Image-2022-11-22-at-8.03.01-AM-1024x446.jpeg","contentUrl":"https:\/\/luchonoticias.com\/wp-content\/uploads\/2022\/11\/WhatsApp-Image-2022-11-22-at-8.03.01-AM-1024x446.jpeg"},{"@type":"BreadcrumbList","@id":"https:\/\/luchonoticias.com\/editor\/capturados-cuatro-presuntos-atracadores-en-neiva\/#breadcrumb","itemListElement":[{"@type":"ListItem","position":1,"name":"Portada","item":"https:\/\/luchonoticias.com\/editor\/"},{"@type":"ListItem","position":2,"name":"Capturados cuatro presuntos atracadores en Neiva"}]},{"@type":"WebSite","@id":"https:\/\/luchonoticias.com\/editor\/#website","url":"https:\/\/luchonoticias.com\/editor\/","name":"","description":"","publisher":{"@id":"https:\/\/luchonoticias.com\/editor\/#\/schema\/person\/7a7fd911f58561fd056dbac7b55af9cd"},"potentialAction":[{"@type":"SearchAction","target":{"@type":"EntryPoint","urlTemplate":"https:\/\/luchonoticias.com\/editor\/?s={search_term_string}"},"query-input":{"@type":"PropertyValueSpecification","valueRequired":true,"valueName":"search_term_string"}}],"inLanguage":"es"},{"@type":["Person","Organization"],"@id":"https:\/\/luchonoticias.com\/editor\/#\/schema\/person\/7a7fd911f58561fd056dbac7b55af9cd","name":"admin","image":{"@type":"ImageObject","inLanguage":"es","@id":"https:\/\/luchonoticias.com\/editor\/#\/schema\/person\/image\/","url":"https:\/\/luchonoticias.com\/editor\/wp-content\/uploads\/2024\/02\/cropped-cropped-logolu.webp","contentUrl":"https:\/\/luchonoticias.com\/editor\/wp-content\/uploads\/2024\/02\/cropped-cropped-logolu.webp","width":382,"height":170,"caption":"admin"},"logo":{"@id":"https:\/\/luchonoticias.com\/editor\/#\/schema\/person\/image\/"},"sameAs":["https:\/\/www.facebook.com\/luchonoticiasneiva"],"url":"https:\/\/luchonoticias.com\/editor\/author\/admin\/"}]}},"_links":{"self":[{"href":"https:\/\/luchonoticias.com\/editor\/wp-json\/wp\/v2\/posts\/40122","targetHints":{"allow":["GET"]}}],"collection":[{"href":"https:\/\/luchonoticias.com\/editor\/wp-json\/wp\/v2\/posts"}],"about":[{"href":"https:\/\/luchonoticias.com\/editor\/wp-json\/wp\/v2\/types\/post"}],"author":[{"embeddable":true,"href":"https:\/\/luchonoticias.com\/editor\/wp-json\/wp\/v2\/users\/1"}],"replies":[{"embeddable":true,"href":"https:\/\/luchonoticias.com\/editor\/wp-json\/wp\/v2\/comments?post=40122"}],"version-history":[{"count":0,"href":"https:\/\/luchonoticias.com\/editor\/wp-json\/wp\/v2\/posts\/40122\/revisions"}],"wp:attachment":[{"href":"https:\/\/luchonoticias.com\/editor\/wp-json\/wp\/v2\/media?parent=40122"}],"wp:term":[{"taxonomy":"category","embeddable":true,"href":"https:\/\/luchonoticias.com\/editor\/wp-json\/wp\/v2\/categories?post=40122"},{"taxonomy":"post_tag","embeddable":true,"href":"https:\/\/luchonoticias.com\/editor\/wp-json\/wp\/v2\/tags?post=40122"}],"curies":[{"name":"wp","href":"https:\/\/api.w.org\/{rel}","templated":true}]}}