{"id":40135,"date":"2022-11-22T12:57:43","date_gmt":"2022-11-22T17:57:43","guid":{"rendered":"https:\/\/luchonoticias.com\/?p=40135"},"modified":"2022-11-22T12:57:55","modified_gmt":"2022-11-22T17:57:55","slug":"empate-entre-mexico-y-polonia-por-el-mundial","status":"publish","type":"post","link":"https:\/\/luchonoticias.com\/editor\/empate-entre-mexico-y-polonia-por-el-mundial\/","title":{"rendered":"Empate entre M\u00e9xico y Polonia por el mundial"},"content":{"rendered":"\n<p><strong>M\u00e9xico y Polonia igualaron sin goles<\/strong> en lo que fue el segundo juego del inicio del grupo C del <strong>mundial de f\u00fatbol<\/strong>, adem\u00e1s de ser el segundo compromiso del mundial que termina sin anotaciones. <\/p>\n\n\n\n<p>En lo que fue la primera parte los mexicanos solo contaron con una clara ocasi\u00f3n de gol al minuto 44 con <strong>Jorge S\u00e1nchez<\/strong> y que result\u00f3 desviada.<\/p>\n\n\n\n<p>Ya en la segunda mitad <strong>Polonia tuvo una oportunidad de oro <\/strong>para adelantarse en el marcador con un penal a su favor al minuto 55, no obstante <strong>Robert Lewandowski dilapid\u00f3 la opci\u00f3n <\/strong>que fue atajada por Guillermo Ochoa, a lo que al minuto 80 <strong>Alexis Vega <\/strong>respondi\u00f3 con un ca\u00f1onazo; al final, el marcador no se movi\u00f3. <\/p>\n","protected":false},"excerpt":{"rendered":"<p>M\u00e9xico y Polonia igualaron sin goles en lo que fue el segundo juego del inicio del grupo C del mundial de f\u00fatbol, adem\u00e1s de ser el segundo compromiso del mundial que termina sin anotaciones. En lo que fue la primera parte los mexicanos solo contaron con una clara ocasi\u00f3n de gol al minuto 44 con [&hellip;]<\/p>\n","protected":false},"author":1,"featured_media":0,"comment_status":"open","ping_status":"open","sticky":false,"template":"","format":"standard","meta":{"footnotes":""},"categories":[34],"tags":[],"class_list":["post-40135","post","type-post","status-publish","format-standard","hentry","category-deportes"],"yoast_head":"<!-- This site is optimized with the Yoast SEO plugin v26.6 - https:\/\/yoast.com\/wordpress\/plugins\/seo\/ -->\n<title>Empate entre M\u00e9xico y Polonia por el mundial -<\/title>\n<meta name=\"robots\" content=\"index, follow, max-snippet:-1, max-image-preview:large, max-video-preview:-1\" \/>\n<link rel=\"canonical\" href=\"https:\/\/luchonoticias.com\/editor\/empate-entre-mexico-y-polonia-por-el-mundial\/\" \/>\n<meta property=\"og:locale\" content=\"es_ES\" \/>\n<meta property=\"og:type\" content=\"article\" \/>\n<meta property=\"og:title\" content=\"Empate entre M\u00e9xico y Polonia por el mundial -\" \/>\n<meta property=\"og:url\" content=\"https:\/\/luchonoticias.com\/editor\/empate-entre-mexico-y-polonia-por-el-mundial\/\" \/>\n<meta property=\"article:publisher\" content=\"https:\/\/www.facebook.com\/luchonoticiasneiva\" \/>\n<meta property=\"article:author\" content=\"https:\/\/www.facebook.com\/luchonoticiasneiva\" \/>\n<meta property=\"article:published_time\" content=\"2022-11-22T17:57:43+00:00\" \/>\n<meta property=\"article:modified_time\" content=\"2022-11-22T17:57:55+00:00\" \/>\n<meta name=\"author\" content=\"admin\" \/>\n<meta name=\"twitter:card\" content=\"summary_large_image\" \/>\n<meta name=\"twitter:label1\" content=\"Escrito por\" \/>\n\t<meta name=\"twitter:data1\" content=\"admin\" \/>\n\t<meta name=\"twitter:label2\" content=\"Tiempo de lectura\" \/>\n\t<meta name=\"twitter:data2\" content=\"1 minuto\" \/>\n<script type=\"application\/ld+json\" class=\"yoast-schema-graph\">{\"@context\":\"https:\/\/schema.org\",\"@graph\":[{\"@type\":\"Article\",\"@id\":\"https:\/\/luchonoticias.com\/editor\/empate-entre-mexico-y-polonia-por-el-mundial\/#article\",\"isPartOf\":{\"@id\":\"https:\/\/luchonoticias.com\/editor\/empate-entre-mexico-y-polonia-por-el-mundial\/\"},\"author\":{\"name\":\"admin\",\"@id\":\"https:\/\/luchonoticias.com\/editor\/#\/schema\/person\/7a7fd911f58561fd056dbac7b55af9cd\"},\"headline\":\"Empate entre M\u00e9xico y Polonia por el mundial\",\"datePublished\":\"2022-11-22T17:57:43+00:00\",\"dateModified\":\"2022-11-22T17:57:55+00:00\",\"mainEntityOfPage\":{\"@id\":\"https:\/\/luchonoticias.com\/editor\/empate-entre-mexico-y-polonia-por-el-mundial\/\"},\"wordCount\":131,\"commentCount\":0,\"publisher\":{\"@id\":\"https:\/\/luchonoticias.com\/editor\/#\/schema\/person\/7a7fd911f58561fd056dbac7b55af9cd\"},\"articleSection\":[\"Deportes\"],\"inLanguage\":\"es\",\"potentialAction\":[{\"@type\":\"CommentAction\",\"name\":\"Comment\",\"target\":[\"https:\/\/luchonoticias.com\/editor\/empate-entre-mexico-y-polonia-por-el-mundial\/#respond\"]}]},{\"@type\":\"WebPage\",\"@id\":\"https:\/\/luchonoticias.com\/editor\/empate-entre-mexico-y-polonia-por-el-mundial\/\",\"url\":\"https:\/\/luchonoticias.com\/editor\/empate-entre-mexico-y-polonia-por-el-mundial\/\",\"name\":\"Empate entre M\u00e9xico y Polonia por el mundial -\",\"isPartOf\":{\"@id\":\"https:\/\/luchonoticias.com\/editor\/#website\"},\"datePublished\":\"2022-11-22T17:57:43+00:00\",\"dateModified\":\"2022-11-22T17:57:55+00:00\",\"breadcrumb\":{\"@id\":\"https:\/\/luchonoticias.com\/editor\/empate-entre-mexico-y-polonia-por-el-mundial\/#breadcrumb\"},\"inLanguage\":\"es\",\"potentialAction\":[{\"@type\":\"ReadAction\",\"target\":[\"https:\/\/luchonoticias.com\/editor\/empate-entre-mexico-y-polonia-por-el-mundial\/\"]}]},{\"@type\":\"BreadcrumbList\",\"@id\":\"https:\/\/luchonoticias.com\/editor\/empate-entre-mexico-y-polonia-por-el-mundial\/#breadcrumb\",\"itemListElement\":[{\"@type\":\"ListItem\",\"position\":1,\"name\":\"Portada\",\"item\":\"https:\/\/luchonoticias.com\/editor\/\"},{\"@type\":\"ListItem\",\"position\":2,\"name\":\"Empate entre M\u00e9xico y Polonia por el mundial\"}]},{\"@type\":\"WebSite\",\"@id\":\"https:\/\/luchonoticias.com\/editor\/#website\",\"url\":\"https:\/\/luchonoticias.com\/editor\/\",\"name\":\"\",\"description\":\"\",\"publisher\":{\"@id\":\"https:\/\/luchonoticias.com\/editor\/#\/schema\/person\/7a7fd911f58561fd056dbac7b55af9cd\"},\"potentialAction\":[{\"@type\":\"SearchAction\",\"target\":{\"@type\":\"EntryPoint\",\"urlTemplate\":\"https:\/\/luchonoticias.com\/editor\/?s={search_term_string}\"},\"query-input\":{\"@type\":\"PropertyValueSpecification\",\"valueRequired\":true,\"valueName\":\"search_term_string\"}}],\"inLanguage\":\"es\"},{\"@type\":[\"Person\",\"Organization\"],\"@id\":\"https:\/\/luchonoticias.com\/editor\/#\/schema\/person\/7a7fd911f58561fd056dbac7b55af9cd\",\"name\":\"admin\",\"image\":{\"@type\":\"ImageObject\",\"inLanguage\":\"es\",\"@id\":\"https:\/\/luchonoticias.com\/editor\/#\/schema\/person\/image\/\",\"url\":\"https:\/\/luchonoticias.com\/editor\/wp-content\/uploads\/2024\/02\/cropped-cropped-logolu.webp\",\"contentUrl\":\"https:\/\/luchonoticias.com\/editor\/wp-content\/uploads\/2024\/02\/cropped-cropped-logolu.webp\",\"width\":382,\"height\":170,\"caption\":\"admin\"},\"logo\":{\"@id\":\"https:\/\/luchonoticias.com\/editor\/#\/schema\/person\/image\/\"},\"sameAs\":[\"https:\/\/www.facebook.com\/luchonoticiasneiva\"],\"url\":\"https:\/\/luchonoticias.com\/editor\/author\/admin\/\"}]}<\/script>\n<!-- \/ Yoast SEO plugin. -->","yoast_head_json":{"title":"Empate entre M\u00e9xico y Polonia por el mundial -","robots":{"index":"index","follow":"follow","max-snippet":"max-snippet:-1","max-image-preview":"max-image-preview:large","max-video-preview":"max-video-preview:-1"},"canonical":"https:\/\/luchonoticias.com\/editor\/empate-entre-mexico-y-polonia-por-el-mundial\/","og_locale":"es_ES","og_type":"article","og_title":"Empate entre M\u00e9xico y Polonia por el mundial -","og_url":"https:\/\/luchonoticias.com\/editor\/empate-entre-mexico-y-polonia-por-el-mundial\/","article_publisher":"https:\/\/www.facebook.com\/luchonoticiasneiva","article_author":"https:\/\/www.facebook.com\/luchonoticiasneiva","article_published_time":"2022-11-22T17:57:43+00:00","article_modified_time":"2022-11-22T17:57:55+00:00","author":"admin","twitter_card":"summary_large_image","twitter_misc":{"Escrito por":"admin","Tiempo de lectura":"1 minuto"},"schema":{"@context":"https:\/\/schema.org","@graph":[{"@type":"Article","@id":"https:\/\/luchonoticias.com\/editor\/empate-entre-mexico-y-polonia-por-el-mundial\/#article","isPartOf":{"@id":"https:\/\/luchonoticias.com\/editor\/empate-entre-mexico-y-polonia-por-el-mundial\/"},"author":{"name":"admin","@id":"https:\/\/luchonoticias.com\/editor\/#\/schema\/person\/7a7fd911f58561fd056dbac7b55af9cd"},"headline":"Empate entre M\u00e9xico y Polonia por el mundial","datePublished":"2022-11-22T17:57:43+00:00","dateModified":"2022-11-22T17:57:55+00:00","mainEntityOfPage":{"@id":"https:\/\/luchonoticias.com\/editor\/empate-entre-mexico-y-polonia-por-el-mundial\/"},"wordCount":131,"commentCount":0,"publisher":{"@id":"https:\/\/luchonoticias.com\/editor\/#\/schema\/person\/7a7fd911f58561fd056dbac7b55af9cd"},"articleSection":["Deportes"],"inLanguage":"es","potentialAction":[{"@type":"CommentAction","name":"Comment","target":["https:\/\/luchonoticias.com\/editor\/empate-entre-mexico-y-polonia-por-el-mundial\/#respond"]}]},{"@type":"WebPage","@id":"https:\/\/luchonoticias.com\/editor\/empate-entre-mexico-y-polonia-por-el-mundial\/","url":"https:\/\/luchonoticias.com\/editor\/empate-entre-mexico-y-polonia-por-el-mundial\/","name":"Empate entre M\u00e9xico y Polonia por el mundial -","isPartOf":{"@id":"https:\/\/luchonoticias.com\/editor\/#website"},"datePublished":"2022-11-22T17:57:43+00:00","dateModified":"2022-11-22T17:57:55+00:00","breadcrumb":{"@id":"https:\/\/luchonoticias.com\/editor\/empate-entre-mexico-y-polonia-por-el-mundial\/#breadcrumb"},"inLanguage":"es","potentialAction":[{"@type":"ReadAction","target":["https:\/\/luchonoticias.com\/editor\/empate-entre-mexico-y-polonia-por-el-mundial\/"]}]},{"@type":"BreadcrumbList","@id":"https:\/\/luchonoticias.com\/editor\/empate-entre-mexico-y-polonia-por-el-mundial\/#breadcrumb","itemListElement":[{"@type":"ListItem","position":1,"name":"Portada","item":"https:\/\/luchonoticias.com\/editor\/"},{"@type":"ListItem","position":2,"name":"Empate entre M\u00e9xico y Polonia por el mundial"}]},{"@type":"WebSite","@id":"https:\/\/luchonoticias.com\/editor\/#website","url":"https:\/\/luchonoticias.com\/editor\/","name":"","description":"","publisher":{"@id":"https:\/\/luchonoticias.com\/editor\/#\/schema\/person\/7a7fd911f58561fd056dbac7b55af9cd"},"potentialAction":[{"@type":"SearchAction","target":{"@type":"EntryPoint","urlTemplate":"https:\/\/luchonoticias.com\/editor\/?s={search_term_string}"},"query-input":{"@type":"PropertyValueSpecification","valueRequired":true,"valueName":"search_term_string"}}],"inLanguage":"es"},{"@type":["Person","Organization"],"@id":"https:\/\/luchonoticias.com\/editor\/#\/schema\/person\/7a7fd911f58561fd056dbac7b55af9cd","name":"admin","image":{"@type":"ImageObject","inLanguage":"es","@id":"https:\/\/luchonoticias.com\/editor\/#\/schema\/person\/image\/","url":"https:\/\/luchonoticias.com\/editor\/wp-content\/uploads\/2024\/02\/cropped-cropped-logolu.webp","contentUrl":"https:\/\/luchonoticias.com\/editor\/wp-content\/uploads\/2024\/02\/cropped-cropped-logolu.webp","width":382,"height":170,"caption":"admin"},"logo":{"@id":"https:\/\/luchonoticias.com\/editor\/#\/schema\/person\/image\/"},"sameAs":["https:\/\/www.facebook.com\/luchonoticiasneiva"],"url":"https:\/\/luchonoticias.com\/editor\/author\/admin\/"}]}},"_links":{"self":[{"href":"https:\/\/luchonoticias.com\/editor\/wp-json\/wp\/v2\/posts\/40135","targetHints":{"allow":["GET"]}}],"collection":[{"href":"https:\/\/luchonoticias.com\/editor\/wp-json\/wp\/v2\/posts"}],"about":[{"href":"https:\/\/luchonoticias.com\/editor\/wp-json\/wp\/v2\/types\/post"}],"author":[{"embeddable":true,"href":"https:\/\/luchonoticias.com\/editor\/wp-json\/wp\/v2\/users\/1"}],"replies":[{"embeddable":true,"href":"https:\/\/luchonoticias.com\/editor\/wp-json\/wp\/v2\/comments?post=40135"}],"version-history":[{"count":0,"href":"https:\/\/luchonoticias.com\/editor\/wp-json\/wp\/v2\/posts\/40135\/revisions"}],"wp:attachment":[{"href":"https:\/\/luchonoticias.com\/editor\/wp-json\/wp\/v2\/media?parent=40135"}],"wp:term":[{"taxonomy":"category","embeddable":true,"href":"https:\/\/luchonoticias.com\/editor\/wp-json\/wp\/v2\/categories?post=40135"},{"taxonomy":"post_tag","embeddable":true,"href":"https:\/\/luchonoticias.com\/editor\/wp-json\/wp\/v2\/tags?post=40135"}],"curies":[{"name":"wp","href":"https:\/\/api.w.org\/{rel}","templated":true}]}}