{"id":40151,"date":"2022-11-22T16:01:04","date_gmt":"2022-11-22T21:01:04","guid":{"rendered":"https:\/\/luchonoticias.com\/?p=40151"},"modified":"2022-11-22T16:01:05","modified_gmt":"2022-11-22T21:01:05","slug":"bajara-en-50-la-tarifa-del-soat-para-motos-y-otras-categorias","status":"publish","type":"post","link":"https:\/\/luchonoticias.com\/editor\/bajara-en-50-la-tarifa-del-soat-para-motos-y-otras-categorias\/","title":{"rendered":"Bajar\u00e1 en 50% la tarifa del Soat para motos y otras categor\u00edas"},"content":{"rendered":"\n<p>El ministro de Hacienda, Jos\u00e9 Antonio Ocampo, junto al Ministro de Transporte, Guillermo Reyes, anunciaron una reducci\u00f3n en 50% de las tarifas del Soat para motos de bajo cilindraje, autos de negocio, taxis, microbuses urbanos y servicio p\u00fablico urbano e intermunicipal.<\/p>\n\n\n\n<p>La norma comenzar\u00e1 a regir a partir del primero de enero de 2023 y la Superfinanciera estar\u00e1 en contacto con las compa\u00f1\u00edas de seguros, anunci\u00f3 el jefe de la Cartera de Hacienda, Jos\u00e9 Antonio Ocampo.<\/p>\n\n\n\n<p>\u00abEstamos esperando que esta norma ayude a que todos los veh\u00edculos tengan el Soat, al mismo tiempo en que reduce su precio para las motocicletas, que son las que se benefician en mayor magnitud. Habr\u00e1 normas adicionales para evitar el fraude y la evasi\u00f3n del Soat\u00bb, indic\u00f3 Ocampo.<\/p>\n\n\n\n<p>El ministro de Transporte, Guillermo Reyes, asegur\u00f3 que \u00absiendo los motociclistas los que tienen la mayor siniestralidad y los menos tienen Soat, el Gobierno les da una mano en el sentido de reconocer que 80% de los motociclistas pertenecen a la masa de trabajadores que dependen de su motocicleta. No solo no se increment\u00f3 la tarifa para 2023, sino que se redujo 50%\u00bb.<\/p>\n","protected":false},"excerpt":{"rendered":"<p>El ministro de Hacienda, Jos\u00e9 Antonio Ocampo, junto al Ministro de Transporte, Guillermo Reyes, anunciaron una reducci\u00f3n en 50% de las tarifas del Soat para motos de bajo cilindraje, autos de negocio, taxis, microbuses urbanos y servicio p\u00fablico urbano e intermunicipal. La norma comenzar\u00e1 a regir a partir del primero de enero de 2023 y [&hellip;]<\/p>\n","protected":false},"author":1,"featured_media":0,"comment_status":"open","ping_status":"open","sticky":false,"template":"","format":"standard","meta":{"footnotes":""},"categories":[36,32],"tags":[],"class_list":["post-40151","post","type-post","status-publish","format-standard","hentry","category-destacado","category-nacional"],"yoast_head":"<!-- This site is optimized with the Yoast SEO plugin v26.6 - https:\/\/yoast.com\/wordpress\/plugins\/seo\/ -->\n<title>Bajar\u00e1 en 50% la tarifa del Soat para motos y otras categor\u00edas -<\/title>\n<meta name=\"robots\" content=\"index, follow, max-snippet:-1, max-image-preview:large, max-video-preview:-1\" \/>\n<link rel=\"canonical\" href=\"https:\/\/luchonoticias.com\/editor\/bajara-en-50-la-tarifa-del-soat-para-motos-y-otras-categorias\/\" \/>\n<meta property=\"og:locale\" content=\"es_ES\" \/>\n<meta property=\"og:type\" content=\"article\" \/>\n<meta property=\"og:title\" content=\"Bajar\u00e1 en 50% la tarifa del Soat para motos y otras categor\u00edas -\" \/>\n<meta property=\"og:url\" content=\"https:\/\/luchonoticias.com\/editor\/bajara-en-50-la-tarifa-del-soat-para-motos-y-otras-categorias\/\" \/>\n<meta property=\"article:publisher\" content=\"https:\/\/www.facebook.com\/luchonoticiasneiva\" \/>\n<meta property=\"article:author\" content=\"https:\/\/www.facebook.com\/luchonoticiasneiva\" \/>\n<meta property=\"article:published_time\" content=\"2022-11-22T21:01:04+00:00\" \/>\n<meta property=\"article:modified_time\" content=\"2022-11-22T21:01:05+00:00\" \/>\n<meta name=\"author\" content=\"admin\" \/>\n<meta name=\"twitter:card\" content=\"summary_large_image\" \/>\n<meta name=\"twitter:label1\" content=\"Escrito por\" \/>\n\t<meta name=\"twitter:data1\" content=\"admin\" \/>\n\t<meta name=\"twitter:label2\" content=\"Tiempo de lectura\" \/>\n\t<meta name=\"twitter:data2\" content=\"1 minuto\" \/>\n<script type=\"application\/ld+json\" class=\"yoast-schema-graph\">{\"@context\":\"https:\/\/schema.org\",\"@graph\":[{\"@type\":\"Article\",\"@id\":\"https:\/\/luchonoticias.com\/editor\/bajara-en-50-la-tarifa-del-soat-para-motos-y-otras-categorias\/#article\",\"isPartOf\":{\"@id\":\"https:\/\/luchonoticias.com\/editor\/bajara-en-50-la-tarifa-del-soat-para-motos-y-otras-categorias\/\"},\"author\":{\"name\":\"admin\",\"@id\":\"https:\/\/luchonoticias.com\/editor\/#\/schema\/person\/7a7fd911f58561fd056dbac7b55af9cd\"},\"headline\":\"Bajar\u00e1 en 50% la tarifa del Soat para motos y otras categor\u00edas\",\"datePublished\":\"2022-11-22T21:01:04+00:00\",\"dateModified\":\"2022-11-22T21:01:05+00:00\",\"mainEntityOfPage\":{\"@id\":\"https:\/\/luchonoticias.com\/editor\/bajara-en-50-la-tarifa-del-soat-para-motos-y-otras-categorias\/\"},\"wordCount\":199,\"commentCount\":0,\"publisher\":{\"@id\":\"https:\/\/luchonoticias.com\/editor\/#\/schema\/person\/7a7fd911f58561fd056dbac7b55af9cd\"},\"articleSection\":[\"Destacado\",\"Nacional\"],\"inLanguage\":\"es\",\"potentialAction\":[{\"@type\":\"CommentAction\",\"name\":\"Comment\",\"target\":[\"https:\/\/luchonoticias.com\/editor\/bajara-en-50-la-tarifa-del-soat-para-motos-y-otras-categorias\/#respond\"]}]},{\"@type\":\"WebPage\",\"@id\":\"https:\/\/luchonoticias.com\/editor\/bajara-en-50-la-tarifa-del-soat-para-motos-y-otras-categorias\/\",\"url\":\"https:\/\/luchonoticias.com\/editor\/bajara-en-50-la-tarifa-del-soat-para-motos-y-otras-categorias\/\",\"name\":\"Bajar\u00e1 en 50% la tarifa del Soat para motos y otras categor\u00edas -\",\"isPartOf\":{\"@id\":\"https:\/\/luchonoticias.com\/editor\/#website\"},\"datePublished\":\"2022-11-22T21:01:04+00:00\",\"dateModified\":\"2022-11-22T21:01:05+00:00\",\"breadcrumb\":{\"@id\":\"https:\/\/luchonoticias.com\/editor\/bajara-en-50-la-tarifa-del-soat-para-motos-y-otras-categorias\/#breadcrumb\"},\"inLanguage\":\"es\",\"potentialAction\":[{\"@type\":\"ReadAction\",\"target\":[\"https:\/\/luchonoticias.com\/editor\/bajara-en-50-la-tarifa-del-soat-para-motos-y-otras-categorias\/\"]}]},{\"@type\":\"BreadcrumbList\",\"@id\":\"https:\/\/luchonoticias.com\/editor\/bajara-en-50-la-tarifa-del-soat-para-motos-y-otras-categorias\/#breadcrumb\",\"itemListElement\":[{\"@type\":\"ListItem\",\"position\":1,\"name\":\"Portada\",\"item\":\"https:\/\/luchonoticias.com\/editor\/\"},{\"@type\":\"ListItem\",\"position\":2,\"name\":\"Bajar\u00e1 en 50% la tarifa del Soat para motos y otras categor\u00edas\"}]},{\"@type\":\"WebSite\",\"@id\":\"https:\/\/luchonoticias.com\/editor\/#website\",\"url\":\"https:\/\/luchonoticias.com\/editor\/\",\"name\":\"\",\"description\":\"\",\"publisher\":{\"@id\":\"https:\/\/luchonoticias.com\/editor\/#\/schema\/person\/7a7fd911f58561fd056dbac7b55af9cd\"},\"potentialAction\":[{\"@type\":\"SearchAction\",\"target\":{\"@type\":\"EntryPoint\",\"urlTemplate\":\"https:\/\/luchonoticias.com\/editor\/?s={search_term_string}\"},\"query-input\":{\"@type\":\"PropertyValueSpecification\",\"valueRequired\":true,\"valueName\":\"search_term_string\"}}],\"inLanguage\":\"es\"},{\"@type\":[\"Person\",\"Organization\"],\"@id\":\"https:\/\/luchonoticias.com\/editor\/#\/schema\/person\/7a7fd911f58561fd056dbac7b55af9cd\",\"name\":\"admin\",\"image\":{\"@type\":\"ImageObject\",\"inLanguage\":\"es\",\"@id\":\"https:\/\/luchonoticias.com\/editor\/#\/schema\/person\/image\/\",\"url\":\"https:\/\/luchonoticias.com\/editor\/wp-content\/uploads\/2024\/02\/cropped-cropped-logolu.webp\",\"contentUrl\":\"https:\/\/luchonoticias.com\/editor\/wp-content\/uploads\/2024\/02\/cropped-cropped-logolu.webp\",\"width\":382,\"height\":170,\"caption\":\"admin\"},\"logo\":{\"@id\":\"https:\/\/luchonoticias.com\/editor\/#\/schema\/person\/image\/\"},\"sameAs\":[\"https:\/\/www.facebook.com\/luchonoticiasneiva\"],\"url\":\"https:\/\/luchonoticias.com\/editor\/author\/admin\/\"}]}<\/script>\n<!-- \/ Yoast SEO plugin. -->","yoast_head_json":{"title":"Bajar\u00e1 en 50% la tarifa del Soat para motos y otras categor\u00edas -","robots":{"index":"index","follow":"follow","max-snippet":"max-snippet:-1","max-image-preview":"max-image-preview:large","max-video-preview":"max-video-preview:-1"},"canonical":"https:\/\/luchonoticias.com\/editor\/bajara-en-50-la-tarifa-del-soat-para-motos-y-otras-categorias\/","og_locale":"es_ES","og_type":"article","og_title":"Bajar\u00e1 en 50% la tarifa del Soat para motos y otras categor\u00edas -","og_url":"https:\/\/luchonoticias.com\/editor\/bajara-en-50-la-tarifa-del-soat-para-motos-y-otras-categorias\/","article_publisher":"https:\/\/www.facebook.com\/luchonoticiasneiva","article_author":"https:\/\/www.facebook.com\/luchonoticiasneiva","article_published_time":"2022-11-22T21:01:04+00:00","article_modified_time":"2022-11-22T21:01:05+00:00","author":"admin","twitter_card":"summary_large_image","twitter_misc":{"Escrito por":"admin","Tiempo de lectura":"1 minuto"},"schema":{"@context":"https:\/\/schema.org","@graph":[{"@type":"Article","@id":"https:\/\/luchonoticias.com\/editor\/bajara-en-50-la-tarifa-del-soat-para-motos-y-otras-categorias\/#article","isPartOf":{"@id":"https:\/\/luchonoticias.com\/editor\/bajara-en-50-la-tarifa-del-soat-para-motos-y-otras-categorias\/"},"author":{"name":"admin","@id":"https:\/\/luchonoticias.com\/editor\/#\/schema\/person\/7a7fd911f58561fd056dbac7b55af9cd"},"headline":"Bajar\u00e1 en 50% la tarifa del Soat para motos y otras categor\u00edas","datePublished":"2022-11-22T21:01:04+00:00","dateModified":"2022-11-22T21:01:05+00:00","mainEntityOfPage":{"@id":"https:\/\/luchonoticias.com\/editor\/bajara-en-50-la-tarifa-del-soat-para-motos-y-otras-categorias\/"},"wordCount":199,"commentCount":0,"publisher":{"@id":"https:\/\/luchonoticias.com\/editor\/#\/schema\/person\/7a7fd911f58561fd056dbac7b55af9cd"},"articleSection":["Destacado","Nacional"],"inLanguage":"es","potentialAction":[{"@type":"CommentAction","name":"Comment","target":["https:\/\/luchonoticias.com\/editor\/bajara-en-50-la-tarifa-del-soat-para-motos-y-otras-categorias\/#respond"]}]},{"@type":"WebPage","@id":"https:\/\/luchonoticias.com\/editor\/bajara-en-50-la-tarifa-del-soat-para-motos-y-otras-categorias\/","url":"https:\/\/luchonoticias.com\/editor\/bajara-en-50-la-tarifa-del-soat-para-motos-y-otras-categorias\/","name":"Bajar\u00e1 en 50% la tarifa del Soat para motos y otras categor\u00edas -","isPartOf":{"@id":"https:\/\/luchonoticias.com\/editor\/#website"},"datePublished":"2022-11-22T21:01:04+00:00","dateModified":"2022-11-22T21:01:05+00:00","breadcrumb":{"@id":"https:\/\/luchonoticias.com\/editor\/bajara-en-50-la-tarifa-del-soat-para-motos-y-otras-categorias\/#breadcrumb"},"inLanguage":"es","potentialAction":[{"@type":"ReadAction","target":["https:\/\/luchonoticias.com\/editor\/bajara-en-50-la-tarifa-del-soat-para-motos-y-otras-categorias\/"]}]},{"@type":"BreadcrumbList","@id":"https:\/\/luchonoticias.com\/editor\/bajara-en-50-la-tarifa-del-soat-para-motos-y-otras-categorias\/#breadcrumb","itemListElement":[{"@type":"ListItem","position":1,"name":"Portada","item":"https:\/\/luchonoticias.com\/editor\/"},{"@type":"ListItem","position":2,"name":"Bajar\u00e1 en 50% la tarifa del Soat para motos y otras categor\u00edas"}]},{"@type":"WebSite","@id":"https:\/\/luchonoticias.com\/editor\/#website","url":"https:\/\/luchonoticias.com\/editor\/","name":"","description":"","publisher":{"@id":"https:\/\/luchonoticias.com\/editor\/#\/schema\/person\/7a7fd911f58561fd056dbac7b55af9cd"},"potentialAction":[{"@type":"SearchAction","target":{"@type":"EntryPoint","urlTemplate":"https:\/\/luchonoticias.com\/editor\/?s={search_term_string}"},"query-input":{"@type":"PropertyValueSpecification","valueRequired":true,"valueName":"search_term_string"}}],"inLanguage":"es"},{"@type":["Person","Organization"],"@id":"https:\/\/luchonoticias.com\/editor\/#\/schema\/person\/7a7fd911f58561fd056dbac7b55af9cd","name":"admin","image":{"@type":"ImageObject","inLanguage":"es","@id":"https:\/\/luchonoticias.com\/editor\/#\/schema\/person\/image\/","url":"https:\/\/luchonoticias.com\/editor\/wp-content\/uploads\/2024\/02\/cropped-cropped-logolu.webp","contentUrl":"https:\/\/luchonoticias.com\/editor\/wp-content\/uploads\/2024\/02\/cropped-cropped-logolu.webp","width":382,"height":170,"caption":"admin"},"logo":{"@id":"https:\/\/luchonoticias.com\/editor\/#\/schema\/person\/image\/"},"sameAs":["https:\/\/www.facebook.com\/luchonoticiasneiva"],"url":"https:\/\/luchonoticias.com\/editor\/author\/admin\/"}]}},"_links":{"self":[{"href":"https:\/\/luchonoticias.com\/editor\/wp-json\/wp\/v2\/posts\/40151","targetHints":{"allow":["GET"]}}],"collection":[{"href":"https:\/\/luchonoticias.com\/editor\/wp-json\/wp\/v2\/posts"}],"about":[{"href":"https:\/\/luchonoticias.com\/editor\/wp-json\/wp\/v2\/types\/post"}],"author":[{"embeddable":true,"href":"https:\/\/luchonoticias.com\/editor\/wp-json\/wp\/v2\/users\/1"}],"replies":[{"embeddable":true,"href":"https:\/\/luchonoticias.com\/editor\/wp-json\/wp\/v2\/comments?post=40151"}],"version-history":[{"count":0,"href":"https:\/\/luchonoticias.com\/editor\/wp-json\/wp\/v2\/posts\/40151\/revisions"}],"wp:attachment":[{"href":"https:\/\/luchonoticias.com\/editor\/wp-json\/wp\/v2\/media?parent=40151"}],"wp:term":[{"taxonomy":"category","embeddable":true,"href":"https:\/\/luchonoticias.com\/editor\/wp-json\/wp\/v2\/categories?post=40151"},{"taxonomy":"post_tag","embeddable":true,"href":"https:\/\/luchonoticias.com\/editor\/wp-json\/wp\/v2\/tags?post=40151"}],"curies":[{"name":"wp","href":"https:\/\/api.w.org\/{rel}","templated":true}]}}