{"id":40157,"date":"2022-11-23T06:29:56","date_gmt":"2022-11-23T11:29:56","guid":{"rendered":"https:\/\/luchonoticias.com\/?p=40157"},"modified":"2022-11-23T06:29:57","modified_gmt":"2022-11-23T11:29:57","slug":"exito-total-tuvo-feria-de-emprendimiento-entre-el-cego-y-la-unad","status":"publish","type":"post","link":"https:\/\/luchonoticias.com\/editor\/exito-total-tuvo-feria-de-emprendimiento-entre-el-cego-y-la-unad\/","title":{"rendered":"\u00c9xito total tuvo Feria de Emprendimiento entre el CEGO y la UNAD"},"content":{"rendered":"\n<p>Una buena participaci\u00f3n tuvo la feria de emprendimiento que realiz\u00f3 el Centro de Emprendimiento y Generaci\u00f3n de Oportunidades, CEGO, de la Alcald\u00eda de Neiva junto con la Universidad Nacional Abierta y Distancia, UNAD, donde m\u00e1s de 40 emprendedores expusieron sus productos en las instalaciones del centro educativo.<\/p>\n\n\n\n<p>\u201cSeguimos trabajando de la mano de todos los emprendedores del municipio de Neiva, por eso nos vinculamos a la quinta feria que realiza la UNAD, en conmemoraci\u00f3n a la semana del emprendimiento, un espacio donde contamos con m\u00e1s de 40 emprendedores del CEGO y de la UNAD, adem\u00e1s de personas v\u00edctimas del conflicto armando\u201d, indic\u00f3 Natalia Alejandra Ortiz Valderrama, l\u00edder del CEGO.<\/p>\n\n\n\n<figure class=\"wp-block-gallery has-nested-images columns-default is-cropped wp-block-gallery-1 is-layout-flex wp-block-gallery-is-layout-flex\">\n<figure class=\"wp-block-image size-large\"><img decoding=\"async\" data-id=\"40160\" src=\"https:\/\/luchonoticias.com\/wp-content\/uploads\/2022\/11\/WhatsApp-Image-2022-11-22-at-6.02.51-PM-1024x682.jpeg\" alt=\"\" class=\"wp-image-40160\"\/><\/figure>\n\n\n\n<figure class=\"wp-block-image size-large\"><img decoding=\"async\" data-id=\"40159\" src=\"https:\/\/luchonoticias.com\/wp-content\/uploads\/2022\/11\/WhatsApp-Image-2022-11-22-at-6.02.50-PM-2-1024x682.jpeg\" alt=\"\" class=\"wp-image-40159\"\/><\/figure>\n\n\n\n<figure class=\"wp-block-image size-large\"><img decoding=\"async\" data-id=\"40161\" src=\"https:\/\/luchonoticias.com\/wp-content\/uploads\/2022\/11\/WhatsApp-Image-2022-11-22-at-6.02.50-PM-1-1024x682.jpeg\" alt=\"\" class=\"wp-image-40161\"\/><\/figure>\n<\/figure>\n\n\n\n<p>En la feria se pudieron evidenciar productos como bisuter\u00eda, comida, productos transformados, caf\u00e9, helados, postres, una gran variedad de productos que realizan neivanos.<\/p>\n\n\n\n<p>\u201cLa gente se fue muy bien atendida por estos emprendedores, queremos seguir apoy\u00e1ndolos, a las universidades, los invitamos para que se vinculen al Centro de Emprendimiento y Generaci\u00f3n de Oportunidades\u201d, dijo la funcionaria.<\/p>\n\n\n\n<p>Por otro lado, Dagoberto Valencia Ortiz, l\u00edder zonal de la Ecacen UNAD, agradeci\u00f3 a la Administraci\u00f3n Municipal por el apoyo que les brindaron durante la ejecuci\u00f3n de la Quinta Feria de Expoemprendimiento.<\/p>\n\n\n\n<p>\u201cTuvimos el acompa\u00f1amiento del CEGO de la Alcald\u00eda de Neiva, tuvimos una acogida de 45 emprendedores de diversos sectores econ\u00f3micos que nos acompa\u00f1aron haciendo una exposici\u00f3n de sus productos, tuvimos estudiantes de la universidad, con una muy buena participaci\u00f3n aqu\u00ed en las instalaciones de la Universidad Nacional Abierta y Distancia, queremos hacer extensivo el agradecimiento a la Alcald\u00eda de Neiva\u201d, sostuvo el profesional de la UNAD.<\/p>\n\n\n\n<figure class=\"wp-block-gallery has-nested-images columns-default is-cropped wp-block-gallery-2 is-layout-flex wp-block-gallery-is-layout-flex\">\n<figure class=\"wp-block-image size-large\"><img decoding=\"async\" data-id=\"40163\" src=\"https:\/\/luchonoticias.com\/wp-content\/uploads\/2022\/11\/WhatsApp-Image-2022-11-22-at-6.02.52-PM-1-1024x682.jpeg\" alt=\"\" class=\"wp-image-40163\"\/><\/figure>\n\n\n\n<figure class=\"wp-block-image size-large\"><img decoding=\"async\" data-id=\"40164\" src=\"https:\/\/luchonoticias.com\/wp-content\/uploads\/2022\/11\/WhatsApp-Image-2022-11-22-at-6.02.52-PM-1024x682.jpeg\" alt=\"\" class=\"wp-image-40164\"\/><\/figure>\n\n\n\n<figure class=\"wp-block-image size-large\"><img decoding=\"async\" data-id=\"40162\" src=\"https:\/\/luchonoticias.com\/wp-content\/uploads\/2022\/11\/WhatsApp-Image-2022-11-22-at-6.02.51-PM-2-1024x682.jpeg\" alt=\"\" class=\"wp-image-40162\"\/><\/figure>\n<\/figure>\n\n\n\n<p>Finalmente, es importante destacar que estas actividades generan un impacto en la regi\u00f3n, no solamente en t\u00e9rminos econ\u00f3micos, \u201cya que visibilizan a los empresarios, todos esos nuevos emprendedores que tenemos, los nuevos productos que est\u00e1n generando, adem\u00e1s las familias de la ciudad de Neiva nos acompa\u00f1aron\u201d, concluy\u00f3 Valencia Ortiz.<\/p>\n","protected":false},"excerpt":{"rendered":"<p>Una buena participaci\u00f3n tuvo la feria de emprendimiento que realiz\u00f3 el Centro de Emprendimiento y Generaci\u00f3n de Oportunidades, CEGO, de la Alcald\u00eda de Neiva junto con la Universidad Nacional Abierta y Distancia, UNAD, donde m\u00e1s de 40 emprendedores expusieron sus productos en las instalaciones del centro educativo. \u201cSeguimos trabajando de la mano de todos los [&hellip;]<\/p>\n","protected":false},"author":1,"featured_media":0,"comment_status":"open","ping_status":"open","sticky":false,"template":"","format":"standard","meta":{"footnotes":""},"categories":[3961,36],"tags":[],"class_list":["post-40157","post","type-post","status-publish","format-standard","hentry","category-comunidad","category-destacado"],"yoast_head":"<!-- This site is optimized with the Yoast SEO plugin v26.6 - https:\/\/yoast.com\/wordpress\/plugins\/seo\/ -->\n<title>\u00c9xito total tuvo Feria de Emprendimiento entre el CEGO y la UNAD -<\/title>\n<meta name=\"robots\" content=\"index, follow, max-snippet:-1, max-image-preview:large, max-video-preview:-1\" \/>\n<link rel=\"canonical\" href=\"https:\/\/luchonoticias.com\/editor\/exito-total-tuvo-feria-de-emprendimiento-entre-el-cego-y-la-unad\/\" \/>\n<meta property=\"og:locale\" content=\"es_ES\" \/>\n<meta property=\"og:type\" content=\"article\" \/>\n<meta property=\"og:title\" content=\"\u00c9xito total tuvo Feria de Emprendimiento entre el CEGO y la UNAD -\" \/>\n<meta property=\"og:url\" content=\"https:\/\/luchonoticias.com\/editor\/exito-total-tuvo-feria-de-emprendimiento-entre-el-cego-y-la-unad\/\" \/>\n<meta property=\"article:publisher\" content=\"https:\/\/www.facebook.com\/luchonoticiasneiva\" \/>\n<meta property=\"article:author\" content=\"https:\/\/www.facebook.com\/luchonoticiasneiva\" \/>\n<meta property=\"article:published_time\" content=\"2022-11-23T11:29:56+00:00\" \/>\n<meta property=\"article:modified_time\" content=\"2022-11-23T11:29:57+00:00\" \/>\n<meta property=\"og:image\" content=\"https:\/\/luchonoticias.com\/wp-content\/uploads\/2022\/11\/WhatsApp-Image-2022-11-22-at-6.02.51-PM-1024x682.jpeg\" \/>\n<meta name=\"author\" content=\"admin\" \/>\n<meta name=\"twitter:card\" content=\"summary_large_image\" \/>\n<meta name=\"twitter:label1\" content=\"Escrito por\" \/>\n\t<meta name=\"twitter:data1\" content=\"admin\" \/>\n\t<meta name=\"twitter:label2\" content=\"Tiempo de lectura\" \/>\n\t<meta name=\"twitter:data2\" content=\"2 minutos\" \/>\n<script type=\"application\/ld+json\" class=\"yoast-schema-graph\">{\"@context\":\"https:\/\/schema.org\",\"@graph\":[{\"@type\":\"Article\",\"@id\":\"https:\/\/luchonoticias.com\/editor\/exito-total-tuvo-feria-de-emprendimiento-entre-el-cego-y-la-unad\/#article\",\"isPartOf\":{\"@id\":\"https:\/\/luchonoticias.com\/editor\/exito-total-tuvo-feria-de-emprendimiento-entre-el-cego-y-la-unad\/\"},\"author\":{\"name\":\"admin\",\"@id\":\"https:\/\/luchonoticias.com\/editor\/#\/schema\/person\/7a7fd911f58561fd056dbac7b55af9cd\"},\"headline\":\"\u00c9xito total tuvo Feria de Emprendimiento entre el CEGO y la UNAD\",\"datePublished\":\"2022-11-23T11:29:56+00:00\",\"dateModified\":\"2022-11-23T11:29:57+00:00\",\"mainEntityOfPage\":{\"@id\":\"https:\/\/luchonoticias.com\/editor\/exito-total-tuvo-feria-de-emprendimiento-entre-el-cego-y-la-unad\/\"},\"wordCount\":349,\"commentCount\":0,\"publisher\":{\"@id\":\"https:\/\/luchonoticias.com\/editor\/#\/schema\/person\/7a7fd911f58561fd056dbac7b55af9cd\"},\"image\":{\"@id\":\"https:\/\/luchonoticias.com\/editor\/exito-total-tuvo-feria-de-emprendimiento-entre-el-cego-y-la-unad\/#primaryimage\"},\"thumbnailUrl\":\"https:\/\/luchonoticias.com\/wp-content\/uploads\/2022\/11\/WhatsApp-Image-2022-11-22-at-6.02.51-PM-1024x682.jpeg\",\"articleSection\":[\"Comunidad\",\"Destacado\"],\"inLanguage\":\"es\",\"potentialAction\":[{\"@type\":\"CommentAction\",\"name\":\"Comment\",\"target\":[\"https:\/\/luchonoticias.com\/editor\/exito-total-tuvo-feria-de-emprendimiento-entre-el-cego-y-la-unad\/#respond\"]}]},{\"@type\":\"WebPage\",\"@id\":\"https:\/\/luchonoticias.com\/editor\/exito-total-tuvo-feria-de-emprendimiento-entre-el-cego-y-la-unad\/\",\"url\":\"https:\/\/luchonoticias.com\/editor\/exito-total-tuvo-feria-de-emprendimiento-entre-el-cego-y-la-unad\/\",\"name\":\"\u00c9xito total tuvo Feria de Emprendimiento entre el CEGO y la UNAD -\",\"isPartOf\":{\"@id\":\"https:\/\/luchonoticias.com\/editor\/#website\"},\"primaryImageOfPage\":{\"@id\":\"https:\/\/luchonoticias.com\/editor\/exito-total-tuvo-feria-de-emprendimiento-entre-el-cego-y-la-unad\/#primaryimage\"},\"image\":{\"@id\":\"https:\/\/luchonoticias.com\/editor\/exito-total-tuvo-feria-de-emprendimiento-entre-el-cego-y-la-unad\/#primaryimage\"},\"thumbnailUrl\":\"https:\/\/luchonoticias.com\/wp-content\/uploads\/2022\/11\/WhatsApp-Image-2022-11-22-at-6.02.51-PM-1024x682.jpeg\",\"datePublished\":\"2022-11-23T11:29:56+00:00\",\"dateModified\":\"2022-11-23T11:29:57+00:00\",\"breadcrumb\":{\"@id\":\"https:\/\/luchonoticias.com\/editor\/exito-total-tuvo-feria-de-emprendimiento-entre-el-cego-y-la-unad\/#breadcrumb\"},\"inLanguage\":\"es\",\"potentialAction\":[{\"@type\":\"ReadAction\",\"target\":[\"https:\/\/luchonoticias.com\/editor\/exito-total-tuvo-feria-de-emprendimiento-entre-el-cego-y-la-unad\/\"]}]},{\"@type\":\"ImageObject\",\"inLanguage\":\"es\",\"@id\":\"https:\/\/luchonoticias.com\/editor\/exito-total-tuvo-feria-de-emprendimiento-entre-el-cego-y-la-unad\/#primaryimage\",\"url\":\"https:\/\/luchonoticias.com\/wp-content\/uploads\/2022\/11\/WhatsApp-Image-2022-11-22-at-6.02.51-PM-1024x682.jpeg\",\"contentUrl\":\"https:\/\/luchonoticias.com\/wp-content\/uploads\/2022\/11\/WhatsApp-Image-2022-11-22-at-6.02.51-PM-1024x682.jpeg\"},{\"@type\":\"BreadcrumbList\",\"@id\":\"https:\/\/luchonoticias.com\/editor\/exito-total-tuvo-feria-de-emprendimiento-entre-el-cego-y-la-unad\/#breadcrumb\",\"itemListElement\":[{\"@type\":\"ListItem\",\"position\":1,\"name\":\"Portada\",\"item\":\"https:\/\/luchonoticias.com\/editor\/\"},{\"@type\":\"ListItem\",\"position\":2,\"name\":\"\u00c9xito total tuvo Feria de Emprendimiento entre el CEGO y la UNAD\"}]},{\"@type\":\"WebSite\",\"@id\":\"https:\/\/luchonoticias.com\/editor\/#website\",\"url\":\"https:\/\/luchonoticias.com\/editor\/\",\"name\":\"\",\"description\":\"\",\"publisher\":{\"@id\":\"https:\/\/luchonoticias.com\/editor\/#\/schema\/person\/7a7fd911f58561fd056dbac7b55af9cd\"},\"potentialAction\":[{\"@type\":\"SearchAction\",\"target\":{\"@type\":\"EntryPoint\",\"urlTemplate\":\"https:\/\/luchonoticias.com\/editor\/?s={search_term_string}\"},\"query-input\":{\"@type\":\"PropertyValueSpecification\",\"valueRequired\":true,\"valueName\":\"search_term_string\"}}],\"inLanguage\":\"es\"},{\"@type\":[\"Person\",\"Organization\"],\"@id\":\"https:\/\/luchonoticias.com\/editor\/#\/schema\/person\/7a7fd911f58561fd056dbac7b55af9cd\",\"name\":\"admin\",\"image\":{\"@type\":\"ImageObject\",\"inLanguage\":\"es\",\"@id\":\"https:\/\/luchonoticias.com\/editor\/#\/schema\/person\/image\/\",\"url\":\"https:\/\/luchonoticias.com\/editor\/wp-content\/uploads\/2024\/02\/cropped-cropped-logolu.webp\",\"contentUrl\":\"https:\/\/luchonoticias.com\/editor\/wp-content\/uploads\/2024\/02\/cropped-cropped-logolu.webp\",\"width\":382,\"height\":170,\"caption\":\"admin\"},\"logo\":{\"@id\":\"https:\/\/luchonoticias.com\/editor\/#\/schema\/person\/image\/\"},\"sameAs\":[\"https:\/\/www.facebook.com\/luchonoticiasneiva\"],\"url\":\"https:\/\/luchonoticias.com\/editor\/author\/admin\/\"}]}<\/script>\n<!-- \/ Yoast SEO plugin. -->","yoast_head_json":{"title":"\u00c9xito total tuvo Feria de Emprendimiento entre el CEGO y la UNAD -","robots":{"index":"index","follow":"follow","max-snippet":"max-snippet:-1","max-image-preview":"max-image-preview:large","max-video-preview":"max-video-preview:-1"},"canonical":"https:\/\/luchonoticias.com\/editor\/exito-total-tuvo-feria-de-emprendimiento-entre-el-cego-y-la-unad\/","og_locale":"es_ES","og_type":"article","og_title":"\u00c9xito total tuvo Feria de Emprendimiento entre el CEGO y la UNAD -","og_url":"https:\/\/luchonoticias.com\/editor\/exito-total-tuvo-feria-de-emprendimiento-entre-el-cego-y-la-unad\/","article_publisher":"https:\/\/www.facebook.com\/luchonoticiasneiva","article_author":"https:\/\/www.facebook.com\/luchonoticiasneiva","article_published_time":"2022-11-23T11:29:56+00:00","article_modified_time":"2022-11-23T11:29:57+00:00","og_image":[{"url":"https:\/\/luchonoticias.com\/wp-content\/uploads\/2022\/11\/WhatsApp-Image-2022-11-22-at-6.02.51-PM-1024x682.jpeg","type":"","width":"","height":""}],"author":"admin","twitter_card":"summary_large_image","twitter_misc":{"Escrito por":"admin","Tiempo de lectura":"2 minutos"},"schema":{"@context":"https:\/\/schema.org","@graph":[{"@type":"Article","@id":"https:\/\/luchonoticias.com\/editor\/exito-total-tuvo-feria-de-emprendimiento-entre-el-cego-y-la-unad\/#article","isPartOf":{"@id":"https:\/\/luchonoticias.com\/editor\/exito-total-tuvo-feria-de-emprendimiento-entre-el-cego-y-la-unad\/"},"author":{"name":"admin","@id":"https:\/\/luchonoticias.com\/editor\/#\/schema\/person\/7a7fd911f58561fd056dbac7b55af9cd"},"headline":"\u00c9xito total tuvo Feria de Emprendimiento entre el CEGO y la UNAD","datePublished":"2022-11-23T11:29:56+00:00","dateModified":"2022-11-23T11:29:57+00:00","mainEntityOfPage":{"@id":"https:\/\/luchonoticias.com\/editor\/exito-total-tuvo-feria-de-emprendimiento-entre-el-cego-y-la-unad\/"},"wordCount":349,"commentCount":0,"publisher":{"@id":"https:\/\/luchonoticias.com\/editor\/#\/schema\/person\/7a7fd911f58561fd056dbac7b55af9cd"},"image":{"@id":"https:\/\/luchonoticias.com\/editor\/exito-total-tuvo-feria-de-emprendimiento-entre-el-cego-y-la-unad\/#primaryimage"},"thumbnailUrl":"https:\/\/luchonoticias.com\/wp-content\/uploads\/2022\/11\/WhatsApp-Image-2022-11-22-at-6.02.51-PM-1024x682.jpeg","articleSection":["Comunidad","Destacado"],"inLanguage":"es","potentialAction":[{"@type":"CommentAction","name":"Comment","target":["https:\/\/luchonoticias.com\/editor\/exito-total-tuvo-feria-de-emprendimiento-entre-el-cego-y-la-unad\/#respond"]}]},{"@type":"WebPage","@id":"https:\/\/luchonoticias.com\/editor\/exito-total-tuvo-feria-de-emprendimiento-entre-el-cego-y-la-unad\/","url":"https:\/\/luchonoticias.com\/editor\/exito-total-tuvo-feria-de-emprendimiento-entre-el-cego-y-la-unad\/","name":"\u00c9xito total tuvo Feria de Emprendimiento entre el CEGO y la UNAD -","isPartOf":{"@id":"https:\/\/luchonoticias.com\/editor\/#website"},"primaryImageOfPage":{"@id":"https:\/\/luchonoticias.com\/editor\/exito-total-tuvo-feria-de-emprendimiento-entre-el-cego-y-la-unad\/#primaryimage"},"image":{"@id":"https:\/\/luchonoticias.com\/editor\/exito-total-tuvo-feria-de-emprendimiento-entre-el-cego-y-la-unad\/#primaryimage"},"thumbnailUrl":"https:\/\/luchonoticias.com\/wp-content\/uploads\/2022\/11\/WhatsApp-Image-2022-11-22-at-6.02.51-PM-1024x682.jpeg","datePublished":"2022-11-23T11:29:56+00:00","dateModified":"2022-11-23T11:29:57+00:00","breadcrumb":{"@id":"https:\/\/luchonoticias.com\/editor\/exito-total-tuvo-feria-de-emprendimiento-entre-el-cego-y-la-unad\/#breadcrumb"},"inLanguage":"es","potentialAction":[{"@type":"ReadAction","target":["https:\/\/luchonoticias.com\/editor\/exito-total-tuvo-feria-de-emprendimiento-entre-el-cego-y-la-unad\/"]}]},{"@type":"ImageObject","inLanguage":"es","@id":"https:\/\/luchonoticias.com\/editor\/exito-total-tuvo-feria-de-emprendimiento-entre-el-cego-y-la-unad\/#primaryimage","url":"https:\/\/luchonoticias.com\/wp-content\/uploads\/2022\/11\/WhatsApp-Image-2022-11-22-at-6.02.51-PM-1024x682.jpeg","contentUrl":"https:\/\/luchonoticias.com\/wp-content\/uploads\/2022\/11\/WhatsApp-Image-2022-11-22-at-6.02.51-PM-1024x682.jpeg"},{"@type":"BreadcrumbList","@id":"https:\/\/luchonoticias.com\/editor\/exito-total-tuvo-feria-de-emprendimiento-entre-el-cego-y-la-unad\/#breadcrumb","itemListElement":[{"@type":"ListItem","position":1,"name":"Portada","item":"https:\/\/luchonoticias.com\/editor\/"},{"@type":"ListItem","position":2,"name":"\u00c9xito total tuvo Feria de Emprendimiento entre el CEGO y la UNAD"}]},{"@type":"WebSite","@id":"https:\/\/luchonoticias.com\/editor\/#website","url":"https:\/\/luchonoticias.com\/editor\/","name":"","description":"","publisher":{"@id":"https:\/\/luchonoticias.com\/editor\/#\/schema\/person\/7a7fd911f58561fd056dbac7b55af9cd"},"potentialAction":[{"@type":"SearchAction","target":{"@type":"EntryPoint","urlTemplate":"https:\/\/luchonoticias.com\/editor\/?s={search_term_string}"},"query-input":{"@type":"PropertyValueSpecification","valueRequired":true,"valueName":"search_term_string"}}],"inLanguage":"es"},{"@type":["Person","Organization"],"@id":"https:\/\/luchonoticias.com\/editor\/#\/schema\/person\/7a7fd911f58561fd056dbac7b55af9cd","name":"admin","image":{"@type":"ImageObject","inLanguage":"es","@id":"https:\/\/luchonoticias.com\/editor\/#\/schema\/person\/image\/","url":"https:\/\/luchonoticias.com\/editor\/wp-content\/uploads\/2024\/02\/cropped-cropped-logolu.webp","contentUrl":"https:\/\/luchonoticias.com\/editor\/wp-content\/uploads\/2024\/02\/cropped-cropped-logolu.webp","width":382,"height":170,"caption":"admin"},"logo":{"@id":"https:\/\/luchonoticias.com\/editor\/#\/schema\/person\/image\/"},"sameAs":["https:\/\/www.facebook.com\/luchonoticiasneiva"],"url":"https:\/\/luchonoticias.com\/editor\/author\/admin\/"}]}},"_links":{"self":[{"href":"https:\/\/luchonoticias.com\/editor\/wp-json\/wp\/v2\/posts\/40157","targetHints":{"allow":["GET"]}}],"collection":[{"href":"https:\/\/luchonoticias.com\/editor\/wp-json\/wp\/v2\/posts"}],"about":[{"href":"https:\/\/luchonoticias.com\/editor\/wp-json\/wp\/v2\/types\/post"}],"author":[{"embeddable":true,"href":"https:\/\/luchonoticias.com\/editor\/wp-json\/wp\/v2\/users\/1"}],"replies":[{"embeddable":true,"href":"https:\/\/luchonoticias.com\/editor\/wp-json\/wp\/v2\/comments?post=40157"}],"version-history":[{"count":0,"href":"https:\/\/luchonoticias.com\/editor\/wp-json\/wp\/v2\/posts\/40157\/revisions"}],"wp:attachment":[{"href":"https:\/\/luchonoticias.com\/editor\/wp-json\/wp\/v2\/media?parent=40157"}],"wp:term":[{"taxonomy":"category","embeddable":true,"href":"https:\/\/luchonoticias.com\/editor\/wp-json\/wp\/v2\/categories?post=40157"},{"taxonomy":"post_tag","embeddable":true,"href":"https:\/\/luchonoticias.com\/editor\/wp-json\/wp\/v2\/tags?post=40157"}],"curies":[{"name":"wp","href":"https:\/\/api.w.org\/{rel}","templated":true}]}}