{"id":40166,"date":"2022-11-23T06:38:37","date_gmt":"2022-11-23T11:38:37","guid":{"rendered":"https:\/\/luchonoticias.com\/?p=40166"},"modified":"2022-11-23T06:38:38","modified_gmt":"2022-11-23T11:38:38","slug":"no-se-ha-ni-inaugurado-y-ya-se-estan-robando-el-cable-del-alumbrado-navideno-de-neiva-esip","status":"publish","type":"post","link":"https:\/\/luchonoticias.com\/editor\/no-se-ha-ni-inaugurado-y-ya-se-estan-robando-el-cable-del-alumbrado-navideno-de-neiva-esip\/","title":{"rendered":"No se ha ni inaugurado y ya se est\u00e1n robando el cable del alumbrado navide\u00f1o de Neiva: ESIP"},"content":{"rendered":"\n<p>Hace solo una semana inici\u00f3 la instalaci\u00f3n del alumbrado navide\u00f1o en la ciudad y ya se reportan da\u00f1os y robos en algunos sectores. Este a\u00f1o, seg\u00fan anunci\u00f3 la Alcald\u00eda, el alumbrado estar\u00e1 listo antes de tiempo, por lo que se le madrug\u00f3 a la presentaci\u00f3n de las maquetas e instalaci\u00f3n de las figuras y luces en distintos sectores. No obstante, sin haber sido encendido ni inaugurado, el alumbrado, as\u00ed como el a\u00f1o pasado, ya sufre los primeros ataques, da\u00f1os y robos.<\/p>\n\n\n\n<p>De acuerdo con Diego P\u00e9rez, gerente de ESIP, la Empresa de Servicio de Iluminaci\u00f3n P\u00fablica, encargada del alumbrado de la ciudad, en una semana ya se han robado 361 metros de cable, as\u00ed como conectores y otros elementos que componen este alumbrado.<\/p>\n\n\n\n<figure class=\"wp-block-gallery has-nested-images columns-default is-cropped wp-block-gallery-1 is-layout-flex wp-block-gallery-is-layout-flex\">\n<figure class=\"wp-block-image size-large\"><img decoding=\"async\" data-id=\"40168\" src=\"https:\/\/luchonoticias.com\/wp-content\/uploads\/2022\/11\/WhatsApp-Image-2022-11-22-at-6.58.22-PM-copia-copia-copia.jpeg\" alt=\"\" class=\"wp-image-40168\"\/><\/figure>\n\n\n\n<figure class=\"wp-block-image size-large\"><img decoding=\"async\" data-id=\"40169\" src=\"https:\/\/luchonoticias.com\/wp-content\/uploads\/2022\/11\/WhatsApp-Image-2022-11-22-at-6.58.22-PM-copia-copia.jpeg\" alt=\"\" class=\"wp-image-40169\"\/><\/figure>\n\n\n\n<figure class=\"wp-block-image size-large\"><img decoding=\"async\" data-id=\"40171\" src=\"https:\/\/luchonoticias.com\/wp-content\/uploads\/2022\/11\/WhatsApp-Image-2022-11-22-at-6.58.22-PM-copia.jpeg\" alt=\"\" class=\"wp-image-40171\"\/><\/figure>\n<\/figure>\n\n\n\n<p>\u201cYa se han robado 361 metros de cable de alumbrado navide\u00f1o. Ya pusimos la denuncia y esperamos que se mitigue esta situaci\u00f3n para poder entregar el alumbrado el primero de diciembre como lo tenemos planeado. Por esta raz\u00f3n estamos pidiendo a la comunidad y a la polic\u00eda, que nos ayude a salvaguardar estos elementos\u201d, denunci\u00f3 el Gerente de la entidad.<\/p>\n\n\n\n<p>Los robos y da\u00f1os se han presentado en sectores como la carrera quinta, el parque Santander, y el monumento La Gaitana, que son los puntos donde ya se instal\u00f3 el alumbrado navide\u00f1o.<\/p>\n\n\n\n<p>En ese sentido, la empresa ya presento la respectiva denuncia a las autoridades para que se adelante la respectiva investigaci\u00f3n, pero tambi\u00e9n le pidi\u00f3 a la comunidad, estar alertas y ayudar a cuidar y proteger este alumbrado que es para embellecer la ciudad en esta \u00e9poca de navidad.<\/p>\n\n\n\n<p>En ese sentido agreg\u00f3 que algunas personas han se\u00f1alado que los robos se han presentado en horas de la noche por parte de personas en carretas, por lo que pidi\u00f3 a la Polic\u00eda, estar alertas.<\/p>\n\n\n\n<p>\u201cLos ciudadanos han visto que son algunos ciudadanos que pasan en carretas y lo halan para arrancarlo, y a las chatarrer\u00edas pedirles que no compren estos elementos\u201d, se\u00f1al\u00f3.<\/p>\n\n\n\n<figure class=\"wp-block-gallery has-nested-images columns-default is-cropped wp-block-gallery-2 is-layout-flex wp-block-gallery-is-layout-flex\">\n<figure class=\"wp-block-image size-large\"><img decoding=\"async\" data-id=\"40172\" src=\"https:\/\/luchonoticias.com\/wp-content\/uploads\/2022\/11\/WhatsApp-Image-2022-11-22-at-6.56.52-PM-2.jpeg\" alt=\"\" class=\"wp-image-40172\"\/><\/figure>\n\n\n\n<figure class=\"wp-block-image size-large\"><img decoding=\"async\" data-id=\"40173\" src=\"https:\/\/luchonoticias.com\/wp-content\/uploads\/2022\/11\/WhatsApp-Image-2022-11-22-at-6.56.52-PM-1.jpeg\" alt=\"\" class=\"wp-image-40173\"\/><\/figure>\n\n\n\n<figure class=\"wp-block-image size-large\"><img decoding=\"async\" data-id=\"40174\" src=\"https:\/\/luchonoticias.com\/wp-content\/uploads\/2022\/11\/WhatsApp-Image-2022-11-22-at-6.56.50-PM.jpeg\" alt=\"\" class=\"wp-image-40174\"\/><\/figure>\n<\/figure>\n\n\n\n<p>Recordemos que este a\u00f1o el alumbrado tendr\u00e1 una inversi\u00f3n de unos 2.000 millones de pesos y contar\u00e1 con m\u00e1s de 1.000 figuras que se instalar\u00e1n en el parque Santander, la Calle 8, el Monumento La Gaitana, el Malec\u00f3n, la Carrera Quinta, la Avenida La Toma y la Estaci\u00f3n del Ferrocarril. Adem\u00e1s en zona rural estar\u00e1 presente en Guacirco, Fortalecillas, San Luis, Vegalarga, San Antonio y Cagu\u00e1n.<\/p>\n","protected":false},"excerpt":{"rendered":"<p>Hace solo una semana inici\u00f3 la instalaci\u00f3n del alumbrado navide\u00f1o en la ciudad y ya se reportan da\u00f1os y robos en algunos sectores. Este a\u00f1o, seg\u00fan anunci\u00f3 la Alcald\u00eda, el alumbrado estar\u00e1 listo antes de tiempo, por lo que se le madrug\u00f3 a la presentaci\u00f3n de las maquetas e instalaci\u00f3n de las figuras y luces [&hellip;]<\/p>\n","protected":false},"author":1,"featured_media":0,"comment_status":"open","ping_status":"open","sticky":false,"template":"","format":"standard","meta":{"footnotes":""},"categories":[36,53],"tags":[],"class_list":["post-40166","post","type-post","status-publish","format-standard","hentry","category-destacado","category-neiva"],"yoast_head":"<!-- This site is optimized with the Yoast SEO plugin v26.6 - https:\/\/yoast.com\/wordpress\/plugins\/seo\/ -->\n<title>No se ha ni inaugurado y ya se est\u00e1n robando el cable del alumbrado navide\u00f1o de Neiva: ESIP -<\/title>\n<meta name=\"robots\" content=\"index, follow, max-snippet:-1, max-image-preview:large, max-video-preview:-1\" \/>\n<link rel=\"canonical\" href=\"https:\/\/luchonoticias.com\/editor\/no-se-ha-ni-inaugurado-y-ya-se-estan-robando-el-cable-del-alumbrado-navideno-de-neiva-esip\/\" \/>\n<meta property=\"og:locale\" content=\"es_ES\" \/>\n<meta property=\"og:type\" content=\"article\" \/>\n<meta property=\"og:title\" content=\"No se ha ni inaugurado y ya se est\u00e1n robando el cable del alumbrado navide\u00f1o de Neiva: ESIP -\" \/>\n<meta property=\"og:url\" content=\"https:\/\/luchonoticias.com\/editor\/no-se-ha-ni-inaugurado-y-ya-se-estan-robando-el-cable-del-alumbrado-navideno-de-neiva-esip\/\" \/>\n<meta property=\"article:publisher\" content=\"https:\/\/www.facebook.com\/luchonoticiasneiva\" \/>\n<meta property=\"article:author\" content=\"https:\/\/www.facebook.com\/luchonoticiasneiva\" \/>\n<meta property=\"article:published_time\" content=\"2022-11-23T11:38:37+00:00\" \/>\n<meta property=\"article:modified_time\" content=\"2022-11-23T11:38:38+00:00\" \/>\n<meta property=\"og:image\" content=\"https:\/\/luchonoticias.com\/wp-content\/uploads\/2022\/11\/WhatsApp-Image-2022-11-22-at-6.58.22-PM-copia-copia-copia.jpeg\" \/>\n<meta name=\"author\" content=\"admin\" \/>\n<meta name=\"twitter:card\" content=\"summary_large_image\" \/>\n<meta name=\"twitter:label1\" content=\"Escrito por\" \/>\n\t<meta name=\"twitter:data1\" content=\"admin\" \/>\n\t<meta name=\"twitter:label2\" content=\"Tiempo de lectura\" \/>\n\t<meta name=\"twitter:data2\" content=\"2 minutos\" \/>\n<script type=\"application\/ld+json\" class=\"yoast-schema-graph\">{\"@context\":\"https:\/\/schema.org\",\"@graph\":[{\"@type\":\"Article\",\"@id\":\"https:\/\/luchonoticias.com\/editor\/no-se-ha-ni-inaugurado-y-ya-se-estan-robando-el-cable-del-alumbrado-navideno-de-neiva-esip\/#article\",\"isPartOf\":{\"@id\":\"https:\/\/luchonoticias.com\/editor\/no-se-ha-ni-inaugurado-y-ya-se-estan-robando-el-cable-del-alumbrado-navideno-de-neiva-esip\/\"},\"author\":{\"name\":\"admin\",\"@id\":\"https:\/\/luchonoticias.com\/editor\/#\/schema\/person\/7a7fd911f58561fd056dbac7b55af9cd\"},\"headline\":\"No se ha ni inaugurado y ya se est\u00e1n robando el cable del alumbrado navide\u00f1o de Neiva: ESIP\",\"datePublished\":\"2022-11-23T11:38:37+00:00\",\"dateModified\":\"2022-11-23T11:38:38+00:00\",\"mainEntityOfPage\":{\"@id\":\"https:\/\/luchonoticias.com\/editor\/no-se-ha-ni-inaugurado-y-ya-se-estan-robando-el-cable-del-alumbrado-navideno-de-neiva-esip\/\"},\"wordCount\":440,\"commentCount\":0,\"publisher\":{\"@id\":\"https:\/\/luchonoticias.com\/editor\/#\/schema\/person\/7a7fd911f58561fd056dbac7b55af9cd\"},\"image\":{\"@id\":\"https:\/\/luchonoticias.com\/editor\/no-se-ha-ni-inaugurado-y-ya-se-estan-robando-el-cable-del-alumbrado-navideno-de-neiva-esip\/#primaryimage\"},\"thumbnailUrl\":\"https:\/\/luchonoticias.com\/wp-content\/uploads\/2022\/11\/WhatsApp-Image-2022-11-22-at-6.58.22-PM-copia-copia-copia.jpeg\",\"articleSection\":[\"Destacado\",\"Neiva\"],\"inLanguage\":\"es\",\"potentialAction\":[{\"@type\":\"CommentAction\",\"name\":\"Comment\",\"target\":[\"https:\/\/luchonoticias.com\/editor\/no-se-ha-ni-inaugurado-y-ya-se-estan-robando-el-cable-del-alumbrado-navideno-de-neiva-esip\/#respond\"]}]},{\"@type\":\"WebPage\",\"@id\":\"https:\/\/luchonoticias.com\/editor\/no-se-ha-ni-inaugurado-y-ya-se-estan-robando-el-cable-del-alumbrado-navideno-de-neiva-esip\/\",\"url\":\"https:\/\/luchonoticias.com\/editor\/no-se-ha-ni-inaugurado-y-ya-se-estan-robando-el-cable-del-alumbrado-navideno-de-neiva-esip\/\",\"name\":\"No se ha ni inaugurado y ya se est\u00e1n robando el cable del alumbrado navide\u00f1o de Neiva: ESIP -\",\"isPartOf\":{\"@id\":\"https:\/\/luchonoticias.com\/editor\/#website\"},\"primaryImageOfPage\":{\"@id\":\"https:\/\/luchonoticias.com\/editor\/no-se-ha-ni-inaugurado-y-ya-se-estan-robando-el-cable-del-alumbrado-navideno-de-neiva-esip\/#primaryimage\"},\"image\":{\"@id\":\"https:\/\/luchonoticias.com\/editor\/no-se-ha-ni-inaugurado-y-ya-se-estan-robando-el-cable-del-alumbrado-navideno-de-neiva-esip\/#primaryimage\"},\"thumbnailUrl\":\"https:\/\/luchonoticias.com\/wp-content\/uploads\/2022\/11\/WhatsApp-Image-2022-11-22-at-6.58.22-PM-copia-copia-copia.jpeg\",\"datePublished\":\"2022-11-23T11:38:37+00:00\",\"dateModified\":\"2022-11-23T11:38:38+00:00\",\"breadcrumb\":{\"@id\":\"https:\/\/luchonoticias.com\/editor\/no-se-ha-ni-inaugurado-y-ya-se-estan-robando-el-cable-del-alumbrado-navideno-de-neiva-esip\/#breadcrumb\"},\"inLanguage\":\"es\",\"potentialAction\":[{\"@type\":\"ReadAction\",\"target\":[\"https:\/\/luchonoticias.com\/editor\/no-se-ha-ni-inaugurado-y-ya-se-estan-robando-el-cable-del-alumbrado-navideno-de-neiva-esip\/\"]}]},{\"@type\":\"ImageObject\",\"inLanguage\":\"es\",\"@id\":\"https:\/\/luchonoticias.com\/editor\/no-se-ha-ni-inaugurado-y-ya-se-estan-robando-el-cable-del-alumbrado-navideno-de-neiva-esip\/#primaryimage\",\"url\":\"https:\/\/luchonoticias.com\/wp-content\/uploads\/2022\/11\/WhatsApp-Image-2022-11-22-at-6.58.22-PM-copia-copia-copia.jpeg\",\"contentUrl\":\"https:\/\/luchonoticias.com\/wp-content\/uploads\/2022\/11\/WhatsApp-Image-2022-11-22-at-6.58.22-PM-copia-copia-copia.jpeg\"},{\"@type\":\"BreadcrumbList\",\"@id\":\"https:\/\/luchonoticias.com\/editor\/no-se-ha-ni-inaugurado-y-ya-se-estan-robando-el-cable-del-alumbrado-navideno-de-neiva-esip\/#breadcrumb\",\"itemListElement\":[{\"@type\":\"ListItem\",\"position\":1,\"name\":\"Portada\",\"item\":\"https:\/\/luchonoticias.com\/editor\/\"},{\"@type\":\"ListItem\",\"position\":2,\"name\":\"No se ha ni inaugurado y ya se est\u00e1n robando el cable del alumbrado navide\u00f1o de Neiva: ESIP\"}]},{\"@type\":\"WebSite\",\"@id\":\"https:\/\/luchonoticias.com\/editor\/#website\",\"url\":\"https:\/\/luchonoticias.com\/editor\/\",\"name\":\"\",\"description\":\"\",\"publisher\":{\"@id\":\"https:\/\/luchonoticias.com\/editor\/#\/schema\/person\/7a7fd911f58561fd056dbac7b55af9cd\"},\"potentialAction\":[{\"@type\":\"SearchAction\",\"target\":{\"@type\":\"EntryPoint\",\"urlTemplate\":\"https:\/\/luchonoticias.com\/editor\/?s={search_term_string}\"},\"query-input\":{\"@type\":\"PropertyValueSpecification\",\"valueRequired\":true,\"valueName\":\"search_term_string\"}}],\"inLanguage\":\"es\"},{\"@type\":[\"Person\",\"Organization\"],\"@id\":\"https:\/\/luchonoticias.com\/editor\/#\/schema\/person\/7a7fd911f58561fd056dbac7b55af9cd\",\"name\":\"admin\",\"image\":{\"@type\":\"ImageObject\",\"inLanguage\":\"es\",\"@id\":\"https:\/\/luchonoticias.com\/editor\/#\/schema\/person\/image\/\",\"url\":\"https:\/\/luchonoticias.com\/editor\/wp-content\/uploads\/2024\/02\/cropped-cropped-logolu.webp\",\"contentUrl\":\"https:\/\/luchonoticias.com\/editor\/wp-content\/uploads\/2024\/02\/cropped-cropped-logolu.webp\",\"width\":382,\"height\":170,\"caption\":\"admin\"},\"logo\":{\"@id\":\"https:\/\/luchonoticias.com\/editor\/#\/schema\/person\/image\/\"},\"sameAs\":[\"https:\/\/www.facebook.com\/luchonoticiasneiva\"],\"url\":\"https:\/\/luchonoticias.com\/editor\/author\/admin\/\"}]}<\/script>\n<!-- \/ Yoast SEO plugin. -->","yoast_head_json":{"title":"No se ha ni inaugurado y ya se est\u00e1n robando el cable del alumbrado navide\u00f1o de Neiva: ESIP -","robots":{"index":"index","follow":"follow","max-snippet":"max-snippet:-1","max-image-preview":"max-image-preview:large","max-video-preview":"max-video-preview:-1"},"canonical":"https:\/\/luchonoticias.com\/editor\/no-se-ha-ni-inaugurado-y-ya-se-estan-robando-el-cable-del-alumbrado-navideno-de-neiva-esip\/","og_locale":"es_ES","og_type":"article","og_title":"No se ha ni inaugurado y ya se est\u00e1n robando el cable del alumbrado navide\u00f1o de Neiva: ESIP -","og_url":"https:\/\/luchonoticias.com\/editor\/no-se-ha-ni-inaugurado-y-ya-se-estan-robando-el-cable-del-alumbrado-navideno-de-neiva-esip\/","article_publisher":"https:\/\/www.facebook.com\/luchonoticiasneiva","article_author":"https:\/\/www.facebook.com\/luchonoticiasneiva","article_published_time":"2022-11-23T11:38:37+00:00","article_modified_time":"2022-11-23T11:38:38+00:00","og_image":[{"url":"https:\/\/luchonoticias.com\/wp-content\/uploads\/2022\/11\/WhatsApp-Image-2022-11-22-at-6.58.22-PM-copia-copia-copia.jpeg","type":"","width":"","height":""}],"author":"admin","twitter_card":"summary_large_image","twitter_misc":{"Escrito por":"admin","Tiempo de lectura":"2 minutos"},"schema":{"@context":"https:\/\/schema.org","@graph":[{"@type":"Article","@id":"https:\/\/luchonoticias.com\/editor\/no-se-ha-ni-inaugurado-y-ya-se-estan-robando-el-cable-del-alumbrado-navideno-de-neiva-esip\/#article","isPartOf":{"@id":"https:\/\/luchonoticias.com\/editor\/no-se-ha-ni-inaugurado-y-ya-se-estan-robando-el-cable-del-alumbrado-navideno-de-neiva-esip\/"},"author":{"name":"admin","@id":"https:\/\/luchonoticias.com\/editor\/#\/schema\/person\/7a7fd911f58561fd056dbac7b55af9cd"},"headline":"No se ha ni inaugurado y ya se est\u00e1n robando el cable del alumbrado navide\u00f1o de Neiva: ESIP","datePublished":"2022-11-23T11:38:37+00:00","dateModified":"2022-11-23T11:38:38+00:00","mainEntityOfPage":{"@id":"https:\/\/luchonoticias.com\/editor\/no-se-ha-ni-inaugurado-y-ya-se-estan-robando-el-cable-del-alumbrado-navideno-de-neiva-esip\/"},"wordCount":440,"commentCount":0,"publisher":{"@id":"https:\/\/luchonoticias.com\/editor\/#\/schema\/person\/7a7fd911f58561fd056dbac7b55af9cd"},"image":{"@id":"https:\/\/luchonoticias.com\/editor\/no-se-ha-ni-inaugurado-y-ya-se-estan-robando-el-cable-del-alumbrado-navideno-de-neiva-esip\/#primaryimage"},"thumbnailUrl":"https:\/\/luchonoticias.com\/wp-content\/uploads\/2022\/11\/WhatsApp-Image-2022-11-22-at-6.58.22-PM-copia-copia-copia.jpeg","articleSection":["Destacado","Neiva"],"inLanguage":"es","potentialAction":[{"@type":"CommentAction","name":"Comment","target":["https:\/\/luchonoticias.com\/editor\/no-se-ha-ni-inaugurado-y-ya-se-estan-robando-el-cable-del-alumbrado-navideno-de-neiva-esip\/#respond"]}]},{"@type":"WebPage","@id":"https:\/\/luchonoticias.com\/editor\/no-se-ha-ni-inaugurado-y-ya-se-estan-robando-el-cable-del-alumbrado-navideno-de-neiva-esip\/","url":"https:\/\/luchonoticias.com\/editor\/no-se-ha-ni-inaugurado-y-ya-se-estan-robando-el-cable-del-alumbrado-navideno-de-neiva-esip\/","name":"No se ha ni inaugurado y ya se est\u00e1n robando el cable del alumbrado navide\u00f1o de Neiva: ESIP -","isPartOf":{"@id":"https:\/\/luchonoticias.com\/editor\/#website"},"primaryImageOfPage":{"@id":"https:\/\/luchonoticias.com\/editor\/no-se-ha-ni-inaugurado-y-ya-se-estan-robando-el-cable-del-alumbrado-navideno-de-neiva-esip\/#primaryimage"},"image":{"@id":"https:\/\/luchonoticias.com\/editor\/no-se-ha-ni-inaugurado-y-ya-se-estan-robando-el-cable-del-alumbrado-navideno-de-neiva-esip\/#primaryimage"},"thumbnailUrl":"https:\/\/luchonoticias.com\/wp-content\/uploads\/2022\/11\/WhatsApp-Image-2022-11-22-at-6.58.22-PM-copia-copia-copia.jpeg","datePublished":"2022-11-23T11:38:37+00:00","dateModified":"2022-11-23T11:38:38+00:00","breadcrumb":{"@id":"https:\/\/luchonoticias.com\/editor\/no-se-ha-ni-inaugurado-y-ya-se-estan-robando-el-cable-del-alumbrado-navideno-de-neiva-esip\/#breadcrumb"},"inLanguage":"es","potentialAction":[{"@type":"ReadAction","target":["https:\/\/luchonoticias.com\/editor\/no-se-ha-ni-inaugurado-y-ya-se-estan-robando-el-cable-del-alumbrado-navideno-de-neiva-esip\/"]}]},{"@type":"ImageObject","inLanguage":"es","@id":"https:\/\/luchonoticias.com\/editor\/no-se-ha-ni-inaugurado-y-ya-se-estan-robando-el-cable-del-alumbrado-navideno-de-neiva-esip\/#primaryimage","url":"https:\/\/luchonoticias.com\/wp-content\/uploads\/2022\/11\/WhatsApp-Image-2022-11-22-at-6.58.22-PM-copia-copia-copia.jpeg","contentUrl":"https:\/\/luchonoticias.com\/wp-content\/uploads\/2022\/11\/WhatsApp-Image-2022-11-22-at-6.58.22-PM-copia-copia-copia.jpeg"},{"@type":"BreadcrumbList","@id":"https:\/\/luchonoticias.com\/editor\/no-se-ha-ni-inaugurado-y-ya-se-estan-robando-el-cable-del-alumbrado-navideno-de-neiva-esip\/#breadcrumb","itemListElement":[{"@type":"ListItem","position":1,"name":"Portada","item":"https:\/\/luchonoticias.com\/editor\/"},{"@type":"ListItem","position":2,"name":"No se ha ni inaugurado y ya se est\u00e1n robando el cable del alumbrado navide\u00f1o de Neiva: ESIP"}]},{"@type":"WebSite","@id":"https:\/\/luchonoticias.com\/editor\/#website","url":"https:\/\/luchonoticias.com\/editor\/","name":"","description":"","publisher":{"@id":"https:\/\/luchonoticias.com\/editor\/#\/schema\/person\/7a7fd911f58561fd056dbac7b55af9cd"},"potentialAction":[{"@type":"SearchAction","target":{"@type":"EntryPoint","urlTemplate":"https:\/\/luchonoticias.com\/editor\/?s={search_term_string}"},"query-input":{"@type":"PropertyValueSpecification","valueRequired":true,"valueName":"search_term_string"}}],"inLanguage":"es"},{"@type":["Person","Organization"],"@id":"https:\/\/luchonoticias.com\/editor\/#\/schema\/person\/7a7fd911f58561fd056dbac7b55af9cd","name":"admin","image":{"@type":"ImageObject","inLanguage":"es","@id":"https:\/\/luchonoticias.com\/editor\/#\/schema\/person\/image\/","url":"https:\/\/luchonoticias.com\/editor\/wp-content\/uploads\/2024\/02\/cropped-cropped-logolu.webp","contentUrl":"https:\/\/luchonoticias.com\/editor\/wp-content\/uploads\/2024\/02\/cropped-cropped-logolu.webp","width":382,"height":170,"caption":"admin"},"logo":{"@id":"https:\/\/luchonoticias.com\/editor\/#\/schema\/person\/image\/"},"sameAs":["https:\/\/www.facebook.com\/luchonoticiasneiva"],"url":"https:\/\/luchonoticias.com\/editor\/author\/admin\/"}]}},"_links":{"self":[{"href":"https:\/\/luchonoticias.com\/editor\/wp-json\/wp\/v2\/posts\/40166","targetHints":{"allow":["GET"]}}],"collection":[{"href":"https:\/\/luchonoticias.com\/editor\/wp-json\/wp\/v2\/posts"}],"about":[{"href":"https:\/\/luchonoticias.com\/editor\/wp-json\/wp\/v2\/types\/post"}],"author":[{"embeddable":true,"href":"https:\/\/luchonoticias.com\/editor\/wp-json\/wp\/v2\/users\/1"}],"replies":[{"embeddable":true,"href":"https:\/\/luchonoticias.com\/editor\/wp-json\/wp\/v2\/comments?post=40166"}],"version-history":[{"count":0,"href":"https:\/\/luchonoticias.com\/editor\/wp-json\/wp\/v2\/posts\/40166\/revisions"}],"wp:attachment":[{"href":"https:\/\/luchonoticias.com\/editor\/wp-json\/wp\/v2\/media?parent=40166"}],"wp:term":[{"taxonomy":"category","embeddable":true,"href":"https:\/\/luchonoticias.com\/editor\/wp-json\/wp\/v2\/categories?post=40166"},{"taxonomy":"post_tag","embeddable":true,"href":"https:\/\/luchonoticias.com\/editor\/wp-json\/wp\/v2\/tags?post=40166"}],"curies":[{"name":"wp","href":"https:\/\/api.w.org\/{rel}","templated":true}]}}