{"id":40176,"date":"2022-11-23T06:41:46","date_gmt":"2022-11-23T11:41:46","guid":{"rendered":"https:\/\/luchonoticias.com\/?p=40176"},"modified":"2022-11-23T06:41:47","modified_gmt":"2022-11-23T11:41:47","slug":"estan-danando-los-semaforos-al-parecer-para-presionar-adjudicacion-de-un-contrato-secretaria-de-movilidad-de-neiva","status":"publish","type":"post","link":"https:\/\/luchonoticias.com\/editor\/estan-danando-los-semaforos-al-parecer-para-presionar-adjudicacion-de-un-contrato-secretaria-de-movilidad-de-neiva\/","title":{"rendered":"\u00abEst\u00e1n da\u00f1ando los sem\u00e1foros, al parecer para presionar adjudicaci\u00f3n de un contrato\u00bb: Secretaria de Movilidad de Neiva"},"content":{"rendered":"\n<p>Con la nueva afectaci\u00f3n a la intersecci\u00f3n semaf\u00f3rica de la comuna Uno, se concluye que no es un tema de mantenimiento, ya que corresponde a una afectaci\u00f3n directa por cortes que est\u00e1n realizando manos inescrupulosas en los cables que conectan todo el sistema de energ\u00eda y la central del funcionamiento a la red de sem\u00e1foros en la ciudad de Neiva.<\/p>\n\n\n\n<p>La Secretar\u00eda de Movilidad ha encontrado puntualmente, que estos casos de vandalismo son un sabotaje, as\u00ed lo manifiesta Luisa Fernanda Robles, secretaria de Movilidad: \u201cha sido reiterado el ataque que ha venido sufriendo la red semaf\u00f3rica, cuando el pasado 15 de julio asumimos esta Secretar\u00eda, solamente se encontraban dos intersecciones semaf\u00f3ricas fuera de servicio que fueron posteriormente habilitadas\u201d.<\/p>\n\n\n\n<figure class=\"wp-block-gallery has-nested-images columns-default is-cropped wp-block-gallery-1 is-layout-flex wp-block-gallery-is-layout-flex\">\n<figure class=\"wp-block-image size-large\"><img decoding=\"async\" data-id=\"40180\" src=\"https:\/\/luchonoticias.com\/wp-content\/uploads\/2022\/11\/WhatsApp-Image-2022-11-22-at-7.11.57-PM-1-1024x683.jpeg\" alt=\"\" class=\"wp-image-40180\"\/><\/figure>\n\n\n\n<figure class=\"wp-block-image size-large\"><img decoding=\"async\" data-id=\"40178\" src=\"https:\/\/luchonoticias.com\/wp-content\/uploads\/2022\/11\/WhatsApp-Image-2022-11-22-at-7.11.56-PM-2-1024x682.jpeg\" alt=\"\" class=\"wp-image-40178\"\/><\/figure>\n\n\n\n<figure class=\"wp-block-image size-large\"><img decoding=\"async\" data-id=\"40179\" src=\"https:\/\/luchonoticias.com\/wp-content\/uploads\/2022\/11\/WhatsApp-Image-2022-11-22-at-7.11.56-PM-1-1024x766.jpeg\" alt=\"\" class=\"wp-image-40179\"\/><\/figure>\n<\/figure>\n\n\n\n<p>Luego de esto, cabe resaltar, \u201cque se ven\u00eda adelantando un proceso para adjudicar el contrato de mantenimiento preventivo y correctivo por un valor de $1.300 millones de pesos donde se encontraban seis oferentes, proceso declarado desierto, ya que ninguno de los oferentes cumpl\u00eda con las especificaciones t\u00e9cnicas, financieras y legales que establec\u00edan los pliegos de condiciones. Presumimos que hay manos que tienen un tipo de inter\u00e9s en este contrato, por lo cual est\u00e1n generando una afectaci\u00f3n para, de alguna forma, presionar y que este contrato se pudiera adjudicar\u201d, indic\u00f3 Robles.<\/p>\n\n\n\n<p>Es as\u00ed, que luego de haber declarado desierto el contrato de mantenimiento preventivo y correctivo, se empezaron a tener nuevas afectaciones en los sem\u00e1foros de la comuna Uno. Previamente a estos hechos, se puso en conocimiento de las autoridades competentes las denuncias, ante la Sij\u00edn y Fiscal\u00eda, ya que no s\u00f3lo est\u00e1n cortando la energ\u00eda, sino tambi\u00e9n robando una tarjeta que es la que permite la operaci\u00f3n del sem\u00e1foro.<\/p>\n\n\n\n<p>Seg\u00fan los informes presentados por la Secretar\u00eda de Movilidad, se espera determinar qui\u00e9nes son las personas que est\u00e1n detr\u00e1s de este sabotaje al sistema semaf\u00f3rico, que evidentemente no afecta directamente al alcalde de Neiva Gorky Mu\u00f1oz Calder\u00f3n, ni a la Secretar\u00eda de Movilidad, si no que afecta a toda la ciudadan\u00eda, ya que genera un caos en las horas pico, donde se incrementa el tr\u00e1fico vehicular.<\/p>\n\n\n\n<figure class=\"wp-block-gallery has-nested-images columns-default is-cropped wp-block-gallery-2 is-layout-flex wp-block-gallery-is-layout-flex\">\n<figure class=\"wp-block-image size-large\"><img decoding=\"async\" data-id=\"40181\" src=\"https:\/\/luchonoticias.com\/wp-content\/uploads\/2022\/11\/WhatsApp-Image-2022-11-22-at-7.11.57-PM-2-1024x768.jpeg\" alt=\"\" class=\"wp-image-40181\"\/><\/figure>\n\n\n\n<figure class=\"wp-block-image size-large\"><img decoding=\"async\" data-id=\"40182\" src=\"https:\/\/luchonoticias.com\/wp-content\/uploads\/2022\/11\/WhatsApp-Image-2022-11-22-at-7.11.57-PM-1024x682.jpeg\" alt=\"\" class=\"wp-image-40182\"\/><\/figure>\n<\/figure>\n\n\n\n<p>Por lo tanto, ya se tiene un plan de contingencia, donde se pondr\u00e1 en operaci\u00f3n y nuevamente en funcionamiento las intersecciones que han sido vandalizadas. Adem\u00e1s, la Administraci\u00f3n Municipal, hace un llamado a la comunidad para que denuncie si llegan a presenciar este tipo de actos vand\u00e1licos y as\u00ed, los organismos de seguridad puedan actuar frente a ello.<\/p>\n","protected":false},"excerpt":{"rendered":"<p>Con la nueva afectaci\u00f3n a la intersecci\u00f3n semaf\u00f3rica de la comuna Uno, se concluye que no es un tema de mantenimiento, ya que corresponde a una afectaci\u00f3n directa por cortes que est\u00e1n realizando manos inescrupulosas en los cables que conectan todo el sistema de energ\u00eda y la central del funcionamiento a la red de sem\u00e1foros [&hellip;]<\/p>\n","protected":false},"author":1,"featured_media":0,"comment_status":"open","ping_status":"open","sticky":false,"template":"","format":"standard","meta":{"footnotes":""},"categories":[36,53],"tags":[],"class_list":["post-40176","post","type-post","status-publish","format-standard","hentry","category-destacado","category-neiva"],"yoast_head":"<!-- This site is optimized with the Yoast SEO plugin v26.6 - https:\/\/yoast.com\/wordpress\/plugins\/seo\/ -->\n<title>&quot;Est\u00e1n da\u00f1ando los sem\u00e1foros, al parecer para presionar adjudicaci\u00f3n de un contrato&quot;: Secretaria de Movilidad de Neiva -<\/title>\n<meta name=\"robots\" content=\"index, follow, max-snippet:-1, max-image-preview:large, max-video-preview:-1\" \/>\n<link rel=\"canonical\" href=\"https:\/\/luchonoticias.com\/editor\/estan-danando-los-semaforos-al-parecer-para-presionar-adjudicacion-de-un-contrato-secretaria-de-movilidad-de-neiva\/\" \/>\n<meta property=\"og:locale\" content=\"es_ES\" \/>\n<meta property=\"og:type\" content=\"article\" \/>\n<meta property=\"og:title\" content=\"&quot;Est\u00e1n da\u00f1ando los sem\u00e1foros, al parecer para presionar adjudicaci\u00f3n de un contrato&quot;: Secretaria de Movilidad de Neiva -\" \/>\n<meta property=\"og:url\" content=\"https:\/\/luchonoticias.com\/editor\/estan-danando-los-semaforos-al-parecer-para-presionar-adjudicacion-de-un-contrato-secretaria-de-movilidad-de-neiva\/\" \/>\n<meta property=\"article:publisher\" content=\"https:\/\/www.facebook.com\/luchonoticiasneiva\" \/>\n<meta property=\"article:author\" content=\"https:\/\/www.facebook.com\/luchonoticiasneiva\" \/>\n<meta property=\"article:published_time\" content=\"2022-11-23T11:41:46+00:00\" \/>\n<meta property=\"article:modified_time\" content=\"2022-11-23T11:41:47+00:00\" \/>\n<meta property=\"og:image\" content=\"https:\/\/luchonoticias.com\/wp-content\/uploads\/2022\/11\/WhatsApp-Image-2022-11-22-at-7.11.57-PM-1-1024x683.jpeg\" \/>\n<meta name=\"author\" content=\"admin\" \/>\n<meta name=\"twitter:card\" content=\"summary_large_image\" \/>\n<meta name=\"twitter:label1\" content=\"Escrito por\" \/>\n\t<meta name=\"twitter:data1\" content=\"admin\" \/>\n\t<meta name=\"twitter:label2\" content=\"Tiempo de lectura\" \/>\n\t<meta name=\"twitter:data2\" content=\"2 minutos\" \/>\n<script type=\"application\/ld+json\" class=\"yoast-schema-graph\">{\"@context\":\"https:\/\/schema.org\",\"@graph\":[{\"@type\":\"Article\",\"@id\":\"https:\/\/luchonoticias.com\/editor\/estan-danando-los-semaforos-al-parecer-para-presionar-adjudicacion-de-un-contrato-secretaria-de-movilidad-de-neiva\/#article\",\"isPartOf\":{\"@id\":\"https:\/\/luchonoticias.com\/editor\/estan-danando-los-semaforos-al-parecer-para-presionar-adjudicacion-de-un-contrato-secretaria-de-movilidad-de-neiva\/\"},\"author\":{\"name\":\"admin\",\"@id\":\"https:\/\/luchonoticias.com\/editor\/#\/schema\/person\/7a7fd911f58561fd056dbac7b55af9cd\"},\"headline\":\"\u00abEst\u00e1n da\u00f1ando los sem\u00e1foros, al parecer para presionar adjudicaci\u00f3n de un contrato\u00bb: Secretaria de Movilidad de Neiva\",\"datePublished\":\"2022-11-23T11:41:46+00:00\",\"dateModified\":\"2022-11-23T11:41:47+00:00\",\"mainEntityOfPage\":{\"@id\":\"https:\/\/luchonoticias.com\/editor\/estan-danando-los-semaforos-al-parecer-para-presionar-adjudicacion-de-un-contrato-secretaria-de-movilidad-de-neiva\/\"},\"wordCount\":462,\"commentCount\":0,\"publisher\":{\"@id\":\"https:\/\/luchonoticias.com\/editor\/#\/schema\/person\/7a7fd911f58561fd056dbac7b55af9cd\"},\"image\":{\"@id\":\"https:\/\/luchonoticias.com\/editor\/estan-danando-los-semaforos-al-parecer-para-presionar-adjudicacion-de-un-contrato-secretaria-de-movilidad-de-neiva\/#primaryimage\"},\"thumbnailUrl\":\"https:\/\/luchonoticias.com\/wp-content\/uploads\/2022\/11\/WhatsApp-Image-2022-11-22-at-7.11.57-PM-1-1024x683.jpeg\",\"articleSection\":[\"Destacado\",\"Neiva\"],\"inLanguage\":\"es\",\"potentialAction\":[{\"@type\":\"CommentAction\",\"name\":\"Comment\",\"target\":[\"https:\/\/luchonoticias.com\/editor\/estan-danando-los-semaforos-al-parecer-para-presionar-adjudicacion-de-un-contrato-secretaria-de-movilidad-de-neiva\/#respond\"]}]},{\"@type\":\"WebPage\",\"@id\":\"https:\/\/luchonoticias.com\/editor\/estan-danando-los-semaforos-al-parecer-para-presionar-adjudicacion-de-un-contrato-secretaria-de-movilidad-de-neiva\/\",\"url\":\"https:\/\/luchonoticias.com\/editor\/estan-danando-los-semaforos-al-parecer-para-presionar-adjudicacion-de-un-contrato-secretaria-de-movilidad-de-neiva\/\",\"name\":\"\\\"Est\u00e1n da\u00f1ando los sem\u00e1foros, al parecer para presionar adjudicaci\u00f3n de un contrato\\\": Secretaria de Movilidad de Neiva -\",\"isPartOf\":{\"@id\":\"https:\/\/luchonoticias.com\/editor\/#website\"},\"primaryImageOfPage\":{\"@id\":\"https:\/\/luchonoticias.com\/editor\/estan-danando-los-semaforos-al-parecer-para-presionar-adjudicacion-de-un-contrato-secretaria-de-movilidad-de-neiva\/#primaryimage\"},\"image\":{\"@id\":\"https:\/\/luchonoticias.com\/editor\/estan-danando-los-semaforos-al-parecer-para-presionar-adjudicacion-de-un-contrato-secretaria-de-movilidad-de-neiva\/#primaryimage\"},\"thumbnailUrl\":\"https:\/\/luchonoticias.com\/wp-content\/uploads\/2022\/11\/WhatsApp-Image-2022-11-22-at-7.11.57-PM-1-1024x683.jpeg\",\"datePublished\":\"2022-11-23T11:41:46+00:00\",\"dateModified\":\"2022-11-23T11:41:47+00:00\",\"breadcrumb\":{\"@id\":\"https:\/\/luchonoticias.com\/editor\/estan-danando-los-semaforos-al-parecer-para-presionar-adjudicacion-de-un-contrato-secretaria-de-movilidad-de-neiva\/#breadcrumb\"},\"inLanguage\":\"es\",\"potentialAction\":[{\"@type\":\"ReadAction\",\"target\":[\"https:\/\/luchonoticias.com\/editor\/estan-danando-los-semaforos-al-parecer-para-presionar-adjudicacion-de-un-contrato-secretaria-de-movilidad-de-neiva\/\"]}]},{\"@type\":\"ImageObject\",\"inLanguage\":\"es\",\"@id\":\"https:\/\/luchonoticias.com\/editor\/estan-danando-los-semaforos-al-parecer-para-presionar-adjudicacion-de-un-contrato-secretaria-de-movilidad-de-neiva\/#primaryimage\",\"url\":\"https:\/\/luchonoticias.com\/wp-content\/uploads\/2022\/11\/WhatsApp-Image-2022-11-22-at-7.11.57-PM-1-1024x683.jpeg\",\"contentUrl\":\"https:\/\/luchonoticias.com\/wp-content\/uploads\/2022\/11\/WhatsApp-Image-2022-11-22-at-7.11.57-PM-1-1024x683.jpeg\"},{\"@type\":\"BreadcrumbList\",\"@id\":\"https:\/\/luchonoticias.com\/editor\/estan-danando-los-semaforos-al-parecer-para-presionar-adjudicacion-de-un-contrato-secretaria-de-movilidad-de-neiva\/#breadcrumb\",\"itemListElement\":[{\"@type\":\"ListItem\",\"position\":1,\"name\":\"Portada\",\"item\":\"https:\/\/luchonoticias.com\/editor\/\"},{\"@type\":\"ListItem\",\"position\":2,\"name\":\"\u00abEst\u00e1n da\u00f1ando los sem\u00e1foros, al parecer para presionar adjudicaci\u00f3n de un contrato\u00bb: Secretaria de Movilidad de Neiva\"}]},{\"@type\":\"WebSite\",\"@id\":\"https:\/\/luchonoticias.com\/editor\/#website\",\"url\":\"https:\/\/luchonoticias.com\/editor\/\",\"name\":\"\",\"description\":\"\",\"publisher\":{\"@id\":\"https:\/\/luchonoticias.com\/editor\/#\/schema\/person\/7a7fd911f58561fd056dbac7b55af9cd\"},\"potentialAction\":[{\"@type\":\"SearchAction\",\"target\":{\"@type\":\"EntryPoint\",\"urlTemplate\":\"https:\/\/luchonoticias.com\/editor\/?s={search_term_string}\"},\"query-input\":{\"@type\":\"PropertyValueSpecification\",\"valueRequired\":true,\"valueName\":\"search_term_string\"}}],\"inLanguage\":\"es\"},{\"@type\":[\"Person\",\"Organization\"],\"@id\":\"https:\/\/luchonoticias.com\/editor\/#\/schema\/person\/7a7fd911f58561fd056dbac7b55af9cd\",\"name\":\"admin\",\"image\":{\"@type\":\"ImageObject\",\"inLanguage\":\"es\",\"@id\":\"https:\/\/luchonoticias.com\/editor\/#\/schema\/person\/image\/\",\"url\":\"https:\/\/luchonoticias.com\/editor\/wp-content\/uploads\/2024\/02\/cropped-cropped-logolu.webp\",\"contentUrl\":\"https:\/\/luchonoticias.com\/editor\/wp-content\/uploads\/2024\/02\/cropped-cropped-logolu.webp\",\"width\":382,\"height\":170,\"caption\":\"admin\"},\"logo\":{\"@id\":\"https:\/\/luchonoticias.com\/editor\/#\/schema\/person\/image\/\"},\"sameAs\":[\"https:\/\/www.facebook.com\/luchonoticiasneiva\"],\"url\":\"https:\/\/luchonoticias.com\/editor\/author\/admin\/\"}]}<\/script>\n<!-- \/ Yoast SEO plugin. -->","yoast_head_json":{"title":"\"Est\u00e1n da\u00f1ando los sem\u00e1foros, al parecer para presionar adjudicaci\u00f3n de un contrato\": Secretaria de Movilidad de Neiva -","robots":{"index":"index","follow":"follow","max-snippet":"max-snippet:-1","max-image-preview":"max-image-preview:large","max-video-preview":"max-video-preview:-1"},"canonical":"https:\/\/luchonoticias.com\/editor\/estan-danando-los-semaforos-al-parecer-para-presionar-adjudicacion-de-un-contrato-secretaria-de-movilidad-de-neiva\/","og_locale":"es_ES","og_type":"article","og_title":"\"Est\u00e1n da\u00f1ando los sem\u00e1foros, al parecer para presionar adjudicaci\u00f3n de un contrato\": Secretaria de Movilidad de Neiva -","og_url":"https:\/\/luchonoticias.com\/editor\/estan-danando-los-semaforos-al-parecer-para-presionar-adjudicacion-de-un-contrato-secretaria-de-movilidad-de-neiva\/","article_publisher":"https:\/\/www.facebook.com\/luchonoticiasneiva","article_author":"https:\/\/www.facebook.com\/luchonoticiasneiva","article_published_time":"2022-11-23T11:41:46+00:00","article_modified_time":"2022-11-23T11:41:47+00:00","og_image":[{"url":"https:\/\/luchonoticias.com\/wp-content\/uploads\/2022\/11\/WhatsApp-Image-2022-11-22-at-7.11.57-PM-1-1024x683.jpeg","type":"","width":"","height":""}],"author":"admin","twitter_card":"summary_large_image","twitter_misc":{"Escrito por":"admin","Tiempo de lectura":"2 minutos"},"schema":{"@context":"https:\/\/schema.org","@graph":[{"@type":"Article","@id":"https:\/\/luchonoticias.com\/editor\/estan-danando-los-semaforos-al-parecer-para-presionar-adjudicacion-de-un-contrato-secretaria-de-movilidad-de-neiva\/#article","isPartOf":{"@id":"https:\/\/luchonoticias.com\/editor\/estan-danando-los-semaforos-al-parecer-para-presionar-adjudicacion-de-un-contrato-secretaria-de-movilidad-de-neiva\/"},"author":{"name":"admin","@id":"https:\/\/luchonoticias.com\/editor\/#\/schema\/person\/7a7fd911f58561fd056dbac7b55af9cd"},"headline":"\u00abEst\u00e1n da\u00f1ando los sem\u00e1foros, al parecer para presionar adjudicaci\u00f3n de un contrato\u00bb: Secretaria de Movilidad de Neiva","datePublished":"2022-11-23T11:41:46+00:00","dateModified":"2022-11-23T11:41:47+00:00","mainEntityOfPage":{"@id":"https:\/\/luchonoticias.com\/editor\/estan-danando-los-semaforos-al-parecer-para-presionar-adjudicacion-de-un-contrato-secretaria-de-movilidad-de-neiva\/"},"wordCount":462,"commentCount":0,"publisher":{"@id":"https:\/\/luchonoticias.com\/editor\/#\/schema\/person\/7a7fd911f58561fd056dbac7b55af9cd"},"image":{"@id":"https:\/\/luchonoticias.com\/editor\/estan-danando-los-semaforos-al-parecer-para-presionar-adjudicacion-de-un-contrato-secretaria-de-movilidad-de-neiva\/#primaryimage"},"thumbnailUrl":"https:\/\/luchonoticias.com\/wp-content\/uploads\/2022\/11\/WhatsApp-Image-2022-11-22-at-7.11.57-PM-1-1024x683.jpeg","articleSection":["Destacado","Neiva"],"inLanguage":"es","potentialAction":[{"@type":"CommentAction","name":"Comment","target":["https:\/\/luchonoticias.com\/editor\/estan-danando-los-semaforos-al-parecer-para-presionar-adjudicacion-de-un-contrato-secretaria-de-movilidad-de-neiva\/#respond"]}]},{"@type":"WebPage","@id":"https:\/\/luchonoticias.com\/editor\/estan-danando-los-semaforos-al-parecer-para-presionar-adjudicacion-de-un-contrato-secretaria-de-movilidad-de-neiva\/","url":"https:\/\/luchonoticias.com\/editor\/estan-danando-los-semaforos-al-parecer-para-presionar-adjudicacion-de-un-contrato-secretaria-de-movilidad-de-neiva\/","name":"\"Est\u00e1n da\u00f1ando los sem\u00e1foros, al parecer para presionar adjudicaci\u00f3n de un contrato\": Secretaria de Movilidad de Neiva -","isPartOf":{"@id":"https:\/\/luchonoticias.com\/editor\/#website"},"primaryImageOfPage":{"@id":"https:\/\/luchonoticias.com\/editor\/estan-danando-los-semaforos-al-parecer-para-presionar-adjudicacion-de-un-contrato-secretaria-de-movilidad-de-neiva\/#primaryimage"},"image":{"@id":"https:\/\/luchonoticias.com\/editor\/estan-danando-los-semaforos-al-parecer-para-presionar-adjudicacion-de-un-contrato-secretaria-de-movilidad-de-neiva\/#primaryimage"},"thumbnailUrl":"https:\/\/luchonoticias.com\/wp-content\/uploads\/2022\/11\/WhatsApp-Image-2022-11-22-at-7.11.57-PM-1-1024x683.jpeg","datePublished":"2022-11-23T11:41:46+00:00","dateModified":"2022-11-23T11:41:47+00:00","breadcrumb":{"@id":"https:\/\/luchonoticias.com\/editor\/estan-danando-los-semaforos-al-parecer-para-presionar-adjudicacion-de-un-contrato-secretaria-de-movilidad-de-neiva\/#breadcrumb"},"inLanguage":"es","potentialAction":[{"@type":"ReadAction","target":["https:\/\/luchonoticias.com\/editor\/estan-danando-los-semaforos-al-parecer-para-presionar-adjudicacion-de-un-contrato-secretaria-de-movilidad-de-neiva\/"]}]},{"@type":"ImageObject","inLanguage":"es","@id":"https:\/\/luchonoticias.com\/editor\/estan-danando-los-semaforos-al-parecer-para-presionar-adjudicacion-de-un-contrato-secretaria-de-movilidad-de-neiva\/#primaryimage","url":"https:\/\/luchonoticias.com\/wp-content\/uploads\/2022\/11\/WhatsApp-Image-2022-11-22-at-7.11.57-PM-1-1024x683.jpeg","contentUrl":"https:\/\/luchonoticias.com\/wp-content\/uploads\/2022\/11\/WhatsApp-Image-2022-11-22-at-7.11.57-PM-1-1024x683.jpeg"},{"@type":"BreadcrumbList","@id":"https:\/\/luchonoticias.com\/editor\/estan-danando-los-semaforos-al-parecer-para-presionar-adjudicacion-de-un-contrato-secretaria-de-movilidad-de-neiva\/#breadcrumb","itemListElement":[{"@type":"ListItem","position":1,"name":"Portada","item":"https:\/\/luchonoticias.com\/editor\/"},{"@type":"ListItem","position":2,"name":"\u00abEst\u00e1n da\u00f1ando los sem\u00e1foros, al parecer para presionar adjudicaci\u00f3n de un contrato\u00bb: Secretaria de Movilidad de Neiva"}]},{"@type":"WebSite","@id":"https:\/\/luchonoticias.com\/editor\/#website","url":"https:\/\/luchonoticias.com\/editor\/","name":"","description":"","publisher":{"@id":"https:\/\/luchonoticias.com\/editor\/#\/schema\/person\/7a7fd911f58561fd056dbac7b55af9cd"},"potentialAction":[{"@type":"SearchAction","target":{"@type":"EntryPoint","urlTemplate":"https:\/\/luchonoticias.com\/editor\/?s={search_term_string}"},"query-input":{"@type":"PropertyValueSpecification","valueRequired":true,"valueName":"search_term_string"}}],"inLanguage":"es"},{"@type":["Person","Organization"],"@id":"https:\/\/luchonoticias.com\/editor\/#\/schema\/person\/7a7fd911f58561fd056dbac7b55af9cd","name":"admin","image":{"@type":"ImageObject","inLanguage":"es","@id":"https:\/\/luchonoticias.com\/editor\/#\/schema\/person\/image\/","url":"https:\/\/luchonoticias.com\/editor\/wp-content\/uploads\/2024\/02\/cropped-cropped-logolu.webp","contentUrl":"https:\/\/luchonoticias.com\/editor\/wp-content\/uploads\/2024\/02\/cropped-cropped-logolu.webp","width":382,"height":170,"caption":"admin"},"logo":{"@id":"https:\/\/luchonoticias.com\/editor\/#\/schema\/person\/image\/"},"sameAs":["https:\/\/www.facebook.com\/luchonoticiasneiva"],"url":"https:\/\/luchonoticias.com\/editor\/author\/admin\/"}]}},"_links":{"self":[{"href":"https:\/\/luchonoticias.com\/editor\/wp-json\/wp\/v2\/posts\/40176","targetHints":{"allow":["GET"]}}],"collection":[{"href":"https:\/\/luchonoticias.com\/editor\/wp-json\/wp\/v2\/posts"}],"about":[{"href":"https:\/\/luchonoticias.com\/editor\/wp-json\/wp\/v2\/types\/post"}],"author":[{"embeddable":true,"href":"https:\/\/luchonoticias.com\/editor\/wp-json\/wp\/v2\/users\/1"}],"replies":[{"embeddable":true,"href":"https:\/\/luchonoticias.com\/editor\/wp-json\/wp\/v2\/comments?post=40176"}],"version-history":[{"count":0,"href":"https:\/\/luchonoticias.com\/editor\/wp-json\/wp\/v2\/posts\/40176\/revisions"}],"wp:attachment":[{"href":"https:\/\/luchonoticias.com\/editor\/wp-json\/wp\/v2\/media?parent=40176"}],"wp:term":[{"taxonomy":"category","embeddable":true,"href":"https:\/\/luchonoticias.com\/editor\/wp-json\/wp\/v2\/categories?post=40176"},{"taxonomy":"post_tag","embeddable":true,"href":"https:\/\/luchonoticias.com\/editor\/wp-json\/wp\/v2\/tags?post=40176"}],"curies":[{"name":"wp","href":"https:\/\/api.w.org\/{rel}","templated":true}]}}