{"id":40234,"date":"2022-11-23T08:18:55","date_gmt":"2022-11-23T13:18:55","guid":{"rendered":"https:\/\/luchonoticias.com\/?p=40234"},"modified":"2022-11-23T08:18:56","modified_gmt":"2022-11-23T13:18:56","slug":"a-buen-ritmo-avanza-en-neiva-construccion-del-proyecto-fronteras-del-milenio","status":"publish","type":"post","link":"https:\/\/luchonoticias.com\/editor\/a-buen-ritmo-avanza-en-neiva-construccion-del-proyecto-fronteras-del-milenio\/","title":{"rendered":"A buen ritmo avanza en Neiva\u00a0 construcci\u00f3n del proyecto &#8216;Fronteras del Milenio&#8217;"},"content":{"rendered":"\n<p>Avanzan los trabajos de la segunda etapa del proyecto denominado \u2018Fronteras del Milenio\u2019 que es liderado por la Alcald\u00eda de Neiva, con el objetivo de brindar soluciones de vivienda a la poblaci\u00f3n que as\u00ed lo requiere, para que tengan unas mejores condiciones de vida.<\/p>\n\n\n\n<p>En total ser\u00e1n 208 familias las que tendr\u00e1n vivienda nueva, las cuales son beneficiarias de subsidios entregados por los entes territoriales que ascienden a los 37 millones de pesos; 27 por el orden del municipio y 10 millones por parte de la Gobernaci\u00f3n del Huila.<\/p>\n\n\n\n<figure class=\"wp-block-gallery has-nested-images columns-default is-cropped wp-block-gallery-1 is-layout-flex wp-block-gallery-is-layout-flex\">\n<figure class=\"wp-block-image size-large\"><img decoding=\"async\" data-id=\"40239\" src=\"https:\/\/luchonoticias.com\/wp-content\/uploads\/2022\/11\/WhatsApp-Image-2022-11-23-at-8.16.20-AM-768x1024.jpeg\" alt=\"\" class=\"wp-image-40239\"\/><\/figure>\n\n\n\n<figure class=\"wp-block-image size-large\"><img decoding=\"async\" data-id=\"40237\" src=\"https:\/\/luchonoticias.com\/wp-content\/uploads\/2022\/11\/WhatsApp-Image-2022-11-23-at-8.16.19-AM-2-576x1024.jpeg\" alt=\"\" class=\"wp-image-40237\"\/><\/figure>\n\n\n\n<figure class=\"wp-block-image size-large\"><img decoding=\"async\" data-id=\"40238\" src=\"https:\/\/luchonoticias.com\/wp-content\/uploads\/2022\/11\/WhatsApp-Image-2022-11-23-at-8.16.19-AM-3-576x1024.jpeg\" alt=\"\" class=\"wp-image-40238\"\/><\/figure>\n<\/figure>\n\n\n\n<p>Los trabajos de construcci\u00f3n de las viviendas iniciaron oficialmente el pasado mes de octubre y hay que destacar que el proyecto ya cuenta con el respectivo acueducto y alcantarillado; seg\u00fan la Administraci\u00f3n Municipal, las obras van a buen ritmo y se est\u00e1 haciendo todo lo posible para avanzar, pese a las condiciones del clima que generan inconvenientes.<\/p>\n\n\n\n<p>El proyecto Fronteras del Milenio, comprende tambi\u00e9n una tercera etapa, que seg\u00fan lo se\u00f1al\u00f3 la Secretar\u00eda de Vivienda y H\u00e1bitat de Neiva, tendr\u00e1 1340 apartamentos, para los cuales ya est\u00e1n asegurados los recursos y se han asignado 192 subsidios, con igual n\u00famero de familias beneficiadas.\u00a0<\/p>\n\n\n\n<figure class=\"wp-block-image size-large\"><img decoding=\"async\" src=\"https:\/\/luchonoticias.com\/wp-content\/uploads\/2022\/11\/WhatsApp-Image-2022-11-23-at-8.16.19-AM-1-1-1024x768.jpeg\" alt=\"\" class=\"wp-image-40240\"\/><\/figure>\n\n\n\n<p>As\u00ed mismo, en la ciudad avanzan otros proyectos relacionados con vivienda, como el caso del macroproyecto Bosques de San Luis, Reservas de la Rebeca, que es en articulaci\u00f3n con la Gobernaci\u00f3n del Huila, Primero Neiva, Villa Santa, entre otros.<\/p>\n","protected":false},"excerpt":{"rendered":"<p>Avanzan los trabajos de la segunda etapa del proyecto denominado \u2018Fronteras del Milenio\u2019 que es liderado por la Alcald\u00eda de Neiva, con el objetivo de brindar soluciones de vivienda a la poblaci\u00f3n que as\u00ed lo requiere, para que tengan unas mejores condiciones de vida. En total ser\u00e1n 208 familias las que tendr\u00e1n vivienda nueva, las [&hellip;]<\/p>\n","protected":false},"author":1,"featured_media":0,"comment_status":"open","ping_status":"open","sticky":false,"template":"","format":"standard","meta":{"footnotes":""},"categories":[36,31],"tags":[],"class_list":["post-40234","post","type-post","status-publish","format-standard","hentry","category-destacado","category-local"],"yoast_head":"<!-- This site is optimized with the Yoast SEO plugin v26.6 - https:\/\/yoast.com\/wordpress\/plugins\/seo\/ -->\n<title>A buen ritmo avanza en Neiva\u00a0 construcci\u00f3n del proyecto &#039;Fronteras del Milenio&#039; -<\/title>\n<meta name=\"robots\" content=\"index, follow, max-snippet:-1, max-image-preview:large, max-video-preview:-1\" \/>\n<link rel=\"canonical\" href=\"https:\/\/luchonoticias.com\/editor\/a-buen-ritmo-avanza-en-neiva-construccion-del-proyecto-fronteras-del-milenio\/\" \/>\n<meta property=\"og:locale\" content=\"es_ES\" \/>\n<meta property=\"og:type\" content=\"article\" \/>\n<meta property=\"og:title\" content=\"A buen ritmo avanza en Neiva\u00a0 construcci\u00f3n del proyecto &#039;Fronteras del Milenio&#039; -\" \/>\n<meta property=\"og:url\" content=\"https:\/\/luchonoticias.com\/editor\/a-buen-ritmo-avanza-en-neiva-construccion-del-proyecto-fronteras-del-milenio\/\" \/>\n<meta property=\"article:publisher\" content=\"https:\/\/www.facebook.com\/luchonoticiasneiva\" \/>\n<meta property=\"article:author\" content=\"https:\/\/www.facebook.com\/luchonoticiasneiva\" \/>\n<meta property=\"article:published_time\" content=\"2022-11-23T13:18:55+00:00\" \/>\n<meta property=\"article:modified_time\" content=\"2022-11-23T13:18:56+00:00\" \/>\n<meta property=\"og:image\" content=\"https:\/\/luchonoticias.com\/wp-content\/uploads\/2022\/11\/WhatsApp-Image-2022-11-23-at-8.16.20-AM-768x1024.jpeg\" \/>\n<meta name=\"author\" content=\"admin\" \/>\n<meta name=\"twitter:card\" content=\"summary_large_image\" \/>\n<meta name=\"twitter:label1\" content=\"Escrito por\" \/>\n\t<meta name=\"twitter:data1\" content=\"admin\" \/>\n\t<meta name=\"twitter:label2\" content=\"Tiempo de lectura\" \/>\n\t<meta name=\"twitter:data2\" content=\"1 minuto\" \/>\n<script type=\"application\/ld+json\" class=\"yoast-schema-graph\">{\"@context\":\"https:\/\/schema.org\",\"@graph\":[{\"@type\":\"Article\",\"@id\":\"https:\/\/luchonoticias.com\/editor\/a-buen-ritmo-avanza-en-neiva-construccion-del-proyecto-fronteras-del-milenio\/#article\",\"isPartOf\":{\"@id\":\"https:\/\/luchonoticias.com\/editor\/a-buen-ritmo-avanza-en-neiva-construccion-del-proyecto-fronteras-del-milenio\/\"},\"author\":{\"name\":\"admin\",\"@id\":\"https:\/\/luchonoticias.com\/editor\/#\/schema\/person\/7a7fd911f58561fd056dbac7b55af9cd\"},\"headline\":\"A buen ritmo avanza en Neiva\u00a0 construcci\u00f3n del proyecto &#8216;Fronteras del Milenio&#8217;\",\"datePublished\":\"2022-11-23T13:18:55+00:00\",\"dateModified\":\"2022-11-23T13:18:56+00:00\",\"mainEntityOfPage\":{\"@id\":\"https:\/\/luchonoticias.com\/editor\/a-buen-ritmo-avanza-en-neiva-construccion-del-proyecto-fronteras-del-milenio\/\"},\"wordCount\":254,\"commentCount\":0,\"publisher\":{\"@id\":\"https:\/\/luchonoticias.com\/editor\/#\/schema\/person\/7a7fd911f58561fd056dbac7b55af9cd\"},\"image\":{\"@id\":\"https:\/\/luchonoticias.com\/editor\/a-buen-ritmo-avanza-en-neiva-construccion-del-proyecto-fronteras-del-milenio\/#primaryimage\"},\"thumbnailUrl\":\"https:\/\/luchonoticias.com\/wp-content\/uploads\/2022\/11\/WhatsApp-Image-2022-11-23-at-8.16.20-AM-768x1024.jpeg\",\"articleSection\":[\"Destacado\",\"Local\"],\"inLanguage\":\"es\",\"potentialAction\":[{\"@type\":\"CommentAction\",\"name\":\"Comment\",\"target\":[\"https:\/\/luchonoticias.com\/editor\/a-buen-ritmo-avanza-en-neiva-construccion-del-proyecto-fronteras-del-milenio\/#respond\"]}]},{\"@type\":\"WebPage\",\"@id\":\"https:\/\/luchonoticias.com\/editor\/a-buen-ritmo-avanza-en-neiva-construccion-del-proyecto-fronteras-del-milenio\/\",\"url\":\"https:\/\/luchonoticias.com\/editor\/a-buen-ritmo-avanza-en-neiva-construccion-del-proyecto-fronteras-del-milenio\/\",\"name\":\"A buen ritmo avanza en Neiva\u00a0 construcci\u00f3n del proyecto 'Fronteras del Milenio' -\",\"isPartOf\":{\"@id\":\"https:\/\/luchonoticias.com\/editor\/#website\"},\"primaryImageOfPage\":{\"@id\":\"https:\/\/luchonoticias.com\/editor\/a-buen-ritmo-avanza-en-neiva-construccion-del-proyecto-fronteras-del-milenio\/#primaryimage\"},\"image\":{\"@id\":\"https:\/\/luchonoticias.com\/editor\/a-buen-ritmo-avanza-en-neiva-construccion-del-proyecto-fronteras-del-milenio\/#primaryimage\"},\"thumbnailUrl\":\"https:\/\/luchonoticias.com\/wp-content\/uploads\/2022\/11\/WhatsApp-Image-2022-11-23-at-8.16.20-AM-768x1024.jpeg\",\"datePublished\":\"2022-11-23T13:18:55+00:00\",\"dateModified\":\"2022-11-23T13:18:56+00:00\",\"breadcrumb\":{\"@id\":\"https:\/\/luchonoticias.com\/editor\/a-buen-ritmo-avanza-en-neiva-construccion-del-proyecto-fronteras-del-milenio\/#breadcrumb\"},\"inLanguage\":\"es\",\"potentialAction\":[{\"@type\":\"ReadAction\",\"target\":[\"https:\/\/luchonoticias.com\/editor\/a-buen-ritmo-avanza-en-neiva-construccion-del-proyecto-fronteras-del-milenio\/\"]}]},{\"@type\":\"ImageObject\",\"inLanguage\":\"es\",\"@id\":\"https:\/\/luchonoticias.com\/editor\/a-buen-ritmo-avanza-en-neiva-construccion-del-proyecto-fronteras-del-milenio\/#primaryimage\",\"url\":\"https:\/\/luchonoticias.com\/wp-content\/uploads\/2022\/11\/WhatsApp-Image-2022-11-23-at-8.16.20-AM-768x1024.jpeg\",\"contentUrl\":\"https:\/\/luchonoticias.com\/wp-content\/uploads\/2022\/11\/WhatsApp-Image-2022-11-23-at-8.16.20-AM-768x1024.jpeg\"},{\"@type\":\"BreadcrumbList\",\"@id\":\"https:\/\/luchonoticias.com\/editor\/a-buen-ritmo-avanza-en-neiva-construccion-del-proyecto-fronteras-del-milenio\/#breadcrumb\",\"itemListElement\":[{\"@type\":\"ListItem\",\"position\":1,\"name\":\"Portada\",\"item\":\"https:\/\/luchonoticias.com\/editor\/\"},{\"@type\":\"ListItem\",\"position\":2,\"name\":\"A buen ritmo avanza en Neiva\u00a0 construcci\u00f3n del proyecto &#8216;Fronteras del Milenio&#8217;\"}]},{\"@type\":\"WebSite\",\"@id\":\"https:\/\/luchonoticias.com\/editor\/#website\",\"url\":\"https:\/\/luchonoticias.com\/editor\/\",\"name\":\"\",\"description\":\"\",\"publisher\":{\"@id\":\"https:\/\/luchonoticias.com\/editor\/#\/schema\/person\/7a7fd911f58561fd056dbac7b55af9cd\"},\"potentialAction\":[{\"@type\":\"SearchAction\",\"target\":{\"@type\":\"EntryPoint\",\"urlTemplate\":\"https:\/\/luchonoticias.com\/editor\/?s={search_term_string}\"},\"query-input\":{\"@type\":\"PropertyValueSpecification\",\"valueRequired\":true,\"valueName\":\"search_term_string\"}}],\"inLanguage\":\"es\"},{\"@type\":[\"Person\",\"Organization\"],\"@id\":\"https:\/\/luchonoticias.com\/editor\/#\/schema\/person\/7a7fd911f58561fd056dbac7b55af9cd\",\"name\":\"admin\",\"image\":{\"@type\":\"ImageObject\",\"inLanguage\":\"es\",\"@id\":\"https:\/\/luchonoticias.com\/editor\/#\/schema\/person\/image\/\",\"url\":\"https:\/\/luchonoticias.com\/editor\/wp-content\/uploads\/2024\/02\/cropped-cropped-logolu.webp\",\"contentUrl\":\"https:\/\/luchonoticias.com\/editor\/wp-content\/uploads\/2024\/02\/cropped-cropped-logolu.webp\",\"width\":382,\"height\":170,\"caption\":\"admin\"},\"logo\":{\"@id\":\"https:\/\/luchonoticias.com\/editor\/#\/schema\/person\/image\/\"},\"sameAs\":[\"https:\/\/www.facebook.com\/luchonoticiasneiva\"],\"url\":\"https:\/\/luchonoticias.com\/editor\/author\/admin\/\"}]}<\/script>\n<!-- \/ Yoast SEO plugin. -->","yoast_head_json":{"title":"A buen ritmo avanza en Neiva\u00a0 construcci\u00f3n del proyecto 'Fronteras del Milenio' -","robots":{"index":"index","follow":"follow","max-snippet":"max-snippet:-1","max-image-preview":"max-image-preview:large","max-video-preview":"max-video-preview:-1"},"canonical":"https:\/\/luchonoticias.com\/editor\/a-buen-ritmo-avanza-en-neiva-construccion-del-proyecto-fronteras-del-milenio\/","og_locale":"es_ES","og_type":"article","og_title":"A buen ritmo avanza en Neiva\u00a0 construcci\u00f3n del proyecto 'Fronteras del Milenio' -","og_url":"https:\/\/luchonoticias.com\/editor\/a-buen-ritmo-avanza-en-neiva-construccion-del-proyecto-fronteras-del-milenio\/","article_publisher":"https:\/\/www.facebook.com\/luchonoticiasneiva","article_author":"https:\/\/www.facebook.com\/luchonoticiasneiva","article_published_time":"2022-11-23T13:18:55+00:00","article_modified_time":"2022-11-23T13:18:56+00:00","og_image":[{"url":"https:\/\/luchonoticias.com\/wp-content\/uploads\/2022\/11\/WhatsApp-Image-2022-11-23-at-8.16.20-AM-768x1024.jpeg","type":"","width":"","height":""}],"author":"admin","twitter_card":"summary_large_image","twitter_misc":{"Escrito por":"admin","Tiempo de lectura":"1 minuto"},"schema":{"@context":"https:\/\/schema.org","@graph":[{"@type":"Article","@id":"https:\/\/luchonoticias.com\/editor\/a-buen-ritmo-avanza-en-neiva-construccion-del-proyecto-fronteras-del-milenio\/#article","isPartOf":{"@id":"https:\/\/luchonoticias.com\/editor\/a-buen-ritmo-avanza-en-neiva-construccion-del-proyecto-fronteras-del-milenio\/"},"author":{"name":"admin","@id":"https:\/\/luchonoticias.com\/editor\/#\/schema\/person\/7a7fd911f58561fd056dbac7b55af9cd"},"headline":"A buen ritmo avanza en Neiva\u00a0 construcci\u00f3n del proyecto &#8216;Fronteras del Milenio&#8217;","datePublished":"2022-11-23T13:18:55+00:00","dateModified":"2022-11-23T13:18:56+00:00","mainEntityOfPage":{"@id":"https:\/\/luchonoticias.com\/editor\/a-buen-ritmo-avanza-en-neiva-construccion-del-proyecto-fronteras-del-milenio\/"},"wordCount":254,"commentCount":0,"publisher":{"@id":"https:\/\/luchonoticias.com\/editor\/#\/schema\/person\/7a7fd911f58561fd056dbac7b55af9cd"},"image":{"@id":"https:\/\/luchonoticias.com\/editor\/a-buen-ritmo-avanza-en-neiva-construccion-del-proyecto-fronteras-del-milenio\/#primaryimage"},"thumbnailUrl":"https:\/\/luchonoticias.com\/wp-content\/uploads\/2022\/11\/WhatsApp-Image-2022-11-23-at-8.16.20-AM-768x1024.jpeg","articleSection":["Destacado","Local"],"inLanguage":"es","potentialAction":[{"@type":"CommentAction","name":"Comment","target":["https:\/\/luchonoticias.com\/editor\/a-buen-ritmo-avanza-en-neiva-construccion-del-proyecto-fronteras-del-milenio\/#respond"]}]},{"@type":"WebPage","@id":"https:\/\/luchonoticias.com\/editor\/a-buen-ritmo-avanza-en-neiva-construccion-del-proyecto-fronteras-del-milenio\/","url":"https:\/\/luchonoticias.com\/editor\/a-buen-ritmo-avanza-en-neiva-construccion-del-proyecto-fronteras-del-milenio\/","name":"A buen ritmo avanza en Neiva\u00a0 construcci\u00f3n del proyecto 'Fronteras del Milenio' -","isPartOf":{"@id":"https:\/\/luchonoticias.com\/editor\/#website"},"primaryImageOfPage":{"@id":"https:\/\/luchonoticias.com\/editor\/a-buen-ritmo-avanza-en-neiva-construccion-del-proyecto-fronteras-del-milenio\/#primaryimage"},"image":{"@id":"https:\/\/luchonoticias.com\/editor\/a-buen-ritmo-avanza-en-neiva-construccion-del-proyecto-fronteras-del-milenio\/#primaryimage"},"thumbnailUrl":"https:\/\/luchonoticias.com\/wp-content\/uploads\/2022\/11\/WhatsApp-Image-2022-11-23-at-8.16.20-AM-768x1024.jpeg","datePublished":"2022-11-23T13:18:55+00:00","dateModified":"2022-11-23T13:18:56+00:00","breadcrumb":{"@id":"https:\/\/luchonoticias.com\/editor\/a-buen-ritmo-avanza-en-neiva-construccion-del-proyecto-fronteras-del-milenio\/#breadcrumb"},"inLanguage":"es","potentialAction":[{"@type":"ReadAction","target":["https:\/\/luchonoticias.com\/editor\/a-buen-ritmo-avanza-en-neiva-construccion-del-proyecto-fronteras-del-milenio\/"]}]},{"@type":"ImageObject","inLanguage":"es","@id":"https:\/\/luchonoticias.com\/editor\/a-buen-ritmo-avanza-en-neiva-construccion-del-proyecto-fronteras-del-milenio\/#primaryimage","url":"https:\/\/luchonoticias.com\/wp-content\/uploads\/2022\/11\/WhatsApp-Image-2022-11-23-at-8.16.20-AM-768x1024.jpeg","contentUrl":"https:\/\/luchonoticias.com\/wp-content\/uploads\/2022\/11\/WhatsApp-Image-2022-11-23-at-8.16.20-AM-768x1024.jpeg"},{"@type":"BreadcrumbList","@id":"https:\/\/luchonoticias.com\/editor\/a-buen-ritmo-avanza-en-neiva-construccion-del-proyecto-fronteras-del-milenio\/#breadcrumb","itemListElement":[{"@type":"ListItem","position":1,"name":"Portada","item":"https:\/\/luchonoticias.com\/editor\/"},{"@type":"ListItem","position":2,"name":"A buen ritmo avanza en Neiva\u00a0 construcci\u00f3n del proyecto &#8216;Fronteras del Milenio&#8217;"}]},{"@type":"WebSite","@id":"https:\/\/luchonoticias.com\/editor\/#website","url":"https:\/\/luchonoticias.com\/editor\/","name":"","description":"","publisher":{"@id":"https:\/\/luchonoticias.com\/editor\/#\/schema\/person\/7a7fd911f58561fd056dbac7b55af9cd"},"potentialAction":[{"@type":"SearchAction","target":{"@type":"EntryPoint","urlTemplate":"https:\/\/luchonoticias.com\/editor\/?s={search_term_string}"},"query-input":{"@type":"PropertyValueSpecification","valueRequired":true,"valueName":"search_term_string"}}],"inLanguage":"es"},{"@type":["Person","Organization"],"@id":"https:\/\/luchonoticias.com\/editor\/#\/schema\/person\/7a7fd911f58561fd056dbac7b55af9cd","name":"admin","image":{"@type":"ImageObject","inLanguage":"es","@id":"https:\/\/luchonoticias.com\/editor\/#\/schema\/person\/image\/","url":"https:\/\/luchonoticias.com\/editor\/wp-content\/uploads\/2024\/02\/cropped-cropped-logolu.webp","contentUrl":"https:\/\/luchonoticias.com\/editor\/wp-content\/uploads\/2024\/02\/cropped-cropped-logolu.webp","width":382,"height":170,"caption":"admin"},"logo":{"@id":"https:\/\/luchonoticias.com\/editor\/#\/schema\/person\/image\/"},"sameAs":["https:\/\/www.facebook.com\/luchonoticiasneiva"],"url":"https:\/\/luchonoticias.com\/editor\/author\/admin\/"}]}},"_links":{"self":[{"href":"https:\/\/luchonoticias.com\/editor\/wp-json\/wp\/v2\/posts\/40234","targetHints":{"allow":["GET"]}}],"collection":[{"href":"https:\/\/luchonoticias.com\/editor\/wp-json\/wp\/v2\/posts"}],"about":[{"href":"https:\/\/luchonoticias.com\/editor\/wp-json\/wp\/v2\/types\/post"}],"author":[{"embeddable":true,"href":"https:\/\/luchonoticias.com\/editor\/wp-json\/wp\/v2\/users\/1"}],"replies":[{"embeddable":true,"href":"https:\/\/luchonoticias.com\/editor\/wp-json\/wp\/v2\/comments?post=40234"}],"version-history":[{"count":0,"href":"https:\/\/luchonoticias.com\/editor\/wp-json\/wp\/v2\/posts\/40234\/revisions"}],"wp:attachment":[{"href":"https:\/\/luchonoticias.com\/editor\/wp-json\/wp\/v2\/media?parent=40234"}],"wp:term":[{"taxonomy":"category","embeddable":true,"href":"https:\/\/luchonoticias.com\/editor\/wp-json\/wp\/v2\/categories?post=40234"},{"taxonomy":"post_tag","embeddable":true,"href":"https:\/\/luchonoticias.com\/editor\/wp-json\/wp\/v2\/tags?post=40234"}],"curies":[{"name":"wp","href":"https:\/\/api.w.org\/{rel}","templated":true}]}}