{"id":40242,"date":"2022-11-23T08:50:52","date_gmt":"2022-11-23T13:50:52","guid":{"rendered":"https:\/\/luchonoticias.com\/?p=40242"},"modified":"2022-11-23T08:50:53","modified_gmt":"2022-11-23T13:50:53","slug":"grupos-de-monitoreo-del-huila-consolidan-sus-capacidades-para-el-monitoreo-de-la-avifauna","status":"publish","type":"post","link":"https:\/\/luchonoticias.com\/editor\/grupos-de-monitoreo-del-huila-consolidan-sus-capacidades-para-el-monitoreo-de-la-avifauna\/","title":{"rendered":"Grupos de monitoreo del Huila consolidan sus capacidades para el monitoreo de la avifauna"},"content":{"rendered":"\n<p>Para fortalecer la labor de los campesinos huilenses que se encargan de identificar y conservar las especies de vida silvestre, en este caso la avifauna, se llev\u00f3 a cabo en Palestina el taller te\u00f3rico-pr\u00e1ctico sobre m\u00e9todos de monitoreo y estudio de aves silvestres.<\/p>\n\n\n\n<p>La jornada de tres d\u00edas se desarroll\u00f3 con los Grupos de Monitoreo Comunitario del Huila apoyados por la Corporaci\u00f3n Aut\u00f3noma Regional del Alto Magdalena &#8211; CAM.<\/p>\n\n\n\n<p>El objetivo del taller realizado en la Reserva Natural El Encanto ubicada en el sur del departamento y dirigido por las ornit\u00f3logas e Investigadoras Yuly Caicedo y Daniela Garz\u00f3n, vinculadas a la organizaci\u00f3n Selva, tuvo como objetivo que los participantes aprendieran nuevas t\u00e9cnicas para el monitoreo constante de la avifauna, que genere a su vez resultados a largo tiempo, as\u00ed como identificar si realmente se est\u00e1n conservando las aves y las \u00e1reas protegidas del Huila.<\/p>\n\n\n\n<figure class=\"wp-block-gallery has-nested-images columns-default is-cropped wp-block-gallery-1 is-layout-flex wp-block-gallery-is-layout-flex\">\n<figure class=\"wp-block-image size-large\"><img decoding=\"async\" data-id=\"40244\" src=\"https:\/\/luchonoticias.com\/wp-content\/uploads\/2022\/11\/WhatsApp-Image-2022-11-22-at-4.31.25-PM-2-768x1024.jpeg\" alt=\"\" class=\"wp-image-40244\"\/><\/figure>\n\n\n\n<figure class=\"wp-block-image size-large\"><img decoding=\"async\" data-id=\"40245\" src=\"https:\/\/luchonoticias.com\/wp-content\/uploads\/2022\/11\/WhatsApp-Image-2022-11-22-at-4.31.25-PM-768x1024.jpeg\" alt=\"\" class=\"wp-image-40245\"\/><\/figure>\n<\/figure>\n\n\n\n<p>\u201cEl inter\u00e9s del taller se genera como una estrategia de la Corporaci\u00f3n para fortalecer los grupos de monitoreo, para que sean ellos quienes luego repliquen estas actividades en sus reservas naturales, parques y \u00e1reas protegidas, y entonces puedan monitorear la avifauna para el departamento del Huila\u201d, asegur\u00f3 Sebasti\u00e1n Betancourth, profesional del componente Ornitol\u00f3gico de la CAM.<\/p>\n\n\n\n<p><strong>Sur y Centro del Huila<\/strong><\/p>\n\n\n\n<p>En el evento participaron grupos y organizaciones del sur y centro del departamento provenientes de los municipios de Paicol, Garz\u00f3n, Saladoblanco, Acevedo, Pitalito, Palestina e Isnos, quienes aprendieron las nuevas t\u00e9cnicas de monitoreo y ampliaron la visi\u00f3n de los procesos de conservaci\u00f3n.<\/p>\n\n\n\n<p>\u201cDurante las jornadas los grupos aprendieron las diferentes metodolog\u00edas para el estudio de las aves como la observaci\u00f3n directa, usando binoculares y c\u00e1maras fotogr\u00e1ficas, bioac\u00fastica y redes de niebla, adem\u00e1s se ense\u00f1aron los conceptos b\u00e1sicos del anillamiento de aves, una t\u00e9cnica que permite realizar seguimiento a las aves\u201d, recalc\u00f3 el ornit\u00f3logo.<\/p>\n\n\n\n<figure class=\"wp-block-gallery has-nested-images columns-default is-cropped wp-block-gallery-2 is-layout-flex wp-block-gallery-is-layout-flex\">\n<figure class=\"wp-block-image size-large is-style-rounded\"><img decoding=\"async\" data-id=\"40246\" src=\"https:\/\/luchonoticias.com\/wp-content\/uploads\/2022\/11\/WhatsApp-Image-2022-11-22-at-4.31.25-PM-1-1024x768.jpeg\" alt=\"\" class=\"wp-image-40246\"\/><\/figure>\n<\/figure>\n\n\n\n<p><strong>Especies observadas<\/strong><\/p>\n\n\n\n<p>As\u00ed mismo, los participantes, provenientes de 13 organizaciones, entre ellas Mashiramo, los Grupos de Monitoreo La Puerta del Viento, Or\u00edgenes, Yagua-ete, El Dorado, EcoSan, el SENA y la Universidad Surcolombiana, participaron de la jornada de observaci\u00f3n de aves, identificando 50 especies.<\/p>\n\n\n\n<p>En el ejercicio de avistamiento se destac\u00f3 la presencia de Saucerottia cyanifrons, Atlapetes fuscoolivaceus y Ortalis Columbiana, especies end\u00e9micas de Colombia, y dos especies con distribuci\u00f3n restringida para el sur de pa\u00eds como la Pyriglena maura y Tangara chrysotis.<\/p>\n\n\n\n<figure class=\"wp-block-gallery has-nested-images columns-default is-cropped wp-block-gallery-3 is-layout-flex wp-block-gallery-is-layout-flex\">\n<figure class=\"wp-block-image size-large\"><img decoding=\"async\" data-id=\"40247\" src=\"https:\/\/luchonoticias.com\/wp-content\/uploads\/2022\/11\/WhatsApp-Image-2022-11-22-at-4.31.26-PM-1.jpeg\" alt=\"\" class=\"wp-image-40247\"\/><\/figure>\n\n\n\n<figure class=\"wp-block-image size-large\"><img decoding=\"async\" data-id=\"40248\" src=\"https:\/\/luchonoticias.com\/wp-content\/uploads\/2022\/11\/WhatsApp-Image-2022-11-22-at-4.31.26-PM-1024x576.jpeg\" alt=\"\" class=\"wp-image-40248\"\/><\/figure>\n<\/figure>\n","protected":false},"excerpt":{"rendered":"<p>Para fortalecer la labor de los campesinos huilenses que se encargan de identificar y conservar las especies de vida silvestre, en este caso la avifauna, se llev\u00f3 a cabo en Palestina el taller te\u00f3rico-pr\u00e1ctico sobre m\u00e9todos de monitoreo y estudio de aves silvestres. La jornada de tres d\u00edas se desarroll\u00f3 con los Grupos de Monitoreo [&hellip;]<\/p>\n","protected":false},"author":1,"featured_media":0,"comment_status":"open","ping_status":"open","sticky":false,"template":"","format":"standard","meta":{"footnotes":""},"categories":[36,35],"tags":[],"class_list":["post-40242","post","type-post","status-publish","format-standard","hentry","category-destacado","category-regional"],"yoast_head":"<!-- This site is optimized with the Yoast SEO plugin v26.6 - https:\/\/yoast.com\/wordpress\/plugins\/seo\/ -->\n<title>Grupos de monitoreo del Huila consolidan sus capacidades para el monitoreo de la avifauna -<\/title>\n<meta name=\"robots\" content=\"index, follow, max-snippet:-1, max-image-preview:large, max-video-preview:-1\" \/>\n<link rel=\"canonical\" href=\"https:\/\/luchonoticias.com\/editor\/grupos-de-monitoreo-del-huila-consolidan-sus-capacidades-para-el-monitoreo-de-la-avifauna\/\" \/>\n<meta property=\"og:locale\" content=\"es_ES\" \/>\n<meta property=\"og:type\" content=\"article\" \/>\n<meta property=\"og:title\" content=\"Grupos de monitoreo del Huila consolidan sus capacidades para el monitoreo de la avifauna -\" \/>\n<meta property=\"og:url\" content=\"https:\/\/luchonoticias.com\/editor\/grupos-de-monitoreo-del-huila-consolidan-sus-capacidades-para-el-monitoreo-de-la-avifauna\/\" \/>\n<meta property=\"article:publisher\" content=\"https:\/\/www.facebook.com\/luchonoticiasneiva\" \/>\n<meta property=\"article:author\" content=\"https:\/\/www.facebook.com\/luchonoticiasneiva\" \/>\n<meta property=\"article:published_time\" content=\"2022-11-23T13:50:52+00:00\" \/>\n<meta property=\"article:modified_time\" content=\"2022-11-23T13:50:53+00:00\" \/>\n<meta property=\"og:image\" content=\"https:\/\/luchonoticias.com\/wp-content\/uploads\/2022\/11\/WhatsApp-Image-2022-11-22-at-4.31.25-PM-2-768x1024.jpeg\" \/>\n<meta name=\"author\" content=\"admin\" \/>\n<meta name=\"twitter:card\" content=\"summary_large_image\" \/>\n<meta name=\"twitter:label1\" content=\"Escrito por\" \/>\n\t<meta name=\"twitter:data1\" content=\"admin\" \/>\n\t<meta name=\"twitter:label2\" content=\"Tiempo de lectura\" \/>\n\t<meta name=\"twitter:data2\" content=\"2 minutos\" \/>\n<script type=\"application\/ld+json\" class=\"yoast-schema-graph\">{\"@context\":\"https:\/\/schema.org\",\"@graph\":[{\"@type\":\"Article\",\"@id\":\"https:\/\/luchonoticias.com\/editor\/grupos-de-monitoreo-del-huila-consolidan-sus-capacidades-para-el-monitoreo-de-la-avifauna\/#article\",\"isPartOf\":{\"@id\":\"https:\/\/luchonoticias.com\/editor\/grupos-de-monitoreo-del-huila-consolidan-sus-capacidades-para-el-monitoreo-de-la-avifauna\/\"},\"author\":{\"name\":\"admin\",\"@id\":\"https:\/\/luchonoticias.com\/editor\/#\/schema\/person\/7a7fd911f58561fd056dbac7b55af9cd\"},\"headline\":\"Grupos de monitoreo del Huila consolidan sus capacidades para el monitoreo de la avifauna\",\"datePublished\":\"2022-11-23T13:50:52+00:00\",\"dateModified\":\"2022-11-23T13:50:53+00:00\",\"mainEntityOfPage\":{\"@id\":\"https:\/\/luchonoticias.com\/editor\/grupos-de-monitoreo-del-huila-consolidan-sus-capacidades-para-el-monitoreo-de-la-avifauna\/\"},\"wordCount\":426,\"commentCount\":0,\"publisher\":{\"@id\":\"https:\/\/luchonoticias.com\/editor\/#\/schema\/person\/7a7fd911f58561fd056dbac7b55af9cd\"},\"image\":{\"@id\":\"https:\/\/luchonoticias.com\/editor\/grupos-de-monitoreo-del-huila-consolidan-sus-capacidades-para-el-monitoreo-de-la-avifauna\/#primaryimage\"},\"thumbnailUrl\":\"https:\/\/luchonoticias.com\/wp-content\/uploads\/2022\/11\/WhatsApp-Image-2022-11-22-at-4.31.25-PM-2-768x1024.jpeg\",\"articleSection\":[\"Destacado\",\"Regional\"],\"inLanguage\":\"es\",\"potentialAction\":[{\"@type\":\"CommentAction\",\"name\":\"Comment\",\"target\":[\"https:\/\/luchonoticias.com\/editor\/grupos-de-monitoreo-del-huila-consolidan-sus-capacidades-para-el-monitoreo-de-la-avifauna\/#respond\"]}]},{\"@type\":\"WebPage\",\"@id\":\"https:\/\/luchonoticias.com\/editor\/grupos-de-monitoreo-del-huila-consolidan-sus-capacidades-para-el-monitoreo-de-la-avifauna\/\",\"url\":\"https:\/\/luchonoticias.com\/editor\/grupos-de-monitoreo-del-huila-consolidan-sus-capacidades-para-el-monitoreo-de-la-avifauna\/\",\"name\":\"Grupos de monitoreo del Huila consolidan sus capacidades para el monitoreo de la avifauna -\",\"isPartOf\":{\"@id\":\"https:\/\/luchonoticias.com\/editor\/#website\"},\"primaryImageOfPage\":{\"@id\":\"https:\/\/luchonoticias.com\/editor\/grupos-de-monitoreo-del-huila-consolidan-sus-capacidades-para-el-monitoreo-de-la-avifauna\/#primaryimage\"},\"image\":{\"@id\":\"https:\/\/luchonoticias.com\/editor\/grupos-de-monitoreo-del-huila-consolidan-sus-capacidades-para-el-monitoreo-de-la-avifauna\/#primaryimage\"},\"thumbnailUrl\":\"https:\/\/luchonoticias.com\/wp-content\/uploads\/2022\/11\/WhatsApp-Image-2022-11-22-at-4.31.25-PM-2-768x1024.jpeg\",\"datePublished\":\"2022-11-23T13:50:52+00:00\",\"dateModified\":\"2022-11-23T13:50:53+00:00\",\"breadcrumb\":{\"@id\":\"https:\/\/luchonoticias.com\/editor\/grupos-de-monitoreo-del-huila-consolidan-sus-capacidades-para-el-monitoreo-de-la-avifauna\/#breadcrumb\"},\"inLanguage\":\"es\",\"potentialAction\":[{\"@type\":\"ReadAction\",\"target\":[\"https:\/\/luchonoticias.com\/editor\/grupos-de-monitoreo-del-huila-consolidan-sus-capacidades-para-el-monitoreo-de-la-avifauna\/\"]}]},{\"@type\":\"ImageObject\",\"inLanguage\":\"es\",\"@id\":\"https:\/\/luchonoticias.com\/editor\/grupos-de-monitoreo-del-huila-consolidan-sus-capacidades-para-el-monitoreo-de-la-avifauna\/#primaryimage\",\"url\":\"https:\/\/luchonoticias.com\/wp-content\/uploads\/2022\/11\/WhatsApp-Image-2022-11-22-at-4.31.25-PM-2-768x1024.jpeg\",\"contentUrl\":\"https:\/\/luchonoticias.com\/wp-content\/uploads\/2022\/11\/WhatsApp-Image-2022-11-22-at-4.31.25-PM-2-768x1024.jpeg\"},{\"@type\":\"BreadcrumbList\",\"@id\":\"https:\/\/luchonoticias.com\/editor\/grupos-de-monitoreo-del-huila-consolidan-sus-capacidades-para-el-monitoreo-de-la-avifauna\/#breadcrumb\",\"itemListElement\":[{\"@type\":\"ListItem\",\"position\":1,\"name\":\"Portada\",\"item\":\"https:\/\/luchonoticias.com\/editor\/\"},{\"@type\":\"ListItem\",\"position\":2,\"name\":\"Grupos de monitoreo del Huila consolidan sus capacidades para el monitoreo de la avifauna\"}]},{\"@type\":\"WebSite\",\"@id\":\"https:\/\/luchonoticias.com\/editor\/#website\",\"url\":\"https:\/\/luchonoticias.com\/editor\/\",\"name\":\"\",\"description\":\"\",\"publisher\":{\"@id\":\"https:\/\/luchonoticias.com\/editor\/#\/schema\/person\/7a7fd911f58561fd056dbac7b55af9cd\"},\"potentialAction\":[{\"@type\":\"SearchAction\",\"target\":{\"@type\":\"EntryPoint\",\"urlTemplate\":\"https:\/\/luchonoticias.com\/editor\/?s={search_term_string}\"},\"query-input\":{\"@type\":\"PropertyValueSpecification\",\"valueRequired\":true,\"valueName\":\"search_term_string\"}}],\"inLanguage\":\"es\"},{\"@type\":[\"Person\",\"Organization\"],\"@id\":\"https:\/\/luchonoticias.com\/editor\/#\/schema\/person\/7a7fd911f58561fd056dbac7b55af9cd\",\"name\":\"admin\",\"image\":{\"@type\":\"ImageObject\",\"inLanguage\":\"es\",\"@id\":\"https:\/\/luchonoticias.com\/editor\/#\/schema\/person\/image\/\",\"url\":\"https:\/\/luchonoticias.com\/editor\/wp-content\/uploads\/2024\/02\/cropped-cropped-logolu.webp\",\"contentUrl\":\"https:\/\/luchonoticias.com\/editor\/wp-content\/uploads\/2024\/02\/cropped-cropped-logolu.webp\",\"width\":382,\"height\":170,\"caption\":\"admin\"},\"logo\":{\"@id\":\"https:\/\/luchonoticias.com\/editor\/#\/schema\/person\/image\/\"},\"sameAs\":[\"https:\/\/www.facebook.com\/luchonoticiasneiva\"],\"url\":\"https:\/\/luchonoticias.com\/editor\/author\/admin\/\"}]}<\/script>\n<!-- \/ Yoast SEO plugin. -->","yoast_head_json":{"title":"Grupos de monitoreo del Huila consolidan sus capacidades para el monitoreo de la avifauna -","robots":{"index":"index","follow":"follow","max-snippet":"max-snippet:-1","max-image-preview":"max-image-preview:large","max-video-preview":"max-video-preview:-1"},"canonical":"https:\/\/luchonoticias.com\/editor\/grupos-de-monitoreo-del-huila-consolidan-sus-capacidades-para-el-monitoreo-de-la-avifauna\/","og_locale":"es_ES","og_type":"article","og_title":"Grupos de monitoreo del Huila consolidan sus capacidades para el monitoreo de la avifauna -","og_url":"https:\/\/luchonoticias.com\/editor\/grupos-de-monitoreo-del-huila-consolidan-sus-capacidades-para-el-monitoreo-de-la-avifauna\/","article_publisher":"https:\/\/www.facebook.com\/luchonoticiasneiva","article_author":"https:\/\/www.facebook.com\/luchonoticiasneiva","article_published_time":"2022-11-23T13:50:52+00:00","article_modified_time":"2022-11-23T13:50:53+00:00","og_image":[{"url":"https:\/\/luchonoticias.com\/wp-content\/uploads\/2022\/11\/WhatsApp-Image-2022-11-22-at-4.31.25-PM-2-768x1024.jpeg","type":"","width":"","height":""}],"author":"admin","twitter_card":"summary_large_image","twitter_misc":{"Escrito por":"admin","Tiempo de lectura":"2 minutos"},"schema":{"@context":"https:\/\/schema.org","@graph":[{"@type":"Article","@id":"https:\/\/luchonoticias.com\/editor\/grupos-de-monitoreo-del-huila-consolidan-sus-capacidades-para-el-monitoreo-de-la-avifauna\/#article","isPartOf":{"@id":"https:\/\/luchonoticias.com\/editor\/grupos-de-monitoreo-del-huila-consolidan-sus-capacidades-para-el-monitoreo-de-la-avifauna\/"},"author":{"name":"admin","@id":"https:\/\/luchonoticias.com\/editor\/#\/schema\/person\/7a7fd911f58561fd056dbac7b55af9cd"},"headline":"Grupos de monitoreo del Huila consolidan sus capacidades para el monitoreo de la avifauna","datePublished":"2022-11-23T13:50:52+00:00","dateModified":"2022-11-23T13:50:53+00:00","mainEntityOfPage":{"@id":"https:\/\/luchonoticias.com\/editor\/grupos-de-monitoreo-del-huila-consolidan-sus-capacidades-para-el-monitoreo-de-la-avifauna\/"},"wordCount":426,"commentCount":0,"publisher":{"@id":"https:\/\/luchonoticias.com\/editor\/#\/schema\/person\/7a7fd911f58561fd056dbac7b55af9cd"},"image":{"@id":"https:\/\/luchonoticias.com\/editor\/grupos-de-monitoreo-del-huila-consolidan-sus-capacidades-para-el-monitoreo-de-la-avifauna\/#primaryimage"},"thumbnailUrl":"https:\/\/luchonoticias.com\/wp-content\/uploads\/2022\/11\/WhatsApp-Image-2022-11-22-at-4.31.25-PM-2-768x1024.jpeg","articleSection":["Destacado","Regional"],"inLanguage":"es","potentialAction":[{"@type":"CommentAction","name":"Comment","target":["https:\/\/luchonoticias.com\/editor\/grupos-de-monitoreo-del-huila-consolidan-sus-capacidades-para-el-monitoreo-de-la-avifauna\/#respond"]}]},{"@type":"WebPage","@id":"https:\/\/luchonoticias.com\/editor\/grupos-de-monitoreo-del-huila-consolidan-sus-capacidades-para-el-monitoreo-de-la-avifauna\/","url":"https:\/\/luchonoticias.com\/editor\/grupos-de-monitoreo-del-huila-consolidan-sus-capacidades-para-el-monitoreo-de-la-avifauna\/","name":"Grupos de monitoreo del Huila consolidan sus capacidades para el monitoreo de la avifauna -","isPartOf":{"@id":"https:\/\/luchonoticias.com\/editor\/#website"},"primaryImageOfPage":{"@id":"https:\/\/luchonoticias.com\/editor\/grupos-de-monitoreo-del-huila-consolidan-sus-capacidades-para-el-monitoreo-de-la-avifauna\/#primaryimage"},"image":{"@id":"https:\/\/luchonoticias.com\/editor\/grupos-de-monitoreo-del-huila-consolidan-sus-capacidades-para-el-monitoreo-de-la-avifauna\/#primaryimage"},"thumbnailUrl":"https:\/\/luchonoticias.com\/wp-content\/uploads\/2022\/11\/WhatsApp-Image-2022-11-22-at-4.31.25-PM-2-768x1024.jpeg","datePublished":"2022-11-23T13:50:52+00:00","dateModified":"2022-11-23T13:50:53+00:00","breadcrumb":{"@id":"https:\/\/luchonoticias.com\/editor\/grupos-de-monitoreo-del-huila-consolidan-sus-capacidades-para-el-monitoreo-de-la-avifauna\/#breadcrumb"},"inLanguage":"es","potentialAction":[{"@type":"ReadAction","target":["https:\/\/luchonoticias.com\/editor\/grupos-de-monitoreo-del-huila-consolidan-sus-capacidades-para-el-monitoreo-de-la-avifauna\/"]}]},{"@type":"ImageObject","inLanguage":"es","@id":"https:\/\/luchonoticias.com\/editor\/grupos-de-monitoreo-del-huila-consolidan-sus-capacidades-para-el-monitoreo-de-la-avifauna\/#primaryimage","url":"https:\/\/luchonoticias.com\/wp-content\/uploads\/2022\/11\/WhatsApp-Image-2022-11-22-at-4.31.25-PM-2-768x1024.jpeg","contentUrl":"https:\/\/luchonoticias.com\/wp-content\/uploads\/2022\/11\/WhatsApp-Image-2022-11-22-at-4.31.25-PM-2-768x1024.jpeg"},{"@type":"BreadcrumbList","@id":"https:\/\/luchonoticias.com\/editor\/grupos-de-monitoreo-del-huila-consolidan-sus-capacidades-para-el-monitoreo-de-la-avifauna\/#breadcrumb","itemListElement":[{"@type":"ListItem","position":1,"name":"Portada","item":"https:\/\/luchonoticias.com\/editor\/"},{"@type":"ListItem","position":2,"name":"Grupos de monitoreo del Huila consolidan sus capacidades para el monitoreo de la avifauna"}]},{"@type":"WebSite","@id":"https:\/\/luchonoticias.com\/editor\/#website","url":"https:\/\/luchonoticias.com\/editor\/","name":"","description":"","publisher":{"@id":"https:\/\/luchonoticias.com\/editor\/#\/schema\/person\/7a7fd911f58561fd056dbac7b55af9cd"},"potentialAction":[{"@type":"SearchAction","target":{"@type":"EntryPoint","urlTemplate":"https:\/\/luchonoticias.com\/editor\/?s={search_term_string}"},"query-input":{"@type":"PropertyValueSpecification","valueRequired":true,"valueName":"search_term_string"}}],"inLanguage":"es"},{"@type":["Person","Organization"],"@id":"https:\/\/luchonoticias.com\/editor\/#\/schema\/person\/7a7fd911f58561fd056dbac7b55af9cd","name":"admin","image":{"@type":"ImageObject","inLanguage":"es","@id":"https:\/\/luchonoticias.com\/editor\/#\/schema\/person\/image\/","url":"https:\/\/luchonoticias.com\/editor\/wp-content\/uploads\/2024\/02\/cropped-cropped-logolu.webp","contentUrl":"https:\/\/luchonoticias.com\/editor\/wp-content\/uploads\/2024\/02\/cropped-cropped-logolu.webp","width":382,"height":170,"caption":"admin"},"logo":{"@id":"https:\/\/luchonoticias.com\/editor\/#\/schema\/person\/image\/"},"sameAs":["https:\/\/www.facebook.com\/luchonoticiasneiva"],"url":"https:\/\/luchonoticias.com\/editor\/author\/admin\/"}]}},"_links":{"self":[{"href":"https:\/\/luchonoticias.com\/editor\/wp-json\/wp\/v2\/posts\/40242","targetHints":{"allow":["GET"]}}],"collection":[{"href":"https:\/\/luchonoticias.com\/editor\/wp-json\/wp\/v2\/posts"}],"about":[{"href":"https:\/\/luchonoticias.com\/editor\/wp-json\/wp\/v2\/types\/post"}],"author":[{"embeddable":true,"href":"https:\/\/luchonoticias.com\/editor\/wp-json\/wp\/v2\/users\/1"}],"replies":[{"embeddable":true,"href":"https:\/\/luchonoticias.com\/editor\/wp-json\/wp\/v2\/comments?post=40242"}],"version-history":[{"count":0,"href":"https:\/\/luchonoticias.com\/editor\/wp-json\/wp\/v2\/posts\/40242\/revisions"}],"wp:attachment":[{"href":"https:\/\/luchonoticias.com\/editor\/wp-json\/wp\/v2\/media?parent=40242"}],"wp:term":[{"taxonomy":"category","embeddable":true,"href":"https:\/\/luchonoticias.com\/editor\/wp-json\/wp\/v2\/categories?post=40242"},{"taxonomy":"post_tag","embeddable":true,"href":"https:\/\/luchonoticias.com\/editor\/wp-json\/wp\/v2\/tags?post=40242"}],"curies":[{"name":"wp","href":"https:\/\/api.w.org\/{rel}","templated":true}]}}