{"id":40258,"date":"2022-11-23T14:02:01","date_gmt":"2022-11-23T19:02:01","guid":{"rendered":"https:\/\/luchonoticias.com\/?p=40258"},"modified":"2022-11-23T14:02:02","modified_gmt":"2022-11-23T19:02:02","slug":"fonvihuila-convoca-a-comunidad-de-santa-maria-al-lanzamiento-del-proyecto-de-vivienda-torres-de-verano","status":"publish","type":"post","link":"https:\/\/luchonoticias.com\/editor\/fonvihuila-convoca-a-comunidad-de-santa-maria-al-lanzamiento-del-proyecto-de-vivienda-torres-de-verano\/","title":{"rendered":"Fonvihuila convoca a comunidad de Santa Mar\u00eda al lanzamiento del proyecto de vivienda Torres de Verano"},"content":{"rendered":"\n<p>El Gobierno Departamental sigue avanzando en los proyectos de vivienda Mi casa Ya Huila Crece. El gobernador del Huila, Luis Enrique Duss\u00e1n L\u00f3pez, a trav\u00e9s del Fondo de vivienda del Huila, Fonvihuila, fondo que dirige la arquitecta, Migdonia Pati\u00f1o Arias, hace una invitaci\u00f3n a la comunidad del Municipio de Santa Mar\u00eda para que conozca el proyecto Torres de Verano.<\/p>\n\n\n\n<p>El mencionado proyecto, beneficiar\u00e1 a 100 familias del municipio de Santa Mar\u00eda, y en el evento de inauguraci\u00f3n oficial la comunidad ser\u00e1 informada sobre los detalles de costos y metros cuadrados del proyecto y de las unidades habitacionales.<\/p>\n\n\n\n<figure class=\"wp-block-gallery has-nested-images columns-default is-cropped wp-block-gallery-1 is-layout-flex wp-block-gallery-is-layout-flex\">\n<figure class=\"wp-block-image size-large\"><img decoding=\"async\" data-id=\"40262\" src=\"https:\/\/luchonoticias.com\/wp-content\/uploads\/2022\/11\/WhatsApp-Image-2022-11-23-at-11.43.28-AM-1-1024x576.jpeg\" alt=\"\" class=\"wp-image-40262\"\/><\/figure>\n\n\n\n<figure class=\"wp-block-image size-large\"><img decoding=\"async\" data-id=\"40261\" src=\"https:\/\/luchonoticias.com\/wp-content\/uploads\/2022\/11\/WhatsApp-Image-2022-11-23-at-11.43.28-AM-1024x576.jpeg\" alt=\"\" class=\"wp-image-40261\"\/><\/figure>\n\n\n\n<figure class=\"wp-block-image size-large\"><img decoding=\"async\" data-id=\"40260\" src=\"https:\/\/luchonoticias.com\/wp-content\/uploads\/2022\/11\/WhatsApp-Image-2022-11-23-at-11.43.29-AM-1-1024x576.jpeg\" alt=\"\" class=\"wp-image-40260\"\/><\/figure>\n<\/figure>\n\n\n\n<p>Seg\u00fan se\u00f1al\u00f3 Benjam\u00edn Ramos Pedraza, funcionario de apoyo t\u00e9cnico del Fondo de Vivienda del Huila, Fonvihuila, esta invitaci\u00f3n a la comunidad samaria donde tambi\u00e9n participa la Administraci\u00f3n Municipal, se lleva a cabo para socializar este proyecto y que los postulantes sepan de qu\u00e9 se trata.<\/p>\n\n\n\n<p>\u201cLa cita es este s\u00e1bado 23 de noviembre en la concha ac\u00fastica del Municipio de Santa Mar\u00eda. Se har\u00e1 el lanzamiento oficial del proyecto de vivienda Torres de Verano bajo la modalidad Mi Casa Ya, con la presentaci\u00f3n del constructor de la obra, y se dar\u00e1n a conocer los dise\u00f1os y alcance del proyecto a la comunidad postulada\u201d, expres\u00f3 el funcionario.<\/p>\n\n\n\n<p>\u201cEn este acto de lanzamiento tambi\u00e9n contaremos con la presencia de entidades financieras, Caja de Compensaci\u00f3n Comfamiliar del Huila y Camacol regional. El Gobierno Departamental \u201cHuila Crece\u201d sigue cumpliendo el sue\u00f1o de los huilenses de tener casa propia y digna\u201d, a\u00f1adi\u00f3.<\/p>\n","protected":false},"excerpt":{"rendered":"<p>El Gobierno Departamental sigue avanzando en los proyectos de vivienda Mi casa Ya Huila Crece. El gobernador del Huila, Luis Enrique Duss\u00e1n L\u00f3pez, a trav\u00e9s del Fondo de vivienda del Huila, Fonvihuila, fondo que dirige la arquitecta, Migdonia Pati\u00f1o Arias, hace una invitaci\u00f3n a la comunidad del Municipio de Santa Mar\u00eda para que conozca el [&hellip;]<\/p>\n","protected":false},"author":1,"featured_media":0,"comment_status":"open","ping_status":"open","sticky":false,"template":"","format":"standard","meta":{"footnotes":""},"categories":[36,35],"tags":[],"class_list":["post-40258","post","type-post","status-publish","format-standard","hentry","category-destacado","category-regional"],"yoast_head":"<!-- This site is optimized with the Yoast SEO plugin v26.6 - https:\/\/yoast.com\/wordpress\/plugins\/seo\/ -->\n<title>Fonvihuila convoca a comunidad de Santa Mar\u00eda al lanzamiento del proyecto de vivienda Torres de Verano -<\/title>\n<meta name=\"robots\" content=\"index, follow, max-snippet:-1, max-image-preview:large, max-video-preview:-1\" \/>\n<link rel=\"canonical\" href=\"https:\/\/luchonoticias.com\/editor\/fonvihuila-convoca-a-comunidad-de-santa-maria-al-lanzamiento-del-proyecto-de-vivienda-torres-de-verano\/\" \/>\n<meta property=\"og:locale\" content=\"es_ES\" \/>\n<meta property=\"og:type\" content=\"article\" \/>\n<meta property=\"og:title\" content=\"Fonvihuila convoca a comunidad de Santa Mar\u00eda al lanzamiento del proyecto de vivienda Torres de Verano -\" \/>\n<meta property=\"og:url\" content=\"https:\/\/luchonoticias.com\/editor\/fonvihuila-convoca-a-comunidad-de-santa-maria-al-lanzamiento-del-proyecto-de-vivienda-torres-de-verano\/\" \/>\n<meta property=\"article:publisher\" content=\"https:\/\/www.facebook.com\/luchonoticiasneiva\" \/>\n<meta property=\"article:author\" content=\"https:\/\/www.facebook.com\/luchonoticiasneiva\" \/>\n<meta property=\"article:published_time\" content=\"2022-11-23T19:02:01+00:00\" \/>\n<meta property=\"article:modified_time\" content=\"2022-11-23T19:02:02+00:00\" \/>\n<meta property=\"og:image\" content=\"https:\/\/luchonoticias.com\/wp-content\/uploads\/2022\/11\/WhatsApp-Image-2022-11-23-at-11.43.28-AM-1-1024x576.jpeg\" \/>\n<meta name=\"author\" content=\"admin\" \/>\n<meta name=\"twitter:card\" content=\"summary_large_image\" \/>\n<meta name=\"twitter:label1\" content=\"Escrito por\" \/>\n\t<meta name=\"twitter:data1\" content=\"admin\" \/>\n\t<meta name=\"twitter:label2\" content=\"Tiempo de lectura\" \/>\n\t<meta name=\"twitter:data2\" content=\"1 minuto\" \/>\n<script type=\"application\/ld+json\" class=\"yoast-schema-graph\">{\"@context\":\"https:\/\/schema.org\",\"@graph\":[{\"@type\":\"Article\",\"@id\":\"https:\/\/luchonoticias.com\/editor\/fonvihuila-convoca-a-comunidad-de-santa-maria-al-lanzamiento-del-proyecto-de-vivienda-torres-de-verano\/#article\",\"isPartOf\":{\"@id\":\"https:\/\/luchonoticias.com\/editor\/fonvihuila-convoca-a-comunidad-de-santa-maria-al-lanzamiento-del-proyecto-de-vivienda-torres-de-verano\/\"},\"author\":{\"name\":\"admin\",\"@id\":\"https:\/\/luchonoticias.com\/editor\/#\/schema\/person\/7a7fd911f58561fd056dbac7b55af9cd\"},\"headline\":\"Fonvihuila convoca a comunidad de Santa Mar\u00eda al lanzamiento del proyecto de vivienda Torres de Verano\",\"datePublished\":\"2022-11-23T19:02:01+00:00\",\"dateModified\":\"2022-11-23T19:02:02+00:00\",\"mainEntityOfPage\":{\"@id\":\"https:\/\/luchonoticias.com\/editor\/fonvihuila-convoca-a-comunidad-de-santa-maria-al-lanzamiento-del-proyecto-de-vivienda-torres-de-verano\/\"},\"wordCount\":284,\"commentCount\":0,\"publisher\":{\"@id\":\"https:\/\/luchonoticias.com\/editor\/#\/schema\/person\/7a7fd911f58561fd056dbac7b55af9cd\"},\"image\":{\"@id\":\"https:\/\/luchonoticias.com\/editor\/fonvihuila-convoca-a-comunidad-de-santa-maria-al-lanzamiento-del-proyecto-de-vivienda-torres-de-verano\/#primaryimage\"},\"thumbnailUrl\":\"https:\/\/luchonoticias.com\/wp-content\/uploads\/2022\/11\/WhatsApp-Image-2022-11-23-at-11.43.28-AM-1-1024x576.jpeg\",\"articleSection\":[\"Destacado\",\"Regional\"],\"inLanguage\":\"es\",\"potentialAction\":[{\"@type\":\"CommentAction\",\"name\":\"Comment\",\"target\":[\"https:\/\/luchonoticias.com\/editor\/fonvihuila-convoca-a-comunidad-de-santa-maria-al-lanzamiento-del-proyecto-de-vivienda-torres-de-verano\/#respond\"]}]},{\"@type\":\"WebPage\",\"@id\":\"https:\/\/luchonoticias.com\/editor\/fonvihuila-convoca-a-comunidad-de-santa-maria-al-lanzamiento-del-proyecto-de-vivienda-torres-de-verano\/\",\"url\":\"https:\/\/luchonoticias.com\/editor\/fonvihuila-convoca-a-comunidad-de-santa-maria-al-lanzamiento-del-proyecto-de-vivienda-torres-de-verano\/\",\"name\":\"Fonvihuila convoca a comunidad de Santa Mar\u00eda al lanzamiento del proyecto de vivienda Torres de Verano -\",\"isPartOf\":{\"@id\":\"https:\/\/luchonoticias.com\/editor\/#website\"},\"primaryImageOfPage\":{\"@id\":\"https:\/\/luchonoticias.com\/editor\/fonvihuila-convoca-a-comunidad-de-santa-maria-al-lanzamiento-del-proyecto-de-vivienda-torres-de-verano\/#primaryimage\"},\"image\":{\"@id\":\"https:\/\/luchonoticias.com\/editor\/fonvihuila-convoca-a-comunidad-de-santa-maria-al-lanzamiento-del-proyecto-de-vivienda-torres-de-verano\/#primaryimage\"},\"thumbnailUrl\":\"https:\/\/luchonoticias.com\/wp-content\/uploads\/2022\/11\/WhatsApp-Image-2022-11-23-at-11.43.28-AM-1-1024x576.jpeg\",\"datePublished\":\"2022-11-23T19:02:01+00:00\",\"dateModified\":\"2022-11-23T19:02:02+00:00\",\"breadcrumb\":{\"@id\":\"https:\/\/luchonoticias.com\/editor\/fonvihuila-convoca-a-comunidad-de-santa-maria-al-lanzamiento-del-proyecto-de-vivienda-torres-de-verano\/#breadcrumb\"},\"inLanguage\":\"es\",\"potentialAction\":[{\"@type\":\"ReadAction\",\"target\":[\"https:\/\/luchonoticias.com\/editor\/fonvihuila-convoca-a-comunidad-de-santa-maria-al-lanzamiento-del-proyecto-de-vivienda-torres-de-verano\/\"]}]},{\"@type\":\"ImageObject\",\"inLanguage\":\"es\",\"@id\":\"https:\/\/luchonoticias.com\/editor\/fonvihuila-convoca-a-comunidad-de-santa-maria-al-lanzamiento-del-proyecto-de-vivienda-torres-de-verano\/#primaryimage\",\"url\":\"https:\/\/luchonoticias.com\/wp-content\/uploads\/2022\/11\/WhatsApp-Image-2022-11-23-at-11.43.28-AM-1-1024x576.jpeg\",\"contentUrl\":\"https:\/\/luchonoticias.com\/wp-content\/uploads\/2022\/11\/WhatsApp-Image-2022-11-23-at-11.43.28-AM-1-1024x576.jpeg\"},{\"@type\":\"BreadcrumbList\",\"@id\":\"https:\/\/luchonoticias.com\/editor\/fonvihuila-convoca-a-comunidad-de-santa-maria-al-lanzamiento-del-proyecto-de-vivienda-torres-de-verano\/#breadcrumb\",\"itemListElement\":[{\"@type\":\"ListItem\",\"position\":1,\"name\":\"Portada\",\"item\":\"https:\/\/luchonoticias.com\/editor\/\"},{\"@type\":\"ListItem\",\"position\":2,\"name\":\"Fonvihuila convoca a comunidad de Santa Mar\u00eda al lanzamiento del proyecto de vivienda Torres de Verano\"}]},{\"@type\":\"WebSite\",\"@id\":\"https:\/\/luchonoticias.com\/editor\/#website\",\"url\":\"https:\/\/luchonoticias.com\/editor\/\",\"name\":\"\",\"description\":\"\",\"publisher\":{\"@id\":\"https:\/\/luchonoticias.com\/editor\/#\/schema\/person\/7a7fd911f58561fd056dbac7b55af9cd\"},\"potentialAction\":[{\"@type\":\"SearchAction\",\"target\":{\"@type\":\"EntryPoint\",\"urlTemplate\":\"https:\/\/luchonoticias.com\/editor\/?s={search_term_string}\"},\"query-input\":{\"@type\":\"PropertyValueSpecification\",\"valueRequired\":true,\"valueName\":\"search_term_string\"}}],\"inLanguage\":\"es\"},{\"@type\":[\"Person\",\"Organization\"],\"@id\":\"https:\/\/luchonoticias.com\/editor\/#\/schema\/person\/7a7fd911f58561fd056dbac7b55af9cd\",\"name\":\"admin\",\"image\":{\"@type\":\"ImageObject\",\"inLanguage\":\"es\",\"@id\":\"https:\/\/luchonoticias.com\/editor\/#\/schema\/person\/image\/\",\"url\":\"https:\/\/luchonoticias.com\/editor\/wp-content\/uploads\/2024\/02\/cropped-cropped-logolu.webp\",\"contentUrl\":\"https:\/\/luchonoticias.com\/editor\/wp-content\/uploads\/2024\/02\/cropped-cropped-logolu.webp\",\"width\":382,\"height\":170,\"caption\":\"admin\"},\"logo\":{\"@id\":\"https:\/\/luchonoticias.com\/editor\/#\/schema\/person\/image\/\"},\"sameAs\":[\"https:\/\/www.facebook.com\/luchonoticiasneiva\"],\"url\":\"https:\/\/luchonoticias.com\/editor\/author\/admin\/\"}]}<\/script>\n<!-- \/ Yoast SEO plugin. -->","yoast_head_json":{"title":"Fonvihuila convoca a comunidad de Santa Mar\u00eda al lanzamiento del proyecto de vivienda Torres de Verano -","robots":{"index":"index","follow":"follow","max-snippet":"max-snippet:-1","max-image-preview":"max-image-preview:large","max-video-preview":"max-video-preview:-1"},"canonical":"https:\/\/luchonoticias.com\/editor\/fonvihuila-convoca-a-comunidad-de-santa-maria-al-lanzamiento-del-proyecto-de-vivienda-torres-de-verano\/","og_locale":"es_ES","og_type":"article","og_title":"Fonvihuila convoca a comunidad de Santa Mar\u00eda al lanzamiento del proyecto de vivienda Torres de Verano -","og_url":"https:\/\/luchonoticias.com\/editor\/fonvihuila-convoca-a-comunidad-de-santa-maria-al-lanzamiento-del-proyecto-de-vivienda-torres-de-verano\/","article_publisher":"https:\/\/www.facebook.com\/luchonoticiasneiva","article_author":"https:\/\/www.facebook.com\/luchonoticiasneiva","article_published_time":"2022-11-23T19:02:01+00:00","article_modified_time":"2022-11-23T19:02:02+00:00","og_image":[{"url":"https:\/\/luchonoticias.com\/wp-content\/uploads\/2022\/11\/WhatsApp-Image-2022-11-23-at-11.43.28-AM-1-1024x576.jpeg","type":"","width":"","height":""}],"author":"admin","twitter_card":"summary_large_image","twitter_misc":{"Escrito por":"admin","Tiempo de lectura":"1 minuto"},"schema":{"@context":"https:\/\/schema.org","@graph":[{"@type":"Article","@id":"https:\/\/luchonoticias.com\/editor\/fonvihuila-convoca-a-comunidad-de-santa-maria-al-lanzamiento-del-proyecto-de-vivienda-torres-de-verano\/#article","isPartOf":{"@id":"https:\/\/luchonoticias.com\/editor\/fonvihuila-convoca-a-comunidad-de-santa-maria-al-lanzamiento-del-proyecto-de-vivienda-torres-de-verano\/"},"author":{"name":"admin","@id":"https:\/\/luchonoticias.com\/editor\/#\/schema\/person\/7a7fd911f58561fd056dbac7b55af9cd"},"headline":"Fonvihuila convoca a comunidad de Santa Mar\u00eda al lanzamiento del proyecto de vivienda Torres de Verano","datePublished":"2022-11-23T19:02:01+00:00","dateModified":"2022-11-23T19:02:02+00:00","mainEntityOfPage":{"@id":"https:\/\/luchonoticias.com\/editor\/fonvihuila-convoca-a-comunidad-de-santa-maria-al-lanzamiento-del-proyecto-de-vivienda-torres-de-verano\/"},"wordCount":284,"commentCount":0,"publisher":{"@id":"https:\/\/luchonoticias.com\/editor\/#\/schema\/person\/7a7fd911f58561fd056dbac7b55af9cd"},"image":{"@id":"https:\/\/luchonoticias.com\/editor\/fonvihuila-convoca-a-comunidad-de-santa-maria-al-lanzamiento-del-proyecto-de-vivienda-torres-de-verano\/#primaryimage"},"thumbnailUrl":"https:\/\/luchonoticias.com\/wp-content\/uploads\/2022\/11\/WhatsApp-Image-2022-11-23-at-11.43.28-AM-1-1024x576.jpeg","articleSection":["Destacado","Regional"],"inLanguage":"es","potentialAction":[{"@type":"CommentAction","name":"Comment","target":["https:\/\/luchonoticias.com\/editor\/fonvihuila-convoca-a-comunidad-de-santa-maria-al-lanzamiento-del-proyecto-de-vivienda-torres-de-verano\/#respond"]}]},{"@type":"WebPage","@id":"https:\/\/luchonoticias.com\/editor\/fonvihuila-convoca-a-comunidad-de-santa-maria-al-lanzamiento-del-proyecto-de-vivienda-torres-de-verano\/","url":"https:\/\/luchonoticias.com\/editor\/fonvihuila-convoca-a-comunidad-de-santa-maria-al-lanzamiento-del-proyecto-de-vivienda-torres-de-verano\/","name":"Fonvihuila convoca a comunidad de Santa Mar\u00eda al lanzamiento del proyecto de vivienda Torres de Verano -","isPartOf":{"@id":"https:\/\/luchonoticias.com\/editor\/#website"},"primaryImageOfPage":{"@id":"https:\/\/luchonoticias.com\/editor\/fonvihuila-convoca-a-comunidad-de-santa-maria-al-lanzamiento-del-proyecto-de-vivienda-torres-de-verano\/#primaryimage"},"image":{"@id":"https:\/\/luchonoticias.com\/editor\/fonvihuila-convoca-a-comunidad-de-santa-maria-al-lanzamiento-del-proyecto-de-vivienda-torres-de-verano\/#primaryimage"},"thumbnailUrl":"https:\/\/luchonoticias.com\/wp-content\/uploads\/2022\/11\/WhatsApp-Image-2022-11-23-at-11.43.28-AM-1-1024x576.jpeg","datePublished":"2022-11-23T19:02:01+00:00","dateModified":"2022-11-23T19:02:02+00:00","breadcrumb":{"@id":"https:\/\/luchonoticias.com\/editor\/fonvihuila-convoca-a-comunidad-de-santa-maria-al-lanzamiento-del-proyecto-de-vivienda-torres-de-verano\/#breadcrumb"},"inLanguage":"es","potentialAction":[{"@type":"ReadAction","target":["https:\/\/luchonoticias.com\/editor\/fonvihuila-convoca-a-comunidad-de-santa-maria-al-lanzamiento-del-proyecto-de-vivienda-torres-de-verano\/"]}]},{"@type":"ImageObject","inLanguage":"es","@id":"https:\/\/luchonoticias.com\/editor\/fonvihuila-convoca-a-comunidad-de-santa-maria-al-lanzamiento-del-proyecto-de-vivienda-torres-de-verano\/#primaryimage","url":"https:\/\/luchonoticias.com\/wp-content\/uploads\/2022\/11\/WhatsApp-Image-2022-11-23-at-11.43.28-AM-1-1024x576.jpeg","contentUrl":"https:\/\/luchonoticias.com\/wp-content\/uploads\/2022\/11\/WhatsApp-Image-2022-11-23-at-11.43.28-AM-1-1024x576.jpeg"},{"@type":"BreadcrumbList","@id":"https:\/\/luchonoticias.com\/editor\/fonvihuila-convoca-a-comunidad-de-santa-maria-al-lanzamiento-del-proyecto-de-vivienda-torres-de-verano\/#breadcrumb","itemListElement":[{"@type":"ListItem","position":1,"name":"Portada","item":"https:\/\/luchonoticias.com\/editor\/"},{"@type":"ListItem","position":2,"name":"Fonvihuila convoca a comunidad de Santa Mar\u00eda al lanzamiento del proyecto de vivienda Torres de Verano"}]},{"@type":"WebSite","@id":"https:\/\/luchonoticias.com\/editor\/#website","url":"https:\/\/luchonoticias.com\/editor\/","name":"","description":"","publisher":{"@id":"https:\/\/luchonoticias.com\/editor\/#\/schema\/person\/7a7fd911f58561fd056dbac7b55af9cd"},"potentialAction":[{"@type":"SearchAction","target":{"@type":"EntryPoint","urlTemplate":"https:\/\/luchonoticias.com\/editor\/?s={search_term_string}"},"query-input":{"@type":"PropertyValueSpecification","valueRequired":true,"valueName":"search_term_string"}}],"inLanguage":"es"},{"@type":["Person","Organization"],"@id":"https:\/\/luchonoticias.com\/editor\/#\/schema\/person\/7a7fd911f58561fd056dbac7b55af9cd","name":"admin","image":{"@type":"ImageObject","inLanguage":"es","@id":"https:\/\/luchonoticias.com\/editor\/#\/schema\/person\/image\/","url":"https:\/\/luchonoticias.com\/editor\/wp-content\/uploads\/2024\/02\/cropped-cropped-logolu.webp","contentUrl":"https:\/\/luchonoticias.com\/editor\/wp-content\/uploads\/2024\/02\/cropped-cropped-logolu.webp","width":382,"height":170,"caption":"admin"},"logo":{"@id":"https:\/\/luchonoticias.com\/editor\/#\/schema\/person\/image\/"},"sameAs":["https:\/\/www.facebook.com\/luchonoticiasneiva"],"url":"https:\/\/luchonoticias.com\/editor\/author\/admin\/"}]}},"_links":{"self":[{"href":"https:\/\/luchonoticias.com\/editor\/wp-json\/wp\/v2\/posts\/40258","targetHints":{"allow":["GET"]}}],"collection":[{"href":"https:\/\/luchonoticias.com\/editor\/wp-json\/wp\/v2\/posts"}],"about":[{"href":"https:\/\/luchonoticias.com\/editor\/wp-json\/wp\/v2\/types\/post"}],"author":[{"embeddable":true,"href":"https:\/\/luchonoticias.com\/editor\/wp-json\/wp\/v2\/users\/1"}],"replies":[{"embeddable":true,"href":"https:\/\/luchonoticias.com\/editor\/wp-json\/wp\/v2\/comments?post=40258"}],"version-history":[{"count":0,"href":"https:\/\/luchonoticias.com\/editor\/wp-json\/wp\/v2\/posts\/40258\/revisions"}],"wp:attachment":[{"href":"https:\/\/luchonoticias.com\/editor\/wp-json\/wp\/v2\/media?parent=40258"}],"wp:term":[{"taxonomy":"category","embeddable":true,"href":"https:\/\/luchonoticias.com\/editor\/wp-json\/wp\/v2\/categories?post=40258"},{"taxonomy":"post_tag","embeddable":true,"href":"https:\/\/luchonoticias.com\/editor\/wp-json\/wp\/v2\/tags?post=40258"}],"curies":[{"name":"wp","href":"https:\/\/api.w.org\/{rel}","templated":true}]}}