{"id":40281,"date":"2022-11-24T06:41:47","date_gmt":"2022-11-24T11:41:47","guid":{"rendered":"https:\/\/luchonoticias.com\/?p=40281"},"modified":"2022-11-24T06:41:48","modified_gmt":"2022-11-24T11:41:48","slug":"mas-de-80-personas-asistieron-al-seminario-de-nuevas-tendencias-de-belleza","status":"publish","type":"post","link":"https:\/\/luchonoticias.com\/editor\/mas-de-80-personas-asistieron-al-seminario-de-nuevas-tendencias-de-belleza\/","title":{"rendered":"M\u00e1s de 80 personas asistieron al seminario de nuevas tendencias de belleza"},"content":{"rendered":"\n<p>La Alcald\u00eda de Neiva, a trav\u00e9s del Centro de Emprendimiento y Generaci\u00f3n de Oportunidades, CEGO, con el objetivo de seguir capacitando a los neivanos en diferentes \u00e1reas, se articul\u00f3 con Barber House Comercializadora que realiz\u00f3 un seminario con todo lo relacionado en colorimetr\u00eda y belleza.<\/p>\n\n\n\n<p>\u201cDesde la Administraci\u00f3n Municipal seguimos apoyando a todos los emprendedores del municipio de Neiva y a todos los empresarios que realizan este tipo de eventos para que la comunidad pueda seguir profundizando en sus conocimientos, en esta oportunidad con un evento muy importante en temas de belleza, barber\u00eda y peluquer\u00eda\u201d, expres\u00f3 Natalia Alejandra Ortiz Valderrama, l\u00edder del CEGO.<\/p>\n\n\n\n<p>M\u00e1s de 80 personas asistieron a esta actividad que cont\u00f3 con la participaci\u00f3n del Edwin Chakra, experto en el tema de belleza y nuevas tendencias.<\/p>\n\n\n\n<p>\u201cNos encontramos en Neiva, vinculando la educaci\u00f3n con nuestra casa cosm\u00e9tica ya que es muy importante educar para crecer unidos en esto de la barber\u00eda y peluquer\u00eda, la intenci\u00f3n de Comic Cosm\u00e9ticos es brindar educaci\u00f3n, dar conocimiento de nuestros productos, nuestra marca es una empresa quindiana que se est\u00e1 haciendo mucho pie de fuerza en Colombia; la comunidad se quer\u00eda superar, realmente en Neiva hay un poder de superaci\u00f3n, quer\u00edan salir de la zona de confort y nos recibieron muy bien, muchas gracias\u201d, sostuvo Edwin Rinc\u00f3n, directivo de la marca Comic Cosm\u00e9ticos.<\/p>\n\n\n\n<figure class=\"wp-block-gallery has-nested-images columns-default is-cropped wp-block-gallery-1 is-layout-flex wp-block-gallery-is-layout-flex\">\n<figure class=\"wp-block-image size-large\"><img decoding=\"async\" data-id=\"40283\" src=\"https:\/\/luchonoticias.com\/wp-content\/uploads\/2022\/11\/WhatsApp-Image-2022-11-23-at-6.37.20-PM-1024x683.jpeg\" alt=\"\" class=\"wp-image-40283\"\/><\/figure>\n\n\n\n<figure class=\"wp-block-image size-large\"><img decoding=\"async\" data-id=\"40284\" src=\"https:\/\/luchonoticias.com\/wp-content\/uploads\/2022\/11\/WhatsApp-Image-2022-11-23-at-6.37.19-PM-1-1024x683.jpeg\" alt=\"\" class=\"wp-image-40284\"\/><\/figure>\n<\/figure>\n\n\n\n<p>Uriel Esteban Mej\u00eda Pati\u00f1o, educador de belleza y participante del seminario, dio a conocer la importancia de que se realicen este tipo de actividades en la ciudad de Neiva con el objetivo de capacitar a todo el gremio de la belleza.<\/p>\n\n\n\n<p>\u201cEste tipo de seminarios me parece excelente tanto para profesionales como aprendices, siempre con la idea de innovar y aprender, siempre estar en esa idea de aprendizaje para hacer cosas nuevas, estas son cosas que a todo momento se van actualizando entonces tenemos que estar de la mano con esas actualizaciones\u201d, indic\u00f3.<\/p>\n\n\n\n<p>Por otro lado, Fernando Mendoza, gerente General de Barber House Comercializadora agradeci\u00f3 la articulaci\u00f3n que se hizo con el CEGO de la Alcald\u00eda de Neiva para poder llevar a cabo este encuentro que benefici\u00f3 a m\u00e1s de 80 personas.<\/p>\n\n\n\n<p>\u201cAgradecer este convenio que hicimos en articulaci\u00f3n con el CEGO de la Alcald\u00eda, ya que con su invitaci\u00f3n y la nuestra se pudo hacer un buen seminario en el Centro Comercial San Juan Plaza donde asistieron aproximadamente 85 \u2013 90 personas, ha sido muy bien recibido este seminario, porque estamos refrescando el tema de la barber\u00eda en la ciudad de Neiva y que la gente se eduque\u201d, manifest\u00f3 el Gerente General de Barber House Comercializadora.<\/p>\n\n\n\n<p>Finalmente, la l\u00edder del CEGO hizo la invitaci\u00f3n a todas las personas que se quieren seguir capacitando a que visiten en el Parque de la M\u00fasica las oficinas del CEGO, para que hagan parte de la ruta f\u00edsica.<\/p>\n\n\n\n<p>\u201cInvitamos a todas las personas a que se sigan vinculando a este tipo de eventos, a que sigamos apoyando el producto local, y sigamos incursionando, mejorando todas nuestras habilidades con los conocimientos que ya tenemos, para poderlos profundizar\u201d, concluy\u00f3 la funcionaria.<\/p>\n","protected":false},"excerpt":{"rendered":"<p>La Alcald\u00eda de Neiva, a trav\u00e9s del Centro de Emprendimiento y Generaci\u00f3n de Oportunidades, CEGO, con el objetivo de seguir capacitando a los neivanos en diferentes \u00e1reas, se articul\u00f3 con Barber House Comercializadora que realiz\u00f3 un seminario con todo lo relacionado en colorimetr\u00eda y belleza. \u201cDesde la Administraci\u00f3n Municipal seguimos apoyando a todos los emprendedores [&hellip;]<\/p>\n","protected":false},"author":1,"featured_media":0,"comment_status":"open","ping_status":"open","sticky":false,"template":"","format":"standard","meta":{"footnotes":""},"categories":[36,31],"tags":[],"class_list":["post-40281","post","type-post","status-publish","format-standard","hentry","category-destacado","category-local"],"yoast_head":"<!-- This site is optimized with the Yoast SEO plugin v26.6 - https:\/\/yoast.com\/wordpress\/plugins\/seo\/ -->\n<title>M\u00e1s de 80 personas asistieron al seminario de nuevas tendencias de belleza -<\/title>\n<meta name=\"robots\" content=\"index, follow, max-snippet:-1, max-image-preview:large, max-video-preview:-1\" \/>\n<link rel=\"canonical\" href=\"https:\/\/luchonoticias.com\/editor\/mas-de-80-personas-asistieron-al-seminario-de-nuevas-tendencias-de-belleza\/\" \/>\n<meta property=\"og:locale\" content=\"es_ES\" \/>\n<meta property=\"og:type\" content=\"article\" \/>\n<meta property=\"og:title\" content=\"M\u00e1s de 80 personas asistieron al seminario de nuevas tendencias de belleza -\" \/>\n<meta property=\"og:url\" content=\"https:\/\/luchonoticias.com\/editor\/mas-de-80-personas-asistieron-al-seminario-de-nuevas-tendencias-de-belleza\/\" \/>\n<meta property=\"article:publisher\" content=\"https:\/\/www.facebook.com\/luchonoticiasneiva\" \/>\n<meta property=\"article:author\" content=\"https:\/\/www.facebook.com\/luchonoticiasneiva\" \/>\n<meta property=\"article:published_time\" content=\"2022-11-24T11:41:47+00:00\" \/>\n<meta property=\"article:modified_time\" content=\"2022-11-24T11:41:48+00:00\" \/>\n<meta property=\"og:image\" content=\"https:\/\/luchonoticias.com\/wp-content\/uploads\/2022\/11\/WhatsApp-Image-2022-11-23-at-6.37.20-PM-1024x683.jpeg\" \/>\n<meta name=\"author\" content=\"admin\" \/>\n<meta name=\"twitter:card\" content=\"summary_large_image\" \/>\n<meta name=\"twitter:label1\" content=\"Escrito por\" \/>\n\t<meta name=\"twitter:data1\" content=\"admin\" \/>\n\t<meta name=\"twitter:label2\" content=\"Tiempo de lectura\" \/>\n\t<meta name=\"twitter:data2\" content=\"3 minutos\" \/>\n<script type=\"application\/ld+json\" class=\"yoast-schema-graph\">{\"@context\":\"https:\/\/schema.org\",\"@graph\":[{\"@type\":\"Article\",\"@id\":\"https:\/\/luchonoticias.com\/editor\/mas-de-80-personas-asistieron-al-seminario-de-nuevas-tendencias-de-belleza\/#article\",\"isPartOf\":{\"@id\":\"https:\/\/luchonoticias.com\/editor\/mas-de-80-personas-asistieron-al-seminario-de-nuevas-tendencias-de-belleza\/\"},\"author\":{\"name\":\"admin\",\"@id\":\"https:\/\/luchonoticias.com\/editor\/#\/schema\/person\/7a7fd911f58561fd056dbac7b55af9cd\"},\"headline\":\"M\u00e1s de 80 personas asistieron al seminario de nuevas tendencias de belleza\",\"datePublished\":\"2022-11-24T11:41:47+00:00\",\"dateModified\":\"2022-11-24T11:41:48+00:00\",\"mainEntityOfPage\":{\"@id\":\"https:\/\/luchonoticias.com\/editor\/mas-de-80-personas-asistieron-al-seminario-de-nuevas-tendencias-de-belleza\/\"},\"wordCount\":548,\"commentCount\":0,\"publisher\":{\"@id\":\"https:\/\/luchonoticias.com\/editor\/#\/schema\/person\/7a7fd911f58561fd056dbac7b55af9cd\"},\"image\":{\"@id\":\"https:\/\/luchonoticias.com\/editor\/mas-de-80-personas-asistieron-al-seminario-de-nuevas-tendencias-de-belleza\/#primaryimage\"},\"thumbnailUrl\":\"https:\/\/luchonoticias.com\/wp-content\/uploads\/2022\/11\/WhatsApp-Image-2022-11-23-at-6.37.20-PM-1024x683.jpeg\",\"articleSection\":[\"Destacado\",\"Local\"],\"inLanguage\":\"es\",\"potentialAction\":[{\"@type\":\"CommentAction\",\"name\":\"Comment\",\"target\":[\"https:\/\/luchonoticias.com\/editor\/mas-de-80-personas-asistieron-al-seminario-de-nuevas-tendencias-de-belleza\/#respond\"]}]},{\"@type\":\"WebPage\",\"@id\":\"https:\/\/luchonoticias.com\/editor\/mas-de-80-personas-asistieron-al-seminario-de-nuevas-tendencias-de-belleza\/\",\"url\":\"https:\/\/luchonoticias.com\/editor\/mas-de-80-personas-asistieron-al-seminario-de-nuevas-tendencias-de-belleza\/\",\"name\":\"M\u00e1s de 80 personas asistieron al seminario de nuevas tendencias de belleza -\",\"isPartOf\":{\"@id\":\"https:\/\/luchonoticias.com\/editor\/#website\"},\"primaryImageOfPage\":{\"@id\":\"https:\/\/luchonoticias.com\/editor\/mas-de-80-personas-asistieron-al-seminario-de-nuevas-tendencias-de-belleza\/#primaryimage\"},\"image\":{\"@id\":\"https:\/\/luchonoticias.com\/editor\/mas-de-80-personas-asistieron-al-seminario-de-nuevas-tendencias-de-belleza\/#primaryimage\"},\"thumbnailUrl\":\"https:\/\/luchonoticias.com\/wp-content\/uploads\/2022\/11\/WhatsApp-Image-2022-11-23-at-6.37.20-PM-1024x683.jpeg\",\"datePublished\":\"2022-11-24T11:41:47+00:00\",\"dateModified\":\"2022-11-24T11:41:48+00:00\",\"breadcrumb\":{\"@id\":\"https:\/\/luchonoticias.com\/editor\/mas-de-80-personas-asistieron-al-seminario-de-nuevas-tendencias-de-belleza\/#breadcrumb\"},\"inLanguage\":\"es\",\"potentialAction\":[{\"@type\":\"ReadAction\",\"target\":[\"https:\/\/luchonoticias.com\/editor\/mas-de-80-personas-asistieron-al-seminario-de-nuevas-tendencias-de-belleza\/\"]}]},{\"@type\":\"ImageObject\",\"inLanguage\":\"es\",\"@id\":\"https:\/\/luchonoticias.com\/editor\/mas-de-80-personas-asistieron-al-seminario-de-nuevas-tendencias-de-belleza\/#primaryimage\",\"url\":\"https:\/\/luchonoticias.com\/wp-content\/uploads\/2022\/11\/WhatsApp-Image-2022-11-23-at-6.37.20-PM-1024x683.jpeg\",\"contentUrl\":\"https:\/\/luchonoticias.com\/wp-content\/uploads\/2022\/11\/WhatsApp-Image-2022-11-23-at-6.37.20-PM-1024x683.jpeg\"},{\"@type\":\"BreadcrumbList\",\"@id\":\"https:\/\/luchonoticias.com\/editor\/mas-de-80-personas-asistieron-al-seminario-de-nuevas-tendencias-de-belleza\/#breadcrumb\",\"itemListElement\":[{\"@type\":\"ListItem\",\"position\":1,\"name\":\"Portada\",\"item\":\"https:\/\/luchonoticias.com\/editor\/\"},{\"@type\":\"ListItem\",\"position\":2,\"name\":\"M\u00e1s de 80 personas asistieron al seminario de nuevas tendencias de belleza\"}]},{\"@type\":\"WebSite\",\"@id\":\"https:\/\/luchonoticias.com\/editor\/#website\",\"url\":\"https:\/\/luchonoticias.com\/editor\/\",\"name\":\"\",\"description\":\"\",\"publisher\":{\"@id\":\"https:\/\/luchonoticias.com\/editor\/#\/schema\/person\/7a7fd911f58561fd056dbac7b55af9cd\"},\"potentialAction\":[{\"@type\":\"SearchAction\",\"target\":{\"@type\":\"EntryPoint\",\"urlTemplate\":\"https:\/\/luchonoticias.com\/editor\/?s={search_term_string}\"},\"query-input\":{\"@type\":\"PropertyValueSpecification\",\"valueRequired\":true,\"valueName\":\"search_term_string\"}}],\"inLanguage\":\"es\"},{\"@type\":[\"Person\",\"Organization\"],\"@id\":\"https:\/\/luchonoticias.com\/editor\/#\/schema\/person\/7a7fd911f58561fd056dbac7b55af9cd\",\"name\":\"admin\",\"image\":{\"@type\":\"ImageObject\",\"inLanguage\":\"es\",\"@id\":\"https:\/\/luchonoticias.com\/editor\/#\/schema\/person\/image\/\",\"url\":\"https:\/\/luchonoticias.com\/editor\/wp-content\/uploads\/2024\/02\/cropped-cropped-logolu.webp\",\"contentUrl\":\"https:\/\/luchonoticias.com\/editor\/wp-content\/uploads\/2024\/02\/cropped-cropped-logolu.webp\",\"width\":382,\"height\":170,\"caption\":\"admin\"},\"logo\":{\"@id\":\"https:\/\/luchonoticias.com\/editor\/#\/schema\/person\/image\/\"},\"sameAs\":[\"https:\/\/www.facebook.com\/luchonoticiasneiva\"],\"url\":\"https:\/\/luchonoticias.com\/editor\/author\/admin\/\"}]}<\/script>\n<!-- \/ Yoast SEO plugin. -->","yoast_head_json":{"title":"M\u00e1s de 80 personas asistieron al seminario de nuevas tendencias de belleza -","robots":{"index":"index","follow":"follow","max-snippet":"max-snippet:-1","max-image-preview":"max-image-preview:large","max-video-preview":"max-video-preview:-1"},"canonical":"https:\/\/luchonoticias.com\/editor\/mas-de-80-personas-asistieron-al-seminario-de-nuevas-tendencias-de-belleza\/","og_locale":"es_ES","og_type":"article","og_title":"M\u00e1s de 80 personas asistieron al seminario de nuevas tendencias de belleza -","og_url":"https:\/\/luchonoticias.com\/editor\/mas-de-80-personas-asistieron-al-seminario-de-nuevas-tendencias-de-belleza\/","article_publisher":"https:\/\/www.facebook.com\/luchonoticiasneiva","article_author":"https:\/\/www.facebook.com\/luchonoticiasneiva","article_published_time":"2022-11-24T11:41:47+00:00","article_modified_time":"2022-11-24T11:41:48+00:00","og_image":[{"url":"https:\/\/luchonoticias.com\/wp-content\/uploads\/2022\/11\/WhatsApp-Image-2022-11-23-at-6.37.20-PM-1024x683.jpeg","type":"","width":"","height":""}],"author":"admin","twitter_card":"summary_large_image","twitter_misc":{"Escrito por":"admin","Tiempo de lectura":"3 minutos"},"schema":{"@context":"https:\/\/schema.org","@graph":[{"@type":"Article","@id":"https:\/\/luchonoticias.com\/editor\/mas-de-80-personas-asistieron-al-seminario-de-nuevas-tendencias-de-belleza\/#article","isPartOf":{"@id":"https:\/\/luchonoticias.com\/editor\/mas-de-80-personas-asistieron-al-seminario-de-nuevas-tendencias-de-belleza\/"},"author":{"name":"admin","@id":"https:\/\/luchonoticias.com\/editor\/#\/schema\/person\/7a7fd911f58561fd056dbac7b55af9cd"},"headline":"M\u00e1s de 80 personas asistieron al seminario de nuevas tendencias de belleza","datePublished":"2022-11-24T11:41:47+00:00","dateModified":"2022-11-24T11:41:48+00:00","mainEntityOfPage":{"@id":"https:\/\/luchonoticias.com\/editor\/mas-de-80-personas-asistieron-al-seminario-de-nuevas-tendencias-de-belleza\/"},"wordCount":548,"commentCount":0,"publisher":{"@id":"https:\/\/luchonoticias.com\/editor\/#\/schema\/person\/7a7fd911f58561fd056dbac7b55af9cd"},"image":{"@id":"https:\/\/luchonoticias.com\/editor\/mas-de-80-personas-asistieron-al-seminario-de-nuevas-tendencias-de-belleza\/#primaryimage"},"thumbnailUrl":"https:\/\/luchonoticias.com\/wp-content\/uploads\/2022\/11\/WhatsApp-Image-2022-11-23-at-6.37.20-PM-1024x683.jpeg","articleSection":["Destacado","Local"],"inLanguage":"es","potentialAction":[{"@type":"CommentAction","name":"Comment","target":["https:\/\/luchonoticias.com\/editor\/mas-de-80-personas-asistieron-al-seminario-de-nuevas-tendencias-de-belleza\/#respond"]}]},{"@type":"WebPage","@id":"https:\/\/luchonoticias.com\/editor\/mas-de-80-personas-asistieron-al-seminario-de-nuevas-tendencias-de-belleza\/","url":"https:\/\/luchonoticias.com\/editor\/mas-de-80-personas-asistieron-al-seminario-de-nuevas-tendencias-de-belleza\/","name":"M\u00e1s de 80 personas asistieron al seminario de nuevas tendencias de belleza -","isPartOf":{"@id":"https:\/\/luchonoticias.com\/editor\/#website"},"primaryImageOfPage":{"@id":"https:\/\/luchonoticias.com\/editor\/mas-de-80-personas-asistieron-al-seminario-de-nuevas-tendencias-de-belleza\/#primaryimage"},"image":{"@id":"https:\/\/luchonoticias.com\/editor\/mas-de-80-personas-asistieron-al-seminario-de-nuevas-tendencias-de-belleza\/#primaryimage"},"thumbnailUrl":"https:\/\/luchonoticias.com\/wp-content\/uploads\/2022\/11\/WhatsApp-Image-2022-11-23-at-6.37.20-PM-1024x683.jpeg","datePublished":"2022-11-24T11:41:47+00:00","dateModified":"2022-11-24T11:41:48+00:00","breadcrumb":{"@id":"https:\/\/luchonoticias.com\/editor\/mas-de-80-personas-asistieron-al-seminario-de-nuevas-tendencias-de-belleza\/#breadcrumb"},"inLanguage":"es","potentialAction":[{"@type":"ReadAction","target":["https:\/\/luchonoticias.com\/editor\/mas-de-80-personas-asistieron-al-seminario-de-nuevas-tendencias-de-belleza\/"]}]},{"@type":"ImageObject","inLanguage":"es","@id":"https:\/\/luchonoticias.com\/editor\/mas-de-80-personas-asistieron-al-seminario-de-nuevas-tendencias-de-belleza\/#primaryimage","url":"https:\/\/luchonoticias.com\/wp-content\/uploads\/2022\/11\/WhatsApp-Image-2022-11-23-at-6.37.20-PM-1024x683.jpeg","contentUrl":"https:\/\/luchonoticias.com\/wp-content\/uploads\/2022\/11\/WhatsApp-Image-2022-11-23-at-6.37.20-PM-1024x683.jpeg"},{"@type":"BreadcrumbList","@id":"https:\/\/luchonoticias.com\/editor\/mas-de-80-personas-asistieron-al-seminario-de-nuevas-tendencias-de-belleza\/#breadcrumb","itemListElement":[{"@type":"ListItem","position":1,"name":"Portada","item":"https:\/\/luchonoticias.com\/editor\/"},{"@type":"ListItem","position":2,"name":"M\u00e1s de 80 personas asistieron al seminario de nuevas tendencias de belleza"}]},{"@type":"WebSite","@id":"https:\/\/luchonoticias.com\/editor\/#website","url":"https:\/\/luchonoticias.com\/editor\/","name":"","description":"","publisher":{"@id":"https:\/\/luchonoticias.com\/editor\/#\/schema\/person\/7a7fd911f58561fd056dbac7b55af9cd"},"potentialAction":[{"@type":"SearchAction","target":{"@type":"EntryPoint","urlTemplate":"https:\/\/luchonoticias.com\/editor\/?s={search_term_string}"},"query-input":{"@type":"PropertyValueSpecification","valueRequired":true,"valueName":"search_term_string"}}],"inLanguage":"es"},{"@type":["Person","Organization"],"@id":"https:\/\/luchonoticias.com\/editor\/#\/schema\/person\/7a7fd911f58561fd056dbac7b55af9cd","name":"admin","image":{"@type":"ImageObject","inLanguage":"es","@id":"https:\/\/luchonoticias.com\/editor\/#\/schema\/person\/image\/","url":"https:\/\/luchonoticias.com\/editor\/wp-content\/uploads\/2024\/02\/cropped-cropped-logolu.webp","contentUrl":"https:\/\/luchonoticias.com\/editor\/wp-content\/uploads\/2024\/02\/cropped-cropped-logolu.webp","width":382,"height":170,"caption":"admin"},"logo":{"@id":"https:\/\/luchonoticias.com\/editor\/#\/schema\/person\/image\/"},"sameAs":["https:\/\/www.facebook.com\/luchonoticiasneiva"],"url":"https:\/\/luchonoticias.com\/editor\/author\/admin\/"}]}},"_links":{"self":[{"href":"https:\/\/luchonoticias.com\/editor\/wp-json\/wp\/v2\/posts\/40281","targetHints":{"allow":["GET"]}}],"collection":[{"href":"https:\/\/luchonoticias.com\/editor\/wp-json\/wp\/v2\/posts"}],"about":[{"href":"https:\/\/luchonoticias.com\/editor\/wp-json\/wp\/v2\/types\/post"}],"author":[{"embeddable":true,"href":"https:\/\/luchonoticias.com\/editor\/wp-json\/wp\/v2\/users\/1"}],"replies":[{"embeddable":true,"href":"https:\/\/luchonoticias.com\/editor\/wp-json\/wp\/v2\/comments?post=40281"}],"version-history":[{"count":0,"href":"https:\/\/luchonoticias.com\/editor\/wp-json\/wp\/v2\/posts\/40281\/revisions"}],"wp:attachment":[{"href":"https:\/\/luchonoticias.com\/editor\/wp-json\/wp\/v2\/media?parent=40281"}],"wp:term":[{"taxonomy":"category","embeddable":true,"href":"https:\/\/luchonoticias.com\/editor\/wp-json\/wp\/v2\/categories?post=40281"},{"taxonomy":"post_tag","embeddable":true,"href":"https:\/\/luchonoticias.com\/editor\/wp-json\/wp\/v2\/tags?post=40281"}],"curies":[{"name":"wp","href":"https:\/\/api.w.org\/{rel}","templated":true}]}}