{"id":40286,"date":"2022-11-24T06:47:39","date_gmt":"2022-11-24T11:47:39","guid":{"rendered":"https:\/\/luchonoticias.com\/?p=40286"},"modified":"2022-11-24T06:47:40","modified_gmt":"2022-11-24T11:47:40","slug":"neiva-conmemoro-anticipadamente-dia-internacional-de-la-eliminacion-de-la-violencia-contra-la-mujer","status":"publish","type":"post","link":"https:\/\/luchonoticias.com\/editor\/neiva-conmemoro-anticipadamente-dia-internacional-de-la-eliminacion-de-la-violencia-contra-la-mujer\/","title":{"rendered":"Neiva conmemor\u00f3 anticipadamente D\u00eda Internacional de la Eliminaci\u00f3n de la Violencia contra La Mujer"},"content":{"rendered":"\n<p>La Secretar\u00eda de la Mujer, Infancia y Adolescencia con el liderazgo de la gestora social, Luz Marina Trujillo, realizaron la Feria de Servicios de Empoderamiento de la Mujer Neivana, donde entidades como el SENA, Colpensiones, el Ministerio de Trabajo, Coopserp, la ESE \u2018Carmen Emilia Ospina\u2019, entre otras, se unieron para ofrecer a las mujeres asesor\u00eda t\u00e9cnica, laboral, con la oferta de 270 vacantes y atenci\u00f3n en salud, con el prop\u00f3sito de ofrecer mayores oportunidades para mejorar sus condiciones de vida.<\/p>\n\n\n\n<p>\u201cNos encontramos en una feria de servicio en el marco del D\u00eda Internacional de la No Violencia Contra la Mujer, una estrategia que hemos liderado con la Gestora Social con el fin de ofrecer servicios para todas las mujeres. Tuvimos con el SENA la inscripci\u00f3n y postulaci\u00f3n de diferentes vacantes\u201d, indic\u00f3 Adriana Caicedo, secretaria de la Mujer, Infancia y Adolescencia.<\/p>\n\n\n\n<figure class=\"wp-block-gallery has-nested-images columns-default is-cropped wp-block-gallery-1 is-layout-flex wp-block-gallery-is-layout-flex\">\n<figure class=\"wp-block-image size-large\"><img decoding=\"async\" data-id=\"40288\" src=\"https:\/\/luchonoticias.com\/wp-content\/uploads\/2022\/11\/WhatsApp-Image-2022-11-23-at-7.01.27-PM-4-1024x684.jpeg\" alt=\"\" class=\"wp-image-40288\"\/><\/figure>\n\n\n\n<figure class=\"wp-block-image size-large\"><img decoding=\"async\" data-id=\"40289\" src=\"https:\/\/luchonoticias.com\/wp-content\/uploads\/2022\/11\/WhatsApp-Image-2022-11-23-at-7.01.26-PM-1-1024x684.jpeg\" alt=\"\" class=\"wp-image-40289\"\/><\/figure>\n<\/figure>\n\n\n\n<p>Por su parte la Gestora Social, quien lider\u00f3 esta iniciativa, envi\u00f3 un mensaje a todas las mujeres neivanas e invit\u00f3 a que participen activamente de estos espacios que brinda la Alcald\u00eda de Neiva, en cabeza de su esposo el alcalde Gorky Mu\u00f1oz Calder\u00f3n.<\/p>\n\n\n\n<p>\u201cNecesitamos tener a nuestras mujeres empoderadas, que ellas puedan salir adelante, por eso estuvimos aqu\u00ed con un grupo de mujeres que nos acompa\u00f1aron en esta Sembrat\u00f3n y la Feria de Servicios. Por favor, utilicen esta Casa Empoderadora que es para el servicio de ustedes. Necesitamos que las mujeres hagan parte de los llamados que hace la Alcald\u00eda en temas de empleabilidad en alianza con el SENA\u201d, explic\u00f3 Luz Marina Trujillo, gestora social.<\/p>\n\n\n\n<p><strong>Sembrando vida<\/strong><\/p>\n\n\n\n<p>Como parte de esta iniciativa, se realiz\u00f3 la siembra de 100 \u00e1rboles como acto simb\u00f3lico para decir NO a la violencia contra las mujeres y rendir homenaje a las v\u00edctimas de feminicidio, donde participaron las diferentes secretar\u00edas de la Administraci\u00f3n Municipal, la Procuradur\u00eda Provincial, el Ej\u00e9rcito, la Polic\u00eda de Infancia y Adolescencia, el Gaula, el Consejo Comunitario de Mujeres, clubes de amas de casa y la Fundaci\u00f3n Sembrando Vidas.<\/p>\n\n\n\n<p>Adriana Caicedo, secretaria de la Mujer Infancia y Adolescencia agreg\u00f3 que \u201ctambi\u00e9n realizamos la Sembrat\u00f3n de \u00c1rboles, nos unimos a una campa\u00f1a nacional que se llama \u2018Sembrando Vida\u2019. De esta manera, cada \u00e1rbol representa una vida y los estamos haciendo en memoria de todas las mujeres que han sido v\u00edctimas del feminicidio\u201d.<\/p>\n\n\n\n<p>En Neiva en el marco de esta campa\u00f1a nacional se realiz\u00f3 la siembra de m\u00e1s de100 plantas alrededor de Parque de los Ni\u00f1os, con la participaci\u00f3n de la comunidad y diferentes entidades e instituciones de la ciudad.<\/p>\n\n\n\n<figure class=\"wp-block-gallery has-nested-images columns-default is-cropped wp-block-gallery-2 is-layout-flex wp-block-gallery-is-layout-flex\">\n<figure class=\"wp-block-image size-large\"><img decoding=\"async\" data-id=\"40291\" src=\"https:\/\/luchonoticias.com\/wp-content\/uploads\/2022\/11\/WhatsApp-Image-2022-11-23-at-7.01.28-PM-1-1024x684.jpeg\" alt=\"\" class=\"wp-image-40291\"\/><\/figure>\n\n\n\n<figure class=\"wp-block-image size-large\"><img decoding=\"async\" data-id=\"40290\" src=\"https:\/\/luchonoticias.com\/wp-content\/uploads\/2022\/11\/WhatsApp-Image-2022-11-23-at-7.01.27-PM-2-1024x684.jpeg\" alt=\"\" class=\"wp-image-40290\"\/><\/figure>\n<\/figure>\n\n\n\n<p>La Feria de Servicios que se desarroll\u00f3 durante todo el d\u00eda en el Parque de los Ni\u00f1os, tambi\u00e9n cont\u00f3 con la participaci\u00f3n del SENA, que lleg\u00f3 con una gran oferta de servicios para las mujeres neivanas.<\/p>\n\n\n\n<p>\u201cParticipamos en esta Feria de Servicios, donde tenemos hoy m\u00e1s de 270 vacantes en diferentes perfiles, desde bachilleres, t\u00e9cnicos, tecn\u00f3logos y profesionales, entonces la invitaci\u00f3n que queremos hacer a las mujeres es que vengan y participen de estos llamados, que se empoderen y tengan una oportunidad laboral un empleo digno y formal a trav\u00e9s del proceso de intermediaci\u00f3n laboral que realizamos desde la Agencia P\u00fablica de Empleo. Agradecer a la Alcald\u00eda de Neiva a trav\u00e9s de la Secretar\u00eda de la Mujer que nos extendi\u00f3 la invitaci\u00f3n para participar de esta feria\u201d, coment\u00f3 Johana Andrade Gonz\u00e1lez, coordinadora Regional de la Agencia P\u00fablica de Empleo.<\/p>\n","protected":false},"excerpt":{"rendered":"<p>La Secretar\u00eda de la Mujer, Infancia y Adolescencia con el liderazgo de la gestora social, Luz Marina Trujillo, realizaron la Feria de Servicios de Empoderamiento de la Mujer Neivana, donde entidades como el SENA, Colpensiones, el Ministerio de Trabajo, Coopserp, la ESE \u2018Carmen Emilia Ospina\u2019, entre otras, se unieron para ofrecer a las mujeres asesor\u00eda [&hellip;]<\/p>\n","protected":false},"author":1,"featured_media":0,"comment_status":"open","ping_status":"open","sticky":false,"template":"","format":"standard","meta":{"footnotes":""},"categories":[3961,36],"tags":[],"class_list":["post-40286","post","type-post","status-publish","format-standard","hentry","category-comunidad","category-destacado"],"yoast_head":"<!-- This site is optimized with the Yoast SEO plugin v26.6 - https:\/\/yoast.com\/wordpress\/plugins\/seo\/ -->\n<title>Neiva conmemor\u00f3 anticipadamente D\u00eda Internacional de la Eliminaci\u00f3n de la Violencia contra La Mujer -<\/title>\n<meta name=\"robots\" content=\"index, follow, max-snippet:-1, max-image-preview:large, max-video-preview:-1\" \/>\n<link rel=\"canonical\" href=\"https:\/\/luchonoticias.com\/editor\/neiva-conmemoro-anticipadamente-dia-internacional-de-la-eliminacion-de-la-violencia-contra-la-mujer\/\" \/>\n<meta property=\"og:locale\" content=\"es_ES\" \/>\n<meta property=\"og:type\" content=\"article\" \/>\n<meta property=\"og:title\" content=\"Neiva conmemor\u00f3 anticipadamente D\u00eda Internacional de la Eliminaci\u00f3n de la Violencia contra La Mujer -\" \/>\n<meta property=\"og:url\" content=\"https:\/\/luchonoticias.com\/editor\/neiva-conmemoro-anticipadamente-dia-internacional-de-la-eliminacion-de-la-violencia-contra-la-mujer\/\" \/>\n<meta property=\"article:publisher\" content=\"https:\/\/www.facebook.com\/luchonoticiasneiva\" \/>\n<meta property=\"article:author\" content=\"https:\/\/www.facebook.com\/luchonoticiasneiva\" \/>\n<meta property=\"article:published_time\" content=\"2022-11-24T11:47:39+00:00\" \/>\n<meta property=\"article:modified_time\" content=\"2022-11-24T11:47:40+00:00\" \/>\n<meta property=\"og:image\" content=\"https:\/\/luchonoticias.com\/wp-content\/uploads\/2022\/11\/WhatsApp-Image-2022-11-23-at-7.01.27-PM-4-1024x684.jpeg\" \/>\n<meta name=\"author\" content=\"admin\" \/>\n<meta name=\"twitter:card\" content=\"summary_large_image\" \/>\n<meta name=\"twitter:label1\" content=\"Escrito por\" \/>\n\t<meta name=\"twitter:data1\" content=\"admin\" \/>\n\t<meta name=\"twitter:label2\" content=\"Tiempo de lectura\" \/>\n\t<meta name=\"twitter:data2\" content=\"3 minutos\" \/>\n<script type=\"application\/ld+json\" class=\"yoast-schema-graph\">{\"@context\":\"https:\/\/schema.org\",\"@graph\":[{\"@type\":\"Article\",\"@id\":\"https:\/\/luchonoticias.com\/editor\/neiva-conmemoro-anticipadamente-dia-internacional-de-la-eliminacion-de-la-violencia-contra-la-mujer\/#article\",\"isPartOf\":{\"@id\":\"https:\/\/luchonoticias.com\/editor\/neiva-conmemoro-anticipadamente-dia-internacional-de-la-eliminacion-de-la-violencia-contra-la-mujer\/\"},\"author\":{\"name\":\"admin\",\"@id\":\"https:\/\/luchonoticias.com\/editor\/#\/schema\/person\/7a7fd911f58561fd056dbac7b55af9cd\"},\"headline\":\"Neiva conmemor\u00f3 anticipadamente D\u00eda Internacional de la Eliminaci\u00f3n de la Violencia contra La Mujer\",\"datePublished\":\"2022-11-24T11:47:39+00:00\",\"dateModified\":\"2022-11-24T11:47:40+00:00\",\"mainEntityOfPage\":{\"@id\":\"https:\/\/luchonoticias.com\/editor\/neiva-conmemoro-anticipadamente-dia-internacional-de-la-eliminacion-de-la-violencia-contra-la-mujer\/\"},\"wordCount\":614,\"commentCount\":0,\"publisher\":{\"@id\":\"https:\/\/luchonoticias.com\/editor\/#\/schema\/person\/7a7fd911f58561fd056dbac7b55af9cd\"},\"image\":{\"@id\":\"https:\/\/luchonoticias.com\/editor\/neiva-conmemoro-anticipadamente-dia-internacional-de-la-eliminacion-de-la-violencia-contra-la-mujer\/#primaryimage\"},\"thumbnailUrl\":\"https:\/\/luchonoticias.com\/wp-content\/uploads\/2022\/11\/WhatsApp-Image-2022-11-23-at-7.01.27-PM-4-1024x684.jpeg\",\"articleSection\":[\"Comunidad\",\"Destacado\"],\"inLanguage\":\"es\",\"potentialAction\":[{\"@type\":\"CommentAction\",\"name\":\"Comment\",\"target\":[\"https:\/\/luchonoticias.com\/editor\/neiva-conmemoro-anticipadamente-dia-internacional-de-la-eliminacion-de-la-violencia-contra-la-mujer\/#respond\"]}]},{\"@type\":\"WebPage\",\"@id\":\"https:\/\/luchonoticias.com\/editor\/neiva-conmemoro-anticipadamente-dia-internacional-de-la-eliminacion-de-la-violencia-contra-la-mujer\/\",\"url\":\"https:\/\/luchonoticias.com\/editor\/neiva-conmemoro-anticipadamente-dia-internacional-de-la-eliminacion-de-la-violencia-contra-la-mujer\/\",\"name\":\"Neiva conmemor\u00f3 anticipadamente D\u00eda Internacional de la Eliminaci\u00f3n de la Violencia contra La Mujer -\",\"isPartOf\":{\"@id\":\"https:\/\/luchonoticias.com\/editor\/#website\"},\"primaryImageOfPage\":{\"@id\":\"https:\/\/luchonoticias.com\/editor\/neiva-conmemoro-anticipadamente-dia-internacional-de-la-eliminacion-de-la-violencia-contra-la-mujer\/#primaryimage\"},\"image\":{\"@id\":\"https:\/\/luchonoticias.com\/editor\/neiva-conmemoro-anticipadamente-dia-internacional-de-la-eliminacion-de-la-violencia-contra-la-mujer\/#primaryimage\"},\"thumbnailUrl\":\"https:\/\/luchonoticias.com\/wp-content\/uploads\/2022\/11\/WhatsApp-Image-2022-11-23-at-7.01.27-PM-4-1024x684.jpeg\",\"datePublished\":\"2022-11-24T11:47:39+00:00\",\"dateModified\":\"2022-11-24T11:47:40+00:00\",\"breadcrumb\":{\"@id\":\"https:\/\/luchonoticias.com\/editor\/neiva-conmemoro-anticipadamente-dia-internacional-de-la-eliminacion-de-la-violencia-contra-la-mujer\/#breadcrumb\"},\"inLanguage\":\"es\",\"potentialAction\":[{\"@type\":\"ReadAction\",\"target\":[\"https:\/\/luchonoticias.com\/editor\/neiva-conmemoro-anticipadamente-dia-internacional-de-la-eliminacion-de-la-violencia-contra-la-mujer\/\"]}]},{\"@type\":\"ImageObject\",\"inLanguage\":\"es\",\"@id\":\"https:\/\/luchonoticias.com\/editor\/neiva-conmemoro-anticipadamente-dia-internacional-de-la-eliminacion-de-la-violencia-contra-la-mujer\/#primaryimage\",\"url\":\"https:\/\/luchonoticias.com\/wp-content\/uploads\/2022\/11\/WhatsApp-Image-2022-11-23-at-7.01.27-PM-4-1024x684.jpeg\",\"contentUrl\":\"https:\/\/luchonoticias.com\/wp-content\/uploads\/2022\/11\/WhatsApp-Image-2022-11-23-at-7.01.27-PM-4-1024x684.jpeg\"},{\"@type\":\"BreadcrumbList\",\"@id\":\"https:\/\/luchonoticias.com\/editor\/neiva-conmemoro-anticipadamente-dia-internacional-de-la-eliminacion-de-la-violencia-contra-la-mujer\/#breadcrumb\",\"itemListElement\":[{\"@type\":\"ListItem\",\"position\":1,\"name\":\"Portada\",\"item\":\"https:\/\/luchonoticias.com\/editor\/\"},{\"@type\":\"ListItem\",\"position\":2,\"name\":\"Neiva conmemor\u00f3 anticipadamente D\u00eda Internacional de la Eliminaci\u00f3n de la Violencia contra La Mujer\"}]},{\"@type\":\"WebSite\",\"@id\":\"https:\/\/luchonoticias.com\/editor\/#website\",\"url\":\"https:\/\/luchonoticias.com\/editor\/\",\"name\":\"\",\"description\":\"\",\"publisher\":{\"@id\":\"https:\/\/luchonoticias.com\/editor\/#\/schema\/person\/7a7fd911f58561fd056dbac7b55af9cd\"},\"potentialAction\":[{\"@type\":\"SearchAction\",\"target\":{\"@type\":\"EntryPoint\",\"urlTemplate\":\"https:\/\/luchonoticias.com\/editor\/?s={search_term_string}\"},\"query-input\":{\"@type\":\"PropertyValueSpecification\",\"valueRequired\":true,\"valueName\":\"search_term_string\"}}],\"inLanguage\":\"es\"},{\"@type\":[\"Person\",\"Organization\"],\"@id\":\"https:\/\/luchonoticias.com\/editor\/#\/schema\/person\/7a7fd911f58561fd056dbac7b55af9cd\",\"name\":\"admin\",\"image\":{\"@type\":\"ImageObject\",\"inLanguage\":\"es\",\"@id\":\"https:\/\/luchonoticias.com\/editor\/#\/schema\/person\/image\/\",\"url\":\"https:\/\/luchonoticias.com\/editor\/wp-content\/uploads\/2024\/02\/cropped-cropped-logolu.webp\",\"contentUrl\":\"https:\/\/luchonoticias.com\/editor\/wp-content\/uploads\/2024\/02\/cropped-cropped-logolu.webp\",\"width\":382,\"height\":170,\"caption\":\"admin\"},\"logo\":{\"@id\":\"https:\/\/luchonoticias.com\/editor\/#\/schema\/person\/image\/\"},\"sameAs\":[\"https:\/\/www.facebook.com\/luchonoticiasneiva\"],\"url\":\"https:\/\/luchonoticias.com\/editor\/author\/admin\/\"}]}<\/script>\n<!-- \/ Yoast SEO plugin. -->","yoast_head_json":{"title":"Neiva conmemor\u00f3 anticipadamente D\u00eda Internacional de la Eliminaci\u00f3n de la Violencia contra La Mujer -","robots":{"index":"index","follow":"follow","max-snippet":"max-snippet:-1","max-image-preview":"max-image-preview:large","max-video-preview":"max-video-preview:-1"},"canonical":"https:\/\/luchonoticias.com\/editor\/neiva-conmemoro-anticipadamente-dia-internacional-de-la-eliminacion-de-la-violencia-contra-la-mujer\/","og_locale":"es_ES","og_type":"article","og_title":"Neiva conmemor\u00f3 anticipadamente D\u00eda Internacional de la Eliminaci\u00f3n de la Violencia contra La Mujer -","og_url":"https:\/\/luchonoticias.com\/editor\/neiva-conmemoro-anticipadamente-dia-internacional-de-la-eliminacion-de-la-violencia-contra-la-mujer\/","article_publisher":"https:\/\/www.facebook.com\/luchonoticiasneiva","article_author":"https:\/\/www.facebook.com\/luchonoticiasneiva","article_published_time":"2022-11-24T11:47:39+00:00","article_modified_time":"2022-11-24T11:47:40+00:00","og_image":[{"url":"https:\/\/luchonoticias.com\/wp-content\/uploads\/2022\/11\/WhatsApp-Image-2022-11-23-at-7.01.27-PM-4-1024x684.jpeg","type":"","width":"","height":""}],"author":"admin","twitter_card":"summary_large_image","twitter_misc":{"Escrito por":"admin","Tiempo de lectura":"3 minutos"},"schema":{"@context":"https:\/\/schema.org","@graph":[{"@type":"Article","@id":"https:\/\/luchonoticias.com\/editor\/neiva-conmemoro-anticipadamente-dia-internacional-de-la-eliminacion-de-la-violencia-contra-la-mujer\/#article","isPartOf":{"@id":"https:\/\/luchonoticias.com\/editor\/neiva-conmemoro-anticipadamente-dia-internacional-de-la-eliminacion-de-la-violencia-contra-la-mujer\/"},"author":{"name":"admin","@id":"https:\/\/luchonoticias.com\/editor\/#\/schema\/person\/7a7fd911f58561fd056dbac7b55af9cd"},"headline":"Neiva conmemor\u00f3 anticipadamente D\u00eda Internacional de la Eliminaci\u00f3n de la Violencia contra La Mujer","datePublished":"2022-11-24T11:47:39+00:00","dateModified":"2022-11-24T11:47:40+00:00","mainEntityOfPage":{"@id":"https:\/\/luchonoticias.com\/editor\/neiva-conmemoro-anticipadamente-dia-internacional-de-la-eliminacion-de-la-violencia-contra-la-mujer\/"},"wordCount":614,"commentCount":0,"publisher":{"@id":"https:\/\/luchonoticias.com\/editor\/#\/schema\/person\/7a7fd911f58561fd056dbac7b55af9cd"},"image":{"@id":"https:\/\/luchonoticias.com\/editor\/neiva-conmemoro-anticipadamente-dia-internacional-de-la-eliminacion-de-la-violencia-contra-la-mujer\/#primaryimage"},"thumbnailUrl":"https:\/\/luchonoticias.com\/wp-content\/uploads\/2022\/11\/WhatsApp-Image-2022-11-23-at-7.01.27-PM-4-1024x684.jpeg","articleSection":["Comunidad","Destacado"],"inLanguage":"es","potentialAction":[{"@type":"CommentAction","name":"Comment","target":["https:\/\/luchonoticias.com\/editor\/neiva-conmemoro-anticipadamente-dia-internacional-de-la-eliminacion-de-la-violencia-contra-la-mujer\/#respond"]}]},{"@type":"WebPage","@id":"https:\/\/luchonoticias.com\/editor\/neiva-conmemoro-anticipadamente-dia-internacional-de-la-eliminacion-de-la-violencia-contra-la-mujer\/","url":"https:\/\/luchonoticias.com\/editor\/neiva-conmemoro-anticipadamente-dia-internacional-de-la-eliminacion-de-la-violencia-contra-la-mujer\/","name":"Neiva conmemor\u00f3 anticipadamente D\u00eda Internacional de la Eliminaci\u00f3n de la Violencia contra La Mujer -","isPartOf":{"@id":"https:\/\/luchonoticias.com\/editor\/#website"},"primaryImageOfPage":{"@id":"https:\/\/luchonoticias.com\/editor\/neiva-conmemoro-anticipadamente-dia-internacional-de-la-eliminacion-de-la-violencia-contra-la-mujer\/#primaryimage"},"image":{"@id":"https:\/\/luchonoticias.com\/editor\/neiva-conmemoro-anticipadamente-dia-internacional-de-la-eliminacion-de-la-violencia-contra-la-mujer\/#primaryimage"},"thumbnailUrl":"https:\/\/luchonoticias.com\/wp-content\/uploads\/2022\/11\/WhatsApp-Image-2022-11-23-at-7.01.27-PM-4-1024x684.jpeg","datePublished":"2022-11-24T11:47:39+00:00","dateModified":"2022-11-24T11:47:40+00:00","breadcrumb":{"@id":"https:\/\/luchonoticias.com\/editor\/neiva-conmemoro-anticipadamente-dia-internacional-de-la-eliminacion-de-la-violencia-contra-la-mujer\/#breadcrumb"},"inLanguage":"es","potentialAction":[{"@type":"ReadAction","target":["https:\/\/luchonoticias.com\/editor\/neiva-conmemoro-anticipadamente-dia-internacional-de-la-eliminacion-de-la-violencia-contra-la-mujer\/"]}]},{"@type":"ImageObject","inLanguage":"es","@id":"https:\/\/luchonoticias.com\/editor\/neiva-conmemoro-anticipadamente-dia-internacional-de-la-eliminacion-de-la-violencia-contra-la-mujer\/#primaryimage","url":"https:\/\/luchonoticias.com\/wp-content\/uploads\/2022\/11\/WhatsApp-Image-2022-11-23-at-7.01.27-PM-4-1024x684.jpeg","contentUrl":"https:\/\/luchonoticias.com\/wp-content\/uploads\/2022\/11\/WhatsApp-Image-2022-11-23-at-7.01.27-PM-4-1024x684.jpeg"},{"@type":"BreadcrumbList","@id":"https:\/\/luchonoticias.com\/editor\/neiva-conmemoro-anticipadamente-dia-internacional-de-la-eliminacion-de-la-violencia-contra-la-mujer\/#breadcrumb","itemListElement":[{"@type":"ListItem","position":1,"name":"Portada","item":"https:\/\/luchonoticias.com\/editor\/"},{"@type":"ListItem","position":2,"name":"Neiva conmemor\u00f3 anticipadamente D\u00eda Internacional de la Eliminaci\u00f3n de la Violencia contra La Mujer"}]},{"@type":"WebSite","@id":"https:\/\/luchonoticias.com\/editor\/#website","url":"https:\/\/luchonoticias.com\/editor\/","name":"","description":"","publisher":{"@id":"https:\/\/luchonoticias.com\/editor\/#\/schema\/person\/7a7fd911f58561fd056dbac7b55af9cd"},"potentialAction":[{"@type":"SearchAction","target":{"@type":"EntryPoint","urlTemplate":"https:\/\/luchonoticias.com\/editor\/?s={search_term_string}"},"query-input":{"@type":"PropertyValueSpecification","valueRequired":true,"valueName":"search_term_string"}}],"inLanguage":"es"},{"@type":["Person","Organization"],"@id":"https:\/\/luchonoticias.com\/editor\/#\/schema\/person\/7a7fd911f58561fd056dbac7b55af9cd","name":"admin","image":{"@type":"ImageObject","inLanguage":"es","@id":"https:\/\/luchonoticias.com\/editor\/#\/schema\/person\/image\/","url":"https:\/\/luchonoticias.com\/editor\/wp-content\/uploads\/2024\/02\/cropped-cropped-logolu.webp","contentUrl":"https:\/\/luchonoticias.com\/editor\/wp-content\/uploads\/2024\/02\/cropped-cropped-logolu.webp","width":382,"height":170,"caption":"admin"},"logo":{"@id":"https:\/\/luchonoticias.com\/editor\/#\/schema\/person\/image\/"},"sameAs":["https:\/\/www.facebook.com\/luchonoticiasneiva"],"url":"https:\/\/luchonoticias.com\/editor\/author\/admin\/"}]}},"_links":{"self":[{"href":"https:\/\/luchonoticias.com\/editor\/wp-json\/wp\/v2\/posts\/40286","targetHints":{"allow":["GET"]}}],"collection":[{"href":"https:\/\/luchonoticias.com\/editor\/wp-json\/wp\/v2\/posts"}],"about":[{"href":"https:\/\/luchonoticias.com\/editor\/wp-json\/wp\/v2\/types\/post"}],"author":[{"embeddable":true,"href":"https:\/\/luchonoticias.com\/editor\/wp-json\/wp\/v2\/users\/1"}],"replies":[{"embeddable":true,"href":"https:\/\/luchonoticias.com\/editor\/wp-json\/wp\/v2\/comments?post=40286"}],"version-history":[{"count":0,"href":"https:\/\/luchonoticias.com\/editor\/wp-json\/wp\/v2\/posts\/40286\/revisions"}],"wp:attachment":[{"href":"https:\/\/luchonoticias.com\/editor\/wp-json\/wp\/v2\/media?parent=40286"}],"wp:term":[{"taxonomy":"category","embeddable":true,"href":"https:\/\/luchonoticias.com\/editor\/wp-json\/wp\/v2\/categories?post=40286"},{"taxonomy":"post_tag","embeddable":true,"href":"https:\/\/luchonoticias.com\/editor\/wp-json\/wp\/v2\/tags?post=40286"}],"curies":[{"name":"wp","href":"https:\/\/api.w.org\/{rel}","templated":true}]}}