{"id":40296,"date":"2022-11-24T06:57:35","date_gmt":"2022-11-24T11:57:35","guid":{"rendered":"https:\/\/luchonoticias.com\/?p=40296"},"modified":"2022-11-24T06:57:36","modified_gmt":"2022-11-24T11:57:36","slug":"estudiante-huilense-sembro-1-700-arboles-para-proteger-una-laguna-en-la-plata","status":"publish","type":"post","link":"https:\/\/luchonoticias.com\/editor\/estudiante-huilense-sembro-1-700-arboles-para-proteger-una-laguna-en-la-plata\/","title":{"rendered":"Estudiante huilense sembr\u00f3 1.700 \u00e1rboles para proteger una laguna en La Plata"},"content":{"rendered":"\n<p>Tayu Freyman Lectamo Huitascue, un estudiante del grado once de la Instituci\u00f3n Educativa Casa Grande Yu Luucx Pishau del resguardo ind\u00edgena Juan Tama del municipio de La Plata, recuper\u00f3 una fuente h\u00eddrica de esta localidad del occidente del Huila.<\/p>\n\n\n\n<p>Fueron en total 1.700 los \u00e1rboles sembrados alrededor de la laguna El Roble en Santa Leticia de Moscop\u00e1n por parte del joven Tayu, integrante del resguardo ind\u00edgena Juan Tama.<\/p>\n\n\n\n<p>\u201cPara el pueblo Naza son fundamentales los espacios sagrados, porque nos identifica como pueblos que cuidamos la naturaleza, como los protectores de la madre tierra.&nbsp; Es por eso que mi primer objetivo fue el fortalecimiento de este espacio de 500 metros cuadrados, como forma de identidad\u201d, explic\u00f3 el estudiante de Und\u00e9cimo grado de la Instituci\u00f3n Educativa Casa Grande Yu Luucx Pishau.<\/p>\n\n\n\n<p>Vale la pena destacar que el material forestal, como el Urap\u00e1n, Aliso, Array\u00e1n, El Cedro y el Pendo, con el que se reforest\u00f3 la zona donde se encuentra la laguna usada por la comunidad Juan Tama para sus ceremonias ancestrales, naci\u00f3 en su mayor\u00eda a partir de un semillero, que fue ideado por el mismo estudiante en un ejercicio de investigaci\u00f3n donde se trabaja la conciencia ambiental.<\/p>\n\n\n\n<p>\u201cEste es un espacio donde debemos estar con mucho respeto. Mi labor en El Roble, desde el grado noveno, es despu\u00e9s de clases, ir a limpiar\u00a0 los \u00e1rboles y a mantener la seguridad de los postes y por ende garantizar la protecci\u00f3n del lugar\u201d, explic\u00f3 el joven l\u00edder del proyecto ambiental.<\/p>\n\n\n\n<figure class=\"wp-block-gallery has-nested-images columns-default is-cropped wp-block-gallery-1 is-layout-flex wp-block-gallery-is-layout-flex\">\n<figure class=\"wp-block-image size-large\"><img decoding=\"async\" data-id=\"40299\" src=\"https:\/\/luchonoticias.com\/wp-content\/uploads\/2022\/11\/WhatsApp-Image-2022-11-23-at-5.24.08-PM-1024x682.jpeg\" alt=\"\" class=\"wp-image-40299\"\/><\/figure>\n\n\n\n<figure class=\"wp-block-image size-large\"><img decoding=\"async\" data-id=\"40298\" src=\"https:\/\/luchonoticias.com\/wp-content\/uploads\/2022\/11\/WhatsApp-Image-2022-11-23-at-5.24.05-PM-1024x682.jpeg\" alt=\"\" class=\"wp-image-40298\"\/><\/figure>\n<\/figure>\n\n\n\n<p><strong>PRAE es un trabajo pol\u00edtico<\/strong><\/p>\n\n\n\n<p>Yeny Mildred Guejia Palomino, rectora encargada de la Instituci\u00f3n Casa Grande Yu Luucx Pishau coment\u00f3 que el Proyecto Ambiental Escolar PRAE m\u00e1s que investigaci\u00f3n o una labor ambiental, se ha convertido en un trabajo pol\u00edtico de reafirmaci\u00f3n desde el proyecto educativo comunitario.<\/p>\n\n\n\n<p>Para la docente, el estudiante&nbsp; Tayu desde el grado noveno se interes\u00f3 por el tema ambiental y decidi\u00f3 emprender acciones para recuperar la laguna que estaba en deterioro.<\/p>\n\n\n\n<p>\u201cEste estudiante viendo la necesidad de reforestar con \u00e1rboles nativos de nuestra comunidad, empez\u00f3 a trabajar un manual de armon\u00eda y equilibrio de protecci\u00f3n a este espacio,&nbsp; indicando unas normas naturales, se\u00f1alando lo que se debe y lo que no se debe hacer, por eso de esta manera el proyecto tiene un sentido muy importante como plan de vida\u201d, recalc\u00f3 la docente.<\/p>\n\n\n\n<p>En la instituci\u00f3n educativa los ni\u00f1os, ni\u00f1as, j\u00f3venes y docentes han sido sensibilizados por la CAM y acompa\u00f1ados t\u00e9cnicamente en todo lo concerniente a sembrar \u00e1rboles y la importancia que tienen las especies forestales sembradas..<\/p>\n\n\n\n<p>Este Proyecto Ambiental Escolar PRAE&nbsp; cuenta con el acompa\u00f1amiento de la Corporaci\u00f3n Aut\u00f3noma Regional del Alto Magdalena \u2013 CAM y dem\u00e1s entidades que trabajan en pro de la protecci\u00f3n de los recursos naturales del Huila.<\/p>\n","protected":false},"excerpt":{"rendered":"<p>Tayu Freyman Lectamo Huitascue, un estudiante del grado once de la Instituci\u00f3n Educativa Casa Grande Yu Luucx Pishau del resguardo ind\u00edgena Juan Tama del municipio de La Plata, recuper\u00f3 una fuente h\u00eddrica de esta localidad del occidente del Huila. Fueron en total 1.700 los \u00e1rboles sembrados alrededor de la laguna El Roble en Santa Leticia [&hellip;]<\/p>\n","protected":false},"author":1,"featured_media":0,"comment_status":"open","ping_status":"open","sticky":false,"template":"","format":"standard","meta":{"footnotes":""},"categories":[3961,36],"tags":[],"class_list":["post-40296","post","type-post","status-publish","format-standard","hentry","category-comunidad","category-destacado"],"yoast_head":"<!-- This site is optimized with the Yoast SEO plugin v26.6 - https:\/\/yoast.com\/wordpress\/plugins\/seo\/ -->\n<title>Estudiante huilense sembr\u00f3 1.700 \u00e1rboles para proteger una laguna en La Plata -<\/title>\n<meta name=\"robots\" content=\"index, follow, max-snippet:-1, max-image-preview:large, max-video-preview:-1\" \/>\n<link rel=\"canonical\" href=\"https:\/\/luchonoticias.com\/editor\/estudiante-huilense-sembro-1-700-arboles-para-proteger-una-laguna-en-la-plata\/\" \/>\n<meta property=\"og:locale\" content=\"es_ES\" \/>\n<meta property=\"og:type\" content=\"article\" \/>\n<meta property=\"og:title\" content=\"Estudiante huilense sembr\u00f3 1.700 \u00e1rboles para proteger una laguna en La Plata -\" \/>\n<meta property=\"og:url\" content=\"https:\/\/luchonoticias.com\/editor\/estudiante-huilense-sembro-1-700-arboles-para-proteger-una-laguna-en-la-plata\/\" \/>\n<meta property=\"article:publisher\" content=\"https:\/\/www.facebook.com\/luchonoticiasneiva\" \/>\n<meta property=\"article:author\" content=\"https:\/\/www.facebook.com\/luchonoticiasneiva\" \/>\n<meta property=\"article:published_time\" content=\"2022-11-24T11:57:35+00:00\" \/>\n<meta property=\"article:modified_time\" content=\"2022-11-24T11:57:36+00:00\" \/>\n<meta property=\"og:image\" content=\"https:\/\/luchonoticias.com\/wp-content\/uploads\/2022\/11\/WhatsApp-Image-2022-11-23-at-5.24.08-PM-1024x682.jpeg\" \/>\n<meta name=\"author\" content=\"admin\" \/>\n<meta name=\"twitter:card\" content=\"summary_large_image\" \/>\n<meta name=\"twitter:label1\" content=\"Escrito por\" \/>\n\t<meta name=\"twitter:data1\" content=\"admin\" \/>\n\t<meta name=\"twitter:label2\" content=\"Tiempo de lectura\" \/>\n\t<meta name=\"twitter:data2\" content=\"2 minutos\" \/>\n<script type=\"application\/ld+json\" class=\"yoast-schema-graph\">{\"@context\":\"https:\/\/schema.org\",\"@graph\":[{\"@type\":\"Article\",\"@id\":\"https:\/\/luchonoticias.com\/editor\/estudiante-huilense-sembro-1-700-arboles-para-proteger-una-laguna-en-la-plata\/#article\",\"isPartOf\":{\"@id\":\"https:\/\/luchonoticias.com\/editor\/estudiante-huilense-sembro-1-700-arboles-para-proteger-una-laguna-en-la-plata\/\"},\"author\":{\"name\":\"admin\",\"@id\":\"https:\/\/luchonoticias.com\/editor\/#\/schema\/person\/7a7fd911f58561fd056dbac7b55af9cd\"},\"headline\":\"Estudiante huilense sembr\u00f3 1.700 \u00e1rboles para proteger una laguna en La Plata\",\"datePublished\":\"2022-11-24T11:57:35+00:00\",\"dateModified\":\"2022-11-24T11:57:36+00:00\",\"mainEntityOfPage\":{\"@id\":\"https:\/\/luchonoticias.com\/editor\/estudiante-huilense-sembro-1-700-arboles-para-proteger-una-laguna-en-la-plata\/\"},\"wordCount\":500,\"commentCount\":0,\"publisher\":{\"@id\":\"https:\/\/luchonoticias.com\/editor\/#\/schema\/person\/7a7fd911f58561fd056dbac7b55af9cd\"},\"image\":{\"@id\":\"https:\/\/luchonoticias.com\/editor\/estudiante-huilense-sembro-1-700-arboles-para-proteger-una-laguna-en-la-plata\/#primaryimage\"},\"thumbnailUrl\":\"https:\/\/luchonoticias.com\/wp-content\/uploads\/2022\/11\/WhatsApp-Image-2022-11-23-at-5.24.08-PM-1024x682.jpeg\",\"articleSection\":[\"Comunidad\",\"Destacado\"],\"inLanguage\":\"es\",\"potentialAction\":[{\"@type\":\"CommentAction\",\"name\":\"Comment\",\"target\":[\"https:\/\/luchonoticias.com\/editor\/estudiante-huilense-sembro-1-700-arboles-para-proteger-una-laguna-en-la-plata\/#respond\"]}]},{\"@type\":\"WebPage\",\"@id\":\"https:\/\/luchonoticias.com\/editor\/estudiante-huilense-sembro-1-700-arboles-para-proteger-una-laguna-en-la-plata\/\",\"url\":\"https:\/\/luchonoticias.com\/editor\/estudiante-huilense-sembro-1-700-arboles-para-proteger-una-laguna-en-la-plata\/\",\"name\":\"Estudiante huilense sembr\u00f3 1.700 \u00e1rboles para proteger una laguna en La Plata -\",\"isPartOf\":{\"@id\":\"https:\/\/luchonoticias.com\/editor\/#website\"},\"primaryImageOfPage\":{\"@id\":\"https:\/\/luchonoticias.com\/editor\/estudiante-huilense-sembro-1-700-arboles-para-proteger-una-laguna-en-la-plata\/#primaryimage\"},\"image\":{\"@id\":\"https:\/\/luchonoticias.com\/editor\/estudiante-huilense-sembro-1-700-arboles-para-proteger-una-laguna-en-la-plata\/#primaryimage\"},\"thumbnailUrl\":\"https:\/\/luchonoticias.com\/wp-content\/uploads\/2022\/11\/WhatsApp-Image-2022-11-23-at-5.24.08-PM-1024x682.jpeg\",\"datePublished\":\"2022-11-24T11:57:35+00:00\",\"dateModified\":\"2022-11-24T11:57:36+00:00\",\"breadcrumb\":{\"@id\":\"https:\/\/luchonoticias.com\/editor\/estudiante-huilense-sembro-1-700-arboles-para-proteger-una-laguna-en-la-plata\/#breadcrumb\"},\"inLanguage\":\"es\",\"potentialAction\":[{\"@type\":\"ReadAction\",\"target\":[\"https:\/\/luchonoticias.com\/editor\/estudiante-huilense-sembro-1-700-arboles-para-proteger-una-laguna-en-la-plata\/\"]}]},{\"@type\":\"ImageObject\",\"inLanguage\":\"es\",\"@id\":\"https:\/\/luchonoticias.com\/editor\/estudiante-huilense-sembro-1-700-arboles-para-proteger-una-laguna-en-la-plata\/#primaryimage\",\"url\":\"https:\/\/luchonoticias.com\/wp-content\/uploads\/2022\/11\/WhatsApp-Image-2022-11-23-at-5.24.08-PM-1024x682.jpeg\",\"contentUrl\":\"https:\/\/luchonoticias.com\/wp-content\/uploads\/2022\/11\/WhatsApp-Image-2022-11-23-at-5.24.08-PM-1024x682.jpeg\"},{\"@type\":\"BreadcrumbList\",\"@id\":\"https:\/\/luchonoticias.com\/editor\/estudiante-huilense-sembro-1-700-arboles-para-proteger-una-laguna-en-la-plata\/#breadcrumb\",\"itemListElement\":[{\"@type\":\"ListItem\",\"position\":1,\"name\":\"Portada\",\"item\":\"https:\/\/luchonoticias.com\/editor\/\"},{\"@type\":\"ListItem\",\"position\":2,\"name\":\"Estudiante huilense sembr\u00f3 1.700 \u00e1rboles para proteger una laguna en La Plata\"}]},{\"@type\":\"WebSite\",\"@id\":\"https:\/\/luchonoticias.com\/editor\/#website\",\"url\":\"https:\/\/luchonoticias.com\/editor\/\",\"name\":\"\",\"description\":\"\",\"publisher\":{\"@id\":\"https:\/\/luchonoticias.com\/editor\/#\/schema\/person\/7a7fd911f58561fd056dbac7b55af9cd\"},\"potentialAction\":[{\"@type\":\"SearchAction\",\"target\":{\"@type\":\"EntryPoint\",\"urlTemplate\":\"https:\/\/luchonoticias.com\/editor\/?s={search_term_string}\"},\"query-input\":{\"@type\":\"PropertyValueSpecification\",\"valueRequired\":true,\"valueName\":\"search_term_string\"}}],\"inLanguage\":\"es\"},{\"@type\":[\"Person\",\"Organization\"],\"@id\":\"https:\/\/luchonoticias.com\/editor\/#\/schema\/person\/7a7fd911f58561fd056dbac7b55af9cd\",\"name\":\"admin\",\"image\":{\"@type\":\"ImageObject\",\"inLanguage\":\"es\",\"@id\":\"https:\/\/luchonoticias.com\/editor\/#\/schema\/person\/image\/\",\"url\":\"https:\/\/luchonoticias.com\/editor\/wp-content\/uploads\/2024\/02\/cropped-cropped-logolu.webp\",\"contentUrl\":\"https:\/\/luchonoticias.com\/editor\/wp-content\/uploads\/2024\/02\/cropped-cropped-logolu.webp\",\"width\":382,\"height\":170,\"caption\":\"admin\"},\"logo\":{\"@id\":\"https:\/\/luchonoticias.com\/editor\/#\/schema\/person\/image\/\"},\"sameAs\":[\"https:\/\/www.facebook.com\/luchonoticiasneiva\"],\"url\":\"https:\/\/luchonoticias.com\/editor\/author\/admin\/\"}]}<\/script>\n<!-- \/ Yoast SEO plugin. -->","yoast_head_json":{"title":"Estudiante huilense sembr\u00f3 1.700 \u00e1rboles para proteger una laguna en La Plata -","robots":{"index":"index","follow":"follow","max-snippet":"max-snippet:-1","max-image-preview":"max-image-preview:large","max-video-preview":"max-video-preview:-1"},"canonical":"https:\/\/luchonoticias.com\/editor\/estudiante-huilense-sembro-1-700-arboles-para-proteger-una-laguna-en-la-plata\/","og_locale":"es_ES","og_type":"article","og_title":"Estudiante huilense sembr\u00f3 1.700 \u00e1rboles para proteger una laguna en La Plata -","og_url":"https:\/\/luchonoticias.com\/editor\/estudiante-huilense-sembro-1-700-arboles-para-proteger-una-laguna-en-la-plata\/","article_publisher":"https:\/\/www.facebook.com\/luchonoticiasneiva","article_author":"https:\/\/www.facebook.com\/luchonoticiasneiva","article_published_time":"2022-11-24T11:57:35+00:00","article_modified_time":"2022-11-24T11:57:36+00:00","og_image":[{"url":"https:\/\/luchonoticias.com\/wp-content\/uploads\/2022\/11\/WhatsApp-Image-2022-11-23-at-5.24.08-PM-1024x682.jpeg","type":"","width":"","height":""}],"author":"admin","twitter_card":"summary_large_image","twitter_misc":{"Escrito por":"admin","Tiempo de lectura":"2 minutos"},"schema":{"@context":"https:\/\/schema.org","@graph":[{"@type":"Article","@id":"https:\/\/luchonoticias.com\/editor\/estudiante-huilense-sembro-1-700-arboles-para-proteger-una-laguna-en-la-plata\/#article","isPartOf":{"@id":"https:\/\/luchonoticias.com\/editor\/estudiante-huilense-sembro-1-700-arboles-para-proteger-una-laguna-en-la-plata\/"},"author":{"name":"admin","@id":"https:\/\/luchonoticias.com\/editor\/#\/schema\/person\/7a7fd911f58561fd056dbac7b55af9cd"},"headline":"Estudiante huilense sembr\u00f3 1.700 \u00e1rboles para proteger una laguna en La Plata","datePublished":"2022-11-24T11:57:35+00:00","dateModified":"2022-11-24T11:57:36+00:00","mainEntityOfPage":{"@id":"https:\/\/luchonoticias.com\/editor\/estudiante-huilense-sembro-1-700-arboles-para-proteger-una-laguna-en-la-plata\/"},"wordCount":500,"commentCount":0,"publisher":{"@id":"https:\/\/luchonoticias.com\/editor\/#\/schema\/person\/7a7fd911f58561fd056dbac7b55af9cd"},"image":{"@id":"https:\/\/luchonoticias.com\/editor\/estudiante-huilense-sembro-1-700-arboles-para-proteger-una-laguna-en-la-plata\/#primaryimage"},"thumbnailUrl":"https:\/\/luchonoticias.com\/wp-content\/uploads\/2022\/11\/WhatsApp-Image-2022-11-23-at-5.24.08-PM-1024x682.jpeg","articleSection":["Comunidad","Destacado"],"inLanguage":"es","potentialAction":[{"@type":"CommentAction","name":"Comment","target":["https:\/\/luchonoticias.com\/editor\/estudiante-huilense-sembro-1-700-arboles-para-proteger-una-laguna-en-la-plata\/#respond"]}]},{"@type":"WebPage","@id":"https:\/\/luchonoticias.com\/editor\/estudiante-huilense-sembro-1-700-arboles-para-proteger-una-laguna-en-la-plata\/","url":"https:\/\/luchonoticias.com\/editor\/estudiante-huilense-sembro-1-700-arboles-para-proteger-una-laguna-en-la-plata\/","name":"Estudiante huilense sembr\u00f3 1.700 \u00e1rboles para proteger una laguna en La Plata -","isPartOf":{"@id":"https:\/\/luchonoticias.com\/editor\/#website"},"primaryImageOfPage":{"@id":"https:\/\/luchonoticias.com\/editor\/estudiante-huilense-sembro-1-700-arboles-para-proteger-una-laguna-en-la-plata\/#primaryimage"},"image":{"@id":"https:\/\/luchonoticias.com\/editor\/estudiante-huilense-sembro-1-700-arboles-para-proteger-una-laguna-en-la-plata\/#primaryimage"},"thumbnailUrl":"https:\/\/luchonoticias.com\/wp-content\/uploads\/2022\/11\/WhatsApp-Image-2022-11-23-at-5.24.08-PM-1024x682.jpeg","datePublished":"2022-11-24T11:57:35+00:00","dateModified":"2022-11-24T11:57:36+00:00","breadcrumb":{"@id":"https:\/\/luchonoticias.com\/editor\/estudiante-huilense-sembro-1-700-arboles-para-proteger-una-laguna-en-la-plata\/#breadcrumb"},"inLanguage":"es","potentialAction":[{"@type":"ReadAction","target":["https:\/\/luchonoticias.com\/editor\/estudiante-huilense-sembro-1-700-arboles-para-proteger-una-laguna-en-la-plata\/"]}]},{"@type":"ImageObject","inLanguage":"es","@id":"https:\/\/luchonoticias.com\/editor\/estudiante-huilense-sembro-1-700-arboles-para-proteger-una-laguna-en-la-plata\/#primaryimage","url":"https:\/\/luchonoticias.com\/wp-content\/uploads\/2022\/11\/WhatsApp-Image-2022-11-23-at-5.24.08-PM-1024x682.jpeg","contentUrl":"https:\/\/luchonoticias.com\/wp-content\/uploads\/2022\/11\/WhatsApp-Image-2022-11-23-at-5.24.08-PM-1024x682.jpeg"},{"@type":"BreadcrumbList","@id":"https:\/\/luchonoticias.com\/editor\/estudiante-huilense-sembro-1-700-arboles-para-proteger-una-laguna-en-la-plata\/#breadcrumb","itemListElement":[{"@type":"ListItem","position":1,"name":"Portada","item":"https:\/\/luchonoticias.com\/editor\/"},{"@type":"ListItem","position":2,"name":"Estudiante huilense sembr\u00f3 1.700 \u00e1rboles para proteger una laguna en La Plata"}]},{"@type":"WebSite","@id":"https:\/\/luchonoticias.com\/editor\/#website","url":"https:\/\/luchonoticias.com\/editor\/","name":"","description":"","publisher":{"@id":"https:\/\/luchonoticias.com\/editor\/#\/schema\/person\/7a7fd911f58561fd056dbac7b55af9cd"},"potentialAction":[{"@type":"SearchAction","target":{"@type":"EntryPoint","urlTemplate":"https:\/\/luchonoticias.com\/editor\/?s={search_term_string}"},"query-input":{"@type":"PropertyValueSpecification","valueRequired":true,"valueName":"search_term_string"}}],"inLanguage":"es"},{"@type":["Person","Organization"],"@id":"https:\/\/luchonoticias.com\/editor\/#\/schema\/person\/7a7fd911f58561fd056dbac7b55af9cd","name":"admin","image":{"@type":"ImageObject","inLanguage":"es","@id":"https:\/\/luchonoticias.com\/editor\/#\/schema\/person\/image\/","url":"https:\/\/luchonoticias.com\/editor\/wp-content\/uploads\/2024\/02\/cropped-cropped-logolu.webp","contentUrl":"https:\/\/luchonoticias.com\/editor\/wp-content\/uploads\/2024\/02\/cropped-cropped-logolu.webp","width":382,"height":170,"caption":"admin"},"logo":{"@id":"https:\/\/luchonoticias.com\/editor\/#\/schema\/person\/image\/"},"sameAs":["https:\/\/www.facebook.com\/luchonoticiasneiva"],"url":"https:\/\/luchonoticias.com\/editor\/author\/admin\/"}]}},"_links":{"self":[{"href":"https:\/\/luchonoticias.com\/editor\/wp-json\/wp\/v2\/posts\/40296","targetHints":{"allow":["GET"]}}],"collection":[{"href":"https:\/\/luchonoticias.com\/editor\/wp-json\/wp\/v2\/posts"}],"about":[{"href":"https:\/\/luchonoticias.com\/editor\/wp-json\/wp\/v2\/types\/post"}],"author":[{"embeddable":true,"href":"https:\/\/luchonoticias.com\/editor\/wp-json\/wp\/v2\/users\/1"}],"replies":[{"embeddable":true,"href":"https:\/\/luchonoticias.com\/editor\/wp-json\/wp\/v2\/comments?post=40296"}],"version-history":[{"count":0,"href":"https:\/\/luchonoticias.com\/editor\/wp-json\/wp\/v2\/posts\/40296\/revisions"}],"wp:attachment":[{"href":"https:\/\/luchonoticias.com\/editor\/wp-json\/wp\/v2\/media?parent=40296"}],"wp:term":[{"taxonomy":"category","embeddable":true,"href":"https:\/\/luchonoticias.com\/editor\/wp-json\/wp\/v2\/categories?post=40296"},{"taxonomy":"post_tag","embeddable":true,"href":"https:\/\/luchonoticias.com\/editor\/wp-json\/wp\/v2\/tags?post=40296"}],"curies":[{"name":"wp","href":"https:\/\/api.w.org\/{rel}","templated":true}]}}