{"id":40301,"date":"2022-11-24T07:08:58","date_gmt":"2022-11-24T12:08:58","guid":{"rendered":"https:\/\/luchonoticias.com\/?p=40301"},"modified":"2022-11-24T07:08:59","modified_gmt":"2022-11-24T12:08:59","slug":"el-compromiso-de-este-gobierno-es-cumplir-el-acuerdo-de-paz-presidente-petro","status":"publish","type":"post","link":"https:\/\/luchonoticias.com\/editor\/el-compromiso-de-este-gobierno-es-cumplir-el-acuerdo-de-paz-presidente-petro\/","title":{"rendered":"El compromiso de este Gobierno es cumplir el Acuerdo de Paz: Presidente Petro"},"content":{"rendered":"\n<p>\u201cColombia no quiere sumar m\u00e1s muertos. El compromiso de este Gobierno es cumplir el Acuerdo de Paz con las FARC y llegar a negociaciones que tambi\u00e9n implicar\u00e1n transformaciones en la estructura pol\u00edtica y econ\u00f3mica del pa\u00eds hacia los otros actores de la violencia en Colombia. El cambio se impone en Colombia. S\u00ed queremos paz. Pero si queremos que esa paz perdure, el cambio se impone en el mundo. El cambio es necesario en el mundo\u201d.<\/p>\n\n\n\n<p>Estas fueron las conclusiones expresadas por el Presidente Gustavo Petro este mi\u00e9rcoles al encabezar los actos de conmemoraci\u00f3n de los seis a\u00f1os de la firma del Acuerdo de Paz con las FARC y el anuncio de las metas del Gobierno del Cambio en los frentes de la implementaci\u00f3n.<\/p>\n\n\n\n<p>\u201cEl compromiso de la paz sigue vigente y el compromiso del Presidente en este proceso de paz se volver\u00e1 no solamente vigente, sino real, todos los d\u00edas de nuestro Gobierno\u201d, enfatiz\u00f3 el Jefe de Estado en el hotel Hyatt Regency de Cartagena, donde transcurri\u00f3 el evento promovido por la Comisi\u00f3n de Impulso y Verificaci\u00f3n de la Implementaci\u00f3n del Acuerdo Final (CSIVI).<\/p>\n\n\n\n<p>\u201cDesde el punto de vista colombiano, una Paz Total tiene que ver con el cumplimiento de lo ya firmado. Si un Estado incumple su palabra es un generador de la violencia\u201d, a\u00f1adi\u00f3 el Mandatario.<\/p>\n\n\n\n<p><strong>Cambio en la pol\u00edtica mundial<\/strong><\/p>\n\n\n\n<p>Sin embargo, a\u00f1adi\u00f3 el Presidente Petro, \u201cla Paz Total en Colombia implica un cambio de pol\u00edtica mundial. Igual que la soluci\u00f3n de la crisis clim\u00e1tica implica un cambio en la pol\u00edtica mundial, tanto del lado de la emisi\u00f3n como del lado de la adaptaci\u00f3n\u201d.<\/p>\n\n\n\n<p>En ese sentido, expres\u00f3 que \u201cColombia tiene a\u00fan una reserva econ\u00f3mica para sustentar su propia paz. No es suficiente. Aun podemos dar unos pasos adelante en el cumplimiento del Acuerdo de Paz, aun podemos intentar que de los Ingresos Corrientes de la Naci\u00f3n tengamos que sacar un dinero para comprar tierras y entregarla a los campesinos\u201d.<\/p>\n\n\n\n<p>Pero, agreg\u00f3, \u201csi las circunstancias de prohibici\u00f3n y de guerra contra las drogas se mantienen, las mafias ser\u00e1n cada vez m\u00e1s poderosas. Y las mafias podr\u00e1n destruir nuestras conquistas y nuestros logros\u201d.<\/p>\n\n\n\n<p>Por esa raz\u00f3n, dijo el Presidente, \u201csi no hay un cambio de pol\u00edtica antidroga en el mundo, con relaci\u00f3n a las que se producen en Am\u00e9rica Latina, las posibilidades de paz no se pueden sostener. Y este debe ser un mensaje que debe ser claro en el mundo\u201d.<\/p>\n\n\n\n<p><strong>Conjugar esfuerzos con Am\u00e9rica Latina<\/strong><\/p>\n\n\n\n<p>Al respecto insisti\u00f3 que \u201csi quieren la paz de Colombia, hay que cambiar pol\u00edticas mundiales (contra las drogas). Am\u00e9rica Latina tiene que conjugar sus esfuerzos para cambiarlas, porque la voz de Colombia pude que no se escuche, pero la voz de Am\u00e9rica Latina junta puede que se escuche mejor\u201d.<\/p>\n\n\n\n<p>Esto requiere, indic\u00f3 el gobernante, que \u201ceste di\u00e1logo con la comunidad internacional debe ser en estos t\u00e9rminos, porque si no, puede ser una hipocres\u00eda\u201d.<\/p>\n\n\n\n<p>Tambi\u00e9n se refiri\u00f3 a los recientes hechos de violencia ocurridos en el departamento del Putumayo, los cuales, expres\u00f3, son \u201cla demostraci\u00f3n de la transformaci\u00f3n de esa violencia en formas cada vez m\u00e1s b\u00e1rbaras\u201d.<\/p>\n\n\n\n<p>Esta situaci\u00f3n, concluy\u00f3 el Presidente Petro, \u201cnada tiene que ver, realmente, con la pol\u00edtica como proyecto, sino con la pol\u00edtica mundial y la pol\u00edtica nacional respecto a toda una naci\u00f3n si la condenamos a la guerra perpetua, si la condenamos a la desigualdad perpetua, si la condenamos a especializarse en un producto que solo puede generar barbarie, exclusivamente, por su prohibici\u00f3n pol\u00edtica\u201d.<\/p>\n","protected":false},"excerpt":{"rendered":"<p>\u201cColombia no quiere sumar m\u00e1s muertos. El compromiso de este Gobierno es cumplir el Acuerdo de Paz con las FARC y llegar a negociaciones que tambi\u00e9n implicar\u00e1n transformaciones en la estructura pol\u00edtica y econ\u00f3mica del pa\u00eds hacia los otros actores de la violencia en Colombia. El cambio se impone en Colombia. S\u00ed queremos paz. Pero [&hellip;]<\/p>\n","protected":false},"author":1,"featured_media":0,"comment_status":"open","ping_status":"open","sticky":false,"template":"","format":"standard","meta":{"footnotes":""},"categories":[36,32],"tags":[],"class_list":["post-40301","post","type-post","status-publish","format-standard","hentry","category-destacado","category-nacional"],"yoast_head":"<!-- This site is optimized with the Yoast SEO plugin v26.6 - https:\/\/yoast.com\/wordpress\/plugins\/seo\/ -->\n<title>El compromiso de este Gobierno es cumplir el Acuerdo de Paz: Presidente Petro -<\/title>\n<meta name=\"robots\" content=\"index, follow, max-snippet:-1, max-image-preview:large, max-video-preview:-1\" \/>\n<link rel=\"canonical\" href=\"https:\/\/luchonoticias.com\/editor\/el-compromiso-de-este-gobierno-es-cumplir-el-acuerdo-de-paz-presidente-petro\/\" \/>\n<meta property=\"og:locale\" content=\"es_ES\" \/>\n<meta property=\"og:type\" content=\"article\" \/>\n<meta property=\"og:title\" content=\"El compromiso de este Gobierno es cumplir el Acuerdo de Paz: Presidente Petro -\" \/>\n<meta property=\"og:url\" content=\"https:\/\/luchonoticias.com\/editor\/el-compromiso-de-este-gobierno-es-cumplir-el-acuerdo-de-paz-presidente-petro\/\" \/>\n<meta property=\"article:publisher\" content=\"https:\/\/www.facebook.com\/luchonoticiasneiva\" \/>\n<meta property=\"article:author\" content=\"https:\/\/www.facebook.com\/luchonoticiasneiva\" \/>\n<meta property=\"article:published_time\" content=\"2022-11-24T12:08:58+00:00\" \/>\n<meta property=\"article:modified_time\" content=\"2022-11-24T12:08:59+00:00\" \/>\n<meta name=\"author\" content=\"admin\" \/>\n<meta name=\"twitter:card\" content=\"summary_large_image\" \/>\n<meta name=\"twitter:label1\" content=\"Escrito por\" \/>\n\t<meta name=\"twitter:data1\" content=\"admin\" \/>\n\t<meta name=\"twitter:label2\" content=\"Tiempo de lectura\" \/>\n\t<meta name=\"twitter:data2\" content=\"3 minutos\" \/>\n<script type=\"application\/ld+json\" class=\"yoast-schema-graph\">{\"@context\":\"https:\/\/schema.org\",\"@graph\":[{\"@type\":\"Article\",\"@id\":\"https:\/\/luchonoticias.com\/editor\/el-compromiso-de-este-gobierno-es-cumplir-el-acuerdo-de-paz-presidente-petro\/#article\",\"isPartOf\":{\"@id\":\"https:\/\/luchonoticias.com\/editor\/el-compromiso-de-este-gobierno-es-cumplir-el-acuerdo-de-paz-presidente-petro\/\"},\"author\":{\"name\":\"admin\",\"@id\":\"https:\/\/luchonoticias.com\/editor\/#\/schema\/person\/7a7fd911f58561fd056dbac7b55af9cd\"},\"headline\":\"El compromiso de este Gobierno es cumplir el Acuerdo de Paz: Presidente Petro\",\"datePublished\":\"2022-11-24T12:08:58+00:00\",\"dateModified\":\"2022-11-24T12:08:59+00:00\",\"mainEntityOfPage\":{\"@id\":\"https:\/\/luchonoticias.com\/editor\/el-compromiso-de-este-gobierno-es-cumplir-el-acuerdo-de-paz-presidente-petro\/\"},\"wordCount\":642,\"commentCount\":0,\"publisher\":{\"@id\":\"https:\/\/luchonoticias.com\/editor\/#\/schema\/person\/7a7fd911f58561fd056dbac7b55af9cd\"},\"articleSection\":[\"Destacado\",\"Nacional\"],\"inLanguage\":\"es\",\"potentialAction\":[{\"@type\":\"CommentAction\",\"name\":\"Comment\",\"target\":[\"https:\/\/luchonoticias.com\/editor\/el-compromiso-de-este-gobierno-es-cumplir-el-acuerdo-de-paz-presidente-petro\/#respond\"]}]},{\"@type\":\"WebPage\",\"@id\":\"https:\/\/luchonoticias.com\/editor\/el-compromiso-de-este-gobierno-es-cumplir-el-acuerdo-de-paz-presidente-petro\/\",\"url\":\"https:\/\/luchonoticias.com\/editor\/el-compromiso-de-este-gobierno-es-cumplir-el-acuerdo-de-paz-presidente-petro\/\",\"name\":\"El compromiso de este Gobierno es cumplir el Acuerdo de Paz: Presidente Petro -\",\"isPartOf\":{\"@id\":\"https:\/\/luchonoticias.com\/editor\/#website\"},\"datePublished\":\"2022-11-24T12:08:58+00:00\",\"dateModified\":\"2022-11-24T12:08:59+00:00\",\"breadcrumb\":{\"@id\":\"https:\/\/luchonoticias.com\/editor\/el-compromiso-de-este-gobierno-es-cumplir-el-acuerdo-de-paz-presidente-petro\/#breadcrumb\"},\"inLanguage\":\"es\",\"potentialAction\":[{\"@type\":\"ReadAction\",\"target\":[\"https:\/\/luchonoticias.com\/editor\/el-compromiso-de-este-gobierno-es-cumplir-el-acuerdo-de-paz-presidente-petro\/\"]}]},{\"@type\":\"BreadcrumbList\",\"@id\":\"https:\/\/luchonoticias.com\/editor\/el-compromiso-de-este-gobierno-es-cumplir-el-acuerdo-de-paz-presidente-petro\/#breadcrumb\",\"itemListElement\":[{\"@type\":\"ListItem\",\"position\":1,\"name\":\"Portada\",\"item\":\"https:\/\/luchonoticias.com\/editor\/\"},{\"@type\":\"ListItem\",\"position\":2,\"name\":\"El compromiso de este Gobierno es cumplir el Acuerdo de Paz: Presidente Petro\"}]},{\"@type\":\"WebSite\",\"@id\":\"https:\/\/luchonoticias.com\/editor\/#website\",\"url\":\"https:\/\/luchonoticias.com\/editor\/\",\"name\":\"\",\"description\":\"\",\"publisher\":{\"@id\":\"https:\/\/luchonoticias.com\/editor\/#\/schema\/person\/7a7fd911f58561fd056dbac7b55af9cd\"},\"potentialAction\":[{\"@type\":\"SearchAction\",\"target\":{\"@type\":\"EntryPoint\",\"urlTemplate\":\"https:\/\/luchonoticias.com\/editor\/?s={search_term_string}\"},\"query-input\":{\"@type\":\"PropertyValueSpecification\",\"valueRequired\":true,\"valueName\":\"search_term_string\"}}],\"inLanguage\":\"es\"},{\"@type\":[\"Person\",\"Organization\"],\"@id\":\"https:\/\/luchonoticias.com\/editor\/#\/schema\/person\/7a7fd911f58561fd056dbac7b55af9cd\",\"name\":\"admin\",\"image\":{\"@type\":\"ImageObject\",\"inLanguage\":\"es\",\"@id\":\"https:\/\/luchonoticias.com\/editor\/#\/schema\/person\/image\/\",\"url\":\"https:\/\/luchonoticias.com\/editor\/wp-content\/uploads\/2024\/02\/cropped-cropped-logolu.webp\",\"contentUrl\":\"https:\/\/luchonoticias.com\/editor\/wp-content\/uploads\/2024\/02\/cropped-cropped-logolu.webp\",\"width\":382,\"height\":170,\"caption\":\"admin\"},\"logo\":{\"@id\":\"https:\/\/luchonoticias.com\/editor\/#\/schema\/person\/image\/\"},\"sameAs\":[\"https:\/\/www.facebook.com\/luchonoticiasneiva\"],\"url\":\"https:\/\/luchonoticias.com\/editor\/author\/admin\/\"}]}<\/script>\n<!-- \/ Yoast SEO plugin. -->","yoast_head_json":{"title":"El compromiso de este Gobierno es cumplir el Acuerdo de Paz: Presidente Petro -","robots":{"index":"index","follow":"follow","max-snippet":"max-snippet:-1","max-image-preview":"max-image-preview:large","max-video-preview":"max-video-preview:-1"},"canonical":"https:\/\/luchonoticias.com\/editor\/el-compromiso-de-este-gobierno-es-cumplir-el-acuerdo-de-paz-presidente-petro\/","og_locale":"es_ES","og_type":"article","og_title":"El compromiso de este Gobierno es cumplir el Acuerdo de Paz: Presidente Petro -","og_url":"https:\/\/luchonoticias.com\/editor\/el-compromiso-de-este-gobierno-es-cumplir-el-acuerdo-de-paz-presidente-petro\/","article_publisher":"https:\/\/www.facebook.com\/luchonoticiasneiva","article_author":"https:\/\/www.facebook.com\/luchonoticiasneiva","article_published_time":"2022-11-24T12:08:58+00:00","article_modified_time":"2022-11-24T12:08:59+00:00","author":"admin","twitter_card":"summary_large_image","twitter_misc":{"Escrito por":"admin","Tiempo de lectura":"3 minutos"},"schema":{"@context":"https:\/\/schema.org","@graph":[{"@type":"Article","@id":"https:\/\/luchonoticias.com\/editor\/el-compromiso-de-este-gobierno-es-cumplir-el-acuerdo-de-paz-presidente-petro\/#article","isPartOf":{"@id":"https:\/\/luchonoticias.com\/editor\/el-compromiso-de-este-gobierno-es-cumplir-el-acuerdo-de-paz-presidente-petro\/"},"author":{"name":"admin","@id":"https:\/\/luchonoticias.com\/editor\/#\/schema\/person\/7a7fd911f58561fd056dbac7b55af9cd"},"headline":"El compromiso de este Gobierno es cumplir el Acuerdo de Paz: Presidente Petro","datePublished":"2022-11-24T12:08:58+00:00","dateModified":"2022-11-24T12:08:59+00:00","mainEntityOfPage":{"@id":"https:\/\/luchonoticias.com\/editor\/el-compromiso-de-este-gobierno-es-cumplir-el-acuerdo-de-paz-presidente-petro\/"},"wordCount":642,"commentCount":0,"publisher":{"@id":"https:\/\/luchonoticias.com\/editor\/#\/schema\/person\/7a7fd911f58561fd056dbac7b55af9cd"},"articleSection":["Destacado","Nacional"],"inLanguage":"es","potentialAction":[{"@type":"CommentAction","name":"Comment","target":["https:\/\/luchonoticias.com\/editor\/el-compromiso-de-este-gobierno-es-cumplir-el-acuerdo-de-paz-presidente-petro\/#respond"]}]},{"@type":"WebPage","@id":"https:\/\/luchonoticias.com\/editor\/el-compromiso-de-este-gobierno-es-cumplir-el-acuerdo-de-paz-presidente-petro\/","url":"https:\/\/luchonoticias.com\/editor\/el-compromiso-de-este-gobierno-es-cumplir-el-acuerdo-de-paz-presidente-petro\/","name":"El compromiso de este Gobierno es cumplir el Acuerdo de Paz: Presidente Petro -","isPartOf":{"@id":"https:\/\/luchonoticias.com\/editor\/#website"},"datePublished":"2022-11-24T12:08:58+00:00","dateModified":"2022-11-24T12:08:59+00:00","breadcrumb":{"@id":"https:\/\/luchonoticias.com\/editor\/el-compromiso-de-este-gobierno-es-cumplir-el-acuerdo-de-paz-presidente-petro\/#breadcrumb"},"inLanguage":"es","potentialAction":[{"@type":"ReadAction","target":["https:\/\/luchonoticias.com\/editor\/el-compromiso-de-este-gobierno-es-cumplir-el-acuerdo-de-paz-presidente-petro\/"]}]},{"@type":"BreadcrumbList","@id":"https:\/\/luchonoticias.com\/editor\/el-compromiso-de-este-gobierno-es-cumplir-el-acuerdo-de-paz-presidente-petro\/#breadcrumb","itemListElement":[{"@type":"ListItem","position":1,"name":"Portada","item":"https:\/\/luchonoticias.com\/editor\/"},{"@type":"ListItem","position":2,"name":"El compromiso de este Gobierno es cumplir el Acuerdo de Paz: Presidente Petro"}]},{"@type":"WebSite","@id":"https:\/\/luchonoticias.com\/editor\/#website","url":"https:\/\/luchonoticias.com\/editor\/","name":"","description":"","publisher":{"@id":"https:\/\/luchonoticias.com\/editor\/#\/schema\/person\/7a7fd911f58561fd056dbac7b55af9cd"},"potentialAction":[{"@type":"SearchAction","target":{"@type":"EntryPoint","urlTemplate":"https:\/\/luchonoticias.com\/editor\/?s={search_term_string}"},"query-input":{"@type":"PropertyValueSpecification","valueRequired":true,"valueName":"search_term_string"}}],"inLanguage":"es"},{"@type":["Person","Organization"],"@id":"https:\/\/luchonoticias.com\/editor\/#\/schema\/person\/7a7fd911f58561fd056dbac7b55af9cd","name":"admin","image":{"@type":"ImageObject","inLanguage":"es","@id":"https:\/\/luchonoticias.com\/editor\/#\/schema\/person\/image\/","url":"https:\/\/luchonoticias.com\/editor\/wp-content\/uploads\/2024\/02\/cropped-cropped-logolu.webp","contentUrl":"https:\/\/luchonoticias.com\/editor\/wp-content\/uploads\/2024\/02\/cropped-cropped-logolu.webp","width":382,"height":170,"caption":"admin"},"logo":{"@id":"https:\/\/luchonoticias.com\/editor\/#\/schema\/person\/image\/"},"sameAs":["https:\/\/www.facebook.com\/luchonoticiasneiva"],"url":"https:\/\/luchonoticias.com\/editor\/author\/admin\/"}]}},"_links":{"self":[{"href":"https:\/\/luchonoticias.com\/editor\/wp-json\/wp\/v2\/posts\/40301","targetHints":{"allow":["GET"]}}],"collection":[{"href":"https:\/\/luchonoticias.com\/editor\/wp-json\/wp\/v2\/posts"}],"about":[{"href":"https:\/\/luchonoticias.com\/editor\/wp-json\/wp\/v2\/types\/post"}],"author":[{"embeddable":true,"href":"https:\/\/luchonoticias.com\/editor\/wp-json\/wp\/v2\/users\/1"}],"replies":[{"embeddable":true,"href":"https:\/\/luchonoticias.com\/editor\/wp-json\/wp\/v2\/comments?post=40301"}],"version-history":[{"count":0,"href":"https:\/\/luchonoticias.com\/editor\/wp-json\/wp\/v2\/posts\/40301\/revisions"}],"wp:attachment":[{"href":"https:\/\/luchonoticias.com\/editor\/wp-json\/wp\/v2\/media?parent=40301"}],"wp:term":[{"taxonomy":"category","embeddable":true,"href":"https:\/\/luchonoticias.com\/editor\/wp-json\/wp\/v2\/categories?post=40301"},{"taxonomy":"post_tag","embeddable":true,"href":"https:\/\/luchonoticias.com\/editor\/wp-json\/wp\/v2\/tags?post=40301"}],"curies":[{"name":"wp","href":"https:\/\/api.w.org\/{rel}","templated":true}]}}