{"id":40311,"date":"2022-11-24T07:21:46","date_gmt":"2022-11-24T12:21:46","guid":{"rendered":"https:\/\/luchonoticias.com\/?p=40311"},"modified":"2022-11-24T07:21:47","modified_gmt":"2022-11-24T12:21:47","slug":"huilense-compitio-en-nacional-de-paracycling","status":"publish","type":"post","link":"https:\/\/luchonoticias.com\/editor\/huilense-compitio-en-nacional-de-paracycling\/","title":{"rendered":"Huilense compiti\u00f3 en nacional de paracycling"},"content":{"rendered":"\n<p>Si bien el Huila no tuvo representaci\u00f3n oficial en el marco de los&nbsp;<strong>nacionales de paracycling<\/strong>&nbsp;disputados en Pereira,&nbsp;<strong>si hubo una representaci\u00f3n regional<\/strong>&nbsp;en el torneo terminado hace poco.<\/p>\n\n\n\n<p>Dicho representante fue&nbsp;<strong>Mauricio Pe\u00f1a, nativo de Tarqui&nbsp;<\/strong>quien compiti\u00f3 con la delegaci\u00f3n de&nbsp;<strong>Fuerzas Armadas<\/strong>, ya que desde muy joven ingres\u00f3 en la Armada Nacional, donde termin\u00f3 sufriendo un accidente que le afect\u00f3 una de sus piernas.<\/p>\n\n\n\n<p>Pese a dicho percance Pe\u00f1a<strong>&nbsp;ha seguido con el sector militar,<\/strong>&nbsp;colores con los que intervino en Risaralda y logrando unas aceptables actuaciones: sexto en la contra reloj individual, cuarto en la ruta y en pista modalidad scratch adem\u00e1s de id\u00e9ntica posici\u00f3n en la puntuaci\u00f3n general.<\/p>\n\n\n\n<p>Con informaci\u00f3n y foto de Tarqui Ruise\u00f1or del Huila.<\/p>\n","protected":false},"excerpt":{"rendered":"<p>Si bien el Huila no tuvo representaci\u00f3n oficial en el marco de los&nbsp;nacionales de paracycling&nbsp;disputados en Pereira,&nbsp;si hubo una representaci\u00f3n regional&nbsp;en el torneo terminado hace poco. Dicho representante fue&nbsp;Mauricio Pe\u00f1a, nativo de Tarqui&nbsp;quien compiti\u00f3 con la delegaci\u00f3n de&nbsp;Fuerzas Armadas, ya que desde muy joven ingres\u00f3 en la Armada Nacional, donde termin\u00f3 sufriendo un accidente que [&hellip;]<\/p>\n","protected":false},"author":1,"featured_media":0,"comment_status":"open","ping_status":"open","sticky":false,"template":"","format":"standard","meta":{"footnotes":""},"categories":[34],"tags":[],"class_list":["post-40311","post","type-post","status-publish","format-standard","hentry","category-deportes"],"yoast_head":"<!-- This site is optimized with the Yoast SEO plugin v26.6 - https:\/\/yoast.com\/wordpress\/plugins\/seo\/ -->\n<title>Huilense compiti\u00f3 en nacional de paracycling -<\/title>\n<meta name=\"robots\" content=\"index, follow, max-snippet:-1, max-image-preview:large, max-video-preview:-1\" \/>\n<link rel=\"canonical\" href=\"https:\/\/luchonoticias.com\/editor\/huilense-compitio-en-nacional-de-paracycling\/\" \/>\n<meta property=\"og:locale\" content=\"es_ES\" \/>\n<meta property=\"og:type\" content=\"article\" \/>\n<meta property=\"og:title\" content=\"Huilense compiti\u00f3 en nacional de paracycling -\" \/>\n<meta property=\"og:url\" content=\"https:\/\/luchonoticias.com\/editor\/huilense-compitio-en-nacional-de-paracycling\/\" \/>\n<meta property=\"article:publisher\" content=\"https:\/\/www.facebook.com\/luchonoticiasneiva\" \/>\n<meta property=\"article:author\" content=\"https:\/\/www.facebook.com\/luchonoticiasneiva\" \/>\n<meta property=\"article:published_time\" content=\"2022-11-24T12:21:46+00:00\" \/>\n<meta property=\"article:modified_time\" content=\"2022-11-24T12:21:47+00:00\" \/>\n<meta name=\"author\" content=\"admin\" \/>\n<meta name=\"twitter:card\" content=\"summary_large_image\" \/>\n<meta name=\"twitter:label1\" content=\"Escrito por\" \/>\n\t<meta name=\"twitter:data1\" content=\"admin\" \/>\n\t<meta name=\"twitter:label2\" content=\"Tiempo de lectura\" \/>\n\t<meta name=\"twitter:data2\" content=\"1 minuto\" \/>\n<script type=\"application\/ld+json\" class=\"yoast-schema-graph\">{\"@context\":\"https:\/\/schema.org\",\"@graph\":[{\"@type\":\"Article\",\"@id\":\"https:\/\/luchonoticias.com\/editor\/huilense-compitio-en-nacional-de-paracycling\/#article\",\"isPartOf\":{\"@id\":\"https:\/\/luchonoticias.com\/editor\/huilense-compitio-en-nacional-de-paracycling\/\"},\"author\":{\"name\":\"admin\",\"@id\":\"https:\/\/luchonoticias.com\/editor\/#\/schema\/person\/7a7fd911f58561fd056dbac7b55af9cd\"},\"headline\":\"Huilense compiti\u00f3 en nacional de paracycling\",\"datePublished\":\"2022-11-24T12:21:46+00:00\",\"dateModified\":\"2022-11-24T12:21:47+00:00\",\"mainEntityOfPage\":{\"@id\":\"https:\/\/luchonoticias.com\/editor\/huilense-compitio-en-nacional-de-paracycling\/\"},\"wordCount\":149,\"commentCount\":0,\"publisher\":{\"@id\":\"https:\/\/luchonoticias.com\/editor\/#\/schema\/person\/7a7fd911f58561fd056dbac7b55af9cd\"},\"articleSection\":[\"Deportes\"],\"inLanguage\":\"es\",\"potentialAction\":[{\"@type\":\"CommentAction\",\"name\":\"Comment\",\"target\":[\"https:\/\/luchonoticias.com\/editor\/huilense-compitio-en-nacional-de-paracycling\/#respond\"]}]},{\"@type\":\"WebPage\",\"@id\":\"https:\/\/luchonoticias.com\/editor\/huilense-compitio-en-nacional-de-paracycling\/\",\"url\":\"https:\/\/luchonoticias.com\/editor\/huilense-compitio-en-nacional-de-paracycling\/\",\"name\":\"Huilense compiti\u00f3 en nacional de paracycling -\",\"isPartOf\":{\"@id\":\"https:\/\/luchonoticias.com\/editor\/#website\"},\"datePublished\":\"2022-11-24T12:21:46+00:00\",\"dateModified\":\"2022-11-24T12:21:47+00:00\",\"breadcrumb\":{\"@id\":\"https:\/\/luchonoticias.com\/editor\/huilense-compitio-en-nacional-de-paracycling\/#breadcrumb\"},\"inLanguage\":\"es\",\"potentialAction\":[{\"@type\":\"ReadAction\",\"target\":[\"https:\/\/luchonoticias.com\/editor\/huilense-compitio-en-nacional-de-paracycling\/\"]}]},{\"@type\":\"BreadcrumbList\",\"@id\":\"https:\/\/luchonoticias.com\/editor\/huilense-compitio-en-nacional-de-paracycling\/#breadcrumb\",\"itemListElement\":[{\"@type\":\"ListItem\",\"position\":1,\"name\":\"Portada\",\"item\":\"https:\/\/luchonoticias.com\/editor\/\"},{\"@type\":\"ListItem\",\"position\":2,\"name\":\"Huilense compiti\u00f3 en nacional de paracycling\"}]},{\"@type\":\"WebSite\",\"@id\":\"https:\/\/luchonoticias.com\/editor\/#website\",\"url\":\"https:\/\/luchonoticias.com\/editor\/\",\"name\":\"\",\"description\":\"\",\"publisher\":{\"@id\":\"https:\/\/luchonoticias.com\/editor\/#\/schema\/person\/7a7fd911f58561fd056dbac7b55af9cd\"},\"potentialAction\":[{\"@type\":\"SearchAction\",\"target\":{\"@type\":\"EntryPoint\",\"urlTemplate\":\"https:\/\/luchonoticias.com\/editor\/?s={search_term_string}\"},\"query-input\":{\"@type\":\"PropertyValueSpecification\",\"valueRequired\":true,\"valueName\":\"search_term_string\"}}],\"inLanguage\":\"es\"},{\"@type\":[\"Person\",\"Organization\"],\"@id\":\"https:\/\/luchonoticias.com\/editor\/#\/schema\/person\/7a7fd911f58561fd056dbac7b55af9cd\",\"name\":\"admin\",\"image\":{\"@type\":\"ImageObject\",\"inLanguage\":\"es\",\"@id\":\"https:\/\/luchonoticias.com\/editor\/#\/schema\/person\/image\/\",\"url\":\"https:\/\/luchonoticias.com\/editor\/wp-content\/uploads\/2024\/02\/cropped-cropped-logolu.webp\",\"contentUrl\":\"https:\/\/luchonoticias.com\/editor\/wp-content\/uploads\/2024\/02\/cropped-cropped-logolu.webp\",\"width\":382,\"height\":170,\"caption\":\"admin\"},\"logo\":{\"@id\":\"https:\/\/luchonoticias.com\/editor\/#\/schema\/person\/image\/\"},\"sameAs\":[\"https:\/\/www.facebook.com\/luchonoticiasneiva\"],\"url\":\"https:\/\/luchonoticias.com\/editor\/author\/admin\/\"}]}<\/script>\n<!-- \/ Yoast SEO plugin. -->","yoast_head_json":{"title":"Huilense compiti\u00f3 en nacional de paracycling -","robots":{"index":"index","follow":"follow","max-snippet":"max-snippet:-1","max-image-preview":"max-image-preview:large","max-video-preview":"max-video-preview:-1"},"canonical":"https:\/\/luchonoticias.com\/editor\/huilense-compitio-en-nacional-de-paracycling\/","og_locale":"es_ES","og_type":"article","og_title":"Huilense compiti\u00f3 en nacional de paracycling -","og_url":"https:\/\/luchonoticias.com\/editor\/huilense-compitio-en-nacional-de-paracycling\/","article_publisher":"https:\/\/www.facebook.com\/luchonoticiasneiva","article_author":"https:\/\/www.facebook.com\/luchonoticiasneiva","article_published_time":"2022-11-24T12:21:46+00:00","article_modified_time":"2022-11-24T12:21:47+00:00","author":"admin","twitter_card":"summary_large_image","twitter_misc":{"Escrito por":"admin","Tiempo de lectura":"1 minuto"},"schema":{"@context":"https:\/\/schema.org","@graph":[{"@type":"Article","@id":"https:\/\/luchonoticias.com\/editor\/huilense-compitio-en-nacional-de-paracycling\/#article","isPartOf":{"@id":"https:\/\/luchonoticias.com\/editor\/huilense-compitio-en-nacional-de-paracycling\/"},"author":{"name":"admin","@id":"https:\/\/luchonoticias.com\/editor\/#\/schema\/person\/7a7fd911f58561fd056dbac7b55af9cd"},"headline":"Huilense compiti\u00f3 en nacional de paracycling","datePublished":"2022-11-24T12:21:46+00:00","dateModified":"2022-11-24T12:21:47+00:00","mainEntityOfPage":{"@id":"https:\/\/luchonoticias.com\/editor\/huilense-compitio-en-nacional-de-paracycling\/"},"wordCount":149,"commentCount":0,"publisher":{"@id":"https:\/\/luchonoticias.com\/editor\/#\/schema\/person\/7a7fd911f58561fd056dbac7b55af9cd"},"articleSection":["Deportes"],"inLanguage":"es","potentialAction":[{"@type":"CommentAction","name":"Comment","target":["https:\/\/luchonoticias.com\/editor\/huilense-compitio-en-nacional-de-paracycling\/#respond"]}]},{"@type":"WebPage","@id":"https:\/\/luchonoticias.com\/editor\/huilense-compitio-en-nacional-de-paracycling\/","url":"https:\/\/luchonoticias.com\/editor\/huilense-compitio-en-nacional-de-paracycling\/","name":"Huilense compiti\u00f3 en nacional de paracycling -","isPartOf":{"@id":"https:\/\/luchonoticias.com\/editor\/#website"},"datePublished":"2022-11-24T12:21:46+00:00","dateModified":"2022-11-24T12:21:47+00:00","breadcrumb":{"@id":"https:\/\/luchonoticias.com\/editor\/huilense-compitio-en-nacional-de-paracycling\/#breadcrumb"},"inLanguage":"es","potentialAction":[{"@type":"ReadAction","target":["https:\/\/luchonoticias.com\/editor\/huilense-compitio-en-nacional-de-paracycling\/"]}]},{"@type":"BreadcrumbList","@id":"https:\/\/luchonoticias.com\/editor\/huilense-compitio-en-nacional-de-paracycling\/#breadcrumb","itemListElement":[{"@type":"ListItem","position":1,"name":"Portada","item":"https:\/\/luchonoticias.com\/editor\/"},{"@type":"ListItem","position":2,"name":"Huilense compiti\u00f3 en nacional de paracycling"}]},{"@type":"WebSite","@id":"https:\/\/luchonoticias.com\/editor\/#website","url":"https:\/\/luchonoticias.com\/editor\/","name":"","description":"","publisher":{"@id":"https:\/\/luchonoticias.com\/editor\/#\/schema\/person\/7a7fd911f58561fd056dbac7b55af9cd"},"potentialAction":[{"@type":"SearchAction","target":{"@type":"EntryPoint","urlTemplate":"https:\/\/luchonoticias.com\/editor\/?s={search_term_string}"},"query-input":{"@type":"PropertyValueSpecification","valueRequired":true,"valueName":"search_term_string"}}],"inLanguage":"es"},{"@type":["Person","Organization"],"@id":"https:\/\/luchonoticias.com\/editor\/#\/schema\/person\/7a7fd911f58561fd056dbac7b55af9cd","name":"admin","image":{"@type":"ImageObject","inLanguage":"es","@id":"https:\/\/luchonoticias.com\/editor\/#\/schema\/person\/image\/","url":"https:\/\/luchonoticias.com\/editor\/wp-content\/uploads\/2024\/02\/cropped-cropped-logolu.webp","contentUrl":"https:\/\/luchonoticias.com\/editor\/wp-content\/uploads\/2024\/02\/cropped-cropped-logolu.webp","width":382,"height":170,"caption":"admin"},"logo":{"@id":"https:\/\/luchonoticias.com\/editor\/#\/schema\/person\/image\/"},"sameAs":["https:\/\/www.facebook.com\/luchonoticiasneiva"],"url":"https:\/\/luchonoticias.com\/editor\/author\/admin\/"}]}},"_links":{"self":[{"href":"https:\/\/luchonoticias.com\/editor\/wp-json\/wp\/v2\/posts\/40311","targetHints":{"allow":["GET"]}}],"collection":[{"href":"https:\/\/luchonoticias.com\/editor\/wp-json\/wp\/v2\/posts"}],"about":[{"href":"https:\/\/luchonoticias.com\/editor\/wp-json\/wp\/v2\/types\/post"}],"author":[{"embeddable":true,"href":"https:\/\/luchonoticias.com\/editor\/wp-json\/wp\/v2\/users\/1"}],"replies":[{"embeddable":true,"href":"https:\/\/luchonoticias.com\/editor\/wp-json\/wp\/v2\/comments?post=40311"}],"version-history":[{"count":0,"href":"https:\/\/luchonoticias.com\/editor\/wp-json\/wp\/v2\/posts\/40311\/revisions"}],"wp:attachment":[{"href":"https:\/\/luchonoticias.com\/editor\/wp-json\/wp\/v2\/media?parent=40311"}],"wp:term":[{"taxonomy":"category","embeddable":true,"href":"https:\/\/luchonoticias.com\/editor\/wp-json\/wp\/v2\/categories?post=40311"},{"taxonomy":"post_tag","embeddable":true,"href":"https:\/\/luchonoticias.com\/editor\/wp-json\/wp\/v2\/tags?post=40311"}],"curies":[{"name":"wp","href":"https:\/\/api.w.org\/{rel}","templated":true}]}}