{"id":40317,"date":"2022-11-24T07:26:27","date_gmt":"2022-11-24T12:26:27","guid":{"rendered":"https:\/\/luchonoticias.com\/?p=40317"},"modified":"2022-11-24T07:26:28","modified_gmt":"2022-11-24T12:26:28","slug":"capturado-el-duende-por-orden-judicial-por-varios-delitos","status":"publish","type":"post","link":"https:\/\/luchonoticias.com\/editor\/capturado-el-duende-por-orden-judicial-por-varios-delitos\/","title":{"rendered":"Capturado \u2018El Duende\u2019 por orden judicial, por varios delitos."},"content":{"rendered":"\n<p>La Polic\u00eda Metropolitana de Neiva en&nbsp; desarrollo de planes de vigilancia y control desplegados en la ciudad, logra la captura de un hombre de 22 a\u00f1os de edad, por el delito Homicidio en modalidad de tentativa y otro delito.<\/p>\n\n\n\n<p>\u201cDe esta forma, unidades de nuestra Seccional de Investigaci\u00f3n Criminal SIJIN, logran en la Calle 2K con Carrera 20 del Barrio la Isla, hacer efectiva la orden de captura en contra de William Mart\u00ednez Duarte, \u00abEl Duende\u00bb de 22 a\u00f1os de edad, residente en el Barrio La Isla, quien es requerido por un Juzgado con funci\u00f3n de control de Garant\u00edas de la ciudad de Neiva, por los punibles de Homicidio Tentado y Fabricaci\u00f3n, Tr\u00e1fico y Porte o tenencia de armas de fuego agravado, al presuntamente participar en los hechos ocurridos el d\u00eda 13 de enero de 2021, donde fue lesionado con proyectil de arma de fuego en su m\u00e9dula espinal, un hombre en el barrio Obrero de esta ciudad\u201d, indicaron las autoridades en un comunicado<\/p>\n\n\n\n<p>Asimismo, las fuentes oficiales revelaron que este individuo, registra diferentes anotaciones judiciales como indiciado por los delitos de Hurto calificado de automotor, Fabricaci\u00f3n, tr\u00e1fico y porte de armas de fuego, Homicidio en modalidad de tentativa, Hurto y tr\u00e1fico, fabricaci\u00f3n o porte de estupefacientes.<\/p>\n\n\n\n<p>Finalmente, las autoridades dieron a conocer que el hombre implicado fue dejado a disposici\u00f3n de la autoridad requirente, quien decidi\u00f3 cobijarlo con medida de aseguramiento en su lugar de residencia.<\/p>\n","protected":false},"excerpt":{"rendered":"<p>La Polic\u00eda Metropolitana de Neiva en&nbsp; desarrollo de planes de vigilancia y control desplegados en la ciudad, logra la captura de un hombre de 22 a\u00f1os de edad, por el delito Homicidio en modalidad de tentativa y otro delito. \u201cDe esta forma, unidades de nuestra Seccional de Investigaci\u00f3n Criminal SIJIN, logran en la Calle 2K [&hellip;]<\/p>\n","protected":false},"author":1,"featured_media":0,"comment_status":"open","ping_status":"open","sticky":false,"template":"","format":"standard","meta":{"footnotes":""},"categories":[36,29],"tags":[],"class_list":["post-40317","post","type-post","status-publish","format-standard","hentry","category-destacado","category-judicial"],"yoast_head":"<!-- This site is optimized with the Yoast SEO plugin v26.6 - https:\/\/yoast.com\/wordpress\/plugins\/seo\/ -->\n<title>Capturado \u2018El Duende\u2019 por orden judicial, por varios delitos. -<\/title>\n<meta name=\"robots\" content=\"index, follow, max-snippet:-1, max-image-preview:large, max-video-preview:-1\" \/>\n<link rel=\"canonical\" href=\"https:\/\/luchonoticias.com\/editor\/capturado-el-duende-por-orden-judicial-por-varios-delitos\/\" \/>\n<meta property=\"og:locale\" content=\"es_ES\" \/>\n<meta property=\"og:type\" content=\"article\" \/>\n<meta property=\"og:title\" content=\"Capturado \u2018El Duende\u2019 por orden judicial, por varios delitos. -\" \/>\n<meta property=\"og:url\" content=\"https:\/\/luchonoticias.com\/editor\/capturado-el-duende-por-orden-judicial-por-varios-delitos\/\" \/>\n<meta property=\"article:publisher\" content=\"https:\/\/www.facebook.com\/luchonoticiasneiva\" \/>\n<meta property=\"article:author\" content=\"https:\/\/www.facebook.com\/luchonoticiasneiva\" \/>\n<meta property=\"article:published_time\" content=\"2022-11-24T12:26:27+00:00\" \/>\n<meta property=\"article:modified_time\" content=\"2022-11-24T12:26:28+00:00\" \/>\n<meta name=\"author\" content=\"admin\" \/>\n<meta name=\"twitter:card\" content=\"summary_large_image\" \/>\n<meta name=\"twitter:label1\" content=\"Escrito por\" \/>\n\t<meta name=\"twitter:data1\" content=\"admin\" \/>\n\t<meta name=\"twitter:label2\" content=\"Tiempo de lectura\" \/>\n\t<meta name=\"twitter:data2\" content=\"1 minuto\" \/>\n<script type=\"application\/ld+json\" class=\"yoast-schema-graph\">{\"@context\":\"https:\/\/schema.org\",\"@graph\":[{\"@type\":\"Article\",\"@id\":\"https:\/\/luchonoticias.com\/editor\/capturado-el-duende-por-orden-judicial-por-varios-delitos\/#article\",\"isPartOf\":{\"@id\":\"https:\/\/luchonoticias.com\/editor\/capturado-el-duende-por-orden-judicial-por-varios-delitos\/\"},\"author\":{\"name\":\"admin\",\"@id\":\"https:\/\/luchonoticias.com\/editor\/#\/schema\/person\/7a7fd911f58561fd056dbac7b55af9cd\"},\"headline\":\"Capturado \u2018El Duende\u2019 por orden judicial, por varios delitos.\",\"datePublished\":\"2022-11-24T12:26:27+00:00\",\"dateModified\":\"2022-11-24T12:26:28+00:00\",\"mainEntityOfPage\":{\"@id\":\"https:\/\/luchonoticias.com\/editor\/capturado-el-duende-por-orden-judicial-por-varios-delitos\/\"},\"wordCount\":258,\"commentCount\":0,\"publisher\":{\"@id\":\"https:\/\/luchonoticias.com\/editor\/#\/schema\/person\/7a7fd911f58561fd056dbac7b55af9cd\"},\"articleSection\":[\"Destacado\",\"Judicial\"],\"inLanguage\":\"es\",\"potentialAction\":[{\"@type\":\"CommentAction\",\"name\":\"Comment\",\"target\":[\"https:\/\/luchonoticias.com\/editor\/capturado-el-duende-por-orden-judicial-por-varios-delitos\/#respond\"]}]},{\"@type\":\"WebPage\",\"@id\":\"https:\/\/luchonoticias.com\/editor\/capturado-el-duende-por-orden-judicial-por-varios-delitos\/\",\"url\":\"https:\/\/luchonoticias.com\/editor\/capturado-el-duende-por-orden-judicial-por-varios-delitos\/\",\"name\":\"Capturado \u2018El Duende\u2019 por orden judicial, por varios delitos. -\",\"isPartOf\":{\"@id\":\"https:\/\/luchonoticias.com\/editor\/#website\"},\"datePublished\":\"2022-11-24T12:26:27+00:00\",\"dateModified\":\"2022-11-24T12:26:28+00:00\",\"breadcrumb\":{\"@id\":\"https:\/\/luchonoticias.com\/editor\/capturado-el-duende-por-orden-judicial-por-varios-delitos\/#breadcrumb\"},\"inLanguage\":\"es\",\"potentialAction\":[{\"@type\":\"ReadAction\",\"target\":[\"https:\/\/luchonoticias.com\/editor\/capturado-el-duende-por-orden-judicial-por-varios-delitos\/\"]}]},{\"@type\":\"BreadcrumbList\",\"@id\":\"https:\/\/luchonoticias.com\/editor\/capturado-el-duende-por-orden-judicial-por-varios-delitos\/#breadcrumb\",\"itemListElement\":[{\"@type\":\"ListItem\",\"position\":1,\"name\":\"Portada\",\"item\":\"https:\/\/luchonoticias.com\/editor\/\"},{\"@type\":\"ListItem\",\"position\":2,\"name\":\"Capturado \u2018El Duende\u2019 por orden judicial, por varios delitos.\"}]},{\"@type\":\"WebSite\",\"@id\":\"https:\/\/luchonoticias.com\/editor\/#website\",\"url\":\"https:\/\/luchonoticias.com\/editor\/\",\"name\":\"\",\"description\":\"\",\"publisher\":{\"@id\":\"https:\/\/luchonoticias.com\/editor\/#\/schema\/person\/7a7fd911f58561fd056dbac7b55af9cd\"},\"potentialAction\":[{\"@type\":\"SearchAction\",\"target\":{\"@type\":\"EntryPoint\",\"urlTemplate\":\"https:\/\/luchonoticias.com\/editor\/?s={search_term_string}\"},\"query-input\":{\"@type\":\"PropertyValueSpecification\",\"valueRequired\":true,\"valueName\":\"search_term_string\"}}],\"inLanguage\":\"es\"},{\"@type\":[\"Person\",\"Organization\"],\"@id\":\"https:\/\/luchonoticias.com\/editor\/#\/schema\/person\/7a7fd911f58561fd056dbac7b55af9cd\",\"name\":\"admin\",\"image\":{\"@type\":\"ImageObject\",\"inLanguage\":\"es\",\"@id\":\"https:\/\/luchonoticias.com\/editor\/#\/schema\/person\/image\/\",\"url\":\"https:\/\/luchonoticias.com\/editor\/wp-content\/uploads\/2024\/02\/cropped-cropped-logolu.webp\",\"contentUrl\":\"https:\/\/luchonoticias.com\/editor\/wp-content\/uploads\/2024\/02\/cropped-cropped-logolu.webp\",\"width\":382,\"height\":170,\"caption\":\"admin\"},\"logo\":{\"@id\":\"https:\/\/luchonoticias.com\/editor\/#\/schema\/person\/image\/\"},\"sameAs\":[\"https:\/\/www.facebook.com\/luchonoticiasneiva\"],\"url\":\"https:\/\/luchonoticias.com\/editor\/author\/admin\/\"}]}<\/script>\n<!-- \/ Yoast SEO plugin. -->","yoast_head_json":{"title":"Capturado \u2018El Duende\u2019 por orden judicial, por varios delitos. -","robots":{"index":"index","follow":"follow","max-snippet":"max-snippet:-1","max-image-preview":"max-image-preview:large","max-video-preview":"max-video-preview:-1"},"canonical":"https:\/\/luchonoticias.com\/editor\/capturado-el-duende-por-orden-judicial-por-varios-delitos\/","og_locale":"es_ES","og_type":"article","og_title":"Capturado \u2018El Duende\u2019 por orden judicial, por varios delitos. -","og_url":"https:\/\/luchonoticias.com\/editor\/capturado-el-duende-por-orden-judicial-por-varios-delitos\/","article_publisher":"https:\/\/www.facebook.com\/luchonoticiasneiva","article_author":"https:\/\/www.facebook.com\/luchonoticiasneiva","article_published_time":"2022-11-24T12:26:27+00:00","article_modified_time":"2022-11-24T12:26:28+00:00","author":"admin","twitter_card":"summary_large_image","twitter_misc":{"Escrito por":"admin","Tiempo de lectura":"1 minuto"},"schema":{"@context":"https:\/\/schema.org","@graph":[{"@type":"Article","@id":"https:\/\/luchonoticias.com\/editor\/capturado-el-duende-por-orden-judicial-por-varios-delitos\/#article","isPartOf":{"@id":"https:\/\/luchonoticias.com\/editor\/capturado-el-duende-por-orden-judicial-por-varios-delitos\/"},"author":{"name":"admin","@id":"https:\/\/luchonoticias.com\/editor\/#\/schema\/person\/7a7fd911f58561fd056dbac7b55af9cd"},"headline":"Capturado \u2018El Duende\u2019 por orden judicial, por varios delitos.","datePublished":"2022-11-24T12:26:27+00:00","dateModified":"2022-11-24T12:26:28+00:00","mainEntityOfPage":{"@id":"https:\/\/luchonoticias.com\/editor\/capturado-el-duende-por-orden-judicial-por-varios-delitos\/"},"wordCount":258,"commentCount":0,"publisher":{"@id":"https:\/\/luchonoticias.com\/editor\/#\/schema\/person\/7a7fd911f58561fd056dbac7b55af9cd"},"articleSection":["Destacado","Judicial"],"inLanguage":"es","potentialAction":[{"@type":"CommentAction","name":"Comment","target":["https:\/\/luchonoticias.com\/editor\/capturado-el-duende-por-orden-judicial-por-varios-delitos\/#respond"]}]},{"@type":"WebPage","@id":"https:\/\/luchonoticias.com\/editor\/capturado-el-duende-por-orden-judicial-por-varios-delitos\/","url":"https:\/\/luchonoticias.com\/editor\/capturado-el-duende-por-orden-judicial-por-varios-delitos\/","name":"Capturado \u2018El Duende\u2019 por orden judicial, por varios delitos. -","isPartOf":{"@id":"https:\/\/luchonoticias.com\/editor\/#website"},"datePublished":"2022-11-24T12:26:27+00:00","dateModified":"2022-11-24T12:26:28+00:00","breadcrumb":{"@id":"https:\/\/luchonoticias.com\/editor\/capturado-el-duende-por-orden-judicial-por-varios-delitos\/#breadcrumb"},"inLanguage":"es","potentialAction":[{"@type":"ReadAction","target":["https:\/\/luchonoticias.com\/editor\/capturado-el-duende-por-orden-judicial-por-varios-delitos\/"]}]},{"@type":"BreadcrumbList","@id":"https:\/\/luchonoticias.com\/editor\/capturado-el-duende-por-orden-judicial-por-varios-delitos\/#breadcrumb","itemListElement":[{"@type":"ListItem","position":1,"name":"Portada","item":"https:\/\/luchonoticias.com\/editor\/"},{"@type":"ListItem","position":2,"name":"Capturado \u2018El Duende\u2019 por orden judicial, por varios delitos."}]},{"@type":"WebSite","@id":"https:\/\/luchonoticias.com\/editor\/#website","url":"https:\/\/luchonoticias.com\/editor\/","name":"","description":"","publisher":{"@id":"https:\/\/luchonoticias.com\/editor\/#\/schema\/person\/7a7fd911f58561fd056dbac7b55af9cd"},"potentialAction":[{"@type":"SearchAction","target":{"@type":"EntryPoint","urlTemplate":"https:\/\/luchonoticias.com\/editor\/?s={search_term_string}"},"query-input":{"@type":"PropertyValueSpecification","valueRequired":true,"valueName":"search_term_string"}}],"inLanguage":"es"},{"@type":["Person","Organization"],"@id":"https:\/\/luchonoticias.com\/editor\/#\/schema\/person\/7a7fd911f58561fd056dbac7b55af9cd","name":"admin","image":{"@type":"ImageObject","inLanguage":"es","@id":"https:\/\/luchonoticias.com\/editor\/#\/schema\/person\/image\/","url":"https:\/\/luchonoticias.com\/editor\/wp-content\/uploads\/2024\/02\/cropped-cropped-logolu.webp","contentUrl":"https:\/\/luchonoticias.com\/editor\/wp-content\/uploads\/2024\/02\/cropped-cropped-logolu.webp","width":382,"height":170,"caption":"admin"},"logo":{"@id":"https:\/\/luchonoticias.com\/editor\/#\/schema\/person\/image\/"},"sameAs":["https:\/\/www.facebook.com\/luchonoticiasneiva"],"url":"https:\/\/luchonoticias.com\/editor\/author\/admin\/"}]}},"_links":{"self":[{"href":"https:\/\/luchonoticias.com\/editor\/wp-json\/wp\/v2\/posts\/40317","targetHints":{"allow":["GET"]}}],"collection":[{"href":"https:\/\/luchonoticias.com\/editor\/wp-json\/wp\/v2\/posts"}],"about":[{"href":"https:\/\/luchonoticias.com\/editor\/wp-json\/wp\/v2\/types\/post"}],"author":[{"embeddable":true,"href":"https:\/\/luchonoticias.com\/editor\/wp-json\/wp\/v2\/users\/1"}],"replies":[{"embeddable":true,"href":"https:\/\/luchonoticias.com\/editor\/wp-json\/wp\/v2\/comments?post=40317"}],"version-history":[{"count":0,"href":"https:\/\/luchonoticias.com\/editor\/wp-json\/wp\/v2\/posts\/40317\/revisions"}],"wp:attachment":[{"href":"https:\/\/luchonoticias.com\/editor\/wp-json\/wp\/v2\/media?parent=40317"}],"wp:term":[{"taxonomy":"category","embeddable":true,"href":"https:\/\/luchonoticias.com\/editor\/wp-json\/wp\/v2\/categories?post=40317"},{"taxonomy":"post_tag","embeddable":true,"href":"https:\/\/luchonoticias.com\/editor\/wp-json\/wp\/v2\/tags?post=40317"}],"curies":[{"name":"wp","href":"https:\/\/api.w.org\/{rel}","templated":true}]}}