{"id":40361,"date":"2022-11-25T06:31:41","date_gmt":"2022-11-25T11:31:41","guid":{"rendered":"https:\/\/luchonoticias.com\/?p=40361"},"modified":"2022-11-25T06:31:42","modified_gmt":"2022-11-25T11:31:42","slug":"alcaldia-de-neiva-le-apuesta-al-mejoramiento-del-sistema-carcelario","status":"publish","type":"post","link":"https:\/\/luchonoticias.com\/editor\/alcaldia-de-neiva-le-apuesta-al-mejoramiento-del-sistema-carcelario\/","title":{"rendered":"Alcald\u00eda de Neiva le apuesta al mejoramiento del Sistema Carcelario"},"content":{"rendered":"\n<p>Con el objetivo de hacerle frente al d\u00e9ficit de centros penitenciarios que se presenta a nivel nacional, departamental y municipal, la Alcald\u00eda de Neiva se encuentra implementando diversas estrategias en aras de mitigar la situaci\u00f3n de hacinamiento y velar por el cumplimiento de los derechos humanos de los sindicados. Dentro de las acciones se encuentran el b\u00fanker de la Fiscal\u00eda, la bodega al sur de la ciudad, el Centro Transitorio en el barrio Bogot\u00e1 y la construcci\u00f3n de la Unidad Permanente de Justicia, UPJ.<\/p>\n\n\n\n<p>En este sentido el alcalde de Neiva, Gorky Mu\u00f1oz Calder\u00f3n, expres\u00f3 que \u201cmientras se aclara la situaci\u00f3n del Estado colombiano con relaci\u00f3n al sistema carcelario y centros de reclusi\u00f3n transitorio, nosotros tenemos que actuar y nos encontramos implementando y buscando diversas herramientas que nos permitan dar soluci\u00f3n transitoria a una necesidad que nos obliga la ley pero que podemos y queremos generar\u201d<\/p>\n\n\n\n<figure class=\"wp-block-gallery has-nested-images columns-default is-cropped wp-block-gallery-1 is-layout-flex wp-block-gallery-is-layout-flex\">\n<figure class=\"wp-block-image size-large\"><img decoding=\"async\" data-id=\"40364\" src=\"https:\/\/luchonoticias.com\/wp-content\/uploads\/2022\/11\/WhatsApp-Image-2022-11-24-at-5.46.01-PM-1024x682.jpeg\" alt=\"\" class=\"wp-image-40364\"\/><\/figure>\n\n\n\n<figure class=\"wp-block-image size-large\"><img decoding=\"async\" data-id=\"40365\" src=\"https:\/\/luchonoticias.com\/wp-content\/uploads\/2022\/11\/WhatsApp-Image-2022-11-24-at-5.46.00-PM-1024x682.jpeg\" alt=\"\" class=\"wp-image-40365\"\/><\/figure>\n<\/figure>\n\n\n\n<p>Seg\u00fan cifras del Inpec, la situaci\u00f3n penitenciaria del pa\u00eds, con corte al mes de enero del a\u00f1o 2022, cuenta con un \u00edndice de hacinamiento del 20,4%; en la C\u00e1rcel de Rivera, principal centro penitenciario de la ciudad de Neiva y que cuenta con 15 convenios en el departamento, tiene una sobrepoblaci\u00f3n del 52%.<\/p>\n\n\n\n<p>\u201cLa Alcald\u00eda est\u00e1 consciente de la problem\u00e1tica que est\u00e1n presentando los sindicados y m\u00e1s la problem\u00e1tica de hacinamiento y el respeto a los derechos es de gran importancia que se encuentre en la b\u00fasqueda de soluciones\u201d, expres\u00f3 el director de la c\u00e1rcel de Rivera Jimmy Puentes M\u00e9ndez.<\/p>\n\n\n\n<p>La Administraci\u00f3n Municipal, en su compromiso con la mitigaci\u00f3n de esta problem\u00e1tica, ha ampliado los lugares de reclusi\u00f3n, durante la llegada del Covid-19 realiz\u00f3 una contrataci\u00f3n con el b\u00fanker de la Fiscal\u00eda, en la actualidad se cuenta con el Centro Transitorio la Bodega, Centro Transitorio en el barrio Bogot\u00e1, y se encuentra la construcci\u00f3n de la Unidad Permanente de Justicia, UPJ, la cual cuenta con un 25% de avance en su construcci\u00f3n.<\/p>\n\n\n\n<figure class=\"wp-block-image size-large\"><img decoding=\"async\" src=\"https:\/\/luchonoticias.com\/wp-content\/uploads\/2022\/11\/WhatsApp-Image-2022-11-24-at-5.46.02-PM-1024x682.jpeg\" alt=\"\" class=\"wp-image-40363\"\/><\/figure>\n\n\n\n<p><strong>Centros Transitorios para la Resocializaci\u00f3n<\/strong><\/p>\n\n\n\n<p>La Administraci\u00f3n Municipal se encuentra estudiando propuestas para la viabilizaci\u00f3n de un Centro Transitorio para la Resocializaci\u00f3n, que no s\u00f3lo contribuya a mitigar el d\u00e9ficit carcelario del municipio, sino que tambi\u00e9n cumpla con todas las normas, brinde garant\u00edas de cumplimiento de los derechos humanos, sea amigable con el medio ambiente y brinde espacios de formaci\u00f3n para los detenidos.<\/p>\n\n\n\n<p>\u201cEste Centro Transitorio debe contar con aspectos fundamentales para la resocializaci\u00f3n o de segundas oportunidades, habr\u00e1n centros para estudios, para atenciones productivas que generar\u00e1n diversas oportunidades\u201d, agreg\u00f3 Gorky Mu\u00f1oz Calder\u00f3n, alcalde de Neiva.<\/p>\n\n\n\n<p>Es as\u00ed como se conoci\u00f3 la propuesta de la Empresa Privada de Innovaci\u00f3n Carcelaria, que ofrece la construcci\u00f3n de un Centro de Resocializaci\u00f3n Transitorio, bajo un esquema modular denominado \u2018Steel Graming\u2019, que contar\u00eda con una capacidad para 200 personas privadas de la libertad, aulas talleres, es sostenible medioambientalmente y cumplir\u00eda con los lineamientos de las reglas Mandela recomendadas por Naciones Unidas.<\/p>\n","protected":false},"excerpt":{"rendered":"<p>Con el objetivo de hacerle frente al d\u00e9ficit de centros penitenciarios que se presenta a nivel nacional, departamental y municipal, la Alcald\u00eda de Neiva se encuentra implementando diversas estrategias en aras de mitigar la situaci\u00f3n de hacinamiento y velar por el cumplimiento de los derechos humanos de los sindicados. Dentro de las acciones se encuentran [&hellip;]<\/p>\n","protected":false},"author":1,"featured_media":0,"comment_status":"open","ping_status":"open","sticky":false,"template":"","format":"standard","meta":{"footnotes":""},"categories":[36,53],"tags":[],"class_list":["post-40361","post","type-post","status-publish","format-standard","hentry","category-destacado","category-neiva"],"yoast_head":"<!-- This site is optimized with the Yoast SEO plugin v26.6 - https:\/\/yoast.com\/wordpress\/plugins\/seo\/ -->\n<title>Alcald\u00eda de Neiva le apuesta al mejoramiento del Sistema Carcelario -<\/title>\n<meta name=\"robots\" content=\"index, follow, max-snippet:-1, max-image-preview:large, max-video-preview:-1\" \/>\n<link rel=\"canonical\" href=\"https:\/\/luchonoticias.com\/editor\/alcaldia-de-neiva-le-apuesta-al-mejoramiento-del-sistema-carcelario\/\" \/>\n<meta property=\"og:locale\" content=\"es_ES\" \/>\n<meta property=\"og:type\" content=\"article\" \/>\n<meta property=\"og:title\" content=\"Alcald\u00eda de Neiva le apuesta al mejoramiento del Sistema Carcelario -\" \/>\n<meta property=\"og:url\" content=\"https:\/\/luchonoticias.com\/editor\/alcaldia-de-neiva-le-apuesta-al-mejoramiento-del-sistema-carcelario\/\" \/>\n<meta property=\"article:publisher\" content=\"https:\/\/www.facebook.com\/luchonoticiasneiva\" \/>\n<meta property=\"article:author\" content=\"https:\/\/www.facebook.com\/luchonoticiasneiva\" \/>\n<meta property=\"article:published_time\" content=\"2022-11-25T11:31:41+00:00\" \/>\n<meta property=\"article:modified_time\" content=\"2022-11-25T11:31:42+00:00\" \/>\n<meta property=\"og:image\" content=\"https:\/\/luchonoticias.com\/wp-content\/uploads\/2022\/11\/WhatsApp-Image-2022-11-24-at-5.46.01-PM-1024x682.jpeg\" \/>\n<meta name=\"author\" content=\"admin\" \/>\n<meta name=\"twitter:card\" content=\"summary_large_image\" \/>\n<meta name=\"twitter:label1\" content=\"Escrito por\" \/>\n\t<meta name=\"twitter:data1\" content=\"admin\" \/>\n\t<meta name=\"twitter:label2\" content=\"Tiempo de lectura\" \/>\n\t<meta name=\"twitter:data2\" content=\"3 minutos\" \/>\n<script type=\"application\/ld+json\" class=\"yoast-schema-graph\">{\"@context\":\"https:\/\/schema.org\",\"@graph\":[{\"@type\":\"Article\",\"@id\":\"https:\/\/luchonoticias.com\/editor\/alcaldia-de-neiva-le-apuesta-al-mejoramiento-del-sistema-carcelario\/#article\",\"isPartOf\":{\"@id\":\"https:\/\/luchonoticias.com\/editor\/alcaldia-de-neiva-le-apuesta-al-mejoramiento-del-sistema-carcelario\/\"},\"author\":{\"name\":\"admin\",\"@id\":\"https:\/\/luchonoticias.com\/editor\/#\/schema\/person\/7a7fd911f58561fd056dbac7b55af9cd\"},\"headline\":\"Alcald\u00eda de Neiva le apuesta al mejoramiento del Sistema Carcelario\",\"datePublished\":\"2022-11-25T11:31:41+00:00\",\"dateModified\":\"2022-11-25T11:31:42+00:00\",\"mainEntityOfPage\":{\"@id\":\"https:\/\/luchonoticias.com\/editor\/alcaldia-de-neiva-le-apuesta-al-mejoramiento-del-sistema-carcelario\/\"},\"wordCount\":534,\"commentCount\":0,\"publisher\":{\"@id\":\"https:\/\/luchonoticias.com\/editor\/#\/schema\/person\/7a7fd911f58561fd056dbac7b55af9cd\"},\"image\":{\"@id\":\"https:\/\/luchonoticias.com\/editor\/alcaldia-de-neiva-le-apuesta-al-mejoramiento-del-sistema-carcelario\/#primaryimage\"},\"thumbnailUrl\":\"https:\/\/luchonoticias.com\/wp-content\/uploads\/2022\/11\/WhatsApp-Image-2022-11-24-at-5.46.01-PM-1024x682.jpeg\",\"articleSection\":[\"Destacado\",\"Neiva\"],\"inLanguage\":\"es\",\"potentialAction\":[{\"@type\":\"CommentAction\",\"name\":\"Comment\",\"target\":[\"https:\/\/luchonoticias.com\/editor\/alcaldia-de-neiva-le-apuesta-al-mejoramiento-del-sistema-carcelario\/#respond\"]}]},{\"@type\":\"WebPage\",\"@id\":\"https:\/\/luchonoticias.com\/editor\/alcaldia-de-neiva-le-apuesta-al-mejoramiento-del-sistema-carcelario\/\",\"url\":\"https:\/\/luchonoticias.com\/editor\/alcaldia-de-neiva-le-apuesta-al-mejoramiento-del-sistema-carcelario\/\",\"name\":\"Alcald\u00eda de Neiva le apuesta al mejoramiento del Sistema Carcelario -\",\"isPartOf\":{\"@id\":\"https:\/\/luchonoticias.com\/editor\/#website\"},\"primaryImageOfPage\":{\"@id\":\"https:\/\/luchonoticias.com\/editor\/alcaldia-de-neiva-le-apuesta-al-mejoramiento-del-sistema-carcelario\/#primaryimage\"},\"image\":{\"@id\":\"https:\/\/luchonoticias.com\/editor\/alcaldia-de-neiva-le-apuesta-al-mejoramiento-del-sistema-carcelario\/#primaryimage\"},\"thumbnailUrl\":\"https:\/\/luchonoticias.com\/wp-content\/uploads\/2022\/11\/WhatsApp-Image-2022-11-24-at-5.46.01-PM-1024x682.jpeg\",\"datePublished\":\"2022-11-25T11:31:41+00:00\",\"dateModified\":\"2022-11-25T11:31:42+00:00\",\"breadcrumb\":{\"@id\":\"https:\/\/luchonoticias.com\/editor\/alcaldia-de-neiva-le-apuesta-al-mejoramiento-del-sistema-carcelario\/#breadcrumb\"},\"inLanguage\":\"es\",\"potentialAction\":[{\"@type\":\"ReadAction\",\"target\":[\"https:\/\/luchonoticias.com\/editor\/alcaldia-de-neiva-le-apuesta-al-mejoramiento-del-sistema-carcelario\/\"]}]},{\"@type\":\"ImageObject\",\"inLanguage\":\"es\",\"@id\":\"https:\/\/luchonoticias.com\/editor\/alcaldia-de-neiva-le-apuesta-al-mejoramiento-del-sistema-carcelario\/#primaryimage\",\"url\":\"https:\/\/luchonoticias.com\/wp-content\/uploads\/2022\/11\/WhatsApp-Image-2022-11-24-at-5.46.01-PM-1024x682.jpeg\",\"contentUrl\":\"https:\/\/luchonoticias.com\/wp-content\/uploads\/2022\/11\/WhatsApp-Image-2022-11-24-at-5.46.01-PM-1024x682.jpeg\"},{\"@type\":\"BreadcrumbList\",\"@id\":\"https:\/\/luchonoticias.com\/editor\/alcaldia-de-neiva-le-apuesta-al-mejoramiento-del-sistema-carcelario\/#breadcrumb\",\"itemListElement\":[{\"@type\":\"ListItem\",\"position\":1,\"name\":\"Portada\",\"item\":\"https:\/\/luchonoticias.com\/editor\/\"},{\"@type\":\"ListItem\",\"position\":2,\"name\":\"Alcald\u00eda de Neiva le apuesta al mejoramiento del Sistema Carcelario\"}]},{\"@type\":\"WebSite\",\"@id\":\"https:\/\/luchonoticias.com\/editor\/#website\",\"url\":\"https:\/\/luchonoticias.com\/editor\/\",\"name\":\"\",\"description\":\"\",\"publisher\":{\"@id\":\"https:\/\/luchonoticias.com\/editor\/#\/schema\/person\/7a7fd911f58561fd056dbac7b55af9cd\"},\"potentialAction\":[{\"@type\":\"SearchAction\",\"target\":{\"@type\":\"EntryPoint\",\"urlTemplate\":\"https:\/\/luchonoticias.com\/editor\/?s={search_term_string}\"},\"query-input\":{\"@type\":\"PropertyValueSpecification\",\"valueRequired\":true,\"valueName\":\"search_term_string\"}}],\"inLanguage\":\"es\"},{\"@type\":[\"Person\",\"Organization\"],\"@id\":\"https:\/\/luchonoticias.com\/editor\/#\/schema\/person\/7a7fd911f58561fd056dbac7b55af9cd\",\"name\":\"admin\",\"image\":{\"@type\":\"ImageObject\",\"inLanguage\":\"es\",\"@id\":\"https:\/\/luchonoticias.com\/editor\/#\/schema\/person\/image\/\",\"url\":\"https:\/\/luchonoticias.com\/editor\/wp-content\/uploads\/2024\/02\/cropped-cropped-logolu.webp\",\"contentUrl\":\"https:\/\/luchonoticias.com\/editor\/wp-content\/uploads\/2024\/02\/cropped-cropped-logolu.webp\",\"width\":382,\"height\":170,\"caption\":\"admin\"},\"logo\":{\"@id\":\"https:\/\/luchonoticias.com\/editor\/#\/schema\/person\/image\/\"},\"sameAs\":[\"https:\/\/www.facebook.com\/luchonoticiasneiva\"],\"url\":\"https:\/\/luchonoticias.com\/editor\/author\/admin\/\"}]}<\/script>\n<!-- \/ Yoast SEO plugin. -->","yoast_head_json":{"title":"Alcald\u00eda de Neiva le apuesta al mejoramiento del Sistema Carcelario -","robots":{"index":"index","follow":"follow","max-snippet":"max-snippet:-1","max-image-preview":"max-image-preview:large","max-video-preview":"max-video-preview:-1"},"canonical":"https:\/\/luchonoticias.com\/editor\/alcaldia-de-neiva-le-apuesta-al-mejoramiento-del-sistema-carcelario\/","og_locale":"es_ES","og_type":"article","og_title":"Alcald\u00eda de Neiva le apuesta al mejoramiento del Sistema Carcelario -","og_url":"https:\/\/luchonoticias.com\/editor\/alcaldia-de-neiva-le-apuesta-al-mejoramiento-del-sistema-carcelario\/","article_publisher":"https:\/\/www.facebook.com\/luchonoticiasneiva","article_author":"https:\/\/www.facebook.com\/luchonoticiasneiva","article_published_time":"2022-11-25T11:31:41+00:00","article_modified_time":"2022-11-25T11:31:42+00:00","og_image":[{"url":"https:\/\/luchonoticias.com\/wp-content\/uploads\/2022\/11\/WhatsApp-Image-2022-11-24-at-5.46.01-PM-1024x682.jpeg","type":"","width":"","height":""}],"author":"admin","twitter_card":"summary_large_image","twitter_misc":{"Escrito por":"admin","Tiempo de lectura":"3 minutos"},"schema":{"@context":"https:\/\/schema.org","@graph":[{"@type":"Article","@id":"https:\/\/luchonoticias.com\/editor\/alcaldia-de-neiva-le-apuesta-al-mejoramiento-del-sistema-carcelario\/#article","isPartOf":{"@id":"https:\/\/luchonoticias.com\/editor\/alcaldia-de-neiva-le-apuesta-al-mejoramiento-del-sistema-carcelario\/"},"author":{"name":"admin","@id":"https:\/\/luchonoticias.com\/editor\/#\/schema\/person\/7a7fd911f58561fd056dbac7b55af9cd"},"headline":"Alcald\u00eda de Neiva le apuesta al mejoramiento del Sistema Carcelario","datePublished":"2022-11-25T11:31:41+00:00","dateModified":"2022-11-25T11:31:42+00:00","mainEntityOfPage":{"@id":"https:\/\/luchonoticias.com\/editor\/alcaldia-de-neiva-le-apuesta-al-mejoramiento-del-sistema-carcelario\/"},"wordCount":534,"commentCount":0,"publisher":{"@id":"https:\/\/luchonoticias.com\/editor\/#\/schema\/person\/7a7fd911f58561fd056dbac7b55af9cd"},"image":{"@id":"https:\/\/luchonoticias.com\/editor\/alcaldia-de-neiva-le-apuesta-al-mejoramiento-del-sistema-carcelario\/#primaryimage"},"thumbnailUrl":"https:\/\/luchonoticias.com\/wp-content\/uploads\/2022\/11\/WhatsApp-Image-2022-11-24-at-5.46.01-PM-1024x682.jpeg","articleSection":["Destacado","Neiva"],"inLanguage":"es","potentialAction":[{"@type":"CommentAction","name":"Comment","target":["https:\/\/luchonoticias.com\/editor\/alcaldia-de-neiva-le-apuesta-al-mejoramiento-del-sistema-carcelario\/#respond"]}]},{"@type":"WebPage","@id":"https:\/\/luchonoticias.com\/editor\/alcaldia-de-neiva-le-apuesta-al-mejoramiento-del-sistema-carcelario\/","url":"https:\/\/luchonoticias.com\/editor\/alcaldia-de-neiva-le-apuesta-al-mejoramiento-del-sistema-carcelario\/","name":"Alcald\u00eda de Neiva le apuesta al mejoramiento del Sistema Carcelario -","isPartOf":{"@id":"https:\/\/luchonoticias.com\/editor\/#website"},"primaryImageOfPage":{"@id":"https:\/\/luchonoticias.com\/editor\/alcaldia-de-neiva-le-apuesta-al-mejoramiento-del-sistema-carcelario\/#primaryimage"},"image":{"@id":"https:\/\/luchonoticias.com\/editor\/alcaldia-de-neiva-le-apuesta-al-mejoramiento-del-sistema-carcelario\/#primaryimage"},"thumbnailUrl":"https:\/\/luchonoticias.com\/wp-content\/uploads\/2022\/11\/WhatsApp-Image-2022-11-24-at-5.46.01-PM-1024x682.jpeg","datePublished":"2022-11-25T11:31:41+00:00","dateModified":"2022-11-25T11:31:42+00:00","breadcrumb":{"@id":"https:\/\/luchonoticias.com\/editor\/alcaldia-de-neiva-le-apuesta-al-mejoramiento-del-sistema-carcelario\/#breadcrumb"},"inLanguage":"es","potentialAction":[{"@type":"ReadAction","target":["https:\/\/luchonoticias.com\/editor\/alcaldia-de-neiva-le-apuesta-al-mejoramiento-del-sistema-carcelario\/"]}]},{"@type":"ImageObject","inLanguage":"es","@id":"https:\/\/luchonoticias.com\/editor\/alcaldia-de-neiva-le-apuesta-al-mejoramiento-del-sistema-carcelario\/#primaryimage","url":"https:\/\/luchonoticias.com\/wp-content\/uploads\/2022\/11\/WhatsApp-Image-2022-11-24-at-5.46.01-PM-1024x682.jpeg","contentUrl":"https:\/\/luchonoticias.com\/wp-content\/uploads\/2022\/11\/WhatsApp-Image-2022-11-24-at-5.46.01-PM-1024x682.jpeg"},{"@type":"BreadcrumbList","@id":"https:\/\/luchonoticias.com\/editor\/alcaldia-de-neiva-le-apuesta-al-mejoramiento-del-sistema-carcelario\/#breadcrumb","itemListElement":[{"@type":"ListItem","position":1,"name":"Portada","item":"https:\/\/luchonoticias.com\/editor\/"},{"@type":"ListItem","position":2,"name":"Alcald\u00eda de Neiva le apuesta al mejoramiento del Sistema Carcelario"}]},{"@type":"WebSite","@id":"https:\/\/luchonoticias.com\/editor\/#website","url":"https:\/\/luchonoticias.com\/editor\/","name":"","description":"","publisher":{"@id":"https:\/\/luchonoticias.com\/editor\/#\/schema\/person\/7a7fd911f58561fd056dbac7b55af9cd"},"potentialAction":[{"@type":"SearchAction","target":{"@type":"EntryPoint","urlTemplate":"https:\/\/luchonoticias.com\/editor\/?s={search_term_string}"},"query-input":{"@type":"PropertyValueSpecification","valueRequired":true,"valueName":"search_term_string"}}],"inLanguage":"es"},{"@type":["Person","Organization"],"@id":"https:\/\/luchonoticias.com\/editor\/#\/schema\/person\/7a7fd911f58561fd056dbac7b55af9cd","name":"admin","image":{"@type":"ImageObject","inLanguage":"es","@id":"https:\/\/luchonoticias.com\/editor\/#\/schema\/person\/image\/","url":"https:\/\/luchonoticias.com\/editor\/wp-content\/uploads\/2024\/02\/cropped-cropped-logolu.webp","contentUrl":"https:\/\/luchonoticias.com\/editor\/wp-content\/uploads\/2024\/02\/cropped-cropped-logolu.webp","width":382,"height":170,"caption":"admin"},"logo":{"@id":"https:\/\/luchonoticias.com\/editor\/#\/schema\/person\/image\/"},"sameAs":["https:\/\/www.facebook.com\/luchonoticiasneiva"],"url":"https:\/\/luchonoticias.com\/editor\/author\/admin\/"}]}},"_links":{"self":[{"href":"https:\/\/luchonoticias.com\/editor\/wp-json\/wp\/v2\/posts\/40361","targetHints":{"allow":["GET"]}}],"collection":[{"href":"https:\/\/luchonoticias.com\/editor\/wp-json\/wp\/v2\/posts"}],"about":[{"href":"https:\/\/luchonoticias.com\/editor\/wp-json\/wp\/v2\/types\/post"}],"author":[{"embeddable":true,"href":"https:\/\/luchonoticias.com\/editor\/wp-json\/wp\/v2\/users\/1"}],"replies":[{"embeddable":true,"href":"https:\/\/luchonoticias.com\/editor\/wp-json\/wp\/v2\/comments?post=40361"}],"version-history":[{"count":0,"href":"https:\/\/luchonoticias.com\/editor\/wp-json\/wp\/v2\/posts\/40361\/revisions"}],"wp:attachment":[{"href":"https:\/\/luchonoticias.com\/editor\/wp-json\/wp\/v2\/media?parent=40361"}],"wp:term":[{"taxonomy":"category","embeddable":true,"href":"https:\/\/luchonoticias.com\/editor\/wp-json\/wp\/v2\/categories?post=40361"},{"taxonomy":"post_tag","embeddable":true,"href":"https:\/\/luchonoticias.com\/editor\/wp-json\/wp\/v2\/tags?post=40361"}],"curies":[{"name":"wp","href":"https:\/\/api.w.org\/{rel}","templated":true}]}}