{"id":40367,"date":"2022-11-25T06:37:41","date_gmt":"2022-11-25T11:37:41","guid":{"rendered":"https:\/\/luchonoticias.com\/?p=40367"},"modified":"2022-11-25T06:37:42","modified_gmt":"2022-11-25T11:37:42","slug":"colpensiones-confirmo-a-jaime-dussan-como-presidente-de-la-entidad","status":"publish","type":"post","link":"https:\/\/luchonoticias.com\/editor\/colpensiones-confirmo-a-jaime-dussan-como-presidente-de-la-entidad\/","title":{"rendered":"Colpensiones confirm\u00f3 a Jaime Duss\u00e1n como presidente de la entidad"},"content":{"rendered":"\n<p>La Junta Directiva de la Administradora Colombiana de Pensiones (Colpensiones), la principal entidad p\u00fablica para la administraci\u00f3n del retiro de las personas, confirm\u00f3 en reuni\u00f3n extraordinaria a Duss\u00e1n Calder\u00f3n como nuevo presidente.<\/p>\n\n\n\n<p>El abogado que tambi\u00e9n fue presidente de la Federaci\u00f3n Colombiana de Educadores, y pr\u00f3ximo a cumplir 71 a\u00f1os seg\u00fan la ficha descriptiva de la Universidad de Los Andes sobre Duss\u00e1n, deber\u00eda tomar posesi\u00f3n del cargo en los pr\u00f3ximos d\u00edas.<\/p>\n\n\n\n<p>La confirmaci\u00f3n se dio por el pleno de la Junta de Colpensiones, la cual no solo tiene la representaci\u00f3n de los miembros independientes que pone el Gobierno, sino representantes de los ministerios de Hacienda y Trabajo.<\/p>\n","protected":false},"excerpt":{"rendered":"<p>La Junta Directiva de la Administradora Colombiana de Pensiones (Colpensiones), la principal entidad p\u00fablica para la administraci\u00f3n del retiro de las personas, confirm\u00f3 en reuni\u00f3n extraordinaria a Duss\u00e1n Calder\u00f3n como nuevo presidente. El abogado que tambi\u00e9n fue presidente de la Federaci\u00f3n Colombiana de Educadores, y pr\u00f3ximo a cumplir 71 a\u00f1os seg\u00fan la ficha descriptiva de [&hellip;]<\/p>\n","protected":false},"author":1,"featured_media":0,"comment_status":"open","ping_status":"open","sticky":false,"template":"","format":"standard","meta":{"footnotes":""},"categories":[36,617],"tags":[],"class_list":["post-40367","post","type-post","status-publish","format-standard","hentry","category-destacado","category-politica"],"yoast_head":"<!-- This site is optimized with the Yoast SEO plugin v26.6 - https:\/\/yoast.com\/wordpress\/plugins\/seo\/ -->\n<title>Colpensiones confirm\u00f3 a Jaime Duss\u00e1n como presidente de la entidad -<\/title>\n<meta name=\"robots\" content=\"index, follow, max-snippet:-1, max-image-preview:large, max-video-preview:-1\" \/>\n<link rel=\"canonical\" href=\"https:\/\/luchonoticias.com\/editor\/colpensiones-confirmo-a-jaime-dussan-como-presidente-de-la-entidad\/\" \/>\n<meta property=\"og:locale\" content=\"es_ES\" \/>\n<meta property=\"og:type\" content=\"article\" \/>\n<meta property=\"og:title\" content=\"Colpensiones confirm\u00f3 a Jaime Duss\u00e1n como presidente de la entidad -\" \/>\n<meta property=\"og:url\" content=\"https:\/\/luchonoticias.com\/editor\/colpensiones-confirmo-a-jaime-dussan-como-presidente-de-la-entidad\/\" \/>\n<meta property=\"article:publisher\" content=\"https:\/\/www.facebook.com\/luchonoticiasneiva\" \/>\n<meta property=\"article:author\" content=\"https:\/\/www.facebook.com\/luchonoticiasneiva\" \/>\n<meta property=\"article:published_time\" content=\"2022-11-25T11:37:41+00:00\" \/>\n<meta property=\"article:modified_time\" content=\"2022-11-25T11:37:42+00:00\" \/>\n<meta name=\"author\" content=\"admin\" \/>\n<meta name=\"twitter:card\" content=\"summary_large_image\" \/>\n<meta name=\"twitter:label1\" content=\"Escrito por\" \/>\n\t<meta name=\"twitter:data1\" content=\"admin\" \/>\n\t<meta name=\"twitter:label2\" content=\"Tiempo de lectura\" \/>\n\t<meta name=\"twitter:data2\" content=\"1 minuto\" \/>\n<script type=\"application\/ld+json\" class=\"yoast-schema-graph\">{\"@context\":\"https:\/\/schema.org\",\"@graph\":[{\"@type\":\"Article\",\"@id\":\"https:\/\/luchonoticias.com\/editor\/colpensiones-confirmo-a-jaime-dussan-como-presidente-de-la-entidad\/#article\",\"isPartOf\":{\"@id\":\"https:\/\/luchonoticias.com\/editor\/colpensiones-confirmo-a-jaime-dussan-como-presidente-de-la-entidad\/\"},\"author\":{\"name\":\"admin\",\"@id\":\"https:\/\/luchonoticias.com\/editor\/#\/schema\/person\/7a7fd911f58561fd056dbac7b55af9cd\"},\"headline\":\"Colpensiones confirm\u00f3 a Jaime Duss\u00e1n como presidente de la entidad\",\"datePublished\":\"2022-11-25T11:37:41+00:00\",\"dateModified\":\"2022-11-25T11:37:42+00:00\",\"mainEntityOfPage\":{\"@id\":\"https:\/\/luchonoticias.com\/editor\/colpensiones-confirmo-a-jaime-dussan-como-presidente-de-la-entidad\/\"},\"wordCount\":134,\"commentCount\":0,\"publisher\":{\"@id\":\"https:\/\/luchonoticias.com\/editor\/#\/schema\/person\/7a7fd911f58561fd056dbac7b55af9cd\"},\"articleSection\":[\"Destacado\",\"Pol\u00edtica\"],\"inLanguage\":\"es\",\"potentialAction\":[{\"@type\":\"CommentAction\",\"name\":\"Comment\",\"target\":[\"https:\/\/luchonoticias.com\/editor\/colpensiones-confirmo-a-jaime-dussan-como-presidente-de-la-entidad\/#respond\"]}]},{\"@type\":\"WebPage\",\"@id\":\"https:\/\/luchonoticias.com\/editor\/colpensiones-confirmo-a-jaime-dussan-como-presidente-de-la-entidad\/\",\"url\":\"https:\/\/luchonoticias.com\/editor\/colpensiones-confirmo-a-jaime-dussan-como-presidente-de-la-entidad\/\",\"name\":\"Colpensiones confirm\u00f3 a Jaime Duss\u00e1n como presidente de la entidad -\",\"isPartOf\":{\"@id\":\"https:\/\/luchonoticias.com\/editor\/#website\"},\"datePublished\":\"2022-11-25T11:37:41+00:00\",\"dateModified\":\"2022-11-25T11:37:42+00:00\",\"breadcrumb\":{\"@id\":\"https:\/\/luchonoticias.com\/editor\/colpensiones-confirmo-a-jaime-dussan-como-presidente-de-la-entidad\/#breadcrumb\"},\"inLanguage\":\"es\",\"potentialAction\":[{\"@type\":\"ReadAction\",\"target\":[\"https:\/\/luchonoticias.com\/editor\/colpensiones-confirmo-a-jaime-dussan-como-presidente-de-la-entidad\/\"]}]},{\"@type\":\"BreadcrumbList\",\"@id\":\"https:\/\/luchonoticias.com\/editor\/colpensiones-confirmo-a-jaime-dussan-como-presidente-de-la-entidad\/#breadcrumb\",\"itemListElement\":[{\"@type\":\"ListItem\",\"position\":1,\"name\":\"Portada\",\"item\":\"https:\/\/luchonoticias.com\/editor\/\"},{\"@type\":\"ListItem\",\"position\":2,\"name\":\"Colpensiones confirm\u00f3 a Jaime Duss\u00e1n como presidente de la entidad\"}]},{\"@type\":\"WebSite\",\"@id\":\"https:\/\/luchonoticias.com\/editor\/#website\",\"url\":\"https:\/\/luchonoticias.com\/editor\/\",\"name\":\"\",\"description\":\"\",\"publisher\":{\"@id\":\"https:\/\/luchonoticias.com\/editor\/#\/schema\/person\/7a7fd911f58561fd056dbac7b55af9cd\"},\"potentialAction\":[{\"@type\":\"SearchAction\",\"target\":{\"@type\":\"EntryPoint\",\"urlTemplate\":\"https:\/\/luchonoticias.com\/editor\/?s={search_term_string}\"},\"query-input\":{\"@type\":\"PropertyValueSpecification\",\"valueRequired\":true,\"valueName\":\"search_term_string\"}}],\"inLanguage\":\"es\"},{\"@type\":[\"Person\",\"Organization\"],\"@id\":\"https:\/\/luchonoticias.com\/editor\/#\/schema\/person\/7a7fd911f58561fd056dbac7b55af9cd\",\"name\":\"admin\",\"image\":{\"@type\":\"ImageObject\",\"inLanguage\":\"es\",\"@id\":\"https:\/\/luchonoticias.com\/editor\/#\/schema\/person\/image\/\",\"url\":\"https:\/\/luchonoticias.com\/editor\/wp-content\/uploads\/2024\/02\/cropped-cropped-logolu.webp\",\"contentUrl\":\"https:\/\/luchonoticias.com\/editor\/wp-content\/uploads\/2024\/02\/cropped-cropped-logolu.webp\",\"width\":382,\"height\":170,\"caption\":\"admin\"},\"logo\":{\"@id\":\"https:\/\/luchonoticias.com\/editor\/#\/schema\/person\/image\/\"},\"sameAs\":[\"https:\/\/www.facebook.com\/luchonoticiasneiva\"],\"url\":\"https:\/\/luchonoticias.com\/editor\/author\/admin\/\"}]}<\/script>\n<!-- \/ Yoast SEO plugin. -->","yoast_head_json":{"title":"Colpensiones confirm\u00f3 a Jaime Duss\u00e1n como presidente de la entidad -","robots":{"index":"index","follow":"follow","max-snippet":"max-snippet:-1","max-image-preview":"max-image-preview:large","max-video-preview":"max-video-preview:-1"},"canonical":"https:\/\/luchonoticias.com\/editor\/colpensiones-confirmo-a-jaime-dussan-como-presidente-de-la-entidad\/","og_locale":"es_ES","og_type":"article","og_title":"Colpensiones confirm\u00f3 a Jaime Duss\u00e1n como presidente de la entidad -","og_url":"https:\/\/luchonoticias.com\/editor\/colpensiones-confirmo-a-jaime-dussan-como-presidente-de-la-entidad\/","article_publisher":"https:\/\/www.facebook.com\/luchonoticiasneiva","article_author":"https:\/\/www.facebook.com\/luchonoticiasneiva","article_published_time":"2022-11-25T11:37:41+00:00","article_modified_time":"2022-11-25T11:37:42+00:00","author":"admin","twitter_card":"summary_large_image","twitter_misc":{"Escrito por":"admin","Tiempo de lectura":"1 minuto"},"schema":{"@context":"https:\/\/schema.org","@graph":[{"@type":"Article","@id":"https:\/\/luchonoticias.com\/editor\/colpensiones-confirmo-a-jaime-dussan-como-presidente-de-la-entidad\/#article","isPartOf":{"@id":"https:\/\/luchonoticias.com\/editor\/colpensiones-confirmo-a-jaime-dussan-como-presidente-de-la-entidad\/"},"author":{"name":"admin","@id":"https:\/\/luchonoticias.com\/editor\/#\/schema\/person\/7a7fd911f58561fd056dbac7b55af9cd"},"headline":"Colpensiones confirm\u00f3 a Jaime Duss\u00e1n como presidente de la entidad","datePublished":"2022-11-25T11:37:41+00:00","dateModified":"2022-11-25T11:37:42+00:00","mainEntityOfPage":{"@id":"https:\/\/luchonoticias.com\/editor\/colpensiones-confirmo-a-jaime-dussan-como-presidente-de-la-entidad\/"},"wordCount":134,"commentCount":0,"publisher":{"@id":"https:\/\/luchonoticias.com\/editor\/#\/schema\/person\/7a7fd911f58561fd056dbac7b55af9cd"},"articleSection":["Destacado","Pol\u00edtica"],"inLanguage":"es","potentialAction":[{"@type":"CommentAction","name":"Comment","target":["https:\/\/luchonoticias.com\/editor\/colpensiones-confirmo-a-jaime-dussan-como-presidente-de-la-entidad\/#respond"]}]},{"@type":"WebPage","@id":"https:\/\/luchonoticias.com\/editor\/colpensiones-confirmo-a-jaime-dussan-como-presidente-de-la-entidad\/","url":"https:\/\/luchonoticias.com\/editor\/colpensiones-confirmo-a-jaime-dussan-como-presidente-de-la-entidad\/","name":"Colpensiones confirm\u00f3 a Jaime Duss\u00e1n como presidente de la entidad -","isPartOf":{"@id":"https:\/\/luchonoticias.com\/editor\/#website"},"datePublished":"2022-11-25T11:37:41+00:00","dateModified":"2022-11-25T11:37:42+00:00","breadcrumb":{"@id":"https:\/\/luchonoticias.com\/editor\/colpensiones-confirmo-a-jaime-dussan-como-presidente-de-la-entidad\/#breadcrumb"},"inLanguage":"es","potentialAction":[{"@type":"ReadAction","target":["https:\/\/luchonoticias.com\/editor\/colpensiones-confirmo-a-jaime-dussan-como-presidente-de-la-entidad\/"]}]},{"@type":"BreadcrumbList","@id":"https:\/\/luchonoticias.com\/editor\/colpensiones-confirmo-a-jaime-dussan-como-presidente-de-la-entidad\/#breadcrumb","itemListElement":[{"@type":"ListItem","position":1,"name":"Portada","item":"https:\/\/luchonoticias.com\/editor\/"},{"@type":"ListItem","position":2,"name":"Colpensiones confirm\u00f3 a Jaime Duss\u00e1n como presidente de la entidad"}]},{"@type":"WebSite","@id":"https:\/\/luchonoticias.com\/editor\/#website","url":"https:\/\/luchonoticias.com\/editor\/","name":"","description":"","publisher":{"@id":"https:\/\/luchonoticias.com\/editor\/#\/schema\/person\/7a7fd911f58561fd056dbac7b55af9cd"},"potentialAction":[{"@type":"SearchAction","target":{"@type":"EntryPoint","urlTemplate":"https:\/\/luchonoticias.com\/editor\/?s={search_term_string}"},"query-input":{"@type":"PropertyValueSpecification","valueRequired":true,"valueName":"search_term_string"}}],"inLanguage":"es"},{"@type":["Person","Organization"],"@id":"https:\/\/luchonoticias.com\/editor\/#\/schema\/person\/7a7fd911f58561fd056dbac7b55af9cd","name":"admin","image":{"@type":"ImageObject","inLanguage":"es","@id":"https:\/\/luchonoticias.com\/editor\/#\/schema\/person\/image\/","url":"https:\/\/luchonoticias.com\/editor\/wp-content\/uploads\/2024\/02\/cropped-cropped-logolu.webp","contentUrl":"https:\/\/luchonoticias.com\/editor\/wp-content\/uploads\/2024\/02\/cropped-cropped-logolu.webp","width":382,"height":170,"caption":"admin"},"logo":{"@id":"https:\/\/luchonoticias.com\/editor\/#\/schema\/person\/image\/"},"sameAs":["https:\/\/www.facebook.com\/luchonoticiasneiva"],"url":"https:\/\/luchonoticias.com\/editor\/author\/admin\/"}]}},"_links":{"self":[{"href":"https:\/\/luchonoticias.com\/editor\/wp-json\/wp\/v2\/posts\/40367","targetHints":{"allow":["GET"]}}],"collection":[{"href":"https:\/\/luchonoticias.com\/editor\/wp-json\/wp\/v2\/posts"}],"about":[{"href":"https:\/\/luchonoticias.com\/editor\/wp-json\/wp\/v2\/types\/post"}],"author":[{"embeddable":true,"href":"https:\/\/luchonoticias.com\/editor\/wp-json\/wp\/v2\/users\/1"}],"replies":[{"embeddable":true,"href":"https:\/\/luchonoticias.com\/editor\/wp-json\/wp\/v2\/comments?post=40367"}],"version-history":[{"count":0,"href":"https:\/\/luchonoticias.com\/editor\/wp-json\/wp\/v2\/posts\/40367\/revisions"}],"wp:attachment":[{"href":"https:\/\/luchonoticias.com\/editor\/wp-json\/wp\/v2\/media?parent=40367"}],"wp:term":[{"taxonomy":"category","embeddable":true,"href":"https:\/\/luchonoticias.com\/editor\/wp-json\/wp\/v2\/categories?post=40367"},{"taxonomy":"post_tag","embeddable":true,"href":"https:\/\/luchonoticias.com\/editor\/wp-json\/wp\/v2\/tags?post=40367"}],"curies":[{"name":"wp","href":"https:\/\/api.w.org\/{rel}","templated":true}]}}