{"id":40370,"date":"2022-11-25T06:47:41","date_gmt":"2022-11-25T11:47:41","guid":{"rendered":"https:\/\/luchonoticias.com\/?p=40370"},"modified":"2022-11-25T06:47:42","modified_gmt":"2022-11-25T11:47:42","slug":"la-migracion-politica-antidrogas-y-crisis-climatica-son-las-agendas-que-america-latina-deberia-construir-presidente-petro","status":"publish","type":"post","link":"https:\/\/luchonoticias.com\/editor\/la-migracion-politica-antidrogas-y-crisis-climatica-son-las-agendas-que-america-latina-deberia-construir-presidente-petro\/","title":{"rendered":"La migraci\u00f3n, pol\u00edtica antidrogas y crisis clim\u00e1tica son las agendas que Am\u00e9rica Latina deber\u00eda construir: Presidente Petro"},"content":{"rendered":"\n<p>En su primera visita oficial como Jefe de Estado a M\u00e9xico, el Presidente de Colombia, Gustavo Petro, confirm\u00f3 que los temas de migraci\u00f3n, pol\u00edtica antidrogas y la crisis clim\u00e1tica son los que integran la agenda que tratar\u00e1 este viernes con su hom\u00f3logo, Andr\u00e9s Manuel L\u00f3pez Obrador.<\/p>\n\n\n\n<p>\u201cBueno, estos son temas para hablar, la migraci\u00f3n, la pol\u00edtica antidrogas, la crisis clim\u00e1tica, son las agendas que hoy Am\u00e9rica Latina deber\u00eda construir, a trav\u00e9s de sus gobiernos, de sus sociedades, de sus fuerzas pol\u00edticas; y mi entrevista este viernes con el Presidente L\u00f3pez tiene que ver con esto\u201d, manifest\u00f3.<\/p>\n\n\n\n<p>El Presidente Petro reafirm\u00f3 que la crisis clim\u00e1tica es el principal problema que afronta la humanidad, porque si no se toman medidas urgentes y certeras, en cuanto a la adaptaci\u00f3n, financiaci\u00f3n, pagos por da\u00f1os ambientales y el cuidado de la Amazon\u00eda, la extinci\u00f3n puede ser una realidad.<\/p>\n\n\n\n<p>\u201cQueremos abordar el tema de la crisis clim\u00e1tica, por ejemplo; no ha sido posible que Am\u00e9rica Latina tenga una posici\u00f3n unificada para tratar de remediar el principal problema de la humanidad, que es la crisis clim\u00e1tica\u201d, dijo.<\/p>\n\n\n\n<figure class=\"wp-block-image size-large\"><img decoding=\"async\" src=\"https:\/\/luchonoticias.com\/wp-content\/uploads\/2022\/11\/WhatsApp-Image-2022-11-25-at-6.05.51-AM-1-1024x683.jpeg\" alt=\"\" class=\"wp-image-40372\"\/><\/figure>\n\n\n\n<p>A\u00f1adi\u00f3 que el fen\u00f3meno de la crisis clim\u00e1tica tambi\u00e9n es el responsable de la migraci\u00f3n de millones de personas en todo el mundo, como en Am\u00e9rica Latina, que buscan oportunidades en el norte, en donde son recibidos con metralla y represi\u00f3n.<\/p>\n\n\n\n<p>\u201cEl miedo ha generado una extrema derecha que crece m\u00e1s en el norte como creci\u00f3 en 1933. Avanza porque la sociedad est\u00e1 llena de miedos, el miedo a los inmigrantes es contra nosotros\u201d, declar\u00f3, y calific\u00f3 a lo que sucede en el tap\u00f3n del Dari\u00e9n, en la frontera entre Colombia y Panam\u00e1, como un escenario de crisis y desastre humanitario, porque han migrado m\u00e1s de 200 mil personas, que se unen a millones m\u00e1s.<\/p>\n\n\n\n<p>\u201cPor eso no tratan bien a los colombianos aqu\u00ed, porque creen que van a cruzar el R\u00edo Bravo\u201d, dijo.<\/p>\n\n\n\n<p>Explic\u00f3 que la misma crisis clim\u00e1tica va sacando m\u00e1s y m\u00e1s gente con hambre de los territorios del sur, de Centroam\u00e9rica, hacia donde est\u00e1 el agua\u201d, acot\u00f3.<\/p>\n\n\n\n<p>A\u00f1adi\u00f3 que ha comenzado una \u00e9poca de exclusi\u00f3n que no se mide en milenios, sino en d\u00e9cadas y por tanto es urgente la acci\u00f3n, como la de enfrentar el hambre.<\/p>\n\n\n\n<p>\u201cLa crisis clim\u00e1tica puede acabar con todo, el sur y el norte; el sur se acaba primero, las islas, y luego el continente. La tierra va a seguir, pero la vida va a ser afectada de tal manera que nadie puede garantizar hoy que sus hijos vivan mejor que sus padres. Si uno mira con cuidado la crisis clim\u00e1tica, lo que habr\u00eda que afirmar es lo contrario: la degradaci\u00f3n de la vida se puso en marcha\u201d, remarc\u00f3.<\/p>\n\n\n\n<figure class=\"wp-block-gallery has-nested-images columns-default is-cropped wp-block-gallery-1 is-layout-flex wp-block-gallery-is-layout-flex\">\n<figure class=\"wp-block-image size-large\"><img decoding=\"async\" data-id=\"40374\" src=\"https:\/\/luchonoticias.com\/wp-content\/uploads\/2022\/11\/WhatsApp-Image-2022-11-25-at-6.05.50-AM-1-1024x683.jpeg\" alt=\"\" class=\"wp-image-40374\"\/><\/figure>\n\n\n\n<figure class=\"wp-block-image size-large\"><img decoding=\"async\" data-id=\"40373\" src=\"https:\/\/luchonoticias.com\/wp-content\/uploads\/2022\/11\/WhatsApp-Image-2022-11-25-at-6.05.50-AM-1024x683.jpeg\" alt=\"\" class=\"wp-image-40373\"\/><\/figure>\n<\/figure>\n\n\n\n<p><strong>Fracaso antidrogas<\/strong><\/p>\n\n\n\n<p>Para el Mandatario, la pol\u00edtica antidrogas construida hace 50 a\u00f1os en el mundo es un fracaso y ha tra\u00eddo enormes consecuencias negativas para toda Am\u00e9rica por consumir, portar y cultivar.<\/p>\n\n\n\n<p>Record\u00f3 que las organizaciones multicrimen, dedicadas al negocio del narcotr\u00e1fico, conocen al detalle los conflictos subsaharianos, por ejemplo, para poder introducir la droga en Europa.<\/p>\n\n\n\n<p>Y este fen\u00f3meno se replica en Am\u00e9rica Latina que se ha convertido en la regi\u00f3n m\u00e1s violenta del mundo. \u201cNos estamos matando entre nosotros. Y es el producto de la prohibici\u00f3n\u201d, agreg\u00f3.<\/p>\n\n\n\n<figure class=\"wp-block-gallery has-nested-images columns-default is-cropped wp-block-gallery-2 is-layout-flex wp-block-gallery-is-layout-flex\">\n<figure class=\"wp-block-image size-large\"><img decoding=\"async\" data-id=\"40375\" src=\"https:\/\/luchonoticias.com\/wp-content\/uploads\/2022\/11\/WhatsApp-Image-2022-11-25-at-6.05.49-AM.jpeg\" alt=\"\" class=\"wp-image-40375\"\/><\/figure>\n\n\n\n<figure class=\"wp-block-image size-large\"><img decoding=\"async\" data-id=\"40376\" src=\"https:\/\/luchonoticias.com\/wp-content\/uploads\/2022\/11\/WhatsApp-Image-2022-11-25-at-6.05.50-AM-2-1024x683.jpeg\" alt=\"\" class=\"wp-image-40376\"\/><\/figure>\n<\/figure>\n\n\n\n<p>Dijo, adem\u00e1s, que la actual pol\u00edtica antidrogas no contempla que es un problema de pol\u00edticas de salud p\u00fablica, y deja de lado cifras de demanda de narc\u00f3ticos, que dan para pensar: m\u00e1s de 30 millones de consumidores en Estados Unidos; m\u00e1s de 80 millones en Europa; m\u00e1s de 110 millones de personas, lo cual deber\u00eda llevar a la conclusi\u00f3n que no estamos ante un delito y no se puede criminalizar este problema en el mundo desarrollado.<\/p>\n\n\n\n<p>\u201cLa manera de tratar ese problema que se ha convertido en una especie de epidemia, es social\u201d, afirm\u00f3.<\/p>\n\n\n\n<p>A\u00f1adi\u00f3 que el consumo de coca\u00edna puede llegar a cero si se aplica una pol\u00edtica de prevenci\u00f3n y no de represi\u00f3n.<\/p>\n","protected":false},"excerpt":{"rendered":"<p>En su primera visita oficial como Jefe de Estado a M\u00e9xico, el Presidente de Colombia, Gustavo Petro, confirm\u00f3 que los temas de migraci\u00f3n, pol\u00edtica antidrogas y la crisis clim\u00e1tica son los que integran la agenda que tratar\u00e1 este viernes con su hom\u00f3logo, Andr\u00e9s Manuel L\u00f3pez Obrador. \u201cBueno, estos son temas para hablar, la migraci\u00f3n, la [&hellip;]<\/p>\n","protected":false},"author":1,"featured_media":0,"comment_status":"open","ping_status":"open","sticky":false,"template":"","format":"standard","meta":{"footnotes":""},"categories":[36,32],"tags":[],"class_list":["post-40370","post","type-post","status-publish","format-standard","hentry","category-destacado","category-nacional"],"yoast_head":"<!-- This site is optimized with the Yoast SEO plugin v26.6 - https:\/\/yoast.com\/wordpress\/plugins\/seo\/ -->\n<title>La migraci\u00f3n, pol\u00edtica antidrogas y crisis clim\u00e1tica son las agendas que Am\u00e9rica Latina deber\u00eda construir: Presidente Petro -<\/title>\n<meta name=\"robots\" content=\"index, follow, max-snippet:-1, max-image-preview:large, max-video-preview:-1\" \/>\n<link rel=\"canonical\" href=\"https:\/\/luchonoticias.com\/editor\/la-migracion-politica-antidrogas-y-crisis-climatica-son-las-agendas-que-america-latina-deberia-construir-presidente-petro\/\" \/>\n<meta property=\"og:locale\" content=\"es_ES\" \/>\n<meta property=\"og:type\" content=\"article\" \/>\n<meta property=\"og:title\" content=\"La migraci\u00f3n, pol\u00edtica antidrogas y crisis clim\u00e1tica son las agendas que Am\u00e9rica Latina deber\u00eda construir: Presidente Petro -\" \/>\n<meta property=\"og:url\" content=\"https:\/\/luchonoticias.com\/editor\/la-migracion-politica-antidrogas-y-crisis-climatica-son-las-agendas-que-america-latina-deberia-construir-presidente-petro\/\" \/>\n<meta property=\"article:publisher\" content=\"https:\/\/www.facebook.com\/luchonoticiasneiva\" \/>\n<meta property=\"article:author\" content=\"https:\/\/www.facebook.com\/luchonoticiasneiva\" \/>\n<meta property=\"article:published_time\" content=\"2022-11-25T11:47:41+00:00\" \/>\n<meta property=\"article:modified_time\" content=\"2022-11-25T11:47:42+00:00\" \/>\n<meta property=\"og:image\" content=\"https:\/\/luchonoticias.com\/wp-content\/uploads\/2022\/11\/WhatsApp-Image-2022-11-25-at-6.05.51-AM-1-1024x683.jpeg\" \/>\n<meta name=\"author\" content=\"admin\" \/>\n<meta name=\"twitter:card\" content=\"summary_large_image\" \/>\n<meta name=\"twitter:label1\" content=\"Escrito por\" \/>\n\t<meta name=\"twitter:data1\" content=\"admin\" \/>\n\t<meta name=\"twitter:label2\" content=\"Tiempo de lectura\" \/>\n\t<meta name=\"twitter:data2\" content=\"4 minutos\" \/>\n<script type=\"application\/ld+json\" class=\"yoast-schema-graph\">{\"@context\":\"https:\/\/schema.org\",\"@graph\":[{\"@type\":\"Article\",\"@id\":\"https:\/\/luchonoticias.com\/editor\/la-migracion-politica-antidrogas-y-crisis-climatica-son-las-agendas-que-america-latina-deberia-construir-presidente-petro\/#article\",\"isPartOf\":{\"@id\":\"https:\/\/luchonoticias.com\/editor\/la-migracion-politica-antidrogas-y-crisis-climatica-son-las-agendas-que-america-latina-deberia-construir-presidente-petro\/\"},\"author\":{\"name\":\"admin\",\"@id\":\"https:\/\/luchonoticias.com\/editor\/#\/schema\/person\/7a7fd911f58561fd056dbac7b55af9cd\"},\"headline\":\"La migraci\u00f3n, pol\u00edtica antidrogas y crisis clim\u00e1tica son las agendas que Am\u00e9rica Latina deber\u00eda construir: Presidente Petro\",\"datePublished\":\"2022-11-25T11:47:41+00:00\",\"dateModified\":\"2022-11-25T11:47:42+00:00\",\"mainEntityOfPage\":{\"@id\":\"https:\/\/luchonoticias.com\/editor\/la-migracion-politica-antidrogas-y-crisis-climatica-son-las-agendas-que-america-latina-deberia-construir-presidente-petro\/\"},\"wordCount\":743,\"commentCount\":0,\"publisher\":{\"@id\":\"https:\/\/luchonoticias.com\/editor\/#\/schema\/person\/7a7fd911f58561fd056dbac7b55af9cd\"},\"image\":{\"@id\":\"https:\/\/luchonoticias.com\/editor\/la-migracion-politica-antidrogas-y-crisis-climatica-son-las-agendas-que-america-latina-deberia-construir-presidente-petro\/#primaryimage\"},\"thumbnailUrl\":\"https:\/\/luchonoticias.com\/wp-content\/uploads\/2022\/11\/WhatsApp-Image-2022-11-25-at-6.05.51-AM-1-1024x683.jpeg\",\"articleSection\":[\"Destacado\",\"Nacional\"],\"inLanguage\":\"es\",\"potentialAction\":[{\"@type\":\"CommentAction\",\"name\":\"Comment\",\"target\":[\"https:\/\/luchonoticias.com\/editor\/la-migracion-politica-antidrogas-y-crisis-climatica-son-las-agendas-que-america-latina-deberia-construir-presidente-petro\/#respond\"]}]},{\"@type\":\"WebPage\",\"@id\":\"https:\/\/luchonoticias.com\/editor\/la-migracion-politica-antidrogas-y-crisis-climatica-son-las-agendas-que-america-latina-deberia-construir-presidente-petro\/\",\"url\":\"https:\/\/luchonoticias.com\/editor\/la-migracion-politica-antidrogas-y-crisis-climatica-son-las-agendas-que-america-latina-deberia-construir-presidente-petro\/\",\"name\":\"La migraci\u00f3n, pol\u00edtica antidrogas y crisis clim\u00e1tica son las agendas que Am\u00e9rica Latina deber\u00eda construir: Presidente Petro -\",\"isPartOf\":{\"@id\":\"https:\/\/luchonoticias.com\/editor\/#website\"},\"primaryImageOfPage\":{\"@id\":\"https:\/\/luchonoticias.com\/editor\/la-migracion-politica-antidrogas-y-crisis-climatica-son-las-agendas-que-america-latina-deberia-construir-presidente-petro\/#primaryimage\"},\"image\":{\"@id\":\"https:\/\/luchonoticias.com\/editor\/la-migracion-politica-antidrogas-y-crisis-climatica-son-las-agendas-que-america-latina-deberia-construir-presidente-petro\/#primaryimage\"},\"thumbnailUrl\":\"https:\/\/luchonoticias.com\/wp-content\/uploads\/2022\/11\/WhatsApp-Image-2022-11-25-at-6.05.51-AM-1-1024x683.jpeg\",\"datePublished\":\"2022-11-25T11:47:41+00:00\",\"dateModified\":\"2022-11-25T11:47:42+00:00\",\"breadcrumb\":{\"@id\":\"https:\/\/luchonoticias.com\/editor\/la-migracion-politica-antidrogas-y-crisis-climatica-son-las-agendas-que-america-latina-deberia-construir-presidente-petro\/#breadcrumb\"},\"inLanguage\":\"es\",\"potentialAction\":[{\"@type\":\"ReadAction\",\"target\":[\"https:\/\/luchonoticias.com\/editor\/la-migracion-politica-antidrogas-y-crisis-climatica-son-las-agendas-que-america-latina-deberia-construir-presidente-petro\/\"]}]},{\"@type\":\"ImageObject\",\"inLanguage\":\"es\",\"@id\":\"https:\/\/luchonoticias.com\/editor\/la-migracion-politica-antidrogas-y-crisis-climatica-son-las-agendas-que-america-latina-deberia-construir-presidente-petro\/#primaryimage\",\"url\":\"https:\/\/luchonoticias.com\/wp-content\/uploads\/2022\/11\/WhatsApp-Image-2022-11-25-at-6.05.51-AM-1-1024x683.jpeg\",\"contentUrl\":\"https:\/\/luchonoticias.com\/wp-content\/uploads\/2022\/11\/WhatsApp-Image-2022-11-25-at-6.05.51-AM-1-1024x683.jpeg\"},{\"@type\":\"BreadcrumbList\",\"@id\":\"https:\/\/luchonoticias.com\/editor\/la-migracion-politica-antidrogas-y-crisis-climatica-son-las-agendas-que-america-latina-deberia-construir-presidente-petro\/#breadcrumb\",\"itemListElement\":[{\"@type\":\"ListItem\",\"position\":1,\"name\":\"Portada\",\"item\":\"https:\/\/luchonoticias.com\/editor\/\"},{\"@type\":\"ListItem\",\"position\":2,\"name\":\"La migraci\u00f3n, pol\u00edtica antidrogas y crisis clim\u00e1tica son las agendas que Am\u00e9rica Latina deber\u00eda construir: Presidente Petro\"}]},{\"@type\":\"WebSite\",\"@id\":\"https:\/\/luchonoticias.com\/editor\/#website\",\"url\":\"https:\/\/luchonoticias.com\/editor\/\",\"name\":\"\",\"description\":\"\",\"publisher\":{\"@id\":\"https:\/\/luchonoticias.com\/editor\/#\/schema\/person\/7a7fd911f58561fd056dbac7b55af9cd\"},\"potentialAction\":[{\"@type\":\"SearchAction\",\"target\":{\"@type\":\"EntryPoint\",\"urlTemplate\":\"https:\/\/luchonoticias.com\/editor\/?s={search_term_string}\"},\"query-input\":{\"@type\":\"PropertyValueSpecification\",\"valueRequired\":true,\"valueName\":\"search_term_string\"}}],\"inLanguage\":\"es\"},{\"@type\":[\"Person\",\"Organization\"],\"@id\":\"https:\/\/luchonoticias.com\/editor\/#\/schema\/person\/7a7fd911f58561fd056dbac7b55af9cd\",\"name\":\"admin\",\"image\":{\"@type\":\"ImageObject\",\"inLanguage\":\"es\",\"@id\":\"https:\/\/luchonoticias.com\/editor\/#\/schema\/person\/image\/\",\"url\":\"https:\/\/luchonoticias.com\/editor\/wp-content\/uploads\/2024\/02\/cropped-cropped-logolu.webp\",\"contentUrl\":\"https:\/\/luchonoticias.com\/editor\/wp-content\/uploads\/2024\/02\/cropped-cropped-logolu.webp\",\"width\":382,\"height\":170,\"caption\":\"admin\"},\"logo\":{\"@id\":\"https:\/\/luchonoticias.com\/editor\/#\/schema\/person\/image\/\"},\"sameAs\":[\"https:\/\/www.facebook.com\/luchonoticiasneiva\"],\"url\":\"https:\/\/luchonoticias.com\/editor\/author\/admin\/\"}]}<\/script>\n<!-- \/ Yoast SEO plugin. -->","yoast_head_json":{"title":"La migraci\u00f3n, pol\u00edtica antidrogas y crisis clim\u00e1tica son las agendas que Am\u00e9rica Latina deber\u00eda construir: Presidente Petro -","robots":{"index":"index","follow":"follow","max-snippet":"max-snippet:-1","max-image-preview":"max-image-preview:large","max-video-preview":"max-video-preview:-1"},"canonical":"https:\/\/luchonoticias.com\/editor\/la-migracion-politica-antidrogas-y-crisis-climatica-son-las-agendas-que-america-latina-deberia-construir-presidente-petro\/","og_locale":"es_ES","og_type":"article","og_title":"La migraci\u00f3n, pol\u00edtica antidrogas y crisis clim\u00e1tica son las agendas que Am\u00e9rica Latina deber\u00eda construir: Presidente Petro -","og_url":"https:\/\/luchonoticias.com\/editor\/la-migracion-politica-antidrogas-y-crisis-climatica-son-las-agendas-que-america-latina-deberia-construir-presidente-petro\/","article_publisher":"https:\/\/www.facebook.com\/luchonoticiasneiva","article_author":"https:\/\/www.facebook.com\/luchonoticiasneiva","article_published_time":"2022-11-25T11:47:41+00:00","article_modified_time":"2022-11-25T11:47:42+00:00","og_image":[{"url":"https:\/\/luchonoticias.com\/wp-content\/uploads\/2022\/11\/WhatsApp-Image-2022-11-25-at-6.05.51-AM-1-1024x683.jpeg","type":"","width":"","height":""}],"author":"admin","twitter_card":"summary_large_image","twitter_misc":{"Escrito por":"admin","Tiempo de lectura":"4 minutos"},"schema":{"@context":"https:\/\/schema.org","@graph":[{"@type":"Article","@id":"https:\/\/luchonoticias.com\/editor\/la-migracion-politica-antidrogas-y-crisis-climatica-son-las-agendas-que-america-latina-deberia-construir-presidente-petro\/#article","isPartOf":{"@id":"https:\/\/luchonoticias.com\/editor\/la-migracion-politica-antidrogas-y-crisis-climatica-son-las-agendas-que-america-latina-deberia-construir-presidente-petro\/"},"author":{"name":"admin","@id":"https:\/\/luchonoticias.com\/editor\/#\/schema\/person\/7a7fd911f58561fd056dbac7b55af9cd"},"headline":"La migraci\u00f3n, pol\u00edtica antidrogas y crisis clim\u00e1tica son las agendas que Am\u00e9rica Latina deber\u00eda construir: Presidente Petro","datePublished":"2022-11-25T11:47:41+00:00","dateModified":"2022-11-25T11:47:42+00:00","mainEntityOfPage":{"@id":"https:\/\/luchonoticias.com\/editor\/la-migracion-politica-antidrogas-y-crisis-climatica-son-las-agendas-que-america-latina-deberia-construir-presidente-petro\/"},"wordCount":743,"commentCount":0,"publisher":{"@id":"https:\/\/luchonoticias.com\/editor\/#\/schema\/person\/7a7fd911f58561fd056dbac7b55af9cd"},"image":{"@id":"https:\/\/luchonoticias.com\/editor\/la-migracion-politica-antidrogas-y-crisis-climatica-son-las-agendas-que-america-latina-deberia-construir-presidente-petro\/#primaryimage"},"thumbnailUrl":"https:\/\/luchonoticias.com\/wp-content\/uploads\/2022\/11\/WhatsApp-Image-2022-11-25-at-6.05.51-AM-1-1024x683.jpeg","articleSection":["Destacado","Nacional"],"inLanguage":"es","potentialAction":[{"@type":"CommentAction","name":"Comment","target":["https:\/\/luchonoticias.com\/editor\/la-migracion-politica-antidrogas-y-crisis-climatica-son-las-agendas-que-america-latina-deberia-construir-presidente-petro\/#respond"]}]},{"@type":"WebPage","@id":"https:\/\/luchonoticias.com\/editor\/la-migracion-politica-antidrogas-y-crisis-climatica-son-las-agendas-que-america-latina-deberia-construir-presidente-petro\/","url":"https:\/\/luchonoticias.com\/editor\/la-migracion-politica-antidrogas-y-crisis-climatica-son-las-agendas-que-america-latina-deberia-construir-presidente-petro\/","name":"La migraci\u00f3n, pol\u00edtica antidrogas y crisis clim\u00e1tica son las agendas que Am\u00e9rica Latina deber\u00eda construir: Presidente Petro -","isPartOf":{"@id":"https:\/\/luchonoticias.com\/editor\/#website"},"primaryImageOfPage":{"@id":"https:\/\/luchonoticias.com\/editor\/la-migracion-politica-antidrogas-y-crisis-climatica-son-las-agendas-que-america-latina-deberia-construir-presidente-petro\/#primaryimage"},"image":{"@id":"https:\/\/luchonoticias.com\/editor\/la-migracion-politica-antidrogas-y-crisis-climatica-son-las-agendas-que-america-latina-deberia-construir-presidente-petro\/#primaryimage"},"thumbnailUrl":"https:\/\/luchonoticias.com\/wp-content\/uploads\/2022\/11\/WhatsApp-Image-2022-11-25-at-6.05.51-AM-1-1024x683.jpeg","datePublished":"2022-11-25T11:47:41+00:00","dateModified":"2022-11-25T11:47:42+00:00","breadcrumb":{"@id":"https:\/\/luchonoticias.com\/editor\/la-migracion-politica-antidrogas-y-crisis-climatica-son-las-agendas-que-america-latina-deberia-construir-presidente-petro\/#breadcrumb"},"inLanguage":"es","potentialAction":[{"@type":"ReadAction","target":["https:\/\/luchonoticias.com\/editor\/la-migracion-politica-antidrogas-y-crisis-climatica-son-las-agendas-que-america-latina-deberia-construir-presidente-petro\/"]}]},{"@type":"ImageObject","inLanguage":"es","@id":"https:\/\/luchonoticias.com\/editor\/la-migracion-politica-antidrogas-y-crisis-climatica-son-las-agendas-que-america-latina-deberia-construir-presidente-petro\/#primaryimage","url":"https:\/\/luchonoticias.com\/wp-content\/uploads\/2022\/11\/WhatsApp-Image-2022-11-25-at-6.05.51-AM-1-1024x683.jpeg","contentUrl":"https:\/\/luchonoticias.com\/wp-content\/uploads\/2022\/11\/WhatsApp-Image-2022-11-25-at-6.05.51-AM-1-1024x683.jpeg"},{"@type":"BreadcrumbList","@id":"https:\/\/luchonoticias.com\/editor\/la-migracion-politica-antidrogas-y-crisis-climatica-son-las-agendas-que-america-latina-deberia-construir-presidente-petro\/#breadcrumb","itemListElement":[{"@type":"ListItem","position":1,"name":"Portada","item":"https:\/\/luchonoticias.com\/editor\/"},{"@type":"ListItem","position":2,"name":"La migraci\u00f3n, pol\u00edtica antidrogas y crisis clim\u00e1tica son las agendas que Am\u00e9rica Latina deber\u00eda construir: Presidente Petro"}]},{"@type":"WebSite","@id":"https:\/\/luchonoticias.com\/editor\/#website","url":"https:\/\/luchonoticias.com\/editor\/","name":"","description":"","publisher":{"@id":"https:\/\/luchonoticias.com\/editor\/#\/schema\/person\/7a7fd911f58561fd056dbac7b55af9cd"},"potentialAction":[{"@type":"SearchAction","target":{"@type":"EntryPoint","urlTemplate":"https:\/\/luchonoticias.com\/editor\/?s={search_term_string}"},"query-input":{"@type":"PropertyValueSpecification","valueRequired":true,"valueName":"search_term_string"}}],"inLanguage":"es"},{"@type":["Person","Organization"],"@id":"https:\/\/luchonoticias.com\/editor\/#\/schema\/person\/7a7fd911f58561fd056dbac7b55af9cd","name":"admin","image":{"@type":"ImageObject","inLanguage":"es","@id":"https:\/\/luchonoticias.com\/editor\/#\/schema\/person\/image\/","url":"https:\/\/luchonoticias.com\/editor\/wp-content\/uploads\/2024\/02\/cropped-cropped-logolu.webp","contentUrl":"https:\/\/luchonoticias.com\/editor\/wp-content\/uploads\/2024\/02\/cropped-cropped-logolu.webp","width":382,"height":170,"caption":"admin"},"logo":{"@id":"https:\/\/luchonoticias.com\/editor\/#\/schema\/person\/image\/"},"sameAs":["https:\/\/www.facebook.com\/luchonoticiasneiva"],"url":"https:\/\/luchonoticias.com\/editor\/author\/admin\/"}]}},"_links":{"self":[{"href":"https:\/\/luchonoticias.com\/editor\/wp-json\/wp\/v2\/posts\/40370","targetHints":{"allow":["GET"]}}],"collection":[{"href":"https:\/\/luchonoticias.com\/editor\/wp-json\/wp\/v2\/posts"}],"about":[{"href":"https:\/\/luchonoticias.com\/editor\/wp-json\/wp\/v2\/types\/post"}],"author":[{"embeddable":true,"href":"https:\/\/luchonoticias.com\/editor\/wp-json\/wp\/v2\/users\/1"}],"replies":[{"embeddable":true,"href":"https:\/\/luchonoticias.com\/editor\/wp-json\/wp\/v2\/comments?post=40370"}],"version-history":[{"count":0,"href":"https:\/\/luchonoticias.com\/editor\/wp-json\/wp\/v2\/posts\/40370\/revisions"}],"wp:attachment":[{"href":"https:\/\/luchonoticias.com\/editor\/wp-json\/wp\/v2\/media?parent=40370"}],"wp:term":[{"taxonomy":"category","embeddable":true,"href":"https:\/\/luchonoticias.com\/editor\/wp-json\/wp\/v2\/categories?post=40370"},{"taxonomy":"post_tag","embeddable":true,"href":"https:\/\/luchonoticias.com\/editor\/wp-json\/wp\/v2\/tags?post=40370"}],"curies":[{"name":"wp","href":"https:\/\/api.w.org\/{rel}","templated":true}]}}