{"id":40378,"date":"2022-11-25T06:53:24","date_gmt":"2022-11-25T11:53:24","guid":{"rendered":"https:\/\/luchonoticias.com\/?p=40378"},"modified":"2022-11-25T06:53:25","modified_gmt":"2022-11-25T11:53:25","slug":"anulado-nombramiento-de-alberto-carrasquilla-como-miembro-de-la-junta-directiva-del-banco-de-la-republica","status":"publish","type":"post","link":"https:\/\/luchonoticias.com\/editor\/anulado-nombramiento-de-alberto-carrasquilla-como-miembro-de-la-junta-directiva-del-banco-de-la-republica\/","title":{"rendered":"Anulado nombramiento de Alberto Carrasquilla como miembro de la Junta Directiva del Banco de la Rep\u00fablica"},"content":{"rendered":"\n<p>La Secci\u00f3n Quinta del Consejo de Estado anul\u00f3 el nombramiento de Alberto Carrasquilla Barrera como miembro de dedicaci\u00f3n exclusiva de la Junta Directiva del Banco de la Rep\u00fablica. Esto, Tras considerar que no se acat\u00f3 la Ley de Cuotas.<\/p>\n\n\n\n<p>En un comunicado, esta precis\u00f3 que encontr\u00f3 acreditado que tal nombramiento desconoci\u00f3 el art\u00edculo 4 de la Ley 581 de 2000, que establece la participaci\u00f3n adecuada de la mujer en los m\u00e1ximos niveles decisorios en un m\u00ednimo del 30 % (cuota de g\u00e9nero), adem\u00e1s, de otros postulados de rango convencional y constitucional que protegen el derecho a la igualdad.<\/p>\n\n\n\n<p>\u201cLa Sala de lo Electoral, en consecuencia consider\u00f3 que al ser cinco los miembros de dedicaci\u00f3n exclusiva, la cuota de g\u00e9nero del 30 % se cumpl\u00eda con dos mujeres, por lo cual, para proveer la falta absoluta ocasionada con la renuncia de Carolina Soto, se debi\u00f3 nombrar una mujer, lo que no ocurri\u00f3, por el contrario esos miembros quedaron integrados por cuatro hombres y una sola representante del g\u00e9nero femenino\u201d, argument\u00f3.<\/p>\n","protected":false},"excerpt":{"rendered":"<p>La Secci\u00f3n Quinta del Consejo de Estado anul\u00f3 el nombramiento de Alberto Carrasquilla Barrera como miembro de dedicaci\u00f3n exclusiva de la Junta Directiva del Banco de la Rep\u00fablica. Esto, Tras considerar que no se acat\u00f3 la Ley de Cuotas. En un comunicado, esta precis\u00f3 que encontr\u00f3 acreditado que tal nombramiento desconoci\u00f3 el art\u00edculo 4 de [&hellip;]<\/p>\n","protected":false},"author":1,"featured_media":0,"comment_status":"open","ping_status":"open","sticky":false,"template":"","format":"standard","meta":{"footnotes":""},"categories":[36,32],"tags":[],"class_list":["post-40378","post","type-post","status-publish","format-standard","hentry","category-destacado","category-nacional"],"yoast_head":"<!-- This site is optimized with the Yoast SEO plugin v26.6 - https:\/\/yoast.com\/wordpress\/plugins\/seo\/ -->\n<title>Anulado nombramiento de Alberto Carrasquilla como miembro de la Junta Directiva del Banco de la Rep\u00fablica -<\/title>\n<meta name=\"robots\" content=\"index, follow, max-snippet:-1, max-image-preview:large, max-video-preview:-1\" \/>\n<link rel=\"canonical\" href=\"https:\/\/luchonoticias.com\/editor\/anulado-nombramiento-de-alberto-carrasquilla-como-miembro-de-la-junta-directiva-del-banco-de-la-republica\/\" \/>\n<meta property=\"og:locale\" content=\"es_ES\" \/>\n<meta property=\"og:type\" content=\"article\" \/>\n<meta property=\"og:title\" content=\"Anulado nombramiento de Alberto Carrasquilla como miembro de la Junta Directiva del Banco de la Rep\u00fablica -\" \/>\n<meta property=\"og:url\" content=\"https:\/\/luchonoticias.com\/editor\/anulado-nombramiento-de-alberto-carrasquilla-como-miembro-de-la-junta-directiva-del-banco-de-la-republica\/\" \/>\n<meta property=\"article:publisher\" content=\"https:\/\/www.facebook.com\/luchonoticiasneiva\" \/>\n<meta property=\"article:author\" content=\"https:\/\/www.facebook.com\/luchonoticiasneiva\" \/>\n<meta property=\"article:published_time\" content=\"2022-11-25T11:53:24+00:00\" \/>\n<meta property=\"article:modified_time\" content=\"2022-11-25T11:53:25+00:00\" \/>\n<meta name=\"author\" content=\"admin\" \/>\n<meta name=\"twitter:card\" content=\"summary_large_image\" \/>\n<meta name=\"twitter:label1\" content=\"Escrito por\" \/>\n\t<meta name=\"twitter:data1\" content=\"admin\" \/>\n\t<meta name=\"twitter:label2\" content=\"Tiempo de lectura\" \/>\n\t<meta name=\"twitter:data2\" content=\"1 minuto\" \/>\n<script type=\"application\/ld+json\" class=\"yoast-schema-graph\">{\"@context\":\"https:\/\/schema.org\",\"@graph\":[{\"@type\":\"Article\",\"@id\":\"https:\/\/luchonoticias.com\/editor\/anulado-nombramiento-de-alberto-carrasquilla-como-miembro-de-la-junta-directiva-del-banco-de-la-republica\/#article\",\"isPartOf\":{\"@id\":\"https:\/\/luchonoticias.com\/editor\/anulado-nombramiento-de-alberto-carrasquilla-como-miembro-de-la-junta-directiva-del-banco-de-la-republica\/\"},\"author\":{\"name\":\"admin\",\"@id\":\"https:\/\/luchonoticias.com\/editor\/#\/schema\/person\/7a7fd911f58561fd056dbac7b55af9cd\"},\"headline\":\"Anulado nombramiento de Alberto Carrasquilla como miembro de la Junta Directiva del Banco de la Rep\u00fablica\",\"datePublished\":\"2022-11-25T11:53:24+00:00\",\"dateModified\":\"2022-11-25T11:53:25+00:00\",\"mainEntityOfPage\":{\"@id\":\"https:\/\/luchonoticias.com\/editor\/anulado-nombramiento-de-alberto-carrasquilla-como-miembro-de-la-junta-directiva-del-banco-de-la-republica\/\"},\"wordCount\":192,\"commentCount\":0,\"publisher\":{\"@id\":\"https:\/\/luchonoticias.com\/editor\/#\/schema\/person\/7a7fd911f58561fd056dbac7b55af9cd\"},\"articleSection\":[\"Destacado\",\"Nacional\"],\"inLanguage\":\"es\",\"potentialAction\":[{\"@type\":\"CommentAction\",\"name\":\"Comment\",\"target\":[\"https:\/\/luchonoticias.com\/editor\/anulado-nombramiento-de-alberto-carrasquilla-como-miembro-de-la-junta-directiva-del-banco-de-la-republica\/#respond\"]}]},{\"@type\":\"WebPage\",\"@id\":\"https:\/\/luchonoticias.com\/editor\/anulado-nombramiento-de-alberto-carrasquilla-como-miembro-de-la-junta-directiva-del-banco-de-la-republica\/\",\"url\":\"https:\/\/luchonoticias.com\/editor\/anulado-nombramiento-de-alberto-carrasquilla-como-miembro-de-la-junta-directiva-del-banco-de-la-republica\/\",\"name\":\"Anulado nombramiento de Alberto Carrasquilla como miembro de la Junta Directiva del Banco de la Rep\u00fablica -\",\"isPartOf\":{\"@id\":\"https:\/\/luchonoticias.com\/editor\/#website\"},\"datePublished\":\"2022-11-25T11:53:24+00:00\",\"dateModified\":\"2022-11-25T11:53:25+00:00\",\"breadcrumb\":{\"@id\":\"https:\/\/luchonoticias.com\/editor\/anulado-nombramiento-de-alberto-carrasquilla-como-miembro-de-la-junta-directiva-del-banco-de-la-republica\/#breadcrumb\"},\"inLanguage\":\"es\",\"potentialAction\":[{\"@type\":\"ReadAction\",\"target\":[\"https:\/\/luchonoticias.com\/editor\/anulado-nombramiento-de-alberto-carrasquilla-como-miembro-de-la-junta-directiva-del-banco-de-la-republica\/\"]}]},{\"@type\":\"BreadcrumbList\",\"@id\":\"https:\/\/luchonoticias.com\/editor\/anulado-nombramiento-de-alberto-carrasquilla-como-miembro-de-la-junta-directiva-del-banco-de-la-republica\/#breadcrumb\",\"itemListElement\":[{\"@type\":\"ListItem\",\"position\":1,\"name\":\"Portada\",\"item\":\"https:\/\/luchonoticias.com\/editor\/\"},{\"@type\":\"ListItem\",\"position\":2,\"name\":\"Anulado nombramiento de Alberto Carrasquilla como miembro de la Junta Directiva del Banco de la Rep\u00fablica\"}]},{\"@type\":\"WebSite\",\"@id\":\"https:\/\/luchonoticias.com\/editor\/#website\",\"url\":\"https:\/\/luchonoticias.com\/editor\/\",\"name\":\"\",\"description\":\"\",\"publisher\":{\"@id\":\"https:\/\/luchonoticias.com\/editor\/#\/schema\/person\/7a7fd911f58561fd056dbac7b55af9cd\"},\"potentialAction\":[{\"@type\":\"SearchAction\",\"target\":{\"@type\":\"EntryPoint\",\"urlTemplate\":\"https:\/\/luchonoticias.com\/editor\/?s={search_term_string}\"},\"query-input\":{\"@type\":\"PropertyValueSpecification\",\"valueRequired\":true,\"valueName\":\"search_term_string\"}}],\"inLanguage\":\"es\"},{\"@type\":[\"Person\",\"Organization\"],\"@id\":\"https:\/\/luchonoticias.com\/editor\/#\/schema\/person\/7a7fd911f58561fd056dbac7b55af9cd\",\"name\":\"admin\",\"image\":{\"@type\":\"ImageObject\",\"inLanguage\":\"es\",\"@id\":\"https:\/\/luchonoticias.com\/editor\/#\/schema\/person\/image\/\",\"url\":\"https:\/\/luchonoticias.com\/editor\/wp-content\/uploads\/2024\/02\/cropped-cropped-logolu.webp\",\"contentUrl\":\"https:\/\/luchonoticias.com\/editor\/wp-content\/uploads\/2024\/02\/cropped-cropped-logolu.webp\",\"width\":382,\"height\":170,\"caption\":\"admin\"},\"logo\":{\"@id\":\"https:\/\/luchonoticias.com\/editor\/#\/schema\/person\/image\/\"},\"sameAs\":[\"https:\/\/www.facebook.com\/luchonoticiasneiva\"],\"url\":\"https:\/\/luchonoticias.com\/editor\/author\/admin\/\"}]}<\/script>\n<!-- \/ Yoast SEO plugin. -->","yoast_head_json":{"title":"Anulado nombramiento de Alberto Carrasquilla como miembro de la Junta Directiva del Banco de la Rep\u00fablica -","robots":{"index":"index","follow":"follow","max-snippet":"max-snippet:-1","max-image-preview":"max-image-preview:large","max-video-preview":"max-video-preview:-1"},"canonical":"https:\/\/luchonoticias.com\/editor\/anulado-nombramiento-de-alberto-carrasquilla-como-miembro-de-la-junta-directiva-del-banco-de-la-republica\/","og_locale":"es_ES","og_type":"article","og_title":"Anulado nombramiento de Alberto Carrasquilla como miembro de la Junta Directiva del Banco de la Rep\u00fablica -","og_url":"https:\/\/luchonoticias.com\/editor\/anulado-nombramiento-de-alberto-carrasquilla-como-miembro-de-la-junta-directiva-del-banco-de-la-republica\/","article_publisher":"https:\/\/www.facebook.com\/luchonoticiasneiva","article_author":"https:\/\/www.facebook.com\/luchonoticiasneiva","article_published_time":"2022-11-25T11:53:24+00:00","article_modified_time":"2022-11-25T11:53:25+00:00","author":"admin","twitter_card":"summary_large_image","twitter_misc":{"Escrito por":"admin","Tiempo de lectura":"1 minuto"},"schema":{"@context":"https:\/\/schema.org","@graph":[{"@type":"Article","@id":"https:\/\/luchonoticias.com\/editor\/anulado-nombramiento-de-alberto-carrasquilla-como-miembro-de-la-junta-directiva-del-banco-de-la-republica\/#article","isPartOf":{"@id":"https:\/\/luchonoticias.com\/editor\/anulado-nombramiento-de-alberto-carrasquilla-como-miembro-de-la-junta-directiva-del-banco-de-la-republica\/"},"author":{"name":"admin","@id":"https:\/\/luchonoticias.com\/editor\/#\/schema\/person\/7a7fd911f58561fd056dbac7b55af9cd"},"headline":"Anulado nombramiento de Alberto Carrasquilla como miembro de la Junta Directiva del Banco de la Rep\u00fablica","datePublished":"2022-11-25T11:53:24+00:00","dateModified":"2022-11-25T11:53:25+00:00","mainEntityOfPage":{"@id":"https:\/\/luchonoticias.com\/editor\/anulado-nombramiento-de-alberto-carrasquilla-como-miembro-de-la-junta-directiva-del-banco-de-la-republica\/"},"wordCount":192,"commentCount":0,"publisher":{"@id":"https:\/\/luchonoticias.com\/editor\/#\/schema\/person\/7a7fd911f58561fd056dbac7b55af9cd"},"articleSection":["Destacado","Nacional"],"inLanguage":"es","potentialAction":[{"@type":"CommentAction","name":"Comment","target":["https:\/\/luchonoticias.com\/editor\/anulado-nombramiento-de-alberto-carrasquilla-como-miembro-de-la-junta-directiva-del-banco-de-la-republica\/#respond"]}]},{"@type":"WebPage","@id":"https:\/\/luchonoticias.com\/editor\/anulado-nombramiento-de-alberto-carrasquilla-como-miembro-de-la-junta-directiva-del-banco-de-la-republica\/","url":"https:\/\/luchonoticias.com\/editor\/anulado-nombramiento-de-alberto-carrasquilla-como-miembro-de-la-junta-directiva-del-banco-de-la-republica\/","name":"Anulado nombramiento de Alberto Carrasquilla como miembro de la Junta Directiva del Banco de la Rep\u00fablica -","isPartOf":{"@id":"https:\/\/luchonoticias.com\/editor\/#website"},"datePublished":"2022-11-25T11:53:24+00:00","dateModified":"2022-11-25T11:53:25+00:00","breadcrumb":{"@id":"https:\/\/luchonoticias.com\/editor\/anulado-nombramiento-de-alberto-carrasquilla-como-miembro-de-la-junta-directiva-del-banco-de-la-republica\/#breadcrumb"},"inLanguage":"es","potentialAction":[{"@type":"ReadAction","target":["https:\/\/luchonoticias.com\/editor\/anulado-nombramiento-de-alberto-carrasquilla-como-miembro-de-la-junta-directiva-del-banco-de-la-republica\/"]}]},{"@type":"BreadcrumbList","@id":"https:\/\/luchonoticias.com\/editor\/anulado-nombramiento-de-alberto-carrasquilla-como-miembro-de-la-junta-directiva-del-banco-de-la-republica\/#breadcrumb","itemListElement":[{"@type":"ListItem","position":1,"name":"Portada","item":"https:\/\/luchonoticias.com\/editor\/"},{"@type":"ListItem","position":2,"name":"Anulado nombramiento de Alberto Carrasquilla como miembro de la Junta Directiva del Banco de la Rep\u00fablica"}]},{"@type":"WebSite","@id":"https:\/\/luchonoticias.com\/editor\/#website","url":"https:\/\/luchonoticias.com\/editor\/","name":"","description":"","publisher":{"@id":"https:\/\/luchonoticias.com\/editor\/#\/schema\/person\/7a7fd911f58561fd056dbac7b55af9cd"},"potentialAction":[{"@type":"SearchAction","target":{"@type":"EntryPoint","urlTemplate":"https:\/\/luchonoticias.com\/editor\/?s={search_term_string}"},"query-input":{"@type":"PropertyValueSpecification","valueRequired":true,"valueName":"search_term_string"}}],"inLanguage":"es"},{"@type":["Person","Organization"],"@id":"https:\/\/luchonoticias.com\/editor\/#\/schema\/person\/7a7fd911f58561fd056dbac7b55af9cd","name":"admin","image":{"@type":"ImageObject","inLanguage":"es","@id":"https:\/\/luchonoticias.com\/editor\/#\/schema\/person\/image\/","url":"https:\/\/luchonoticias.com\/editor\/wp-content\/uploads\/2024\/02\/cropped-cropped-logolu.webp","contentUrl":"https:\/\/luchonoticias.com\/editor\/wp-content\/uploads\/2024\/02\/cropped-cropped-logolu.webp","width":382,"height":170,"caption":"admin"},"logo":{"@id":"https:\/\/luchonoticias.com\/editor\/#\/schema\/person\/image\/"},"sameAs":["https:\/\/www.facebook.com\/luchonoticiasneiva"],"url":"https:\/\/luchonoticias.com\/editor\/author\/admin\/"}]}},"_links":{"self":[{"href":"https:\/\/luchonoticias.com\/editor\/wp-json\/wp\/v2\/posts\/40378","targetHints":{"allow":["GET"]}}],"collection":[{"href":"https:\/\/luchonoticias.com\/editor\/wp-json\/wp\/v2\/posts"}],"about":[{"href":"https:\/\/luchonoticias.com\/editor\/wp-json\/wp\/v2\/types\/post"}],"author":[{"embeddable":true,"href":"https:\/\/luchonoticias.com\/editor\/wp-json\/wp\/v2\/users\/1"}],"replies":[{"embeddable":true,"href":"https:\/\/luchonoticias.com\/editor\/wp-json\/wp\/v2\/comments?post=40378"}],"version-history":[{"count":0,"href":"https:\/\/luchonoticias.com\/editor\/wp-json\/wp\/v2\/posts\/40378\/revisions"}],"wp:attachment":[{"href":"https:\/\/luchonoticias.com\/editor\/wp-json\/wp\/v2\/media?parent=40378"}],"wp:term":[{"taxonomy":"category","embeddable":true,"href":"https:\/\/luchonoticias.com\/editor\/wp-json\/wp\/v2\/categories?post=40378"},{"taxonomy":"post_tag","embeddable":true,"href":"https:\/\/luchonoticias.com\/editor\/wp-json\/wp\/v2\/tags?post=40378"}],"curies":[{"name":"wp","href":"https:\/\/api.w.org\/{rel}","templated":true}]}}