{"id":40381,"date":"2022-11-25T07:01:24","date_gmt":"2022-11-25T12:01:24","guid":{"rendered":"https:\/\/luchonoticias.com\/?p=40381"},"modified":"2022-11-25T07:01:25","modified_gmt":"2022-11-25T12:01:25","slug":"el-zarco-a-responder-ante-la-fiscalia-por-su-presunta-responsabilidad-en-el-reclutamiento-de-victimas-de-ejecuciones-extrajudiciales","status":"publish","type":"post","link":"https:\/\/luchonoticias.com\/editor\/el-zarco-a-responder-ante-la-fiscalia-por-su-presunta-responsabilidad-en-el-reclutamiento-de-victimas-de-ejecuciones-extrajudiciales\/","title":{"rendered":"\u2018El Zarco\u2019 a responder ante la Fiscal\u00eda por su presunta responsabilidad en el reclutamiento de v\u00edctimas de ejecuciones extrajudiciales"},"content":{"rendered":"\n<p>Un fiscal de la Direcci\u00f3n Especializada contra las Violaciones a los Derechos Humanos acus\u00f3 formalmente a Luis Jhon Castro Ram\u00edrez, alias El Zarco, por los delitos de homicidio en persona protegida y concierto para delinquir agravado.<\/p>\n\n\n\n<p>El material probatorio indica que estar\u00eda involucrado en cuatro eventos distintos, ocurridos en Valle del Cauca y Tolima, en los que se habr\u00eda concertado con integrantes de la fuerza p\u00fablica y, a cambio de dinero, enga\u00f1\u00f3 a 17 civiles y los llev\u00f3 a zonas despobladas con pleno conocimiento de que ser\u00edan sometidos y rese\u00f1ados como resultados operacionales exitosos.<\/p>\n\n\n\n<p><strong>El enga\u00f1o de Villa Carmelo<\/strong><\/p>\n\n\n\n<p>El primer hecho sucedi\u00f3 en el corregimiento Villa Carmelo, en zona rural de Cali (Valle del Cauca), el 6 de noviembre de 2007.<\/p>\n\n\n\n<p>Alias El Zarco contact\u00f3 y convenci\u00f3 a tres j\u00f3venes de ir a sacar 200 millones de pesos que, supuestamente, estaban ocultos en una \u2018guaca\u2019. En el camino al punto de extracci\u00f3n del dinero, al parecer, les pidi\u00f3 ponerse uniformes de uso exclusivo de la fuerza p\u00fablica y caminar<\/p>\n\n\n\n<p>juntos. Minutos despu\u00e9s, hombres del pelot\u00f3n Cascabel del Batall\u00f3n de Monta\u00f1a N\u00b03 del Ej\u00e9rcito Nacional los interceptaron y les dispararon.<\/p>\n\n\n\n<p>Las unidades militares reportaron lo ocurrido como \u2018bajas en combate\u2019. Presentaron a las v\u00edctimas como integrantes de un grupo de extorsionistas con el que sostuvieron un enfrentamiento e indicaron que les fueron incautadas armas de fuego. En las inspecciones al lugar, los investigadores ubicaron una vainilla calibre 7.62 que, seg\u00fan las pruebas de bal\u00edstica, no correspond\u00eda a las armas encontradas junto a los cuerpos.<\/p>\n\n\n\n<p><strong>Falsos enfrentamientos en Tolima<\/strong><\/p>\n\n\n\n<p>De acuerdo con la investigaci\u00f3n, el hoy procesado habr\u00eda contactado a 14 hombres en Cali y otros municipios de (Valle del Cauca) y, mediante falsas ofertas de trabajo y ofrecimientos remuneratorios, los convenci\u00f3 de viajar a Tolima.<\/p>\n\n\n\n<p>Posteriormente, unidades del Batall\u00f3n Jaime Rooke del Ej\u00e9rcito Nacional, en tres momentos distintos, presentaron a los civiles como integrantes de organizaciones criminales \u2018abatidos\u2019 durante supuestos procedimientos contra el secuestro y la extorsi\u00f3n. Seis fallecieron en la finca Los Mangos de la vereda Potreritos, en Ibagu\u00e9, el 28 de febrero de 2008; otros dos murieron en el Guamo, el 30 de marzo; y seis m\u00e1s en Coyaima, el 23 de junio del mismo a\u00f1o.<\/p>\n\n\n\n<p>Alias El Zarco fue capturado por funcionarios de la DIJIN \u2013 Interpol de la Polic\u00eda Nacional el 13 de septiembre de 2021, luego de que fuera extraditado por Espa\u00f1a.<\/p>\n","protected":false},"excerpt":{"rendered":"<p>Un fiscal de la Direcci\u00f3n Especializada contra las Violaciones a los Derechos Humanos acus\u00f3 formalmente a Luis Jhon Castro Ram\u00edrez, alias El Zarco, por los delitos de homicidio en persona protegida y concierto para delinquir agravado. El material probatorio indica que estar\u00eda involucrado en cuatro eventos distintos, ocurridos en Valle del Cauca y Tolima, en [&hellip;]<\/p>\n","protected":false},"author":1,"featured_media":0,"comment_status":"open","ping_status":"open","sticky":false,"template":"","format":"standard","meta":{"footnotes":""},"categories":[36,29],"tags":[],"class_list":["post-40381","post","type-post","status-publish","format-standard","hentry","category-destacado","category-judicial"],"yoast_head":"<!-- This site is optimized with the Yoast SEO plugin v26.6 - https:\/\/yoast.com\/wordpress\/plugins\/seo\/ -->\n<title>\u2018El Zarco\u2019 a responder ante la Fiscal\u00eda por su presunta responsabilidad en el reclutamiento de v\u00edctimas de ejecuciones extrajudiciales -<\/title>\n<meta name=\"robots\" content=\"index, follow, max-snippet:-1, max-image-preview:large, max-video-preview:-1\" \/>\n<link rel=\"canonical\" href=\"https:\/\/luchonoticias.com\/editor\/el-zarco-a-responder-ante-la-fiscalia-por-su-presunta-responsabilidad-en-el-reclutamiento-de-victimas-de-ejecuciones-extrajudiciales\/\" \/>\n<meta property=\"og:locale\" content=\"es_ES\" \/>\n<meta property=\"og:type\" content=\"article\" \/>\n<meta property=\"og:title\" content=\"\u2018El Zarco\u2019 a responder ante la Fiscal\u00eda por su presunta responsabilidad en el reclutamiento de v\u00edctimas de ejecuciones extrajudiciales -\" \/>\n<meta property=\"og:url\" content=\"https:\/\/luchonoticias.com\/editor\/el-zarco-a-responder-ante-la-fiscalia-por-su-presunta-responsabilidad-en-el-reclutamiento-de-victimas-de-ejecuciones-extrajudiciales\/\" \/>\n<meta property=\"article:publisher\" content=\"https:\/\/www.facebook.com\/luchonoticiasneiva\" \/>\n<meta property=\"article:author\" content=\"https:\/\/www.facebook.com\/luchonoticiasneiva\" \/>\n<meta property=\"article:published_time\" content=\"2022-11-25T12:01:24+00:00\" \/>\n<meta property=\"article:modified_time\" content=\"2022-11-25T12:01:25+00:00\" \/>\n<meta name=\"author\" content=\"admin\" \/>\n<meta name=\"twitter:card\" content=\"summary_large_image\" \/>\n<meta name=\"twitter:label1\" content=\"Escrito por\" \/>\n\t<meta name=\"twitter:data1\" content=\"admin\" \/>\n\t<meta name=\"twitter:label2\" content=\"Tiempo de lectura\" \/>\n\t<meta name=\"twitter:data2\" content=\"2 minutos\" \/>\n<script type=\"application\/ld+json\" class=\"yoast-schema-graph\">{\"@context\":\"https:\/\/schema.org\",\"@graph\":[{\"@type\":\"Article\",\"@id\":\"https:\/\/luchonoticias.com\/editor\/el-zarco-a-responder-ante-la-fiscalia-por-su-presunta-responsabilidad-en-el-reclutamiento-de-victimas-de-ejecuciones-extrajudiciales\/#article\",\"isPartOf\":{\"@id\":\"https:\/\/luchonoticias.com\/editor\/el-zarco-a-responder-ante-la-fiscalia-por-su-presunta-responsabilidad-en-el-reclutamiento-de-victimas-de-ejecuciones-extrajudiciales\/\"},\"author\":{\"name\":\"admin\",\"@id\":\"https:\/\/luchonoticias.com\/editor\/#\/schema\/person\/7a7fd911f58561fd056dbac7b55af9cd\"},\"headline\":\"\u2018El Zarco\u2019 a responder ante la Fiscal\u00eda por su presunta responsabilidad en el reclutamiento de v\u00edctimas de ejecuciones extrajudiciales\",\"datePublished\":\"2022-11-25T12:01:24+00:00\",\"dateModified\":\"2022-11-25T12:01:25+00:00\",\"mainEntityOfPage\":{\"@id\":\"https:\/\/luchonoticias.com\/editor\/el-zarco-a-responder-ante-la-fiscalia-por-su-presunta-responsabilidad-en-el-reclutamiento-de-victimas-de-ejecuciones-extrajudiciales\/\"},\"wordCount\":434,\"commentCount\":0,\"publisher\":{\"@id\":\"https:\/\/luchonoticias.com\/editor\/#\/schema\/person\/7a7fd911f58561fd056dbac7b55af9cd\"},\"articleSection\":[\"Destacado\",\"Judicial\"],\"inLanguage\":\"es\",\"potentialAction\":[{\"@type\":\"CommentAction\",\"name\":\"Comment\",\"target\":[\"https:\/\/luchonoticias.com\/editor\/el-zarco-a-responder-ante-la-fiscalia-por-su-presunta-responsabilidad-en-el-reclutamiento-de-victimas-de-ejecuciones-extrajudiciales\/#respond\"]}]},{\"@type\":\"WebPage\",\"@id\":\"https:\/\/luchonoticias.com\/editor\/el-zarco-a-responder-ante-la-fiscalia-por-su-presunta-responsabilidad-en-el-reclutamiento-de-victimas-de-ejecuciones-extrajudiciales\/\",\"url\":\"https:\/\/luchonoticias.com\/editor\/el-zarco-a-responder-ante-la-fiscalia-por-su-presunta-responsabilidad-en-el-reclutamiento-de-victimas-de-ejecuciones-extrajudiciales\/\",\"name\":\"\u2018El Zarco\u2019 a responder ante la Fiscal\u00eda por su presunta responsabilidad en el reclutamiento de v\u00edctimas de ejecuciones extrajudiciales -\",\"isPartOf\":{\"@id\":\"https:\/\/luchonoticias.com\/editor\/#website\"},\"datePublished\":\"2022-11-25T12:01:24+00:00\",\"dateModified\":\"2022-11-25T12:01:25+00:00\",\"breadcrumb\":{\"@id\":\"https:\/\/luchonoticias.com\/editor\/el-zarco-a-responder-ante-la-fiscalia-por-su-presunta-responsabilidad-en-el-reclutamiento-de-victimas-de-ejecuciones-extrajudiciales\/#breadcrumb\"},\"inLanguage\":\"es\",\"potentialAction\":[{\"@type\":\"ReadAction\",\"target\":[\"https:\/\/luchonoticias.com\/editor\/el-zarco-a-responder-ante-la-fiscalia-por-su-presunta-responsabilidad-en-el-reclutamiento-de-victimas-de-ejecuciones-extrajudiciales\/\"]}]},{\"@type\":\"BreadcrumbList\",\"@id\":\"https:\/\/luchonoticias.com\/editor\/el-zarco-a-responder-ante-la-fiscalia-por-su-presunta-responsabilidad-en-el-reclutamiento-de-victimas-de-ejecuciones-extrajudiciales\/#breadcrumb\",\"itemListElement\":[{\"@type\":\"ListItem\",\"position\":1,\"name\":\"Portada\",\"item\":\"https:\/\/luchonoticias.com\/editor\/\"},{\"@type\":\"ListItem\",\"position\":2,\"name\":\"\u2018El Zarco\u2019 a responder ante la Fiscal\u00eda por su presunta responsabilidad en el reclutamiento de v\u00edctimas de ejecuciones extrajudiciales\"}]},{\"@type\":\"WebSite\",\"@id\":\"https:\/\/luchonoticias.com\/editor\/#website\",\"url\":\"https:\/\/luchonoticias.com\/editor\/\",\"name\":\"\",\"description\":\"\",\"publisher\":{\"@id\":\"https:\/\/luchonoticias.com\/editor\/#\/schema\/person\/7a7fd911f58561fd056dbac7b55af9cd\"},\"potentialAction\":[{\"@type\":\"SearchAction\",\"target\":{\"@type\":\"EntryPoint\",\"urlTemplate\":\"https:\/\/luchonoticias.com\/editor\/?s={search_term_string}\"},\"query-input\":{\"@type\":\"PropertyValueSpecification\",\"valueRequired\":true,\"valueName\":\"search_term_string\"}}],\"inLanguage\":\"es\"},{\"@type\":[\"Person\",\"Organization\"],\"@id\":\"https:\/\/luchonoticias.com\/editor\/#\/schema\/person\/7a7fd911f58561fd056dbac7b55af9cd\",\"name\":\"admin\",\"image\":{\"@type\":\"ImageObject\",\"inLanguage\":\"es\",\"@id\":\"https:\/\/luchonoticias.com\/editor\/#\/schema\/person\/image\/\",\"url\":\"https:\/\/luchonoticias.com\/editor\/wp-content\/uploads\/2024\/02\/cropped-cropped-logolu.webp\",\"contentUrl\":\"https:\/\/luchonoticias.com\/editor\/wp-content\/uploads\/2024\/02\/cropped-cropped-logolu.webp\",\"width\":382,\"height\":170,\"caption\":\"admin\"},\"logo\":{\"@id\":\"https:\/\/luchonoticias.com\/editor\/#\/schema\/person\/image\/\"},\"sameAs\":[\"https:\/\/www.facebook.com\/luchonoticiasneiva\"],\"url\":\"https:\/\/luchonoticias.com\/editor\/author\/admin\/\"}]}<\/script>\n<!-- \/ Yoast SEO plugin. -->","yoast_head_json":{"title":"\u2018El Zarco\u2019 a responder ante la Fiscal\u00eda por su presunta responsabilidad en el reclutamiento de v\u00edctimas de ejecuciones extrajudiciales -","robots":{"index":"index","follow":"follow","max-snippet":"max-snippet:-1","max-image-preview":"max-image-preview:large","max-video-preview":"max-video-preview:-1"},"canonical":"https:\/\/luchonoticias.com\/editor\/el-zarco-a-responder-ante-la-fiscalia-por-su-presunta-responsabilidad-en-el-reclutamiento-de-victimas-de-ejecuciones-extrajudiciales\/","og_locale":"es_ES","og_type":"article","og_title":"\u2018El Zarco\u2019 a responder ante la Fiscal\u00eda por su presunta responsabilidad en el reclutamiento de v\u00edctimas de ejecuciones extrajudiciales -","og_url":"https:\/\/luchonoticias.com\/editor\/el-zarco-a-responder-ante-la-fiscalia-por-su-presunta-responsabilidad-en-el-reclutamiento-de-victimas-de-ejecuciones-extrajudiciales\/","article_publisher":"https:\/\/www.facebook.com\/luchonoticiasneiva","article_author":"https:\/\/www.facebook.com\/luchonoticiasneiva","article_published_time":"2022-11-25T12:01:24+00:00","article_modified_time":"2022-11-25T12:01:25+00:00","author":"admin","twitter_card":"summary_large_image","twitter_misc":{"Escrito por":"admin","Tiempo de lectura":"2 minutos"},"schema":{"@context":"https:\/\/schema.org","@graph":[{"@type":"Article","@id":"https:\/\/luchonoticias.com\/editor\/el-zarco-a-responder-ante-la-fiscalia-por-su-presunta-responsabilidad-en-el-reclutamiento-de-victimas-de-ejecuciones-extrajudiciales\/#article","isPartOf":{"@id":"https:\/\/luchonoticias.com\/editor\/el-zarco-a-responder-ante-la-fiscalia-por-su-presunta-responsabilidad-en-el-reclutamiento-de-victimas-de-ejecuciones-extrajudiciales\/"},"author":{"name":"admin","@id":"https:\/\/luchonoticias.com\/editor\/#\/schema\/person\/7a7fd911f58561fd056dbac7b55af9cd"},"headline":"\u2018El Zarco\u2019 a responder ante la Fiscal\u00eda por su presunta responsabilidad en el reclutamiento de v\u00edctimas de ejecuciones extrajudiciales","datePublished":"2022-11-25T12:01:24+00:00","dateModified":"2022-11-25T12:01:25+00:00","mainEntityOfPage":{"@id":"https:\/\/luchonoticias.com\/editor\/el-zarco-a-responder-ante-la-fiscalia-por-su-presunta-responsabilidad-en-el-reclutamiento-de-victimas-de-ejecuciones-extrajudiciales\/"},"wordCount":434,"commentCount":0,"publisher":{"@id":"https:\/\/luchonoticias.com\/editor\/#\/schema\/person\/7a7fd911f58561fd056dbac7b55af9cd"},"articleSection":["Destacado","Judicial"],"inLanguage":"es","potentialAction":[{"@type":"CommentAction","name":"Comment","target":["https:\/\/luchonoticias.com\/editor\/el-zarco-a-responder-ante-la-fiscalia-por-su-presunta-responsabilidad-en-el-reclutamiento-de-victimas-de-ejecuciones-extrajudiciales\/#respond"]}]},{"@type":"WebPage","@id":"https:\/\/luchonoticias.com\/editor\/el-zarco-a-responder-ante-la-fiscalia-por-su-presunta-responsabilidad-en-el-reclutamiento-de-victimas-de-ejecuciones-extrajudiciales\/","url":"https:\/\/luchonoticias.com\/editor\/el-zarco-a-responder-ante-la-fiscalia-por-su-presunta-responsabilidad-en-el-reclutamiento-de-victimas-de-ejecuciones-extrajudiciales\/","name":"\u2018El Zarco\u2019 a responder ante la Fiscal\u00eda por su presunta responsabilidad en el reclutamiento de v\u00edctimas de ejecuciones extrajudiciales -","isPartOf":{"@id":"https:\/\/luchonoticias.com\/editor\/#website"},"datePublished":"2022-11-25T12:01:24+00:00","dateModified":"2022-11-25T12:01:25+00:00","breadcrumb":{"@id":"https:\/\/luchonoticias.com\/editor\/el-zarco-a-responder-ante-la-fiscalia-por-su-presunta-responsabilidad-en-el-reclutamiento-de-victimas-de-ejecuciones-extrajudiciales\/#breadcrumb"},"inLanguage":"es","potentialAction":[{"@type":"ReadAction","target":["https:\/\/luchonoticias.com\/editor\/el-zarco-a-responder-ante-la-fiscalia-por-su-presunta-responsabilidad-en-el-reclutamiento-de-victimas-de-ejecuciones-extrajudiciales\/"]}]},{"@type":"BreadcrumbList","@id":"https:\/\/luchonoticias.com\/editor\/el-zarco-a-responder-ante-la-fiscalia-por-su-presunta-responsabilidad-en-el-reclutamiento-de-victimas-de-ejecuciones-extrajudiciales\/#breadcrumb","itemListElement":[{"@type":"ListItem","position":1,"name":"Portada","item":"https:\/\/luchonoticias.com\/editor\/"},{"@type":"ListItem","position":2,"name":"\u2018El Zarco\u2019 a responder ante la Fiscal\u00eda por su presunta responsabilidad en el reclutamiento de v\u00edctimas de ejecuciones extrajudiciales"}]},{"@type":"WebSite","@id":"https:\/\/luchonoticias.com\/editor\/#website","url":"https:\/\/luchonoticias.com\/editor\/","name":"","description":"","publisher":{"@id":"https:\/\/luchonoticias.com\/editor\/#\/schema\/person\/7a7fd911f58561fd056dbac7b55af9cd"},"potentialAction":[{"@type":"SearchAction","target":{"@type":"EntryPoint","urlTemplate":"https:\/\/luchonoticias.com\/editor\/?s={search_term_string}"},"query-input":{"@type":"PropertyValueSpecification","valueRequired":true,"valueName":"search_term_string"}}],"inLanguage":"es"},{"@type":["Person","Organization"],"@id":"https:\/\/luchonoticias.com\/editor\/#\/schema\/person\/7a7fd911f58561fd056dbac7b55af9cd","name":"admin","image":{"@type":"ImageObject","inLanguage":"es","@id":"https:\/\/luchonoticias.com\/editor\/#\/schema\/person\/image\/","url":"https:\/\/luchonoticias.com\/editor\/wp-content\/uploads\/2024\/02\/cropped-cropped-logolu.webp","contentUrl":"https:\/\/luchonoticias.com\/editor\/wp-content\/uploads\/2024\/02\/cropped-cropped-logolu.webp","width":382,"height":170,"caption":"admin"},"logo":{"@id":"https:\/\/luchonoticias.com\/editor\/#\/schema\/person\/image\/"},"sameAs":["https:\/\/www.facebook.com\/luchonoticiasneiva"],"url":"https:\/\/luchonoticias.com\/editor\/author\/admin\/"}]}},"_links":{"self":[{"href":"https:\/\/luchonoticias.com\/editor\/wp-json\/wp\/v2\/posts\/40381","targetHints":{"allow":["GET"]}}],"collection":[{"href":"https:\/\/luchonoticias.com\/editor\/wp-json\/wp\/v2\/posts"}],"about":[{"href":"https:\/\/luchonoticias.com\/editor\/wp-json\/wp\/v2\/types\/post"}],"author":[{"embeddable":true,"href":"https:\/\/luchonoticias.com\/editor\/wp-json\/wp\/v2\/users\/1"}],"replies":[{"embeddable":true,"href":"https:\/\/luchonoticias.com\/editor\/wp-json\/wp\/v2\/comments?post=40381"}],"version-history":[{"count":0,"href":"https:\/\/luchonoticias.com\/editor\/wp-json\/wp\/v2\/posts\/40381\/revisions"}],"wp:attachment":[{"href":"https:\/\/luchonoticias.com\/editor\/wp-json\/wp\/v2\/media?parent=40381"}],"wp:term":[{"taxonomy":"category","embeddable":true,"href":"https:\/\/luchonoticias.com\/editor\/wp-json\/wp\/v2\/categories?post=40381"},{"taxonomy":"post_tag","embeddable":true,"href":"https:\/\/luchonoticias.com\/editor\/wp-json\/wp\/v2\/tags?post=40381"}],"curies":[{"name":"wp","href":"https:\/\/api.w.org\/{rel}","templated":true}]}}