{"id":40387,"date":"2022-11-25T07:08:38","date_gmt":"2022-11-25T12:08:38","guid":{"rendered":"https:\/\/luchonoticias.com\/?p=40387"},"modified":"2022-11-25T07:08:39","modified_gmt":"2022-11-25T12:08:39","slug":"30-anos-de-prision-dos-exalcaldes-de-chalan-sucre-por-el-asesinato-de-dos-excandidatos-a-la-alcaldia-de-ese-municipio","status":"publish","type":"post","link":"https:\/\/luchonoticias.com\/editor\/30-anos-de-prision-dos-exalcaldes-de-chalan-sucre-por-el-asesinato-de-dos-excandidatos-a-la-alcaldia-de-ese-municipio\/","title":{"rendered":"30 a\u00f1os de prisi\u00f3n dos exalcaldes de Chal\u00e1n (Sucre) por el asesinato de dos excandidatos a la alcald\u00eda de ese municipio"},"content":{"rendered":"\n<p>Una minuciosa investigaci\u00f3n adelantada por la Fiscal\u00eda General de la Naci\u00f3n, permiti\u00f3 que un juez de la Rep\u00fablica en primera instancia condenara a los exalcaldes de Chal\u00e1n (Sucre) Hugo Antonio M\u00e9ndez Hern\u00e1ndez (2003-2005) y \u00c1lvaro Segundo Mart\u00ednez Buelvas (2005-2007) a penas de prisi\u00f3n de 37 a\u00f1os y 9 meses; y 30 a\u00f1os y 4 meses, respectivamente.<\/p>\n\n\n\n<p>La decisi\u00f3n judicial se da luego de que la Fiscal\u00eda comprobara la participaci\u00f3n de los dos condenados en el asesinato de los aspirantes a la alcald\u00eda del referido municipio, Orlay del Cristo L\u00e1zaro Boh\u00f3rquez, asesinado el 30 de abril de 2002 y \u00d3scar Emell M\u00e9ndez Lara ultimado el 25 de julio de 2004, ambos ocurridos en Sincelejo, por miembros de las AUC que delinqu\u00edan en Sucre.<\/p>\n\n\n\n<p>La Fiscal\u00eda demostr\u00f3 que los ahora sentenciados se confabularon con las Autodefensas Unidas de Colombia (AUC) para ocupar los referidos cargos de elecci\u00f3n popular.<\/p>\n\n\n\n<p>La investigaci\u00f3n determin\u00f3, que una vez en el poder M\u00e9ndez Hern\u00e1ndez y Mart\u00ednez Buelvas, financiaron la organizaci\u00f3n criminal con aportes mensuales de hasta cinco millones de pesos.<\/p>\n\n\n\n<p>Por estos hechos, la Fiscal\u00eda imput\u00f3 a M\u00e9ndez Hern\u00e1ndez como autor material del delito de homicidio y concierto para delinquir de las dos v\u00edctimas. Mart\u00ednez Buelvas, fue considerado autor material de los mismos delitos, pero s\u00f3lo por el caso de Orlay del Cristo L\u00e1zaro Boh\u00f3rquez.<\/p>\n\n\n\n<p>Adem\u00e1s de la pena privativa de la libertad, cada uno de los condenados deber\u00e1 cancelar una multa de 500 salarios m\u00ednimos legales mensuales. Contra los procesados pesan \u00f3rdenes de captura para el cumplimiento de la pena impuesta.<\/p>\n","protected":false},"excerpt":{"rendered":"<p>Una minuciosa investigaci\u00f3n adelantada por la Fiscal\u00eda General de la Naci\u00f3n, permiti\u00f3 que un juez de la Rep\u00fablica en primera instancia condenara a los exalcaldes de Chal\u00e1n (Sucre) Hugo Antonio M\u00e9ndez Hern\u00e1ndez (2003-2005) y \u00c1lvaro Segundo Mart\u00ednez Buelvas (2005-2007) a penas de prisi\u00f3n de 37 a\u00f1os y 9 meses; y 30 a\u00f1os y 4 meses, [&hellip;]<\/p>\n","protected":false},"author":1,"featured_media":0,"comment_status":"open","ping_status":"open","sticky":false,"template":"","format":"standard","meta":{"footnotes":""},"categories":[36,29],"tags":[],"class_list":["post-40387","post","type-post","status-publish","format-standard","hentry","category-destacado","category-judicial"],"yoast_head":"<!-- This site is optimized with the Yoast SEO plugin v26.6 - https:\/\/yoast.com\/wordpress\/plugins\/seo\/ -->\n<title>30 a\u00f1os de prisi\u00f3n dos exalcaldes de Chal\u00e1n (Sucre) por el asesinato de dos excandidatos a la alcald\u00eda de ese municipio -<\/title>\n<meta name=\"robots\" content=\"index, follow, max-snippet:-1, max-image-preview:large, max-video-preview:-1\" \/>\n<link rel=\"canonical\" href=\"https:\/\/luchonoticias.com\/editor\/30-anos-de-prision-dos-exalcaldes-de-chalan-sucre-por-el-asesinato-de-dos-excandidatos-a-la-alcaldia-de-ese-municipio\/\" \/>\n<meta property=\"og:locale\" content=\"es_ES\" \/>\n<meta property=\"og:type\" content=\"article\" \/>\n<meta property=\"og:title\" content=\"30 a\u00f1os de prisi\u00f3n dos exalcaldes de Chal\u00e1n (Sucre) por el asesinato de dos excandidatos a la alcald\u00eda de ese municipio -\" \/>\n<meta property=\"og:url\" content=\"https:\/\/luchonoticias.com\/editor\/30-anos-de-prision-dos-exalcaldes-de-chalan-sucre-por-el-asesinato-de-dos-excandidatos-a-la-alcaldia-de-ese-municipio\/\" \/>\n<meta property=\"article:publisher\" content=\"https:\/\/www.facebook.com\/luchonoticiasneiva\" \/>\n<meta property=\"article:author\" content=\"https:\/\/www.facebook.com\/luchonoticiasneiva\" \/>\n<meta property=\"article:published_time\" content=\"2022-11-25T12:08:38+00:00\" \/>\n<meta property=\"article:modified_time\" content=\"2022-11-25T12:08:39+00:00\" \/>\n<meta name=\"author\" content=\"admin\" \/>\n<meta name=\"twitter:card\" content=\"summary_large_image\" \/>\n<meta name=\"twitter:label1\" content=\"Escrito por\" \/>\n\t<meta name=\"twitter:data1\" content=\"admin\" \/>\n\t<meta name=\"twitter:label2\" content=\"Tiempo de lectura\" \/>\n\t<meta name=\"twitter:data2\" content=\"1 minuto\" \/>\n<script type=\"application\/ld+json\" class=\"yoast-schema-graph\">{\"@context\":\"https:\/\/schema.org\",\"@graph\":[{\"@type\":\"Article\",\"@id\":\"https:\/\/luchonoticias.com\/editor\/30-anos-de-prision-dos-exalcaldes-de-chalan-sucre-por-el-asesinato-de-dos-excandidatos-a-la-alcaldia-de-ese-municipio\/#article\",\"isPartOf\":{\"@id\":\"https:\/\/luchonoticias.com\/editor\/30-anos-de-prision-dos-exalcaldes-de-chalan-sucre-por-el-asesinato-de-dos-excandidatos-a-la-alcaldia-de-ese-municipio\/\"},\"author\":{\"name\":\"admin\",\"@id\":\"https:\/\/luchonoticias.com\/editor\/#\/schema\/person\/7a7fd911f58561fd056dbac7b55af9cd\"},\"headline\":\"30 a\u00f1os de prisi\u00f3n dos exalcaldes de Chal\u00e1n (Sucre) por el asesinato de dos excandidatos a la alcald\u00eda de ese municipio\",\"datePublished\":\"2022-11-25T12:08:38+00:00\",\"dateModified\":\"2022-11-25T12:08:39+00:00\",\"mainEntityOfPage\":{\"@id\":\"https:\/\/luchonoticias.com\/editor\/30-anos-de-prision-dos-exalcaldes-de-chalan-sucre-por-el-asesinato-de-dos-excandidatos-a-la-alcaldia-de-ese-municipio\/\"},\"wordCount\":306,\"commentCount\":0,\"publisher\":{\"@id\":\"https:\/\/luchonoticias.com\/editor\/#\/schema\/person\/7a7fd911f58561fd056dbac7b55af9cd\"},\"articleSection\":[\"Destacado\",\"Judicial\"],\"inLanguage\":\"es\",\"potentialAction\":[{\"@type\":\"CommentAction\",\"name\":\"Comment\",\"target\":[\"https:\/\/luchonoticias.com\/editor\/30-anos-de-prision-dos-exalcaldes-de-chalan-sucre-por-el-asesinato-de-dos-excandidatos-a-la-alcaldia-de-ese-municipio\/#respond\"]}]},{\"@type\":\"WebPage\",\"@id\":\"https:\/\/luchonoticias.com\/editor\/30-anos-de-prision-dos-exalcaldes-de-chalan-sucre-por-el-asesinato-de-dos-excandidatos-a-la-alcaldia-de-ese-municipio\/\",\"url\":\"https:\/\/luchonoticias.com\/editor\/30-anos-de-prision-dos-exalcaldes-de-chalan-sucre-por-el-asesinato-de-dos-excandidatos-a-la-alcaldia-de-ese-municipio\/\",\"name\":\"30 a\u00f1os de prisi\u00f3n dos exalcaldes de Chal\u00e1n (Sucre) por el asesinato de dos excandidatos a la alcald\u00eda de ese municipio -\",\"isPartOf\":{\"@id\":\"https:\/\/luchonoticias.com\/editor\/#website\"},\"datePublished\":\"2022-11-25T12:08:38+00:00\",\"dateModified\":\"2022-11-25T12:08:39+00:00\",\"breadcrumb\":{\"@id\":\"https:\/\/luchonoticias.com\/editor\/30-anos-de-prision-dos-exalcaldes-de-chalan-sucre-por-el-asesinato-de-dos-excandidatos-a-la-alcaldia-de-ese-municipio\/#breadcrumb\"},\"inLanguage\":\"es\",\"potentialAction\":[{\"@type\":\"ReadAction\",\"target\":[\"https:\/\/luchonoticias.com\/editor\/30-anos-de-prision-dos-exalcaldes-de-chalan-sucre-por-el-asesinato-de-dos-excandidatos-a-la-alcaldia-de-ese-municipio\/\"]}]},{\"@type\":\"BreadcrumbList\",\"@id\":\"https:\/\/luchonoticias.com\/editor\/30-anos-de-prision-dos-exalcaldes-de-chalan-sucre-por-el-asesinato-de-dos-excandidatos-a-la-alcaldia-de-ese-municipio\/#breadcrumb\",\"itemListElement\":[{\"@type\":\"ListItem\",\"position\":1,\"name\":\"Portada\",\"item\":\"https:\/\/luchonoticias.com\/editor\/\"},{\"@type\":\"ListItem\",\"position\":2,\"name\":\"30 a\u00f1os de prisi\u00f3n dos exalcaldes de Chal\u00e1n (Sucre) por el asesinato de dos excandidatos a la alcald\u00eda de ese municipio\"}]},{\"@type\":\"WebSite\",\"@id\":\"https:\/\/luchonoticias.com\/editor\/#website\",\"url\":\"https:\/\/luchonoticias.com\/editor\/\",\"name\":\"\",\"description\":\"\",\"publisher\":{\"@id\":\"https:\/\/luchonoticias.com\/editor\/#\/schema\/person\/7a7fd911f58561fd056dbac7b55af9cd\"},\"potentialAction\":[{\"@type\":\"SearchAction\",\"target\":{\"@type\":\"EntryPoint\",\"urlTemplate\":\"https:\/\/luchonoticias.com\/editor\/?s={search_term_string}\"},\"query-input\":{\"@type\":\"PropertyValueSpecification\",\"valueRequired\":true,\"valueName\":\"search_term_string\"}}],\"inLanguage\":\"es\"},{\"@type\":[\"Person\",\"Organization\"],\"@id\":\"https:\/\/luchonoticias.com\/editor\/#\/schema\/person\/7a7fd911f58561fd056dbac7b55af9cd\",\"name\":\"admin\",\"image\":{\"@type\":\"ImageObject\",\"inLanguage\":\"es\",\"@id\":\"https:\/\/luchonoticias.com\/editor\/#\/schema\/person\/image\/\",\"url\":\"https:\/\/luchonoticias.com\/editor\/wp-content\/uploads\/2024\/02\/cropped-cropped-logolu.webp\",\"contentUrl\":\"https:\/\/luchonoticias.com\/editor\/wp-content\/uploads\/2024\/02\/cropped-cropped-logolu.webp\",\"width\":382,\"height\":170,\"caption\":\"admin\"},\"logo\":{\"@id\":\"https:\/\/luchonoticias.com\/editor\/#\/schema\/person\/image\/\"},\"sameAs\":[\"https:\/\/www.facebook.com\/luchonoticiasneiva\"],\"url\":\"https:\/\/luchonoticias.com\/editor\/author\/admin\/\"}]}<\/script>\n<!-- \/ Yoast SEO plugin. -->","yoast_head_json":{"title":"30 a\u00f1os de prisi\u00f3n dos exalcaldes de Chal\u00e1n (Sucre) por el asesinato de dos excandidatos a la alcald\u00eda de ese municipio -","robots":{"index":"index","follow":"follow","max-snippet":"max-snippet:-1","max-image-preview":"max-image-preview:large","max-video-preview":"max-video-preview:-1"},"canonical":"https:\/\/luchonoticias.com\/editor\/30-anos-de-prision-dos-exalcaldes-de-chalan-sucre-por-el-asesinato-de-dos-excandidatos-a-la-alcaldia-de-ese-municipio\/","og_locale":"es_ES","og_type":"article","og_title":"30 a\u00f1os de prisi\u00f3n dos exalcaldes de Chal\u00e1n (Sucre) por el asesinato de dos excandidatos a la alcald\u00eda de ese municipio -","og_url":"https:\/\/luchonoticias.com\/editor\/30-anos-de-prision-dos-exalcaldes-de-chalan-sucre-por-el-asesinato-de-dos-excandidatos-a-la-alcaldia-de-ese-municipio\/","article_publisher":"https:\/\/www.facebook.com\/luchonoticiasneiva","article_author":"https:\/\/www.facebook.com\/luchonoticiasneiva","article_published_time":"2022-11-25T12:08:38+00:00","article_modified_time":"2022-11-25T12:08:39+00:00","author":"admin","twitter_card":"summary_large_image","twitter_misc":{"Escrito por":"admin","Tiempo de lectura":"1 minuto"},"schema":{"@context":"https:\/\/schema.org","@graph":[{"@type":"Article","@id":"https:\/\/luchonoticias.com\/editor\/30-anos-de-prision-dos-exalcaldes-de-chalan-sucre-por-el-asesinato-de-dos-excandidatos-a-la-alcaldia-de-ese-municipio\/#article","isPartOf":{"@id":"https:\/\/luchonoticias.com\/editor\/30-anos-de-prision-dos-exalcaldes-de-chalan-sucre-por-el-asesinato-de-dos-excandidatos-a-la-alcaldia-de-ese-municipio\/"},"author":{"name":"admin","@id":"https:\/\/luchonoticias.com\/editor\/#\/schema\/person\/7a7fd911f58561fd056dbac7b55af9cd"},"headline":"30 a\u00f1os de prisi\u00f3n dos exalcaldes de Chal\u00e1n (Sucre) por el asesinato de dos excandidatos a la alcald\u00eda de ese municipio","datePublished":"2022-11-25T12:08:38+00:00","dateModified":"2022-11-25T12:08:39+00:00","mainEntityOfPage":{"@id":"https:\/\/luchonoticias.com\/editor\/30-anos-de-prision-dos-exalcaldes-de-chalan-sucre-por-el-asesinato-de-dos-excandidatos-a-la-alcaldia-de-ese-municipio\/"},"wordCount":306,"commentCount":0,"publisher":{"@id":"https:\/\/luchonoticias.com\/editor\/#\/schema\/person\/7a7fd911f58561fd056dbac7b55af9cd"},"articleSection":["Destacado","Judicial"],"inLanguage":"es","potentialAction":[{"@type":"CommentAction","name":"Comment","target":["https:\/\/luchonoticias.com\/editor\/30-anos-de-prision-dos-exalcaldes-de-chalan-sucre-por-el-asesinato-de-dos-excandidatos-a-la-alcaldia-de-ese-municipio\/#respond"]}]},{"@type":"WebPage","@id":"https:\/\/luchonoticias.com\/editor\/30-anos-de-prision-dos-exalcaldes-de-chalan-sucre-por-el-asesinato-de-dos-excandidatos-a-la-alcaldia-de-ese-municipio\/","url":"https:\/\/luchonoticias.com\/editor\/30-anos-de-prision-dos-exalcaldes-de-chalan-sucre-por-el-asesinato-de-dos-excandidatos-a-la-alcaldia-de-ese-municipio\/","name":"30 a\u00f1os de prisi\u00f3n dos exalcaldes de Chal\u00e1n (Sucre) por el asesinato de dos excandidatos a la alcald\u00eda de ese municipio -","isPartOf":{"@id":"https:\/\/luchonoticias.com\/editor\/#website"},"datePublished":"2022-11-25T12:08:38+00:00","dateModified":"2022-11-25T12:08:39+00:00","breadcrumb":{"@id":"https:\/\/luchonoticias.com\/editor\/30-anos-de-prision-dos-exalcaldes-de-chalan-sucre-por-el-asesinato-de-dos-excandidatos-a-la-alcaldia-de-ese-municipio\/#breadcrumb"},"inLanguage":"es","potentialAction":[{"@type":"ReadAction","target":["https:\/\/luchonoticias.com\/editor\/30-anos-de-prision-dos-exalcaldes-de-chalan-sucre-por-el-asesinato-de-dos-excandidatos-a-la-alcaldia-de-ese-municipio\/"]}]},{"@type":"BreadcrumbList","@id":"https:\/\/luchonoticias.com\/editor\/30-anos-de-prision-dos-exalcaldes-de-chalan-sucre-por-el-asesinato-de-dos-excandidatos-a-la-alcaldia-de-ese-municipio\/#breadcrumb","itemListElement":[{"@type":"ListItem","position":1,"name":"Portada","item":"https:\/\/luchonoticias.com\/editor\/"},{"@type":"ListItem","position":2,"name":"30 a\u00f1os de prisi\u00f3n dos exalcaldes de Chal\u00e1n (Sucre) por el asesinato de dos excandidatos a la alcald\u00eda de ese municipio"}]},{"@type":"WebSite","@id":"https:\/\/luchonoticias.com\/editor\/#website","url":"https:\/\/luchonoticias.com\/editor\/","name":"","description":"","publisher":{"@id":"https:\/\/luchonoticias.com\/editor\/#\/schema\/person\/7a7fd911f58561fd056dbac7b55af9cd"},"potentialAction":[{"@type":"SearchAction","target":{"@type":"EntryPoint","urlTemplate":"https:\/\/luchonoticias.com\/editor\/?s={search_term_string}"},"query-input":{"@type":"PropertyValueSpecification","valueRequired":true,"valueName":"search_term_string"}}],"inLanguage":"es"},{"@type":["Person","Organization"],"@id":"https:\/\/luchonoticias.com\/editor\/#\/schema\/person\/7a7fd911f58561fd056dbac7b55af9cd","name":"admin","image":{"@type":"ImageObject","inLanguage":"es","@id":"https:\/\/luchonoticias.com\/editor\/#\/schema\/person\/image\/","url":"https:\/\/luchonoticias.com\/editor\/wp-content\/uploads\/2024\/02\/cropped-cropped-logolu.webp","contentUrl":"https:\/\/luchonoticias.com\/editor\/wp-content\/uploads\/2024\/02\/cropped-cropped-logolu.webp","width":382,"height":170,"caption":"admin"},"logo":{"@id":"https:\/\/luchonoticias.com\/editor\/#\/schema\/person\/image\/"},"sameAs":["https:\/\/www.facebook.com\/luchonoticiasneiva"],"url":"https:\/\/luchonoticias.com\/editor\/author\/admin\/"}]}},"_links":{"self":[{"href":"https:\/\/luchonoticias.com\/editor\/wp-json\/wp\/v2\/posts\/40387","targetHints":{"allow":["GET"]}}],"collection":[{"href":"https:\/\/luchonoticias.com\/editor\/wp-json\/wp\/v2\/posts"}],"about":[{"href":"https:\/\/luchonoticias.com\/editor\/wp-json\/wp\/v2\/types\/post"}],"author":[{"embeddable":true,"href":"https:\/\/luchonoticias.com\/editor\/wp-json\/wp\/v2\/users\/1"}],"replies":[{"embeddable":true,"href":"https:\/\/luchonoticias.com\/editor\/wp-json\/wp\/v2\/comments?post=40387"}],"version-history":[{"count":0,"href":"https:\/\/luchonoticias.com\/editor\/wp-json\/wp\/v2\/posts\/40387\/revisions"}],"wp:attachment":[{"href":"https:\/\/luchonoticias.com\/editor\/wp-json\/wp\/v2\/media?parent=40387"}],"wp:term":[{"taxonomy":"category","embeddable":true,"href":"https:\/\/luchonoticias.com\/editor\/wp-json\/wp\/v2\/categories?post=40387"},{"taxonomy":"post_tag","embeddable":true,"href":"https:\/\/luchonoticias.com\/editor\/wp-json\/wp\/v2\/tags?post=40387"}],"curies":[{"name":"wp","href":"https:\/\/api.w.org\/{rel}","templated":true}]}}