{"id":40390,"date":"2022-11-25T07:11:31","date_gmt":"2022-11-25T12:11:31","guid":{"rendered":"https:\/\/luchonoticias.com\/?p=40390"},"modified":"2022-11-25T07:11:32","modified_gmt":"2022-11-25T12:11:32","slug":"procuraduria-investigara-a-funcionario-que-agredio-a-viajero","status":"publish","type":"post","link":"https:\/\/luchonoticias.com\/editor\/procuraduria-investigara-a-funcionario-que-agredio-a-viajero\/","title":{"rendered":"Procuradur\u00eda investigar\u00e1 a funcionario que agredi\u00f3 a viajero"},"content":{"rendered":"\n<p>Luego de que se hiciera viral el video la agresi\u00f3n de un funcionario de Migraci\u00f3n Colombia contra un pasajero que ingresaba a Colombia en el Aeropuerto El Dorado, de Bogot\u00e1, la Procuradur\u00eda General de la Naci\u00f3n anunci\u00f3 que investigar\u00e1 a Jaime Adolfo S\u00e1nchez, el implicado en el esc\u00e1ndalo.<\/p>\n\n\n\n<p>Seg\u00fan un comunicado, el proceso contra S\u00e1nchez \u2014que fue grabado mientras le propinaba una patada a Juan Ram\u00f3n Camarillo\u2014, ser\u00e1 asumido por la Procuradur\u00eda Delegada para la Moralidad y Transparencia P\u00fablica. El Ministerio P\u00fablico tambi\u00e9n advirti\u00f3 que, si procede, se podr\u00eda llegar a suspender al funcionario del cargo mientras se adelanta el proceso disciplinario.<\/p>\n\n\n\n<p>El anuncio de este proceso disciplinario lleg\u00f3 al mismo tiempo que el comunicado de Fernando Garc\u00eda Manosalva, el director de Migraci\u00f3n Colombia, en el que rechaza \u201cla actitud de uno de sus funcionarios contra un viajero colombiano\u201d en el terminal a\u00e9reo m\u00e1s importante del pa\u00eds.<\/p>\n","protected":false},"excerpt":{"rendered":"<p>Luego de que se hiciera viral el video la agresi\u00f3n de un funcionario de Migraci\u00f3n Colombia contra un pasajero que ingresaba a Colombia en el Aeropuerto El Dorado, de Bogot\u00e1, la Procuradur\u00eda General de la Naci\u00f3n anunci\u00f3 que investigar\u00e1 a Jaime Adolfo S\u00e1nchez, el implicado en el esc\u00e1ndalo. Seg\u00fan un comunicado, el proceso contra S\u00e1nchez [&hellip;]<\/p>\n","protected":false},"author":1,"featured_media":0,"comment_status":"open","ping_status":"open","sticky":false,"template":"","format":"standard","meta":{"footnotes":""},"categories":[28,36],"tags":[],"class_list":["post-40390","post","type-post","status-publish","format-standard","hentry","category-actualidad","category-destacado"],"yoast_head":"<!-- This site is optimized with the Yoast SEO plugin v26.6 - https:\/\/yoast.com\/wordpress\/plugins\/seo\/ -->\n<title>Procuradur\u00eda investigar\u00e1 a funcionario que agredi\u00f3 a viajero -<\/title>\n<meta name=\"robots\" content=\"index, follow, max-snippet:-1, max-image-preview:large, max-video-preview:-1\" \/>\n<link rel=\"canonical\" href=\"https:\/\/luchonoticias.com\/editor\/procuraduria-investigara-a-funcionario-que-agredio-a-viajero\/\" \/>\n<meta property=\"og:locale\" content=\"es_ES\" \/>\n<meta property=\"og:type\" content=\"article\" \/>\n<meta property=\"og:title\" content=\"Procuradur\u00eda investigar\u00e1 a funcionario que agredi\u00f3 a viajero -\" \/>\n<meta property=\"og:url\" content=\"https:\/\/luchonoticias.com\/editor\/procuraduria-investigara-a-funcionario-que-agredio-a-viajero\/\" \/>\n<meta property=\"article:publisher\" content=\"https:\/\/www.facebook.com\/luchonoticiasneiva\" \/>\n<meta property=\"article:author\" content=\"https:\/\/www.facebook.com\/luchonoticiasneiva\" \/>\n<meta property=\"article:published_time\" content=\"2022-11-25T12:11:31+00:00\" \/>\n<meta property=\"article:modified_time\" content=\"2022-11-25T12:11:32+00:00\" \/>\n<meta name=\"author\" content=\"admin\" \/>\n<meta name=\"twitter:card\" content=\"summary_large_image\" \/>\n<meta name=\"twitter:label1\" content=\"Escrito por\" \/>\n\t<meta name=\"twitter:data1\" content=\"admin\" \/>\n\t<meta name=\"twitter:label2\" content=\"Tiempo de lectura\" \/>\n\t<meta name=\"twitter:data2\" content=\"1 minuto\" \/>\n<script type=\"application\/ld+json\" class=\"yoast-schema-graph\">{\"@context\":\"https:\/\/schema.org\",\"@graph\":[{\"@type\":\"Article\",\"@id\":\"https:\/\/luchonoticias.com\/editor\/procuraduria-investigara-a-funcionario-que-agredio-a-viajero\/#article\",\"isPartOf\":{\"@id\":\"https:\/\/luchonoticias.com\/editor\/procuraduria-investigara-a-funcionario-que-agredio-a-viajero\/\"},\"author\":{\"name\":\"admin\",\"@id\":\"https:\/\/luchonoticias.com\/editor\/#\/schema\/person\/7a7fd911f58561fd056dbac7b55af9cd\"},\"headline\":\"Procuradur\u00eda investigar\u00e1 a funcionario que agredi\u00f3 a viajero\",\"datePublished\":\"2022-11-25T12:11:31+00:00\",\"dateModified\":\"2022-11-25T12:11:32+00:00\",\"mainEntityOfPage\":{\"@id\":\"https:\/\/luchonoticias.com\/editor\/procuraduria-investigara-a-funcionario-que-agredio-a-viajero\/\"},\"wordCount\":175,\"commentCount\":0,\"publisher\":{\"@id\":\"https:\/\/luchonoticias.com\/editor\/#\/schema\/person\/7a7fd911f58561fd056dbac7b55af9cd\"},\"articleSection\":[\"Actualidad\",\"Destacado\"],\"inLanguage\":\"es\",\"potentialAction\":[{\"@type\":\"CommentAction\",\"name\":\"Comment\",\"target\":[\"https:\/\/luchonoticias.com\/editor\/procuraduria-investigara-a-funcionario-que-agredio-a-viajero\/#respond\"]}]},{\"@type\":\"WebPage\",\"@id\":\"https:\/\/luchonoticias.com\/editor\/procuraduria-investigara-a-funcionario-que-agredio-a-viajero\/\",\"url\":\"https:\/\/luchonoticias.com\/editor\/procuraduria-investigara-a-funcionario-que-agredio-a-viajero\/\",\"name\":\"Procuradur\u00eda investigar\u00e1 a funcionario que agredi\u00f3 a viajero -\",\"isPartOf\":{\"@id\":\"https:\/\/luchonoticias.com\/editor\/#website\"},\"datePublished\":\"2022-11-25T12:11:31+00:00\",\"dateModified\":\"2022-11-25T12:11:32+00:00\",\"breadcrumb\":{\"@id\":\"https:\/\/luchonoticias.com\/editor\/procuraduria-investigara-a-funcionario-que-agredio-a-viajero\/#breadcrumb\"},\"inLanguage\":\"es\",\"potentialAction\":[{\"@type\":\"ReadAction\",\"target\":[\"https:\/\/luchonoticias.com\/editor\/procuraduria-investigara-a-funcionario-que-agredio-a-viajero\/\"]}]},{\"@type\":\"BreadcrumbList\",\"@id\":\"https:\/\/luchonoticias.com\/editor\/procuraduria-investigara-a-funcionario-que-agredio-a-viajero\/#breadcrumb\",\"itemListElement\":[{\"@type\":\"ListItem\",\"position\":1,\"name\":\"Portada\",\"item\":\"https:\/\/luchonoticias.com\/editor\/\"},{\"@type\":\"ListItem\",\"position\":2,\"name\":\"Procuradur\u00eda investigar\u00e1 a funcionario que agredi\u00f3 a viajero\"}]},{\"@type\":\"WebSite\",\"@id\":\"https:\/\/luchonoticias.com\/editor\/#website\",\"url\":\"https:\/\/luchonoticias.com\/editor\/\",\"name\":\"\",\"description\":\"\",\"publisher\":{\"@id\":\"https:\/\/luchonoticias.com\/editor\/#\/schema\/person\/7a7fd911f58561fd056dbac7b55af9cd\"},\"potentialAction\":[{\"@type\":\"SearchAction\",\"target\":{\"@type\":\"EntryPoint\",\"urlTemplate\":\"https:\/\/luchonoticias.com\/editor\/?s={search_term_string}\"},\"query-input\":{\"@type\":\"PropertyValueSpecification\",\"valueRequired\":true,\"valueName\":\"search_term_string\"}}],\"inLanguage\":\"es\"},{\"@type\":[\"Person\",\"Organization\"],\"@id\":\"https:\/\/luchonoticias.com\/editor\/#\/schema\/person\/7a7fd911f58561fd056dbac7b55af9cd\",\"name\":\"admin\",\"image\":{\"@type\":\"ImageObject\",\"inLanguage\":\"es\",\"@id\":\"https:\/\/luchonoticias.com\/editor\/#\/schema\/person\/image\/\",\"url\":\"https:\/\/luchonoticias.com\/editor\/wp-content\/uploads\/2024\/02\/cropped-cropped-logolu.webp\",\"contentUrl\":\"https:\/\/luchonoticias.com\/editor\/wp-content\/uploads\/2024\/02\/cropped-cropped-logolu.webp\",\"width\":382,\"height\":170,\"caption\":\"admin\"},\"logo\":{\"@id\":\"https:\/\/luchonoticias.com\/editor\/#\/schema\/person\/image\/\"},\"sameAs\":[\"https:\/\/www.facebook.com\/luchonoticiasneiva\"],\"url\":\"https:\/\/luchonoticias.com\/editor\/author\/admin\/\"}]}<\/script>\n<!-- \/ Yoast SEO plugin. -->","yoast_head_json":{"title":"Procuradur\u00eda investigar\u00e1 a funcionario que agredi\u00f3 a viajero -","robots":{"index":"index","follow":"follow","max-snippet":"max-snippet:-1","max-image-preview":"max-image-preview:large","max-video-preview":"max-video-preview:-1"},"canonical":"https:\/\/luchonoticias.com\/editor\/procuraduria-investigara-a-funcionario-que-agredio-a-viajero\/","og_locale":"es_ES","og_type":"article","og_title":"Procuradur\u00eda investigar\u00e1 a funcionario que agredi\u00f3 a viajero -","og_url":"https:\/\/luchonoticias.com\/editor\/procuraduria-investigara-a-funcionario-que-agredio-a-viajero\/","article_publisher":"https:\/\/www.facebook.com\/luchonoticiasneiva","article_author":"https:\/\/www.facebook.com\/luchonoticiasneiva","article_published_time":"2022-11-25T12:11:31+00:00","article_modified_time":"2022-11-25T12:11:32+00:00","author":"admin","twitter_card":"summary_large_image","twitter_misc":{"Escrito por":"admin","Tiempo de lectura":"1 minuto"},"schema":{"@context":"https:\/\/schema.org","@graph":[{"@type":"Article","@id":"https:\/\/luchonoticias.com\/editor\/procuraduria-investigara-a-funcionario-que-agredio-a-viajero\/#article","isPartOf":{"@id":"https:\/\/luchonoticias.com\/editor\/procuraduria-investigara-a-funcionario-que-agredio-a-viajero\/"},"author":{"name":"admin","@id":"https:\/\/luchonoticias.com\/editor\/#\/schema\/person\/7a7fd911f58561fd056dbac7b55af9cd"},"headline":"Procuradur\u00eda investigar\u00e1 a funcionario que agredi\u00f3 a viajero","datePublished":"2022-11-25T12:11:31+00:00","dateModified":"2022-11-25T12:11:32+00:00","mainEntityOfPage":{"@id":"https:\/\/luchonoticias.com\/editor\/procuraduria-investigara-a-funcionario-que-agredio-a-viajero\/"},"wordCount":175,"commentCount":0,"publisher":{"@id":"https:\/\/luchonoticias.com\/editor\/#\/schema\/person\/7a7fd911f58561fd056dbac7b55af9cd"},"articleSection":["Actualidad","Destacado"],"inLanguage":"es","potentialAction":[{"@type":"CommentAction","name":"Comment","target":["https:\/\/luchonoticias.com\/editor\/procuraduria-investigara-a-funcionario-que-agredio-a-viajero\/#respond"]}]},{"@type":"WebPage","@id":"https:\/\/luchonoticias.com\/editor\/procuraduria-investigara-a-funcionario-que-agredio-a-viajero\/","url":"https:\/\/luchonoticias.com\/editor\/procuraduria-investigara-a-funcionario-que-agredio-a-viajero\/","name":"Procuradur\u00eda investigar\u00e1 a funcionario que agredi\u00f3 a viajero -","isPartOf":{"@id":"https:\/\/luchonoticias.com\/editor\/#website"},"datePublished":"2022-11-25T12:11:31+00:00","dateModified":"2022-11-25T12:11:32+00:00","breadcrumb":{"@id":"https:\/\/luchonoticias.com\/editor\/procuraduria-investigara-a-funcionario-que-agredio-a-viajero\/#breadcrumb"},"inLanguage":"es","potentialAction":[{"@type":"ReadAction","target":["https:\/\/luchonoticias.com\/editor\/procuraduria-investigara-a-funcionario-que-agredio-a-viajero\/"]}]},{"@type":"BreadcrumbList","@id":"https:\/\/luchonoticias.com\/editor\/procuraduria-investigara-a-funcionario-que-agredio-a-viajero\/#breadcrumb","itemListElement":[{"@type":"ListItem","position":1,"name":"Portada","item":"https:\/\/luchonoticias.com\/editor\/"},{"@type":"ListItem","position":2,"name":"Procuradur\u00eda investigar\u00e1 a funcionario que agredi\u00f3 a viajero"}]},{"@type":"WebSite","@id":"https:\/\/luchonoticias.com\/editor\/#website","url":"https:\/\/luchonoticias.com\/editor\/","name":"","description":"","publisher":{"@id":"https:\/\/luchonoticias.com\/editor\/#\/schema\/person\/7a7fd911f58561fd056dbac7b55af9cd"},"potentialAction":[{"@type":"SearchAction","target":{"@type":"EntryPoint","urlTemplate":"https:\/\/luchonoticias.com\/editor\/?s={search_term_string}"},"query-input":{"@type":"PropertyValueSpecification","valueRequired":true,"valueName":"search_term_string"}}],"inLanguage":"es"},{"@type":["Person","Organization"],"@id":"https:\/\/luchonoticias.com\/editor\/#\/schema\/person\/7a7fd911f58561fd056dbac7b55af9cd","name":"admin","image":{"@type":"ImageObject","inLanguage":"es","@id":"https:\/\/luchonoticias.com\/editor\/#\/schema\/person\/image\/","url":"https:\/\/luchonoticias.com\/editor\/wp-content\/uploads\/2024\/02\/cropped-cropped-logolu.webp","contentUrl":"https:\/\/luchonoticias.com\/editor\/wp-content\/uploads\/2024\/02\/cropped-cropped-logolu.webp","width":382,"height":170,"caption":"admin"},"logo":{"@id":"https:\/\/luchonoticias.com\/editor\/#\/schema\/person\/image\/"},"sameAs":["https:\/\/www.facebook.com\/luchonoticiasneiva"],"url":"https:\/\/luchonoticias.com\/editor\/author\/admin\/"}]}},"_links":{"self":[{"href":"https:\/\/luchonoticias.com\/editor\/wp-json\/wp\/v2\/posts\/40390","targetHints":{"allow":["GET"]}}],"collection":[{"href":"https:\/\/luchonoticias.com\/editor\/wp-json\/wp\/v2\/posts"}],"about":[{"href":"https:\/\/luchonoticias.com\/editor\/wp-json\/wp\/v2\/types\/post"}],"author":[{"embeddable":true,"href":"https:\/\/luchonoticias.com\/editor\/wp-json\/wp\/v2\/users\/1"}],"replies":[{"embeddable":true,"href":"https:\/\/luchonoticias.com\/editor\/wp-json\/wp\/v2\/comments?post=40390"}],"version-history":[{"count":0,"href":"https:\/\/luchonoticias.com\/editor\/wp-json\/wp\/v2\/posts\/40390\/revisions"}],"wp:attachment":[{"href":"https:\/\/luchonoticias.com\/editor\/wp-json\/wp\/v2\/media?parent=40390"}],"wp:term":[{"taxonomy":"category","embeddable":true,"href":"https:\/\/luchonoticias.com\/editor\/wp-json\/wp\/v2\/categories?post=40390"},{"taxonomy":"post_tag","embeddable":true,"href":"https:\/\/luchonoticias.com\/editor\/wp-json\/wp\/v2\/tags?post=40390"}],"curies":[{"name":"wp","href":"https:\/\/api.w.org\/{rel}","templated":true}]}}