{"id":40408,"date":"2022-11-25T07:46:03","date_gmt":"2022-11-25T12:46:03","guid":{"rendered":"https:\/\/luchonoticias.com\/?p=40408"},"modified":"2022-11-25T07:46:04","modified_gmt":"2022-11-25T12:46:04","slug":"huila-se-pondra-la-camiseta-por-la-transicion-energetica","status":"publish","type":"post","link":"https:\/\/luchonoticias.com\/editor\/huila-se-pondra-la-camiseta-por-la-transicion-energetica\/","title":{"rendered":"Huila &#8216;se pondr\u00e1 la camiseta&#8217; por la transici\u00f3n energ\u00e9tica"},"content":{"rendered":"\n<p>El&nbsp;<strong>cambio clim\u00e1tico es uno de los grandes desaf\u00edos a nivel global<\/strong>, y la<strong>&nbsp;transici\u00f3n energ\u00e9tica<\/strong>&nbsp;es un tema clave en el que los gobiernos quienes ya vienen migrando al uso de energ\u00edas alternativas como la e\u00f3lica, la fotovoltaica, as\u00ed como la producci\u00f3n de hidr\u00f3geno verde y azul, a partir de la descomposici\u00f3n del agua, que eliminan la emisi\u00f3n de gases efecto invernadero, una de las principales causas del calentamiento global.<\/p>\n\n\n\n<p>Precisamente para hablar de los esfuerzos direccionados a esa transici\u00f3n energ\u00e9tica se desarroll\u00f3 la&nbsp;<strong>ponencia \u201chacia un futuro energ\u00e9tico sosTECnible\u201d<\/strong>&nbsp;a cargo del presidente del Grupo Ecopetrol Felipe Bay\u00f3n, en el marco de Expo Huila Fest 2022, evento liderado por la Gobernaci\u00f3n del Huila en articulaci\u00f3n con aliados estrat\u00e9gicos.<\/p>\n\n\n\n<p>Durante el Evento el alto ejecutivo sostuvo que desde&nbsp;<strong>la compa\u00f1\u00eda se viene trabajando en la transici\u00f3n energ\u00e9tica<\/strong>, para seguir cubriendo la demanda que requiere el pa\u00eds, pero generada desde fuentes m\u00e1s limpias.<\/p>\n\n\n\n<p>\u201cEcopetrol lleva<strong>\u00a0trabajando desde hace varios a\u00f1os en temas de transici\u00f3n, hablamos del tema solar, de la e\u00f3lica,<\/strong>\u00a0estamos comprometidos de lleno con el hidr\u00f3geno verde y azul, y seguimos en la b\u00fasqueda de hidr\u00f3geno blanco, que es el que naturalmente puede existir en el subsuelo. Entonces queremos liderar desde Ecopetrol la transici\u00f3n energ\u00e9tica, por lo que\u00a0<strong>estamos haciendo apuestas importantes en t\u00e9rminos de hidr\u00f3geno, en captura de carbono, soluciones naturales del clima, renovables<\/strong>; y esto es para acelerar la transici\u00f3n pero tambi\u00e9n para seguirle proporcionando a los colombianos, combustibles de alt\u00edsima calidad y que sean principalmente colombianos\u201d, dijo.<\/p>\n\n\n\n<h5 class=\"wp-block-heading\">El papel del Huila en este proceso<\/h5>\n\n\n\n<p>Durante el desarrollo de la ponencia el presidente del Grupo Ecopetrol Felipe Bay\u00f3n, esboz\u00f3 el alcance de&nbsp;<strong>dos importantes proyectos que se desarrollar\u00e1n en el departamento del Huila,<\/strong>&nbsp;uno de ellos el \u201c<strong>Parque Solar Las Brisas\u201d,&nbsp;<\/strong>que, si bien generar\u00e1n energ\u00eda para uso de la compa\u00f1\u00eda, se convierten en el punto de partida para el desarrollo de proyectos de gran envergadura para beneficio de los huilenses.<\/p>\n\n\n\n<p>\u201cEl \u201cParque Solar Las Brisas\u201d, es&nbsp;<strong>uno de los parques que estamos construyendo en asocio de nuestro aliado estrat\u00e9gico<\/strong>, va a generar 26 megavatios, y lo m\u00e1s importante es que debe estar terminado antes de finalizar el a\u00f1o. Para que la gente entienda este complejo tiene un \u00e1rea de 25 canchas de f\u00fatbol que contar\u00e1 con 49 mil paneles solares de \u00faltima generaci\u00f3n, que pueden generar por ambas caras y que tienen un sistema de seguimiento al sol\u201d, se\u00f1al\u00f3.<\/p>\n\n\n\n<p>Otra de las iniciativas en las que trabajar\u00e1 Ecopetrol de manera exploratoria en el Huila, es la\u00a0<strong>generaci\u00f3n de energ\u00eda e\u00f3lica<\/strong>, mediante la instalaci\u00f3n de\u00a0<strong>una torre de 150 metros de altura en el campo San Fernando cerca de la ciudad de Neiva,<\/strong>\u00a0que permitir\u00e1 durante 18 meses analizar la velocidad y constancia de los vientos, para proyectar a futuro soluciones de generaci\u00f3n de energ\u00edas limpias.<\/p>\n\n\n\n<h5 class=\"wp-block-heading\">Impacto social de Ecopetrol en el Huila<\/h5>\n\n\n\n<p>El alto ejecutivo entreg\u00f3 igualmente cifras en materia de inversi\u00f3n donde se proyecta la&nbsp;<strong>ejecuci\u00f3n de $68.000 millones entre 2019 y 2025,<\/strong>&nbsp;de la que se beneficiar\u00e1n 43.000 estudiantes, 180 emprendedores, y miles de familias conectadas, entre ellos, 1.555 nuevos usuarios beneficiados con el programa \u201cgas social\u201d.<\/p>\n\n\n\n<p>A estas importantes inversiones se suman los&nbsp;<strong>proyectos ejecutados en el marco de la estrategia obras por impuestos<\/strong>, con las que se vienen mejorando las v\u00edas del sector rural.<\/p>\n","protected":false},"excerpt":{"rendered":"<p>El&nbsp;cambio clim\u00e1tico es uno de los grandes desaf\u00edos a nivel global, y la&nbsp;transici\u00f3n energ\u00e9tica&nbsp;es un tema clave en el que los gobiernos quienes ya vienen migrando al uso de energ\u00edas alternativas como la e\u00f3lica, la fotovoltaica, as\u00ed como la producci\u00f3n de hidr\u00f3geno verde y azul, a partir de la descomposici\u00f3n del agua, que eliminan la [&hellip;]<\/p>\n","protected":false},"author":1,"featured_media":0,"comment_status":"open","ping_status":"open","sticky":false,"template":"","format":"standard","meta":{"footnotes":""},"categories":[34],"tags":[],"class_list":["post-40408","post","type-post","status-publish","format-standard","hentry","category-deportes"],"yoast_head":"<!-- This site is optimized with the Yoast SEO plugin v26.6 - https:\/\/yoast.com\/wordpress\/plugins\/seo\/ -->\n<title>Huila &#039;se pondr\u00e1 la camiseta&#039; por la transici\u00f3n energ\u00e9tica -<\/title>\n<meta name=\"robots\" content=\"index, follow, max-snippet:-1, max-image-preview:large, max-video-preview:-1\" \/>\n<link rel=\"canonical\" href=\"https:\/\/luchonoticias.com\/editor\/huila-se-pondra-la-camiseta-por-la-transicion-energetica\/\" \/>\n<meta property=\"og:locale\" content=\"es_ES\" \/>\n<meta property=\"og:type\" content=\"article\" \/>\n<meta property=\"og:title\" content=\"Huila &#039;se pondr\u00e1 la camiseta&#039; por la transici\u00f3n energ\u00e9tica -\" \/>\n<meta property=\"og:url\" content=\"https:\/\/luchonoticias.com\/editor\/huila-se-pondra-la-camiseta-por-la-transicion-energetica\/\" \/>\n<meta property=\"article:publisher\" content=\"https:\/\/www.facebook.com\/luchonoticiasneiva\" \/>\n<meta property=\"article:author\" content=\"https:\/\/www.facebook.com\/luchonoticiasneiva\" \/>\n<meta property=\"article:published_time\" content=\"2022-11-25T12:46:03+00:00\" \/>\n<meta property=\"article:modified_time\" content=\"2022-11-25T12:46:04+00:00\" \/>\n<meta name=\"author\" content=\"admin\" \/>\n<meta name=\"twitter:card\" content=\"summary_large_image\" \/>\n<meta name=\"twitter:label1\" content=\"Escrito por\" \/>\n\t<meta name=\"twitter:data1\" content=\"admin\" \/>\n\t<meta name=\"twitter:label2\" content=\"Tiempo de lectura\" \/>\n\t<meta name=\"twitter:data2\" content=\"3 minutos\" \/>\n<script type=\"application\/ld+json\" class=\"yoast-schema-graph\">{\"@context\":\"https:\/\/schema.org\",\"@graph\":[{\"@type\":\"Article\",\"@id\":\"https:\/\/luchonoticias.com\/editor\/huila-se-pondra-la-camiseta-por-la-transicion-energetica\/#article\",\"isPartOf\":{\"@id\":\"https:\/\/luchonoticias.com\/editor\/huila-se-pondra-la-camiseta-por-la-transicion-energetica\/\"},\"author\":{\"name\":\"admin\",\"@id\":\"https:\/\/luchonoticias.com\/editor\/#\/schema\/person\/7a7fd911f58561fd056dbac7b55af9cd\"},\"headline\":\"Huila &#8216;se pondr\u00e1 la camiseta&#8217; por la transici\u00f3n energ\u00e9tica\",\"datePublished\":\"2022-11-25T12:46:03+00:00\",\"dateModified\":\"2022-11-25T12:46:04+00:00\",\"mainEntityOfPage\":{\"@id\":\"https:\/\/luchonoticias.com\/editor\/huila-se-pondra-la-camiseta-por-la-transicion-energetica\/\"},\"wordCount\":621,\"commentCount\":0,\"publisher\":{\"@id\":\"https:\/\/luchonoticias.com\/editor\/#\/schema\/person\/7a7fd911f58561fd056dbac7b55af9cd\"},\"articleSection\":[\"Deportes\"],\"inLanguage\":\"es\",\"potentialAction\":[{\"@type\":\"CommentAction\",\"name\":\"Comment\",\"target\":[\"https:\/\/luchonoticias.com\/editor\/huila-se-pondra-la-camiseta-por-la-transicion-energetica\/#respond\"]}]},{\"@type\":\"WebPage\",\"@id\":\"https:\/\/luchonoticias.com\/editor\/huila-se-pondra-la-camiseta-por-la-transicion-energetica\/\",\"url\":\"https:\/\/luchonoticias.com\/editor\/huila-se-pondra-la-camiseta-por-la-transicion-energetica\/\",\"name\":\"Huila 'se pondr\u00e1 la camiseta' por la transici\u00f3n energ\u00e9tica -\",\"isPartOf\":{\"@id\":\"https:\/\/luchonoticias.com\/editor\/#website\"},\"datePublished\":\"2022-11-25T12:46:03+00:00\",\"dateModified\":\"2022-11-25T12:46:04+00:00\",\"breadcrumb\":{\"@id\":\"https:\/\/luchonoticias.com\/editor\/huila-se-pondra-la-camiseta-por-la-transicion-energetica\/#breadcrumb\"},\"inLanguage\":\"es\",\"potentialAction\":[{\"@type\":\"ReadAction\",\"target\":[\"https:\/\/luchonoticias.com\/editor\/huila-se-pondra-la-camiseta-por-la-transicion-energetica\/\"]}]},{\"@type\":\"BreadcrumbList\",\"@id\":\"https:\/\/luchonoticias.com\/editor\/huila-se-pondra-la-camiseta-por-la-transicion-energetica\/#breadcrumb\",\"itemListElement\":[{\"@type\":\"ListItem\",\"position\":1,\"name\":\"Portada\",\"item\":\"https:\/\/luchonoticias.com\/editor\/\"},{\"@type\":\"ListItem\",\"position\":2,\"name\":\"Huila &#8216;se pondr\u00e1 la camiseta&#8217; por la transici\u00f3n energ\u00e9tica\"}]},{\"@type\":\"WebSite\",\"@id\":\"https:\/\/luchonoticias.com\/editor\/#website\",\"url\":\"https:\/\/luchonoticias.com\/editor\/\",\"name\":\"\",\"description\":\"\",\"publisher\":{\"@id\":\"https:\/\/luchonoticias.com\/editor\/#\/schema\/person\/7a7fd911f58561fd056dbac7b55af9cd\"},\"potentialAction\":[{\"@type\":\"SearchAction\",\"target\":{\"@type\":\"EntryPoint\",\"urlTemplate\":\"https:\/\/luchonoticias.com\/editor\/?s={search_term_string}\"},\"query-input\":{\"@type\":\"PropertyValueSpecification\",\"valueRequired\":true,\"valueName\":\"search_term_string\"}}],\"inLanguage\":\"es\"},{\"@type\":[\"Person\",\"Organization\"],\"@id\":\"https:\/\/luchonoticias.com\/editor\/#\/schema\/person\/7a7fd911f58561fd056dbac7b55af9cd\",\"name\":\"admin\",\"image\":{\"@type\":\"ImageObject\",\"inLanguage\":\"es\",\"@id\":\"https:\/\/luchonoticias.com\/editor\/#\/schema\/person\/image\/\",\"url\":\"https:\/\/luchonoticias.com\/editor\/wp-content\/uploads\/2024\/02\/cropped-cropped-logolu.webp\",\"contentUrl\":\"https:\/\/luchonoticias.com\/editor\/wp-content\/uploads\/2024\/02\/cropped-cropped-logolu.webp\",\"width\":382,\"height\":170,\"caption\":\"admin\"},\"logo\":{\"@id\":\"https:\/\/luchonoticias.com\/editor\/#\/schema\/person\/image\/\"},\"sameAs\":[\"https:\/\/www.facebook.com\/luchonoticiasneiva\"],\"url\":\"https:\/\/luchonoticias.com\/editor\/author\/admin\/\"}]}<\/script>\n<!-- \/ Yoast SEO plugin. -->","yoast_head_json":{"title":"Huila 'se pondr\u00e1 la camiseta' por la transici\u00f3n energ\u00e9tica -","robots":{"index":"index","follow":"follow","max-snippet":"max-snippet:-1","max-image-preview":"max-image-preview:large","max-video-preview":"max-video-preview:-1"},"canonical":"https:\/\/luchonoticias.com\/editor\/huila-se-pondra-la-camiseta-por-la-transicion-energetica\/","og_locale":"es_ES","og_type":"article","og_title":"Huila 'se pondr\u00e1 la camiseta' por la transici\u00f3n energ\u00e9tica -","og_url":"https:\/\/luchonoticias.com\/editor\/huila-se-pondra-la-camiseta-por-la-transicion-energetica\/","article_publisher":"https:\/\/www.facebook.com\/luchonoticiasneiva","article_author":"https:\/\/www.facebook.com\/luchonoticiasneiva","article_published_time":"2022-11-25T12:46:03+00:00","article_modified_time":"2022-11-25T12:46:04+00:00","author":"admin","twitter_card":"summary_large_image","twitter_misc":{"Escrito por":"admin","Tiempo de lectura":"3 minutos"},"schema":{"@context":"https:\/\/schema.org","@graph":[{"@type":"Article","@id":"https:\/\/luchonoticias.com\/editor\/huila-se-pondra-la-camiseta-por-la-transicion-energetica\/#article","isPartOf":{"@id":"https:\/\/luchonoticias.com\/editor\/huila-se-pondra-la-camiseta-por-la-transicion-energetica\/"},"author":{"name":"admin","@id":"https:\/\/luchonoticias.com\/editor\/#\/schema\/person\/7a7fd911f58561fd056dbac7b55af9cd"},"headline":"Huila &#8216;se pondr\u00e1 la camiseta&#8217; por la transici\u00f3n energ\u00e9tica","datePublished":"2022-11-25T12:46:03+00:00","dateModified":"2022-11-25T12:46:04+00:00","mainEntityOfPage":{"@id":"https:\/\/luchonoticias.com\/editor\/huila-se-pondra-la-camiseta-por-la-transicion-energetica\/"},"wordCount":621,"commentCount":0,"publisher":{"@id":"https:\/\/luchonoticias.com\/editor\/#\/schema\/person\/7a7fd911f58561fd056dbac7b55af9cd"},"articleSection":["Deportes"],"inLanguage":"es","potentialAction":[{"@type":"CommentAction","name":"Comment","target":["https:\/\/luchonoticias.com\/editor\/huila-se-pondra-la-camiseta-por-la-transicion-energetica\/#respond"]}]},{"@type":"WebPage","@id":"https:\/\/luchonoticias.com\/editor\/huila-se-pondra-la-camiseta-por-la-transicion-energetica\/","url":"https:\/\/luchonoticias.com\/editor\/huila-se-pondra-la-camiseta-por-la-transicion-energetica\/","name":"Huila 'se pondr\u00e1 la camiseta' por la transici\u00f3n energ\u00e9tica -","isPartOf":{"@id":"https:\/\/luchonoticias.com\/editor\/#website"},"datePublished":"2022-11-25T12:46:03+00:00","dateModified":"2022-11-25T12:46:04+00:00","breadcrumb":{"@id":"https:\/\/luchonoticias.com\/editor\/huila-se-pondra-la-camiseta-por-la-transicion-energetica\/#breadcrumb"},"inLanguage":"es","potentialAction":[{"@type":"ReadAction","target":["https:\/\/luchonoticias.com\/editor\/huila-se-pondra-la-camiseta-por-la-transicion-energetica\/"]}]},{"@type":"BreadcrumbList","@id":"https:\/\/luchonoticias.com\/editor\/huila-se-pondra-la-camiseta-por-la-transicion-energetica\/#breadcrumb","itemListElement":[{"@type":"ListItem","position":1,"name":"Portada","item":"https:\/\/luchonoticias.com\/editor\/"},{"@type":"ListItem","position":2,"name":"Huila &#8216;se pondr\u00e1 la camiseta&#8217; por la transici\u00f3n energ\u00e9tica"}]},{"@type":"WebSite","@id":"https:\/\/luchonoticias.com\/editor\/#website","url":"https:\/\/luchonoticias.com\/editor\/","name":"","description":"","publisher":{"@id":"https:\/\/luchonoticias.com\/editor\/#\/schema\/person\/7a7fd911f58561fd056dbac7b55af9cd"},"potentialAction":[{"@type":"SearchAction","target":{"@type":"EntryPoint","urlTemplate":"https:\/\/luchonoticias.com\/editor\/?s={search_term_string}"},"query-input":{"@type":"PropertyValueSpecification","valueRequired":true,"valueName":"search_term_string"}}],"inLanguage":"es"},{"@type":["Person","Organization"],"@id":"https:\/\/luchonoticias.com\/editor\/#\/schema\/person\/7a7fd911f58561fd056dbac7b55af9cd","name":"admin","image":{"@type":"ImageObject","inLanguage":"es","@id":"https:\/\/luchonoticias.com\/editor\/#\/schema\/person\/image\/","url":"https:\/\/luchonoticias.com\/editor\/wp-content\/uploads\/2024\/02\/cropped-cropped-logolu.webp","contentUrl":"https:\/\/luchonoticias.com\/editor\/wp-content\/uploads\/2024\/02\/cropped-cropped-logolu.webp","width":382,"height":170,"caption":"admin"},"logo":{"@id":"https:\/\/luchonoticias.com\/editor\/#\/schema\/person\/image\/"},"sameAs":["https:\/\/www.facebook.com\/luchonoticiasneiva"],"url":"https:\/\/luchonoticias.com\/editor\/author\/admin\/"}]}},"_links":{"self":[{"href":"https:\/\/luchonoticias.com\/editor\/wp-json\/wp\/v2\/posts\/40408","targetHints":{"allow":["GET"]}}],"collection":[{"href":"https:\/\/luchonoticias.com\/editor\/wp-json\/wp\/v2\/posts"}],"about":[{"href":"https:\/\/luchonoticias.com\/editor\/wp-json\/wp\/v2\/types\/post"}],"author":[{"embeddable":true,"href":"https:\/\/luchonoticias.com\/editor\/wp-json\/wp\/v2\/users\/1"}],"replies":[{"embeddable":true,"href":"https:\/\/luchonoticias.com\/editor\/wp-json\/wp\/v2\/comments?post=40408"}],"version-history":[{"count":0,"href":"https:\/\/luchonoticias.com\/editor\/wp-json\/wp\/v2\/posts\/40408\/revisions"}],"wp:attachment":[{"href":"https:\/\/luchonoticias.com\/editor\/wp-json\/wp\/v2\/media?parent=40408"}],"wp:term":[{"taxonomy":"category","embeddable":true,"href":"https:\/\/luchonoticias.com\/editor\/wp-json\/wp\/v2\/categories?post=40408"},{"taxonomy":"post_tag","embeddable":true,"href":"https:\/\/luchonoticias.com\/editor\/wp-json\/wp\/v2\/tags?post=40408"}],"curies":[{"name":"wp","href":"https:\/\/api.w.org\/{rel}","templated":true}]}}