{"id":40414,"date":"2022-11-25T07:52:16","date_gmt":"2022-11-25T12:52:16","guid":{"rendered":"https:\/\/luchonoticias.com\/?p=40414"},"modified":"2022-11-25T07:52:17","modified_gmt":"2022-11-25T12:52:17","slug":"jugador-del-utrahuilca-de-luto-por-fallecimiento-de-su-esposa","status":"publish","type":"post","link":"https:\/\/luchonoticias.com\/editor\/jugador-del-utrahuilca-de-luto-por-fallecimiento-de-su-esposa\/","title":{"rendered":"Jugador del Utrahuilca de luto por fallecimiento de su esposa"},"content":{"rendered":"\n<p>El equipo de Utrahuilca de f\u00fatbol sala&nbsp;<strong>ya ces\u00f3 acciones<\/strong>&nbsp;el pasado fin de semana, no obstante hoy es noticia debido a una&nbsp;<strong>situaci\u00f3n extradeportiva<\/strong>&nbsp;que embarga a uno de sus jugadores.<\/p>\n\n\n\n<p>Mediante redes sociales se conoci\u00f3 la&nbsp;<strong>muerte&nbsp;<\/strong>por consecuencia de un agresivo c\u00e1ncer, de la&nbsp;<strong>joven esposa<\/strong>&nbsp;del jugador&nbsp;<strong>Juan Sebasti\u00e1n Torrejano<\/strong>.<\/p>\n\n\n\n<p>El caso de Torrejano y la enfermedad de su esposa se dio a conocer luego de que&nbsp;<strong>se casaran en una ceremonia facilitada por el mismo Hospital Universitario<\/strong>, donde se encontraba internada, el emotivo hecho fue viralizado por el centro m\u00e9dico y pronto adquiri\u00f3 fama nacional; para entonces el mismo deportista hab\u00eda expresado que ven\u00eda acudiendo a la solidaridad de la gente para costear los gastos del tratamiento de su esposa.<\/p>\n\n\n\n<p>RINC\u00d3N DEPORTIVO lamenta el hecho y extendemos mensaje de condolencia a Juan Sebasti\u00e1n as\u00ed como a sus familiares.<\/p>\n","protected":false},"excerpt":{"rendered":"<p>El equipo de Utrahuilca de f\u00fatbol sala&nbsp;ya ces\u00f3 acciones&nbsp;el pasado fin de semana, no obstante hoy es noticia debido a una&nbsp;situaci\u00f3n extradeportiva&nbsp;que embarga a uno de sus jugadores. Mediante redes sociales se conoci\u00f3 la&nbsp;muerte&nbsp;por consecuencia de un agresivo c\u00e1ncer, de la&nbsp;joven esposa&nbsp;del jugador&nbsp;Juan Sebasti\u00e1n Torrejano. El caso de Torrejano y la enfermedad de su esposa [&hellip;]<\/p>\n","protected":false},"author":1,"featured_media":0,"comment_status":"open","ping_status":"open","sticky":false,"template":"","format":"standard","meta":{"footnotes":""},"categories":[34],"tags":[],"class_list":["post-40414","post","type-post","status-publish","format-standard","hentry","category-deportes"],"yoast_head":"<!-- This site is optimized with the Yoast SEO plugin v26.6 - https:\/\/yoast.com\/wordpress\/plugins\/seo\/ -->\n<title>Jugador del Utrahuilca de luto por fallecimiento de su esposa -<\/title>\n<meta name=\"robots\" content=\"index, follow, max-snippet:-1, max-image-preview:large, max-video-preview:-1\" \/>\n<link rel=\"canonical\" href=\"https:\/\/luchonoticias.com\/editor\/jugador-del-utrahuilca-de-luto-por-fallecimiento-de-su-esposa\/\" \/>\n<meta property=\"og:locale\" content=\"es_ES\" \/>\n<meta property=\"og:type\" content=\"article\" \/>\n<meta property=\"og:title\" content=\"Jugador del Utrahuilca de luto por fallecimiento de su esposa -\" \/>\n<meta property=\"og:url\" content=\"https:\/\/luchonoticias.com\/editor\/jugador-del-utrahuilca-de-luto-por-fallecimiento-de-su-esposa\/\" \/>\n<meta property=\"article:publisher\" content=\"https:\/\/www.facebook.com\/luchonoticiasneiva\" \/>\n<meta property=\"article:author\" content=\"https:\/\/www.facebook.com\/luchonoticiasneiva\" \/>\n<meta property=\"article:published_time\" content=\"2022-11-25T12:52:16+00:00\" \/>\n<meta property=\"article:modified_time\" content=\"2022-11-25T12:52:17+00:00\" \/>\n<meta name=\"author\" content=\"admin\" \/>\n<meta name=\"twitter:card\" content=\"summary_large_image\" \/>\n<meta name=\"twitter:label1\" content=\"Escrito por\" \/>\n\t<meta name=\"twitter:data1\" content=\"admin\" \/>\n\t<meta name=\"twitter:label2\" content=\"Tiempo de lectura\" \/>\n\t<meta name=\"twitter:data2\" content=\"1 minuto\" \/>\n<script type=\"application\/ld+json\" class=\"yoast-schema-graph\">{\"@context\":\"https:\/\/schema.org\",\"@graph\":[{\"@type\":\"Article\",\"@id\":\"https:\/\/luchonoticias.com\/editor\/jugador-del-utrahuilca-de-luto-por-fallecimiento-de-su-esposa\/#article\",\"isPartOf\":{\"@id\":\"https:\/\/luchonoticias.com\/editor\/jugador-del-utrahuilca-de-luto-por-fallecimiento-de-su-esposa\/\"},\"author\":{\"name\":\"admin\",\"@id\":\"https:\/\/luchonoticias.com\/editor\/#\/schema\/person\/7a7fd911f58561fd056dbac7b55af9cd\"},\"headline\":\"Jugador del Utrahuilca de luto por fallecimiento de su esposa\",\"datePublished\":\"2022-11-25T12:52:16+00:00\",\"dateModified\":\"2022-11-25T12:52:17+00:00\",\"mainEntityOfPage\":{\"@id\":\"https:\/\/luchonoticias.com\/editor\/jugador-del-utrahuilca-de-luto-por-fallecimiento-de-su-esposa\/\"},\"wordCount\":172,\"commentCount\":0,\"publisher\":{\"@id\":\"https:\/\/luchonoticias.com\/editor\/#\/schema\/person\/7a7fd911f58561fd056dbac7b55af9cd\"},\"articleSection\":[\"Deportes\"],\"inLanguage\":\"es\",\"potentialAction\":[{\"@type\":\"CommentAction\",\"name\":\"Comment\",\"target\":[\"https:\/\/luchonoticias.com\/editor\/jugador-del-utrahuilca-de-luto-por-fallecimiento-de-su-esposa\/#respond\"]}]},{\"@type\":\"WebPage\",\"@id\":\"https:\/\/luchonoticias.com\/editor\/jugador-del-utrahuilca-de-luto-por-fallecimiento-de-su-esposa\/\",\"url\":\"https:\/\/luchonoticias.com\/editor\/jugador-del-utrahuilca-de-luto-por-fallecimiento-de-su-esposa\/\",\"name\":\"Jugador del Utrahuilca de luto por fallecimiento de su esposa -\",\"isPartOf\":{\"@id\":\"https:\/\/luchonoticias.com\/editor\/#website\"},\"datePublished\":\"2022-11-25T12:52:16+00:00\",\"dateModified\":\"2022-11-25T12:52:17+00:00\",\"breadcrumb\":{\"@id\":\"https:\/\/luchonoticias.com\/editor\/jugador-del-utrahuilca-de-luto-por-fallecimiento-de-su-esposa\/#breadcrumb\"},\"inLanguage\":\"es\",\"potentialAction\":[{\"@type\":\"ReadAction\",\"target\":[\"https:\/\/luchonoticias.com\/editor\/jugador-del-utrahuilca-de-luto-por-fallecimiento-de-su-esposa\/\"]}]},{\"@type\":\"BreadcrumbList\",\"@id\":\"https:\/\/luchonoticias.com\/editor\/jugador-del-utrahuilca-de-luto-por-fallecimiento-de-su-esposa\/#breadcrumb\",\"itemListElement\":[{\"@type\":\"ListItem\",\"position\":1,\"name\":\"Portada\",\"item\":\"https:\/\/luchonoticias.com\/editor\/\"},{\"@type\":\"ListItem\",\"position\":2,\"name\":\"Jugador del Utrahuilca de luto por fallecimiento de su esposa\"}]},{\"@type\":\"WebSite\",\"@id\":\"https:\/\/luchonoticias.com\/editor\/#website\",\"url\":\"https:\/\/luchonoticias.com\/editor\/\",\"name\":\"\",\"description\":\"\",\"publisher\":{\"@id\":\"https:\/\/luchonoticias.com\/editor\/#\/schema\/person\/7a7fd911f58561fd056dbac7b55af9cd\"},\"potentialAction\":[{\"@type\":\"SearchAction\",\"target\":{\"@type\":\"EntryPoint\",\"urlTemplate\":\"https:\/\/luchonoticias.com\/editor\/?s={search_term_string}\"},\"query-input\":{\"@type\":\"PropertyValueSpecification\",\"valueRequired\":true,\"valueName\":\"search_term_string\"}}],\"inLanguage\":\"es\"},{\"@type\":[\"Person\",\"Organization\"],\"@id\":\"https:\/\/luchonoticias.com\/editor\/#\/schema\/person\/7a7fd911f58561fd056dbac7b55af9cd\",\"name\":\"admin\",\"image\":{\"@type\":\"ImageObject\",\"inLanguage\":\"es\",\"@id\":\"https:\/\/luchonoticias.com\/editor\/#\/schema\/person\/image\/\",\"url\":\"https:\/\/luchonoticias.com\/editor\/wp-content\/uploads\/2024\/02\/cropped-cropped-logolu.webp\",\"contentUrl\":\"https:\/\/luchonoticias.com\/editor\/wp-content\/uploads\/2024\/02\/cropped-cropped-logolu.webp\",\"width\":382,\"height\":170,\"caption\":\"admin\"},\"logo\":{\"@id\":\"https:\/\/luchonoticias.com\/editor\/#\/schema\/person\/image\/\"},\"sameAs\":[\"https:\/\/www.facebook.com\/luchonoticiasneiva\"],\"url\":\"https:\/\/luchonoticias.com\/editor\/author\/admin\/\"}]}<\/script>\n<!-- \/ Yoast SEO plugin. -->","yoast_head_json":{"title":"Jugador del Utrahuilca de luto por fallecimiento de su esposa -","robots":{"index":"index","follow":"follow","max-snippet":"max-snippet:-1","max-image-preview":"max-image-preview:large","max-video-preview":"max-video-preview:-1"},"canonical":"https:\/\/luchonoticias.com\/editor\/jugador-del-utrahuilca-de-luto-por-fallecimiento-de-su-esposa\/","og_locale":"es_ES","og_type":"article","og_title":"Jugador del Utrahuilca de luto por fallecimiento de su esposa -","og_url":"https:\/\/luchonoticias.com\/editor\/jugador-del-utrahuilca-de-luto-por-fallecimiento-de-su-esposa\/","article_publisher":"https:\/\/www.facebook.com\/luchonoticiasneiva","article_author":"https:\/\/www.facebook.com\/luchonoticiasneiva","article_published_time":"2022-11-25T12:52:16+00:00","article_modified_time":"2022-11-25T12:52:17+00:00","author":"admin","twitter_card":"summary_large_image","twitter_misc":{"Escrito por":"admin","Tiempo de lectura":"1 minuto"},"schema":{"@context":"https:\/\/schema.org","@graph":[{"@type":"Article","@id":"https:\/\/luchonoticias.com\/editor\/jugador-del-utrahuilca-de-luto-por-fallecimiento-de-su-esposa\/#article","isPartOf":{"@id":"https:\/\/luchonoticias.com\/editor\/jugador-del-utrahuilca-de-luto-por-fallecimiento-de-su-esposa\/"},"author":{"name":"admin","@id":"https:\/\/luchonoticias.com\/editor\/#\/schema\/person\/7a7fd911f58561fd056dbac7b55af9cd"},"headline":"Jugador del Utrahuilca de luto por fallecimiento de su esposa","datePublished":"2022-11-25T12:52:16+00:00","dateModified":"2022-11-25T12:52:17+00:00","mainEntityOfPage":{"@id":"https:\/\/luchonoticias.com\/editor\/jugador-del-utrahuilca-de-luto-por-fallecimiento-de-su-esposa\/"},"wordCount":172,"commentCount":0,"publisher":{"@id":"https:\/\/luchonoticias.com\/editor\/#\/schema\/person\/7a7fd911f58561fd056dbac7b55af9cd"},"articleSection":["Deportes"],"inLanguage":"es","potentialAction":[{"@type":"CommentAction","name":"Comment","target":["https:\/\/luchonoticias.com\/editor\/jugador-del-utrahuilca-de-luto-por-fallecimiento-de-su-esposa\/#respond"]}]},{"@type":"WebPage","@id":"https:\/\/luchonoticias.com\/editor\/jugador-del-utrahuilca-de-luto-por-fallecimiento-de-su-esposa\/","url":"https:\/\/luchonoticias.com\/editor\/jugador-del-utrahuilca-de-luto-por-fallecimiento-de-su-esposa\/","name":"Jugador del Utrahuilca de luto por fallecimiento de su esposa -","isPartOf":{"@id":"https:\/\/luchonoticias.com\/editor\/#website"},"datePublished":"2022-11-25T12:52:16+00:00","dateModified":"2022-11-25T12:52:17+00:00","breadcrumb":{"@id":"https:\/\/luchonoticias.com\/editor\/jugador-del-utrahuilca-de-luto-por-fallecimiento-de-su-esposa\/#breadcrumb"},"inLanguage":"es","potentialAction":[{"@type":"ReadAction","target":["https:\/\/luchonoticias.com\/editor\/jugador-del-utrahuilca-de-luto-por-fallecimiento-de-su-esposa\/"]}]},{"@type":"BreadcrumbList","@id":"https:\/\/luchonoticias.com\/editor\/jugador-del-utrahuilca-de-luto-por-fallecimiento-de-su-esposa\/#breadcrumb","itemListElement":[{"@type":"ListItem","position":1,"name":"Portada","item":"https:\/\/luchonoticias.com\/editor\/"},{"@type":"ListItem","position":2,"name":"Jugador del Utrahuilca de luto por fallecimiento de su esposa"}]},{"@type":"WebSite","@id":"https:\/\/luchonoticias.com\/editor\/#website","url":"https:\/\/luchonoticias.com\/editor\/","name":"","description":"","publisher":{"@id":"https:\/\/luchonoticias.com\/editor\/#\/schema\/person\/7a7fd911f58561fd056dbac7b55af9cd"},"potentialAction":[{"@type":"SearchAction","target":{"@type":"EntryPoint","urlTemplate":"https:\/\/luchonoticias.com\/editor\/?s={search_term_string}"},"query-input":{"@type":"PropertyValueSpecification","valueRequired":true,"valueName":"search_term_string"}}],"inLanguage":"es"},{"@type":["Person","Organization"],"@id":"https:\/\/luchonoticias.com\/editor\/#\/schema\/person\/7a7fd911f58561fd056dbac7b55af9cd","name":"admin","image":{"@type":"ImageObject","inLanguage":"es","@id":"https:\/\/luchonoticias.com\/editor\/#\/schema\/person\/image\/","url":"https:\/\/luchonoticias.com\/editor\/wp-content\/uploads\/2024\/02\/cropped-cropped-logolu.webp","contentUrl":"https:\/\/luchonoticias.com\/editor\/wp-content\/uploads\/2024\/02\/cropped-cropped-logolu.webp","width":382,"height":170,"caption":"admin"},"logo":{"@id":"https:\/\/luchonoticias.com\/editor\/#\/schema\/person\/image\/"},"sameAs":["https:\/\/www.facebook.com\/luchonoticiasneiva"],"url":"https:\/\/luchonoticias.com\/editor\/author\/admin\/"}]}},"_links":{"self":[{"href":"https:\/\/luchonoticias.com\/editor\/wp-json\/wp\/v2\/posts\/40414","targetHints":{"allow":["GET"]}}],"collection":[{"href":"https:\/\/luchonoticias.com\/editor\/wp-json\/wp\/v2\/posts"}],"about":[{"href":"https:\/\/luchonoticias.com\/editor\/wp-json\/wp\/v2\/types\/post"}],"author":[{"embeddable":true,"href":"https:\/\/luchonoticias.com\/editor\/wp-json\/wp\/v2\/users\/1"}],"replies":[{"embeddable":true,"href":"https:\/\/luchonoticias.com\/editor\/wp-json\/wp\/v2\/comments?post=40414"}],"version-history":[{"count":0,"href":"https:\/\/luchonoticias.com\/editor\/wp-json\/wp\/v2\/posts\/40414\/revisions"}],"wp:attachment":[{"href":"https:\/\/luchonoticias.com\/editor\/wp-json\/wp\/v2\/media?parent=40414"}],"wp:term":[{"taxonomy":"category","embeddable":true,"href":"https:\/\/luchonoticias.com\/editor\/wp-json\/wp\/v2\/categories?post=40414"},{"taxonomy":"post_tag","embeddable":true,"href":"https:\/\/luchonoticias.com\/editor\/wp-json\/wp\/v2\/tags?post=40414"}],"curies":[{"name":"wp","href":"https:\/\/api.w.org\/{rel}","templated":true}]}}