{"id":40437,"date":"2022-11-26T06:12:32","date_gmt":"2022-11-26T11:12:32","guid":{"rendered":"https:\/\/luchonoticias.com\/?p=40437"},"modified":"2022-11-26T06:12:33","modified_gmt":"2022-11-26T11:12:33","slug":"alcaldia-busca-frenar-actos-vandalicos-contra-alumbrado-publico-y-semaforos","status":"publish","type":"post","link":"https:\/\/luchonoticias.com\/editor\/alcaldia-busca-frenar-actos-vandalicos-contra-alumbrado-publico-y-semaforos\/","title":{"rendered":"Alcald\u00eda busca frenar actos vand\u00e1licos contra alumbrado p\u00fablico y sem\u00e1foros"},"content":{"rendered":"\n<p>Tras las denuncias expuestas por la Secretar\u00eda de Movilidad relacionadas con los da\u00f1os de la red semaf\u00f3rica de Neiva y los constantes da\u00f1os y robos al alumbrado p\u00fablico y navide\u00f1o que, desde el a\u00f1o pasado, la Gerencia de la ESIP ha puesto en evidencia, el alcalde de Neiva Gorky Mu\u00f1oz Calder\u00f3n, se reuni\u00f3 con los representantes de estas dependencias, el secretario de Gobierno, Faiver Hoyos Hern\u00e1ndez y altos mandos del Ej\u00e9rcito, la Polic\u00eda Metropolitana y la Fiscal\u00eda, para generar un plan de contingencia y coordinaci\u00f3n que hagan frente a esta problem\u00e1tica.<\/p>\n\n\n\n<p>Dentro de lo tratado en la Mesa T\u00e9cnica por la Seguridad del Territorio, el mandatario Mu\u00f1oz Calder\u00f3n enfatiz\u00f3 que \u201chemos puesto en evidencia ante las autoridades competentes, no solo los hurtos a estos sistemas, sino da\u00f1os espec\u00edficos, cortes sobre los cables para afectar el sistema semaf\u00f3rico\u201d, afirm\u00f3 poniendo en evidencia actos vand\u00e1licos a favor del sabotaje.<\/p>\n\n\n\n<figure class=\"wp-block-gallery has-nested-images columns-default is-cropped wp-block-gallery-1 is-layout-flex wp-block-gallery-is-layout-flex\">\n<figure class=\"wp-block-image size-large\"><img decoding=\"async\" data-id=\"40439\" src=\"https:\/\/luchonoticias.com\/wp-content\/uploads\/2022\/11\/WhatsApp-Image-2022-11-25-at-6.25.24-PM-1-1024x683.jpeg\" alt=\"\" class=\"wp-image-40439\"\/><\/figure>\n\n\n\n<figure class=\"wp-block-image size-large\"><img decoding=\"async\" data-id=\"40440\" src=\"https:\/\/luchonoticias.com\/wp-content\/uploads\/2022\/11\/WhatsApp-Image-2022-11-25-at-6.25.24-PM-1024x683.jpeg\" alt=\"\" class=\"wp-image-40440\"\/><\/figure>\n\n\n\n<figure class=\"wp-block-image size-large\"><img decoding=\"async\" data-id=\"40441\" src=\"https:\/\/luchonoticias.com\/wp-content\/uploads\/2022\/11\/WhatsApp-Image-2022-11-25-at-6.25.23-PM-1-1024x683.jpeg\" alt=\"\" class=\"wp-image-40441\"\/><\/figure>\n<\/figure>\n\n\n\n<p><strong>Vandalismo contra la vida de los neivanos<\/strong><\/p>\n\n\n\n<p>La secretaria de Movilidad, Luisa Fernanda Robles, viene presentando una serie de denuncias a ra\u00edz de los da\u00f1os sistem\u00e1ticos a ocho intersecciones de la red semaf\u00f3rica del municipio y se mostr\u00f3 preocupada, \u201cante estos ataques hemos dispuesto nuestro cuerpo operativo que ha estado apoyando la movilidad, sin embargo, estos actos vand\u00e1licos solo atentan contra la vida y la integridad de todos los neivanos\u201d, dijo la funcionaria.<\/p>\n\n\n\n<p>As\u00ed mismo, Diego P\u00e9rez, gerente de la ESIP, enfatiz\u00f3 en los sectores de la ciudad con mayor n\u00famero de luminarias hurtadas que hasta la fecha superan las 300, adem\u00e1s de 10 kil\u00f3metros de cable en lo corrido de este a\u00f1o, \u201chan sido vandalizadas algunas tapas de los registros, hemos reparado m\u00e1s de dos veces y se reitera el da\u00f1o. Se ha implementado seguridad privada en algunas zonas y quien se ve afectada directamente es la ciudadan\u00eda\u201d, reiter\u00f3.<\/p>\n\n\n\n<p>Por su parte el coronel Diego V\u00e1squez, comandante de la Polic\u00eda Metropolitana de Neiva, concluy\u00f3 que \u201ces una mesa t\u00e9cnica donde se han dado instrucciones pertinentes para la creaci\u00f3n de un plan de contingencia que mitigar\u00e1, de manera articulada, dichas afectaciones a la seguridad del municipio\u201d.<\/p>\n\n\n\n<p>Finalmente, el Alcalde de Neiva plantea el apoyo de la ciudadan\u00eda como principal herramienta para mitigar estos da\u00f1os al bien del municipio, por lo que se busca brindar recompensas a quienes informen sobre los posibles autores de estos hechos.<\/p>\n","protected":false},"excerpt":{"rendered":"<p>Tras las denuncias expuestas por la Secretar\u00eda de Movilidad relacionadas con los da\u00f1os de la red semaf\u00f3rica de Neiva y los constantes da\u00f1os y robos al alumbrado p\u00fablico y navide\u00f1o que, desde el a\u00f1o pasado, la Gerencia de la ESIP ha puesto en evidencia, el alcalde de Neiva Gorky Mu\u00f1oz Calder\u00f3n, se reuni\u00f3 con los [&hellip;]<\/p>\n","protected":false},"author":1,"featured_media":0,"comment_status":"open","ping_status":"open","sticky":false,"template":"","format":"standard","meta":{"footnotes":""},"categories":[36,53],"tags":[],"class_list":["post-40437","post","type-post","status-publish","format-standard","hentry","category-destacado","category-neiva"],"yoast_head":"<!-- This site is optimized with the Yoast SEO plugin v26.6 - https:\/\/yoast.com\/wordpress\/plugins\/seo\/ -->\n<title>Alcald\u00eda busca frenar actos vand\u00e1licos contra alumbrado p\u00fablico y sem\u00e1foros -<\/title>\n<meta name=\"robots\" content=\"index, follow, max-snippet:-1, max-image-preview:large, max-video-preview:-1\" \/>\n<link rel=\"canonical\" href=\"https:\/\/luchonoticias.com\/editor\/alcaldia-busca-frenar-actos-vandalicos-contra-alumbrado-publico-y-semaforos\/\" \/>\n<meta property=\"og:locale\" content=\"es_ES\" \/>\n<meta property=\"og:type\" content=\"article\" \/>\n<meta property=\"og:title\" content=\"Alcald\u00eda busca frenar actos vand\u00e1licos contra alumbrado p\u00fablico y sem\u00e1foros -\" \/>\n<meta property=\"og:url\" content=\"https:\/\/luchonoticias.com\/editor\/alcaldia-busca-frenar-actos-vandalicos-contra-alumbrado-publico-y-semaforos\/\" \/>\n<meta property=\"article:publisher\" content=\"https:\/\/www.facebook.com\/luchonoticiasneiva\" \/>\n<meta property=\"article:author\" content=\"https:\/\/www.facebook.com\/luchonoticiasneiva\" \/>\n<meta property=\"article:published_time\" content=\"2022-11-26T11:12:32+00:00\" \/>\n<meta property=\"article:modified_time\" content=\"2022-11-26T11:12:33+00:00\" \/>\n<meta property=\"og:image\" content=\"https:\/\/luchonoticias.com\/wp-content\/uploads\/2022\/11\/WhatsApp-Image-2022-11-25-at-6.25.24-PM-1-1024x683.jpeg\" \/>\n<meta name=\"author\" content=\"admin\" \/>\n<meta name=\"twitter:card\" content=\"summary_large_image\" \/>\n<meta name=\"twitter:label1\" content=\"Escrito por\" \/>\n\t<meta name=\"twitter:data1\" content=\"admin\" \/>\n\t<meta name=\"twitter:label2\" content=\"Tiempo de lectura\" \/>\n\t<meta name=\"twitter:data2\" content=\"2 minutos\" \/>\n<script type=\"application\/ld+json\" class=\"yoast-schema-graph\">{\"@context\":\"https:\/\/schema.org\",\"@graph\":[{\"@type\":\"Article\",\"@id\":\"https:\/\/luchonoticias.com\/editor\/alcaldia-busca-frenar-actos-vandalicos-contra-alumbrado-publico-y-semaforos\/#article\",\"isPartOf\":{\"@id\":\"https:\/\/luchonoticias.com\/editor\/alcaldia-busca-frenar-actos-vandalicos-contra-alumbrado-publico-y-semaforos\/\"},\"author\":{\"name\":\"admin\",\"@id\":\"https:\/\/luchonoticias.com\/editor\/#\/schema\/person\/7a7fd911f58561fd056dbac7b55af9cd\"},\"headline\":\"Alcald\u00eda busca frenar actos vand\u00e1licos contra alumbrado p\u00fablico y sem\u00e1foros\",\"datePublished\":\"2022-11-26T11:12:32+00:00\",\"dateModified\":\"2022-11-26T11:12:33+00:00\",\"mainEntityOfPage\":{\"@id\":\"https:\/\/luchonoticias.com\/editor\/alcaldia-busca-frenar-actos-vandalicos-contra-alumbrado-publico-y-semaforos\/\"},\"wordCount\":435,\"commentCount\":0,\"publisher\":{\"@id\":\"https:\/\/luchonoticias.com\/editor\/#\/schema\/person\/7a7fd911f58561fd056dbac7b55af9cd\"},\"image\":{\"@id\":\"https:\/\/luchonoticias.com\/editor\/alcaldia-busca-frenar-actos-vandalicos-contra-alumbrado-publico-y-semaforos\/#primaryimage\"},\"thumbnailUrl\":\"https:\/\/luchonoticias.com\/wp-content\/uploads\/2022\/11\/WhatsApp-Image-2022-11-25-at-6.25.24-PM-1-1024x683.jpeg\",\"articleSection\":[\"Destacado\",\"Neiva\"],\"inLanguage\":\"es\",\"potentialAction\":[{\"@type\":\"CommentAction\",\"name\":\"Comment\",\"target\":[\"https:\/\/luchonoticias.com\/editor\/alcaldia-busca-frenar-actos-vandalicos-contra-alumbrado-publico-y-semaforos\/#respond\"]}]},{\"@type\":\"WebPage\",\"@id\":\"https:\/\/luchonoticias.com\/editor\/alcaldia-busca-frenar-actos-vandalicos-contra-alumbrado-publico-y-semaforos\/\",\"url\":\"https:\/\/luchonoticias.com\/editor\/alcaldia-busca-frenar-actos-vandalicos-contra-alumbrado-publico-y-semaforos\/\",\"name\":\"Alcald\u00eda busca frenar actos vand\u00e1licos contra alumbrado p\u00fablico y sem\u00e1foros -\",\"isPartOf\":{\"@id\":\"https:\/\/luchonoticias.com\/editor\/#website\"},\"primaryImageOfPage\":{\"@id\":\"https:\/\/luchonoticias.com\/editor\/alcaldia-busca-frenar-actos-vandalicos-contra-alumbrado-publico-y-semaforos\/#primaryimage\"},\"image\":{\"@id\":\"https:\/\/luchonoticias.com\/editor\/alcaldia-busca-frenar-actos-vandalicos-contra-alumbrado-publico-y-semaforos\/#primaryimage\"},\"thumbnailUrl\":\"https:\/\/luchonoticias.com\/wp-content\/uploads\/2022\/11\/WhatsApp-Image-2022-11-25-at-6.25.24-PM-1-1024x683.jpeg\",\"datePublished\":\"2022-11-26T11:12:32+00:00\",\"dateModified\":\"2022-11-26T11:12:33+00:00\",\"breadcrumb\":{\"@id\":\"https:\/\/luchonoticias.com\/editor\/alcaldia-busca-frenar-actos-vandalicos-contra-alumbrado-publico-y-semaforos\/#breadcrumb\"},\"inLanguage\":\"es\",\"potentialAction\":[{\"@type\":\"ReadAction\",\"target\":[\"https:\/\/luchonoticias.com\/editor\/alcaldia-busca-frenar-actos-vandalicos-contra-alumbrado-publico-y-semaforos\/\"]}]},{\"@type\":\"ImageObject\",\"inLanguage\":\"es\",\"@id\":\"https:\/\/luchonoticias.com\/editor\/alcaldia-busca-frenar-actos-vandalicos-contra-alumbrado-publico-y-semaforos\/#primaryimage\",\"url\":\"https:\/\/luchonoticias.com\/wp-content\/uploads\/2022\/11\/WhatsApp-Image-2022-11-25-at-6.25.24-PM-1-1024x683.jpeg\",\"contentUrl\":\"https:\/\/luchonoticias.com\/wp-content\/uploads\/2022\/11\/WhatsApp-Image-2022-11-25-at-6.25.24-PM-1-1024x683.jpeg\"},{\"@type\":\"BreadcrumbList\",\"@id\":\"https:\/\/luchonoticias.com\/editor\/alcaldia-busca-frenar-actos-vandalicos-contra-alumbrado-publico-y-semaforos\/#breadcrumb\",\"itemListElement\":[{\"@type\":\"ListItem\",\"position\":1,\"name\":\"Portada\",\"item\":\"https:\/\/luchonoticias.com\/editor\/\"},{\"@type\":\"ListItem\",\"position\":2,\"name\":\"Alcald\u00eda busca frenar actos vand\u00e1licos contra alumbrado p\u00fablico y sem\u00e1foros\"}]},{\"@type\":\"WebSite\",\"@id\":\"https:\/\/luchonoticias.com\/editor\/#website\",\"url\":\"https:\/\/luchonoticias.com\/editor\/\",\"name\":\"\",\"description\":\"\",\"publisher\":{\"@id\":\"https:\/\/luchonoticias.com\/editor\/#\/schema\/person\/7a7fd911f58561fd056dbac7b55af9cd\"},\"potentialAction\":[{\"@type\":\"SearchAction\",\"target\":{\"@type\":\"EntryPoint\",\"urlTemplate\":\"https:\/\/luchonoticias.com\/editor\/?s={search_term_string}\"},\"query-input\":{\"@type\":\"PropertyValueSpecification\",\"valueRequired\":true,\"valueName\":\"search_term_string\"}}],\"inLanguage\":\"es\"},{\"@type\":[\"Person\",\"Organization\"],\"@id\":\"https:\/\/luchonoticias.com\/editor\/#\/schema\/person\/7a7fd911f58561fd056dbac7b55af9cd\",\"name\":\"admin\",\"image\":{\"@type\":\"ImageObject\",\"inLanguage\":\"es\",\"@id\":\"https:\/\/luchonoticias.com\/editor\/#\/schema\/person\/image\/\",\"url\":\"https:\/\/luchonoticias.com\/editor\/wp-content\/uploads\/2024\/02\/cropped-cropped-logolu.webp\",\"contentUrl\":\"https:\/\/luchonoticias.com\/editor\/wp-content\/uploads\/2024\/02\/cropped-cropped-logolu.webp\",\"width\":382,\"height\":170,\"caption\":\"admin\"},\"logo\":{\"@id\":\"https:\/\/luchonoticias.com\/editor\/#\/schema\/person\/image\/\"},\"sameAs\":[\"https:\/\/www.facebook.com\/luchonoticiasneiva\"],\"url\":\"https:\/\/luchonoticias.com\/editor\/author\/admin\/\"}]}<\/script>\n<!-- \/ Yoast SEO plugin. -->","yoast_head_json":{"title":"Alcald\u00eda busca frenar actos vand\u00e1licos contra alumbrado p\u00fablico y sem\u00e1foros -","robots":{"index":"index","follow":"follow","max-snippet":"max-snippet:-1","max-image-preview":"max-image-preview:large","max-video-preview":"max-video-preview:-1"},"canonical":"https:\/\/luchonoticias.com\/editor\/alcaldia-busca-frenar-actos-vandalicos-contra-alumbrado-publico-y-semaforos\/","og_locale":"es_ES","og_type":"article","og_title":"Alcald\u00eda busca frenar actos vand\u00e1licos contra alumbrado p\u00fablico y sem\u00e1foros -","og_url":"https:\/\/luchonoticias.com\/editor\/alcaldia-busca-frenar-actos-vandalicos-contra-alumbrado-publico-y-semaforos\/","article_publisher":"https:\/\/www.facebook.com\/luchonoticiasneiva","article_author":"https:\/\/www.facebook.com\/luchonoticiasneiva","article_published_time":"2022-11-26T11:12:32+00:00","article_modified_time":"2022-11-26T11:12:33+00:00","og_image":[{"url":"https:\/\/luchonoticias.com\/wp-content\/uploads\/2022\/11\/WhatsApp-Image-2022-11-25-at-6.25.24-PM-1-1024x683.jpeg","type":"","width":"","height":""}],"author":"admin","twitter_card":"summary_large_image","twitter_misc":{"Escrito por":"admin","Tiempo de lectura":"2 minutos"},"schema":{"@context":"https:\/\/schema.org","@graph":[{"@type":"Article","@id":"https:\/\/luchonoticias.com\/editor\/alcaldia-busca-frenar-actos-vandalicos-contra-alumbrado-publico-y-semaforos\/#article","isPartOf":{"@id":"https:\/\/luchonoticias.com\/editor\/alcaldia-busca-frenar-actos-vandalicos-contra-alumbrado-publico-y-semaforos\/"},"author":{"name":"admin","@id":"https:\/\/luchonoticias.com\/editor\/#\/schema\/person\/7a7fd911f58561fd056dbac7b55af9cd"},"headline":"Alcald\u00eda busca frenar actos vand\u00e1licos contra alumbrado p\u00fablico y sem\u00e1foros","datePublished":"2022-11-26T11:12:32+00:00","dateModified":"2022-11-26T11:12:33+00:00","mainEntityOfPage":{"@id":"https:\/\/luchonoticias.com\/editor\/alcaldia-busca-frenar-actos-vandalicos-contra-alumbrado-publico-y-semaforos\/"},"wordCount":435,"commentCount":0,"publisher":{"@id":"https:\/\/luchonoticias.com\/editor\/#\/schema\/person\/7a7fd911f58561fd056dbac7b55af9cd"},"image":{"@id":"https:\/\/luchonoticias.com\/editor\/alcaldia-busca-frenar-actos-vandalicos-contra-alumbrado-publico-y-semaforos\/#primaryimage"},"thumbnailUrl":"https:\/\/luchonoticias.com\/wp-content\/uploads\/2022\/11\/WhatsApp-Image-2022-11-25-at-6.25.24-PM-1-1024x683.jpeg","articleSection":["Destacado","Neiva"],"inLanguage":"es","potentialAction":[{"@type":"CommentAction","name":"Comment","target":["https:\/\/luchonoticias.com\/editor\/alcaldia-busca-frenar-actos-vandalicos-contra-alumbrado-publico-y-semaforos\/#respond"]}]},{"@type":"WebPage","@id":"https:\/\/luchonoticias.com\/editor\/alcaldia-busca-frenar-actos-vandalicos-contra-alumbrado-publico-y-semaforos\/","url":"https:\/\/luchonoticias.com\/editor\/alcaldia-busca-frenar-actos-vandalicos-contra-alumbrado-publico-y-semaforos\/","name":"Alcald\u00eda busca frenar actos vand\u00e1licos contra alumbrado p\u00fablico y sem\u00e1foros -","isPartOf":{"@id":"https:\/\/luchonoticias.com\/editor\/#website"},"primaryImageOfPage":{"@id":"https:\/\/luchonoticias.com\/editor\/alcaldia-busca-frenar-actos-vandalicos-contra-alumbrado-publico-y-semaforos\/#primaryimage"},"image":{"@id":"https:\/\/luchonoticias.com\/editor\/alcaldia-busca-frenar-actos-vandalicos-contra-alumbrado-publico-y-semaforos\/#primaryimage"},"thumbnailUrl":"https:\/\/luchonoticias.com\/wp-content\/uploads\/2022\/11\/WhatsApp-Image-2022-11-25-at-6.25.24-PM-1-1024x683.jpeg","datePublished":"2022-11-26T11:12:32+00:00","dateModified":"2022-11-26T11:12:33+00:00","breadcrumb":{"@id":"https:\/\/luchonoticias.com\/editor\/alcaldia-busca-frenar-actos-vandalicos-contra-alumbrado-publico-y-semaforos\/#breadcrumb"},"inLanguage":"es","potentialAction":[{"@type":"ReadAction","target":["https:\/\/luchonoticias.com\/editor\/alcaldia-busca-frenar-actos-vandalicos-contra-alumbrado-publico-y-semaforos\/"]}]},{"@type":"ImageObject","inLanguage":"es","@id":"https:\/\/luchonoticias.com\/editor\/alcaldia-busca-frenar-actos-vandalicos-contra-alumbrado-publico-y-semaforos\/#primaryimage","url":"https:\/\/luchonoticias.com\/wp-content\/uploads\/2022\/11\/WhatsApp-Image-2022-11-25-at-6.25.24-PM-1-1024x683.jpeg","contentUrl":"https:\/\/luchonoticias.com\/wp-content\/uploads\/2022\/11\/WhatsApp-Image-2022-11-25-at-6.25.24-PM-1-1024x683.jpeg"},{"@type":"BreadcrumbList","@id":"https:\/\/luchonoticias.com\/editor\/alcaldia-busca-frenar-actos-vandalicos-contra-alumbrado-publico-y-semaforos\/#breadcrumb","itemListElement":[{"@type":"ListItem","position":1,"name":"Portada","item":"https:\/\/luchonoticias.com\/editor\/"},{"@type":"ListItem","position":2,"name":"Alcald\u00eda busca frenar actos vand\u00e1licos contra alumbrado p\u00fablico y sem\u00e1foros"}]},{"@type":"WebSite","@id":"https:\/\/luchonoticias.com\/editor\/#website","url":"https:\/\/luchonoticias.com\/editor\/","name":"","description":"","publisher":{"@id":"https:\/\/luchonoticias.com\/editor\/#\/schema\/person\/7a7fd911f58561fd056dbac7b55af9cd"},"potentialAction":[{"@type":"SearchAction","target":{"@type":"EntryPoint","urlTemplate":"https:\/\/luchonoticias.com\/editor\/?s={search_term_string}"},"query-input":{"@type":"PropertyValueSpecification","valueRequired":true,"valueName":"search_term_string"}}],"inLanguage":"es"},{"@type":["Person","Organization"],"@id":"https:\/\/luchonoticias.com\/editor\/#\/schema\/person\/7a7fd911f58561fd056dbac7b55af9cd","name":"admin","image":{"@type":"ImageObject","inLanguage":"es","@id":"https:\/\/luchonoticias.com\/editor\/#\/schema\/person\/image\/","url":"https:\/\/luchonoticias.com\/editor\/wp-content\/uploads\/2024\/02\/cropped-cropped-logolu.webp","contentUrl":"https:\/\/luchonoticias.com\/editor\/wp-content\/uploads\/2024\/02\/cropped-cropped-logolu.webp","width":382,"height":170,"caption":"admin"},"logo":{"@id":"https:\/\/luchonoticias.com\/editor\/#\/schema\/person\/image\/"},"sameAs":["https:\/\/www.facebook.com\/luchonoticiasneiva"],"url":"https:\/\/luchonoticias.com\/editor\/author\/admin\/"}]}},"_links":{"self":[{"href":"https:\/\/luchonoticias.com\/editor\/wp-json\/wp\/v2\/posts\/40437","targetHints":{"allow":["GET"]}}],"collection":[{"href":"https:\/\/luchonoticias.com\/editor\/wp-json\/wp\/v2\/posts"}],"about":[{"href":"https:\/\/luchonoticias.com\/editor\/wp-json\/wp\/v2\/types\/post"}],"author":[{"embeddable":true,"href":"https:\/\/luchonoticias.com\/editor\/wp-json\/wp\/v2\/users\/1"}],"replies":[{"embeddable":true,"href":"https:\/\/luchonoticias.com\/editor\/wp-json\/wp\/v2\/comments?post=40437"}],"version-history":[{"count":0,"href":"https:\/\/luchonoticias.com\/editor\/wp-json\/wp\/v2\/posts\/40437\/revisions"}],"wp:attachment":[{"href":"https:\/\/luchonoticias.com\/editor\/wp-json\/wp\/v2\/media?parent=40437"}],"wp:term":[{"taxonomy":"category","embeddable":true,"href":"https:\/\/luchonoticias.com\/editor\/wp-json\/wp\/v2\/categories?post=40437"},{"taxonomy":"post_tag","embeddable":true,"href":"https:\/\/luchonoticias.com\/editor\/wp-json\/wp\/v2\/tags?post=40437"}],"curies":[{"name":"wp","href":"https:\/\/api.w.org\/{rel}","templated":true}]}}