{"id":40502,"date":"2022-11-26T17:38:20","date_gmt":"2022-11-26T22:38:20","guid":{"rendered":"https:\/\/luchonoticias.com\/?p=40502"},"modified":"2022-11-26T17:38:21","modified_gmt":"2022-11-26T22:38:21","slug":"policia-nacional-realizo-la-clausura-del-programa-abre-tus-ojos","status":"publish","type":"post","link":"https:\/\/luchonoticias.com\/editor\/policia-nacional-realizo-la-clausura-del-programa-abre-tus-ojos\/","title":{"rendered":"Polic\u00eda Nacional realiz\u00f3 la clausura del programa \u00abAbre Tus Ojos\u00bb"},"content":{"rendered":"\n<p>La Polic\u00eda Metropolitana en Cabeza del grupo de protecci\u00f3n a la infancia y adolescencia realizaron la clausura del Programa \u00abAbre tus ojos\u00bb dirigido a la comunidad del barrio Puertas del Sol de la comuna 06 de la capital opita.<\/p>\n\n\n\n<p>Este programa que se llev\u00f3 a cabo durante 09 meses, fue dirigido a los ni\u00f1os, ni\u00f1as y adolescentes de este sector as\u00ed como tambi\u00e9n a sus padres de familia, donde recibieron charlas pedag\u00f3gicas, de sensibilizaci\u00f3n y recreativas; garantizando la protecci\u00f3n integral y la prevenci\u00f3n de la vulneraci\u00f3n de derechos relacionados con delitos sexuales.<\/p>\n\n\n\n<figure class=\"wp-block-gallery has-nested-images columns-default is-cropped wp-block-gallery-1 is-layout-flex wp-block-gallery-is-layout-flex\">\n<figure class=\"wp-block-image size-large\"><img decoding=\"async\" data-id=\"40504\" src=\"https:\/\/luchonoticias.com\/wp-content\/uploads\/2022\/11\/WhatsApp-Image-2022-11-26-at-3.41.16-PM-1024x574.jpeg\" alt=\"\" class=\"wp-image-40504\"\/><\/figure>\n\n\n\n<figure class=\"wp-block-image size-large\"><img decoding=\"async\" data-id=\"40505\" src=\"https:\/\/luchonoticias.com\/wp-content\/uploads\/2022\/11\/WhatsApp-Image-2022-11-26-at-3.34.26-PM-1024x574.jpeg\" alt=\"\" class=\"wp-image-40505\"\/><\/figure>\n\n\n\n<figure class=\"wp-block-image size-large\"><img decoding=\"async\" data-id=\"40506\" src=\"https:\/\/luchonoticias.com\/wp-content\/uploads\/2022\/11\/WhatsApp-Image-2022-11-26-at-3.34.07-PM-1024x574.jpeg\" alt=\"\" class=\"wp-image-40506\"\/><\/figure>\n<\/figure>\n\n\n\n<p>De igual forma incentivamos en ellos el aprovechamiento del tiempo libre con actividades que aporten a su crecimiento personal, integral en valores y principios.<\/p>\n\n\n\n<p>Lo que se busca con este programa es intervenir los factores originadores de riesgo y las causas facilitadoras de los fen\u00f3menos que ponen en situaci\u00f3n de vulnerabilidad a los ni\u00f1os, ni\u00f1as y adolescentes.<\/p>\n\n\n\n<p>Durante la jornada contamos con la presencia de autoridades quienes est\u00e1n comprometidos con la protecci\u00f3n de nuestros ni\u00f1os, ni\u00f1as y adolescentes como lo son el ICBF, la personer\u00eda,\u00a0 la secretaria de la mujer, oficina de primera infancia y adolescencia, secretaria de movilidad y el grupo de Protecci\u00f3n a la Infancia y Adolescencia.<\/p>\n\n\n\n<figure class=\"wp-block-gallery has-nested-images columns-default is-cropped wp-block-gallery-2 is-layout-flex wp-block-gallery-is-layout-flex\">\n<figure class=\"wp-block-image size-large\"><img decoding=\"async\" data-id=\"40507\" src=\"https:\/\/luchonoticias.com\/wp-content\/uploads\/2022\/11\/WhatsApp-Image-2022-11-26-at-3.40.51-PM-1024x574.jpeg\" alt=\"\" class=\"wp-image-40507\"\/><\/figure>\n\n\n\n<figure class=\"wp-block-image size-large\"><img decoding=\"async\" data-id=\"40509\" src=\"https:\/\/luchonoticias.com\/wp-content\/uploads\/2022\/11\/WhatsApp-Image-2022-11-26-at-3.38.53-PM-1024x574.jpeg\" alt=\"\" class=\"wp-image-40509\"\/><\/figure>\n\n\n\n<figure class=\"wp-block-image size-large\"><img decoding=\"async\" data-id=\"40508\" src=\"https:\/\/luchonoticias.com\/wp-content\/uploads\/2022\/11\/WhatsApp-Image-2022-11-26-at-3.39.39-PM-1024x574.jpeg\" alt=\"\" class=\"wp-image-40508\"\/><\/figure>\n<\/figure>\n\n\n\n<p>Tambi\u00e9n se hizo la entrega de un certificado que permiti\u00f3 evidenciar la participaci\u00f3n en este programa, se comparti\u00f3 torta con gaseosa, se proyect\u00f3 un video donde se mostraron las fotos de las actividades realizadas y un show canino y de porrismo.<\/p>\n\n\n\n<p>La Polic\u00eda Nacional comprometida con la ni\u00f1ez, seguir\u00e1 desarrollando actividades encaminadas al cuidado y protecci\u00f3n de los ni\u00f1os, ni\u00f1as y adolescentes.<\/p>\n","protected":false},"excerpt":{"rendered":"<p>La Polic\u00eda Metropolitana en Cabeza del grupo de protecci\u00f3n a la infancia y adolescencia realizaron la clausura del Programa \u00abAbre tus ojos\u00bb dirigido a la comunidad del barrio Puertas del Sol de la comuna 06 de la capital opita. Este programa que se llev\u00f3 a cabo durante 09 meses, fue dirigido a los ni\u00f1os, ni\u00f1as [&hellip;]<\/p>\n","protected":false},"author":1,"featured_media":0,"comment_status":"open","ping_status":"open","sticky":false,"template":"","format":"standard","meta":{"footnotes":""},"categories":[3961,36],"tags":[],"class_list":["post-40502","post","type-post","status-publish","format-standard","hentry","category-comunidad","category-destacado"],"yoast_head":"<!-- This site is optimized with the Yoast SEO plugin v26.6 - https:\/\/yoast.com\/wordpress\/plugins\/seo\/ -->\n<title>Polic\u00eda Nacional realiz\u00f3 la clausura del programa &quot;Abre Tus Ojos&quot; -<\/title>\n<meta name=\"robots\" content=\"index, follow, max-snippet:-1, max-image-preview:large, max-video-preview:-1\" \/>\n<link rel=\"canonical\" href=\"https:\/\/luchonoticias.com\/editor\/policia-nacional-realizo-la-clausura-del-programa-abre-tus-ojos\/\" \/>\n<meta property=\"og:locale\" content=\"es_ES\" \/>\n<meta property=\"og:type\" content=\"article\" \/>\n<meta property=\"og:title\" content=\"Polic\u00eda Nacional realiz\u00f3 la clausura del programa &quot;Abre Tus Ojos&quot; -\" \/>\n<meta property=\"og:url\" content=\"https:\/\/luchonoticias.com\/editor\/policia-nacional-realizo-la-clausura-del-programa-abre-tus-ojos\/\" \/>\n<meta property=\"article:publisher\" content=\"https:\/\/www.facebook.com\/luchonoticiasneiva\" \/>\n<meta property=\"article:author\" content=\"https:\/\/www.facebook.com\/luchonoticiasneiva\" \/>\n<meta property=\"article:published_time\" content=\"2022-11-26T22:38:20+00:00\" \/>\n<meta property=\"article:modified_time\" content=\"2022-11-26T22:38:21+00:00\" \/>\n<meta property=\"og:image\" content=\"https:\/\/luchonoticias.com\/wp-content\/uploads\/2022\/11\/WhatsApp-Image-2022-11-26-at-3.41.16-PM-1024x574.jpeg\" \/>\n<meta name=\"author\" content=\"admin\" \/>\n<meta name=\"twitter:card\" content=\"summary_large_image\" \/>\n<meta name=\"twitter:label1\" content=\"Escrito por\" \/>\n\t<meta name=\"twitter:data1\" content=\"admin\" \/>\n\t<meta name=\"twitter:label2\" content=\"Tiempo de lectura\" \/>\n\t<meta name=\"twitter:data2\" content=\"1 minuto\" \/>\n<script type=\"application\/ld+json\" class=\"yoast-schema-graph\">{\"@context\":\"https:\/\/schema.org\",\"@graph\":[{\"@type\":\"Article\",\"@id\":\"https:\/\/luchonoticias.com\/editor\/policia-nacional-realizo-la-clausura-del-programa-abre-tus-ojos\/#article\",\"isPartOf\":{\"@id\":\"https:\/\/luchonoticias.com\/editor\/policia-nacional-realizo-la-clausura-del-programa-abre-tus-ojos\/\"},\"author\":{\"name\":\"admin\",\"@id\":\"https:\/\/luchonoticias.com\/editor\/#\/schema\/person\/7a7fd911f58561fd056dbac7b55af9cd\"},\"headline\":\"Polic\u00eda Nacional realiz\u00f3 la clausura del programa \u00abAbre Tus Ojos\u00bb\",\"datePublished\":\"2022-11-26T22:38:20+00:00\",\"dateModified\":\"2022-11-26T22:38:21+00:00\",\"mainEntityOfPage\":{\"@id\":\"https:\/\/luchonoticias.com\/editor\/policia-nacional-realizo-la-clausura-del-programa-abre-tus-ojos\/\"},\"wordCount\":299,\"commentCount\":0,\"publisher\":{\"@id\":\"https:\/\/luchonoticias.com\/editor\/#\/schema\/person\/7a7fd911f58561fd056dbac7b55af9cd\"},\"image\":{\"@id\":\"https:\/\/luchonoticias.com\/editor\/policia-nacional-realizo-la-clausura-del-programa-abre-tus-ojos\/#primaryimage\"},\"thumbnailUrl\":\"https:\/\/luchonoticias.com\/wp-content\/uploads\/2022\/11\/WhatsApp-Image-2022-11-26-at-3.41.16-PM-1024x574.jpeg\",\"articleSection\":[\"Comunidad\",\"Destacado\"],\"inLanguage\":\"es\",\"potentialAction\":[{\"@type\":\"CommentAction\",\"name\":\"Comment\",\"target\":[\"https:\/\/luchonoticias.com\/editor\/policia-nacional-realizo-la-clausura-del-programa-abre-tus-ojos\/#respond\"]}]},{\"@type\":\"WebPage\",\"@id\":\"https:\/\/luchonoticias.com\/editor\/policia-nacional-realizo-la-clausura-del-programa-abre-tus-ojos\/\",\"url\":\"https:\/\/luchonoticias.com\/editor\/policia-nacional-realizo-la-clausura-del-programa-abre-tus-ojos\/\",\"name\":\"Polic\u00eda Nacional realiz\u00f3 la clausura del programa \\\"Abre Tus Ojos\\\" -\",\"isPartOf\":{\"@id\":\"https:\/\/luchonoticias.com\/editor\/#website\"},\"primaryImageOfPage\":{\"@id\":\"https:\/\/luchonoticias.com\/editor\/policia-nacional-realizo-la-clausura-del-programa-abre-tus-ojos\/#primaryimage\"},\"image\":{\"@id\":\"https:\/\/luchonoticias.com\/editor\/policia-nacional-realizo-la-clausura-del-programa-abre-tus-ojos\/#primaryimage\"},\"thumbnailUrl\":\"https:\/\/luchonoticias.com\/wp-content\/uploads\/2022\/11\/WhatsApp-Image-2022-11-26-at-3.41.16-PM-1024x574.jpeg\",\"datePublished\":\"2022-11-26T22:38:20+00:00\",\"dateModified\":\"2022-11-26T22:38:21+00:00\",\"breadcrumb\":{\"@id\":\"https:\/\/luchonoticias.com\/editor\/policia-nacional-realizo-la-clausura-del-programa-abre-tus-ojos\/#breadcrumb\"},\"inLanguage\":\"es\",\"potentialAction\":[{\"@type\":\"ReadAction\",\"target\":[\"https:\/\/luchonoticias.com\/editor\/policia-nacional-realizo-la-clausura-del-programa-abre-tus-ojos\/\"]}]},{\"@type\":\"ImageObject\",\"inLanguage\":\"es\",\"@id\":\"https:\/\/luchonoticias.com\/editor\/policia-nacional-realizo-la-clausura-del-programa-abre-tus-ojos\/#primaryimage\",\"url\":\"https:\/\/luchonoticias.com\/wp-content\/uploads\/2022\/11\/WhatsApp-Image-2022-11-26-at-3.41.16-PM-1024x574.jpeg\",\"contentUrl\":\"https:\/\/luchonoticias.com\/wp-content\/uploads\/2022\/11\/WhatsApp-Image-2022-11-26-at-3.41.16-PM-1024x574.jpeg\"},{\"@type\":\"BreadcrumbList\",\"@id\":\"https:\/\/luchonoticias.com\/editor\/policia-nacional-realizo-la-clausura-del-programa-abre-tus-ojos\/#breadcrumb\",\"itemListElement\":[{\"@type\":\"ListItem\",\"position\":1,\"name\":\"Portada\",\"item\":\"https:\/\/luchonoticias.com\/editor\/\"},{\"@type\":\"ListItem\",\"position\":2,\"name\":\"Polic\u00eda Nacional realiz\u00f3 la clausura del programa \u00abAbre Tus Ojos\u00bb\"}]},{\"@type\":\"WebSite\",\"@id\":\"https:\/\/luchonoticias.com\/editor\/#website\",\"url\":\"https:\/\/luchonoticias.com\/editor\/\",\"name\":\"\",\"description\":\"\",\"publisher\":{\"@id\":\"https:\/\/luchonoticias.com\/editor\/#\/schema\/person\/7a7fd911f58561fd056dbac7b55af9cd\"},\"potentialAction\":[{\"@type\":\"SearchAction\",\"target\":{\"@type\":\"EntryPoint\",\"urlTemplate\":\"https:\/\/luchonoticias.com\/editor\/?s={search_term_string}\"},\"query-input\":{\"@type\":\"PropertyValueSpecification\",\"valueRequired\":true,\"valueName\":\"search_term_string\"}}],\"inLanguage\":\"es\"},{\"@type\":[\"Person\",\"Organization\"],\"@id\":\"https:\/\/luchonoticias.com\/editor\/#\/schema\/person\/7a7fd911f58561fd056dbac7b55af9cd\",\"name\":\"admin\",\"image\":{\"@type\":\"ImageObject\",\"inLanguage\":\"es\",\"@id\":\"https:\/\/luchonoticias.com\/editor\/#\/schema\/person\/image\/\",\"url\":\"https:\/\/luchonoticias.com\/editor\/wp-content\/uploads\/2024\/02\/cropped-cropped-logolu.webp\",\"contentUrl\":\"https:\/\/luchonoticias.com\/editor\/wp-content\/uploads\/2024\/02\/cropped-cropped-logolu.webp\",\"width\":382,\"height\":170,\"caption\":\"admin\"},\"logo\":{\"@id\":\"https:\/\/luchonoticias.com\/editor\/#\/schema\/person\/image\/\"},\"sameAs\":[\"https:\/\/www.facebook.com\/luchonoticiasneiva\"],\"url\":\"https:\/\/luchonoticias.com\/editor\/author\/admin\/\"}]}<\/script>\n<!-- \/ Yoast SEO plugin. -->","yoast_head_json":{"title":"Polic\u00eda Nacional realiz\u00f3 la clausura del programa \"Abre Tus Ojos\" -","robots":{"index":"index","follow":"follow","max-snippet":"max-snippet:-1","max-image-preview":"max-image-preview:large","max-video-preview":"max-video-preview:-1"},"canonical":"https:\/\/luchonoticias.com\/editor\/policia-nacional-realizo-la-clausura-del-programa-abre-tus-ojos\/","og_locale":"es_ES","og_type":"article","og_title":"Polic\u00eda Nacional realiz\u00f3 la clausura del programa \"Abre Tus Ojos\" -","og_url":"https:\/\/luchonoticias.com\/editor\/policia-nacional-realizo-la-clausura-del-programa-abre-tus-ojos\/","article_publisher":"https:\/\/www.facebook.com\/luchonoticiasneiva","article_author":"https:\/\/www.facebook.com\/luchonoticiasneiva","article_published_time":"2022-11-26T22:38:20+00:00","article_modified_time":"2022-11-26T22:38:21+00:00","og_image":[{"url":"https:\/\/luchonoticias.com\/wp-content\/uploads\/2022\/11\/WhatsApp-Image-2022-11-26-at-3.41.16-PM-1024x574.jpeg","type":"","width":"","height":""}],"author":"admin","twitter_card":"summary_large_image","twitter_misc":{"Escrito por":"admin","Tiempo de lectura":"1 minuto"},"schema":{"@context":"https:\/\/schema.org","@graph":[{"@type":"Article","@id":"https:\/\/luchonoticias.com\/editor\/policia-nacional-realizo-la-clausura-del-programa-abre-tus-ojos\/#article","isPartOf":{"@id":"https:\/\/luchonoticias.com\/editor\/policia-nacional-realizo-la-clausura-del-programa-abre-tus-ojos\/"},"author":{"name":"admin","@id":"https:\/\/luchonoticias.com\/editor\/#\/schema\/person\/7a7fd911f58561fd056dbac7b55af9cd"},"headline":"Polic\u00eda Nacional realiz\u00f3 la clausura del programa \u00abAbre Tus Ojos\u00bb","datePublished":"2022-11-26T22:38:20+00:00","dateModified":"2022-11-26T22:38:21+00:00","mainEntityOfPage":{"@id":"https:\/\/luchonoticias.com\/editor\/policia-nacional-realizo-la-clausura-del-programa-abre-tus-ojos\/"},"wordCount":299,"commentCount":0,"publisher":{"@id":"https:\/\/luchonoticias.com\/editor\/#\/schema\/person\/7a7fd911f58561fd056dbac7b55af9cd"},"image":{"@id":"https:\/\/luchonoticias.com\/editor\/policia-nacional-realizo-la-clausura-del-programa-abre-tus-ojos\/#primaryimage"},"thumbnailUrl":"https:\/\/luchonoticias.com\/wp-content\/uploads\/2022\/11\/WhatsApp-Image-2022-11-26-at-3.41.16-PM-1024x574.jpeg","articleSection":["Comunidad","Destacado"],"inLanguage":"es","potentialAction":[{"@type":"CommentAction","name":"Comment","target":["https:\/\/luchonoticias.com\/editor\/policia-nacional-realizo-la-clausura-del-programa-abre-tus-ojos\/#respond"]}]},{"@type":"WebPage","@id":"https:\/\/luchonoticias.com\/editor\/policia-nacional-realizo-la-clausura-del-programa-abre-tus-ojos\/","url":"https:\/\/luchonoticias.com\/editor\/policia-nacional-realizo-la-clausura-del-programa-abre-tus-ojos\/","name":"Polic\u00eda Nacional realiz\u00f3 la clausura del programa \"Abre Tus Ojos\" -","isPartOf":{"@id":"https:\/\/luchonoticias.com\/editor\/#website"},"primaryImageOfPage":{"@id":"https:\/\/luchonoticias.com\/editor\/policia-nacional-realizo-la-clausura-del-programa-abre-tus-ojos\/#primaryimage"},"image":{"@id":"https:\/\/luchonoticias.com\/editor\/policia-nacional-realizo-la-clausura-del-programa-abre-tus-ojos\/#primaryimage"},"thumbnailUrl":"https:\/\/luchonoticias.com\/wp-content\/uploads\/2022\/11\/WhatsApp-Image-2022-11-26-at-3.41.16-PM-1024x574.jpeg","datePublished":"2022-11-26T22:38:20+00:00","dateModified":"2022-11-26T22:38:21+00:00","breadcrumb":{"@id":"https:\/\/luchonoticias.com\/editor\/policia-nacional-realizo-la-clausura-del-programa-abre-tus-ojos\/#breadcrumb"},"inLanguage":"es","potentialAction":[{"@type":"ReadAction","target":["https:\/\/luchonoticias.com\/editor\/policia-nacional-realizo-la-clausura-del-programa-abre-tus-ojos\/"]}]},{"@type":"ImageObject","inLanguage":"es","@id":"https:\/\/luchonoticias.com\/editor\/policia-nacional-realizo-la-clausura-del-programa-abre-tus-ojos\/#primaryimage","url":"https:\/\/luchonoticias.com\/wp-content\/uploads\/2022\/11\/WhatsApp-Image-2022-11-26-at-3.41.16-PM-1024x574.jpeg","contentUrl":"https:\/\/luchonoticias.com\/wp-content\/uploads\/2022\/11\/WhatsApp-Image-2022-11-26-at-3.41.16-PM-1024x574.jpeg"},{"@type":"BreadcrumbList","@id":"https:\/\/luchonoticias.com\/editor\/policia-nacional-realizo-la-clausura-del-programa-abre-tus-ojos\/#breadcrumb","itemListElement":[{"@type":"ListItem","position":1,"name":"Portada","item":"https:\/\/luchonoticias.com\/editor\/"},{"@type":"ListItem","position":2,"name":"Polic\u00eda Nacional realiz\u00f3 la clausura del programa \u00abAbre Tus Ojos\u00bb"}]},{"@type":"WebSite","@id":"https:\/\/luchonoticias.com\/editor\/#website","url":"https:\/\/luchonoticias.com\/editor\/","name":"","description":"","publisher":{"@id":"https:\/\/luchonoticias.com\/editor\/#\/schema\/person\/7a7fd911f58561fd056dbac7b55af9cd"},"potentialAction":[{"@type":"SearchAction","target":{"@type":"EntryPoint","urlTemplate":"https:\/\/luchonoticias.com\/editor\/?s={search_term_string}"},"query-input":{"@type":"PropertyValueSpecification","valueRequired":true,"valueName":"search_term_string"}}],"inLanguage":"es"},{"@type":["Person","Organization"],"@id":"https:\/\/luchonoticias.com\/editor\/#\/schema\/person\/7a7fd911f58561fd056dbac7b55af9cd","name":"admin","image":{"@type":"ImageObject","inLanguage":"es","@id":"https:\/\/luchonoticias.com\/editor\/#\/schema\/person\/image\/","url":"https:\/\/luchonoticias.com\/editor\/wp-content\/uploads\/2024\/02\/cropped-cropped-logolu.webp","contentUrl":"https:\/\/luchonoticias.com\/editor\/wp-content\/uploads\/2024\/02\/cropped-cropped-logolu.webp","width":382,"height":170,"caption":"admin"},"logo":{"@id":"https:\/\/luchonoticias.com\/editor\/#\/schema\/person\/image\/"},"sameAs":["https:\/\/www.facebook.com\/luchonoticiasneiva"],"url":"https:\/\/luchonoticias.com\/editor\/author\/admin\/"}]}},"_links":{"self":[{"href":"https:\/\/luchonoticias.com\/editor\/wp-json\/wp\/v2\/posts\/40502","targetHints":{"allow":["GET"]}}],"collection":[{"href":"https:\/\/luchonoticias.com\/editor\/wp-json\/wp\/v2\/posts"}],"about":[{"href":"https:\/\/luchonoticias.com\/editor\/wp-json\/wp\/v2\/types\/post"}],"author":[{"embeddable":true,"href":"https:\/\/luchonoticias.com\/editor\/wp-json\/wp\/v2\/users\/1"}],"replies":[{"embeddable":true,"href":"https:\/\/luchonoticias.com\/editor\/wp-json\/wp\/v2\/comments?post=40502"}],"version-history":[{"count":0,"href":"https:\/\/luchonoticias.com\/editor\/wp-json\/wp\/v2\/posts\/40502\/revisions"}],"wp:attachment":[{"href":"https:\/\/luchonoticias.com\/editor\/wp-json\/wp\/v2\/media?parent=40502"}],"wp:term":[{"taxonomy":"category","embeddable":true,"href":"https:\/\/luchonoticias.com\/editor\/wp-json\/wp\/v2\/categories?post=40502"},{"taxonomy":"post_tag","embeddable":true,"href":"https:\/\/luchonoticias.com\/editor\/wp-json\/wp\/v2\/tags?post=40502"}],"curies":[{"name":"wp","href":"https:\/\/api.w.org\/{rel}","templated":true}]}}