{"id":40511,"date":"2022-11-26T17:53:36","date_gmt":"2022-11-26T22:53:36","guid":{"rendered":"https:\/\/luchonoticias.com\/?p=40511"},"modified":"2022-11-26T17:53:37","modified_gmt":"2022-11-26T22:53:37","slug":"suiza-acepto-invitacion-para-acompanar-dialogos-de-paz-con-el-eln","status":"publish","type":"post","link":"https:\/\/luchonoticias.com\/editor\/suiza-acepto-invitacion-para-acompanar-dialogos-de-paz-con-el-eln\/","title":{"rendered":"Suiza acept\u00f3 invitaci\u00f3n para acompa\u00f1ar di\u00e1logos de paz con el ELN"},"content":{"rendered":"\n<p>Luego de que las delegaciones negociadoras del Estado colombiano y el Ej\u00e9rcito de Liberaci\u00f3n Nacional (ELN) extendiera una invitaci\u00f3n a Brasil, Chile y M\u00e9xico a que se unieran al proceso de paz como pa\u00edses garantes, Suiza, pa\u00eds al que se le pidi\u00f3 ser acompa\u00f1ante del proceso, acept\u00f3 la invitaci\u00f3n seg\u00fan anunci\u00f3 la embajada suiza en Colombia.<\/p>\n\n\n\n<p>\u201cHoy, el Gobierno de Colombia y el ELN han solicitado acompa\u00f1ar formalmente el di\u00e1logo de paz entre ambas partes\u201d, informaron desde la embajada de Suiza en sus redes sociales, que citando un tuit del Ministerio de Asuntos Exteriores del pa\u00eds europeo en el que se puede leer que el Gobierno suizo \u201cacepta esta invitaci\u00f3n y agradece a ambas partes su confianza: una se\u00f1al de reconocimiento del compromiso de larga data de Suiza por la paz en Colombia\u201d.<\/p>\n\n\n\n<p>En el comunicado tambi\u00e9n se anunci\u00f3 la invitaci\u00f3n a Alemania, Suecia y Espa\u00f1a para que, como pa\u00edses acompa\u00f1antes, adem\u00e1s de a Suiza, que ya acept\u00f3 la invitaci\u00f3n.<\/p>\n","protected":false},"excerpt":{"rendered":"<p>Luego de que las delegaciones negociadoras del Estado colombiano y el Ej\u00e9rcito de Liberaci\u00f3n Nacional (ELN) extendiera una invitaci\u00f3n a Brasil, Chile y M\u00e9xico a que se unieran al proceso de paz como pa\u00edses garantes, Suiza, pa\u00eds al que se le pidi\u00f3 ser acompa\u00f1ante del proceso, acept\u00f3 la invitaci\u00f3n seg\u00fan anunci\u00f3 la embajada suiza en [&hellip;]<\/p>\n","protected":false},"author":1,"featured_media":0,"comment_status":"open","ping_status":"open","sticky":false,"template":"","format":"standard","meta":{"footnotes":""},"categories":[36,32],"tags":[],"class_list":["post-40511","post","type-post","status-publish","format-standard","hentry","category-destacado","category-nacional"],"yoast_head":"<!-- This site is optimized with the Yoast SEO plugin v26.6 - https:\/\/yoast.com\/wordpress\/plugins\/seo\/ -->\n<title>Suiza acept\u00f3 invitaci\u00f3n para acompa\u00f1ar di\u00e1logos de paz con el ELN -<\/title>\n<meta name=\"robots\" content=\"index, follow, max-snippet:-1, max-image-preview:large, max-video-preview:-1\" \/>\n<link rel=\"canonical\" href=\"https:\/\/luchonoticias.com\/editor\/suiza-acepto-invitacion-para-acompanar-dialogos-de-paz-con-el-eln\/\" \/>\n<meta property=\"og:locale\" content=\"es_ES\" \/>\n<meta property=\"og:type\" content=\"article\" \/>\n<meta property=\"og:title\" content=\"Suiza acept\u00f3 invitaci\u00f3n para acompa\u00f1ar di\u00e1logos de paz con el ELN -\" \/>\n<meta property=\"og:url\" content=\"https:\/\/luchonoticias.com\/editor\/suiza-acepto-invitacion-para-acompanar-dialogos-de-paz-con-el-eln\/\" \/>\n<meta property=\"article:publisher\" content=\"https:\/\/www.facebook.com\/luchonoticiasneiva\" \/>\n<meta property=\"article:author\" content=\"https:\/\/www.facebook.com\/luchonoticiasneiva\" \/>\n<meta property=\"article:published_time\" content=\"2022-11-26T22:53:36+00:00\" \/>\n<meta property=\"article:modified_time\" content=\"2022-11-26T22:53:37+00:00\" \/>\n<meta name=\"author\" content=\"admin\" \/>\n<meta name=\"twitter:card\" content=\"summary_large_image\" \/>\n<meta name=\"twitter:label1\" content=\"Escrito por\" \/>\n\t<meta name=\"twitter:data1\" content=\"admin\" \/>\n\t<meta name=\"twitter:label2\" content=\"Tiempo de lectura\" \/>\n\t<meta name=\"twitter:data2\" content=\"1 minuto\" \/>\n<script type=\"application\/ld+json\" class=\"yoast-schema-graph\">{\"@context\":\"https:\/\/schema.org\",\"@graph\":[{\"@type\":\"Article\",\"@id\":\"https:\/\/luchonoticias.com\/editor\/suiza-acepto-invitacion-para-acompanar-dialogos-de-paz-con-el-eln\/#article\",\"isPartOf\":{\"@id\":\"https:\/\/luchonoticias.com\/editor\/suiza-acepto-invitacion-para-acompanar-dialogos-de-paz-con-el-eln\/\"},\"author\":{\"name\":\"admin\",\"@id\":\"https:\/\/luchonoticias.com\/editor\/#\/schema\/person\/7a7fd911f58561fd056dbac7b55af9cd\"},\"headline\":\"Suiza acept\u00f3 invitaci\u00f3n para acompa\u00f1ar di\u00e1logos de paz con el ELN\",\"datePublished\":\"2022-11-26T22:53:36+00:00\",\"dateModified\":\"2022-11-26T22:53:37+00:00\",\"mainEntityOfPage\":{\"@id\":\"https:\/\/luchonoticias.com\/editor\/suiza-acepto-invitacion-para-acompanar-dialogos-de-paz-con-el-eln\/\"},\"wordCount\":195,\"commentCount\":0,\"publisher\":{\"@id\":\"https:\/\/luchonoticias.com\/editor\/#\/schema\/person\/7a7fd911f58561fd056dbac7b55af9cd\"},\"articleSection\":[\"Destacado\",\"Nacional\"],\"inLanguage\":\"es\",\"potentialAction\":[{\"@type\":\"CommentAction\",\"name\":\"Comment\",\"target\":[\"https:\/\/luchonoticias.com\/editor\/suiza-acepto-invitacion-para-acompanar-dialogos-de-paz-con-el-eln\/#respond\"]}]},{\"@type\":\"WebPage\",\"@id\":\"https:\/\/luchonoticias.com\/editor\/suiza-acepto-invitacion-para-acompanar-dialogos-de-paz-con-el-eln\/\",\"url\":\"https:\/\/luchonoticias.com\/editor\/suiza-acepto-invitacion-para-acompanar-dialogos-de-paz-con-el-eln\/\",\"name\":\"Suiza acept\u00f3 invitaci\u00f3n para acompa\u00f1ar di\u00e1logos de paz con el ELN -\",\"isPartOf\":{\"@id\":\"https:\/\/luchonoticias.com\/editor\/#website\"},\"datePublished\":\"2022-11-26T22:53:36+00:00\",\"dateModified\":\"2022-11-26T22:53:37+00:00\",\"breadcrumb\":{\"@id\":\"https:\/\/luchonoticias.com\/editor\/suiza-acepto-invitacion-para-acompanar-dialogos-de-paz-con-el-eln\/#breadcrumb\"},\"inLanguage\":\"es\",\"potentialAction\":[{\"@type\":\"ReadAction\",\"target\":[\"https:\/\/luchonoticias.com\/editor\/suiza-acepto-invitacion-para-acompanar-dialogos-de-paz-con-el-eln\/\"]}]},{\"@type\":\"BreadcrumbList\",\"@id\":\"https:\/\/luchonoticias.com\/editor\/suiza-acepto-invitacion-para-acompanar-dialogos-de-paz-con-el-eln\/#breadcrumb\",\"itemListElement\":[{\"@type\":\"ListItem\",\"position\":1,\"name\":\"Portada\",\"item\":\"https:\/\/luchonoticias.com\/editor\/\"},{\"@type\":\"ListItem\",\"position\":2,\"name\":\"Suiza acept\u00f3 invitaci\u00f3n para acompa\u00f1ar di\u00e1logos de paz con el ELN\"}]},{\"@type\":\"WebSite\",\"@id\":\"https:\/\/luchonoticias.com\/editor\/#website\",\"url\":\"https:\/\/luchonoticias.com\/editor\/\",\"name\":\"\",\"description\":\"\",\"publisher\":{\"@id\":\"https:\/\/luchonoticias.com\/editor\/#\/schema\/person\/7a7fd911f58561fd056dbac7b55af9cd\"},\"potentialAction\":[{\"@type\":\"SearchAction\",\"target\":{\"@type\":\"EntryPoint\",\"urlTemplate\":\"https:\/\/luchonoticias.com\/editor\/?s={search_term_string}\"},\"query-input\":{\"@type\":\"PropertyValueSpecification\",\"valueRequired\":true,\"valueName\":\"search_term_string\"}}],\"inLanguage\":\"es\"},{\"@type\":[\"Person\",\"Organization\"],\"@id\":\"https:\/\/luchonoticias.com\/editor\/#\/schema\/person\/7a7fd911f58561fd056dbac7b55af9cd\",\"name\":\"admin\",\"image\":{\"@type\":\"ImageObject\",\"inLanguage\":\"es\",\"@id\":\"https:\/\/luchonoticias.com\/editor\/#\/schema\/person\/image\/\",\"url\":\"https:\/\/luchonoticias.com\/editor\/wp-content\/uploads\/2024\/02\/cropped-cropped-logolu.webp\",\"contentUrl\":\"https:\/\/luchonoticias.com\/editor\/wp-content\/uploads\/2024\/02\/cropped-cropped-logolu.webp\",\"width\":382,\"height\":170,\"caption\":\"admin\"},\"logo\":{\"@id\":\"https:\/\/luchonoticias.com\/editor\/#\/schema\/person\/image\/\"},\"sameAs\":[\"https:\/\/www.facebook.com\/luchonoticiasneiva\"],\"url\":\"https:\/\/luchonoticias.com\/editor\/author\/admin\/\"}]}<\/script>\n<!-- \/ Yoast SEO plugin. -->","yoast_head_json":{"title":"Suiza acept\u00f3 invitaci\u00f3n para acompa\u00f1ar di\u00e1logos de paz con el ELN -","robots":{"index":"index","follow":"follow","max-snippet":"max-snippet:-1","max-image-preview":"max-image-preview:large","max-video-preview":"max-video-preview:-1"},"canonical":"https:\/\/luchonoticias.com\/editor\/suiza-acepto-invitacion-para-acompanar-dialogos-de-paz-con-el-eln\/","og_locale":"es_ES","og_type":"article","og_title":"Suiza acept\u00f3 invitaci\u00f3n para acompa\u00f1ar di\u00e1logos de paz con el ELN -","og_url":"https:\/\/luchonoticias.com\/editor\/suiza-acepto-invitacion-para-acompanar-dialogos-de-paz-con-el-eln\/","article_publisher":"https:\/\/www.facebook.com\/luchonoticiasneiva","article_author":"https:\/\/www.facebook.com\/luchonoticiasneiva","article_published_time":"2022-11-26T22:53:36+00:00","article_modified_time":"2022-11-26T22:53:37+00:00","author":"admin","twitter_card":"summary_large_image","twitter_misc":{"Escrito por":"admin","Tiempo de lectura":"1 minuto"},"schema":{"@context":"https:\/\/schema.org","@graph":[{"@type":"Article","@id":"https:\/\/luchonoticias.com\/editor\/suiza-acepto-invitacion-para-acompanar-dialogos-de-paz-con-el-eln\/#article","isPartOf":{"@id":"https:\/\/luchonoticias.com\/editor\/suiza-acepto-invitacion-para-acompanar-dialogos-de-paz-con-el-eln\/"},"author":{"name":"admin","@id":"https:\/\/luchonoticias.com\/editor\/#\/schema\/person\/7a7fd911f58561fd056dbac7b55af9cd"},"headline":"Suiza acept\u00f3 invitaci\u00f3n para acompa\u00f1ar di\u00e1logos de paz con el ELN","datePublished":"2022-11-26T22:53:36+00:00","dateModified":"2022-11-26T22:53:37+00:00","mainEntityOfPage":{"@id":"https:\/\/luchonoticias.com\/editor\/suiza-acepto-invitacion-para-acompanar-dialogos-de-paz-con-el-eln\/"},"wordCount":195,"commentCount":0,"publisher":{"@id":"https:\/\/luchonoticias.com\/editor\/#\/schema\/person\/7a7fd911f58561fd056dbac7b55af9cd"},"articleSection":["Destacado","Nacional"],"inLanguage":"es","potentialAction":[{"@type":"CommentAction","name":"Comment","target":["https:\/\/luchonoticias.com\/editor\/suiza-acepto-invitacion-para-acompanar-dialogos-de-paz-con-el-eln\/#respond"]}]},{"@type":"WebPage","@id":"https:\/\/luchonoticias.com\/editor\/suiza-acepto-invitacion-para-acompanar-dialogos-de-paz-con-el-eln\/","url":"https:\/\/luchonoticias.com\/editor\/suiza-acepto-invitacion-para-acompanar-dialogos-de-paz-con-el-eln\/","name":"Suiza acept\u00f3 invitaci\u00f3n para acompa\u00f1ar di\u00e1logos de paz con el ELN -","isPartOf":{"@id":"https:\/\/luchonoticias.com\/editor\/#website"},"datePublished":"2022-11-26T22:53:36+00:00","dateModified":"2022-11-26T22:53:37+00:00","breadcrumb":{"@id":"https:\/\/luchonoticias.com\/editor\/suiza-acepto-invitacion-para-acompanar-dialogos-de-paz-con-el-eln\/#breadcrumb"},"inLanguage":"es","potentialAction":[{"@type":"ReadAction","target":["https:\/\/luchonoticias.com\/editor\/suiza-acepto-invitacion-para-acompanar-dialogos-de-paz-con-el-eln\/"]}]},{"@type":"BreadcrumbList","@id":"https:\/\/luchonoticias.com\/editor\/suiza-acepto-invitacion-para-acompanar-dialogos-de-paz-con-el-eln\/#breadcrumb","itemListElement":[{"@type":"ListItem","position":1,"name":"Portada","item":"https:\/\/luchonoticias.com\/editor\/"},{"@type":"ListItem","position":2,"name":"Suiza acept\u00f3 invitaci\u00f3n para acompa\u00f1ar di\u00e1logos de paz con el ELN"}]},{"@type":"WebSite","@id":"https:\/\/luchonoticias.com\/editor\/#website","url":"https:\/\/luchonoticias.com\/editor\/","name":"","description":"","publisher":{"@id":"https:\/\/luchonoticias.com\/editor\/#\/schema\/person\/7a7fd911f58561fd056dbac7b55af9cd"},"potentialAction":[{"@type":"SearchAction","target":{"@type":"EntryPoint","urlTemplate":"https:\/\/luchonoticias.com\/editor\/?s={search_term_string}"},"query-input":{"@type":"PropertyValueSpecification","valueRequired":true,"valueName":"search_term_string"}}],"inLanguage":"es"},{"@type":["Person","Organization"],"@id":"https:\/\/luchonoticias.com\/editor\/#\/schema\/person\/7a7fd911f58561fd056dbac7b55af9cd","name":"admin","image":{"@type":"ImageObject","inLanguage":"es","@id":"https:\/\/luchonoticias.com\/editor\/#\/schema\/person\/image\/","url":"https:\/\/luchonoticias.com\/editor\/wp-content\/uploads\/2024\/02\/cropped-cropped-logolu.webp","contentUrl":"https:\/\/luchonoticias.com\/editor\/wp-content\/uploads\/2024\/02\/cropped-cropped-logolu.webp","width":382,"height":170,"caption":"admin"},"logo":{"@id":"https:\/\/luchonoticias.com\/editor\/#\/schema\/person\/image\/"},"sameAs":["https:\/\/www.facebook.com\/luchonoticiasneiva"],"url":"https:\/\/luchonoticias.com\/editor\/author\/admin\/"}]}},"_links":{"self":[{"href":"https:\/\/luchonoticias.com\/editor\/wp-json\/wp\/v2\/posts\/40511","targetHints":{"allow":["GET"]}}],"collection":[{"href":"https:\/\/luchonoticias.com\/editor\/wp-json\/wp\/v2\/posts"}],"about":[{"href":"https:\/\/luchonoticias.com\/editor\/wp-json\/wp\/v2\/types\/post"}],"author":[{"embeddable":true,"href":"https:\/\/luchonoticias.com\/editor\/wp-json\/wp\/v2\/users\/1"}],"replies":[{"embeddable":true,"href":"https:\/\/luchonoticias.com\/editor\/wp-json\/wp\/v2\/comments?post=40511"}],"version-history":[{"count":0,"href":"https:\/\/luchonoticias.com\/editor\/wp-json\/wp\/v2\/posts\/40511\/revisions"}],"wp:attachment":[{"href":"https:\/\/luchonoticias.com\/editor\/wp-json\/wp\/v2\/media?parent=40511"}],"wp:term":[{"taxonomy":"category","embeddable":true,"href":"https:\/\/luchonoticias.com\/editor\/wp-json\/wp\/v2\/categories?post=40511"},{"taxonomy":"post_tag","embeddable":true,"href":"https:\/\/luchonoticias.com\/editor\/wp-json\/wp\/v2\/tags?post=40511"}],"curies":[{"name":"wp","href":"https:\/\/api.w.org\/{rel}","templated":true}]}}