{"id":40514,"date":"2022-11-26T18:11:35","date_gmt":"2022-11-26T23:11:35","guid":{"rendered":"https:\/\/luchonoticias.com\/?p=40514"},"modified":"2022-11-26T18:11:36","modified_gmt":"2022-11-26T23:11:36","slug":"francia-marquez-lanza-dura-pulla-a-la-senadora-cabal","status":"publish","type":"post","link":"https:\/\/luchonoticias.com\/editor\/francia-marquez-lanza-dura-pulla-a-la-senadora-cabal\/","title":{"rendered":"Francia M\u00e1rquez lanza dura pulla a la senadora Cabal"},"content":{"rendered":"\n<p>Francia M\u00e1rquez, vicepresidenta de la Rep\u00fablica lanz\u00f3 una pulla a la senadora del Centro Democr\u00e1tico, Mar\u00eda Fernanda Cabal por algunos comentarios que habr\u00eda hecho sobre la igualdad en medio del estudio del proyecto de ley con el que intentan crear el Ministerio de la Igualdad.<\/p>\n\n\n\n<p>Cabal manifest\u00f3 su punto de vista sobre este hecho y dej\u00f3 algunas declaraciones que pudieron haber tomado como fuertes.<\/p>\n\n\n\n<p>\u201cEsta propuesta busca es crearle su deseo a la vicepresidente Francia M\u00e1rquez, a la emperatriz Francia M\u00e1rquez, quieren crearle su propio palacio a esa que habla de los opresores y los oprimidos. Un d\u00eda por Twitter le dije que cambi\u00e9 su nombre porque ni su nombre es el de un imperio colonizador del \u00c1frica. La igualdad, se\u00f1ores congresistas, solo es posible ante los ojos de Dios, que nos cre\u00f3 iguales, y ante la ley. En la fantas\u00eda revolucionaria de los congresistas nos quieren imponer que todos seamos iguales, no se\u00f1or. Esto es un imposible biol\u00f3gico\u201d, coment\u00f3 en su intervenci\u00f3n.<\/p>\n\n\n\n<p>Ante eso, la vicepresidenta desde Choc\u00f3 se refiri\u00f3 al tema con un duro comentario para la congresista cale\u00f1a.<\/p>\n\n\n\n<p>\u201cSu rabia es porque una negra como yo no es su empleada del servicio, sino la vicepresidenta de Colombia\u201d.<\/p>\n\n\n\n<p>Asimismo, El presidente Gustavo Petro, en su cuenta de Twitter, reaccion\u00f3 a los cuestionamientos de la oposici\u00f3n frente a la creaci\u00f3n del Ministerio de la Igualdad, y reproch\u00f3 la actitud de las senadoras uribistas Mar\u00eda Fernanda Cabal y Paloma Valencia, diciendo que no entiende por qu\u00e9 la oposici\u00f3n no apoya este tipo de iniciativas que buscan garantizar, seg\u00fan el presidente, la igualdad entre los colombianos.<\/p>\n\n\n\n<p>\u201cNo entiendo que les molesta de tener una institucionalidad que luche por acabar la exclusi\u00f3n social y \u00e9tnica. No es la sociedad de los esclavistas la que puede sostenerse en el siglo XXI, es la sociedad justa y libre la que puede asumir los retos de nuestro siglo\u201d.<\/p>\n","protected":false},"excerpt":{"rendered":"<p>Francia M\u00e1rquez, vicepresidenta de la Rep\u00fablica lanz\u00f3 una pulla a la senadora del Centro Democr\u00e1tico, Mar\u00eda Fernanda Cabal por algunos comentarios que habr\u00eda hecho sobre la igualdad en medio del estudio del proyecto de ley con el que intentan crear el Ministerio de la Igualdad. Cabal manifest\u00f3 su punto de vista sobre este hecho y [&hellip;]<\/p>\n","protected":false},"author":1,"featured_media":0,"comment_status":"open","ping_status":"open","sticky":false,"template":"","format":"standard","meta":{"footnotes":""},"categories":[36,32],"tags":[],"class_list":["post-40514","post","type-post","status-publish","format-standard","hentry","category-destacado","category-nacional"],"yoast_head":"<!-- This site is optimized with the Yoast SEO plugin v26.6 - https:\/\/yoast.com\/wordpress\/plugins\/seo\/ -->\n<title>Francia M\u00e1rquez lanza dura pulla a la senadora Cabal -<\/title>\n<meta name=\"robots\" content=\"index, follow, max-snippet:-1, max-image-preview:large, max-video-preview:-1\" \/>\n<link rel=\"canonical\" href=\"https:\/\/luchonoticias.com\/editor\/francia-marquez-lanza-dura-pulla-a-la-senadora-cabal\/\" \/>\n<meta property=\"og:locale\" content=\"es_ES\" \/>\n<meta property=\"og:type\" content=\"article\" \/>\n<meta property=\"og:title\" content=\"Francia M\u00e1rquez lanza dura pulla a la senadora Cabal -\" \/>\n<meta property=\"og:url\" content=\"https:\/\/luchonoticias.com\/editor\/francia-marquez-lanza-dura-pulla-a-la-senadora-cabal\/\" \/>\n<meta property=\"article:publisher\" content=\"https:\/\/www.facebook.com\/luchonoticiasneiva\" \/>\n<meta property=\"article:author\" content=\"https:\/\/www.facebook.com\/luchonoticiasneiva\" \/>\n<meta property=\"article:published_time\" content=\"2022-11-26T23:11:35+00:00\" \/>\n<meta property=\"article:modified_time\" content=\"2022-11-26T23:11:36+00:00\" \/>\n<meta name=\"author\" content=\"admin\" \/>\n<meta name=\"twitter:card\" content=\"summary_large_image\" \/>\n<meta name=\"twitter:label1\" content=\"Escrito por\" \/>\n\t<meta name=\"twitter:data1\" content=\"admin\" \/>\n\t<meta name=\"twitter:label2\" content=\"Tiempo de lectura\" \/>\n\t<meta name=\"twitter:data2\" content=\"2 minutos\" \/>\n<script type=\"application\/ld+json\" class=\"yoast-schema-graph\">{\"@context\":\"https:\/\/schema.org\",\"@graph\":[{\"@type\":\"Article\",\"@id\":\"https:\/\/luchonoticias.com\/editor\/francia-marquez-lanza-dura-pulla-a-la-senadora-cabal\/#article\",\"isPartOf\":{\"@id\":\"https:\/\/luchonoticias.com\/editor\/francia-marquez-lanza-dura-pulla-a-la-senadora-cabal\/\"},\"author\":{\"name\":\"admin\",\"@id\":\"https:\/\/luchonoticias.com\/editor\/#\/schema\/person\/7a7fd911f58561fd056dbac7b55af9cd\"},\"headline\":\"Francia M\u00e1rquez lanza dura pulla a la senadora Cabal\",\"datePublished\":\"2022-11-26T23:11:35+00:00\",\"dateModified\":\"2022-11-26T23:11:36+00:00\",\"mainEntityOfPage\":{\"@id\":\"https:\/\/luchonoticias.com\/editor\/francia-marquez-lanza-dura-pulla-a-la-senadora-cabal\/\"},\"wordCount\":343,\"commentCount\":0,\"publisher\":{\"@id\":\"https:\/\/luchonoticias.com\/editor\/#\/schema\/person\/7a7fd911f58561fd056dbac7b55af9cd\"},\"articleSection\":[\"Destacado\",\"Nacional\"],\"inLanguage\":\"es\",\"potentialAction\":[{\"@type\":\"CommentAction\",\"name\":\"Comment\",\"target\":[\"https:\/\/luchonoticias.com\/editor\/francia-marquez-lanza-dura-pulla-a-la-senadora-cabal\/#respond\"]}]},{\"@type\":\"WebPage\",\"@id\":\"https:\/\/luchonoticias.com\/editor\/francia-marquez-lanza-dura-pulla-a-la-senadora-cabal\/\",\"url\":\"https:\/\/luchonoticias.com\/editor\/francia-marquez-lanza-dura-pulla-a-la-senadora-cabal\/\",\"name\":\"Francia M\u00e1rquez lanza dura pulla a la senadora Cabal -\",\"isPartOf\":{\"@id\":\"https:\/\/luchonoticias.com\/editor\/#website\"},\"datePublished\":\"2022-11-26T23:11:35+00:00\",\"dateModified\":\"2022-11-26T23:11:36+00:00\",\"breadcrumb\":{\"@id\":\"https:\/\/luchonoticias.com\/editor\/francia-marquez-lanza-dura-pulla-a-la-senadora-cabal\/#breadcrumb\"},\"inLanguage\":\"es\",\"potentialAction\":[{\"@type\":\"ReadAction\",\"target\":[\"https:\/\/luchonoticias.com\/editor\/francia-marquez-lanza-dura-pulla-a-la-senadora-cabal\/\"]}]},{\"@type\":\"BreadcrumbList\",\"@id\":\"https:\/\/luchonoticias.com\/editor\/francia-marquez-lanza-dura-pulla-a-la-senadora-cabal\/#breadcrumb\",\"itemListElement\":[{\"@type\":\"ListItem\",\"position\":1,\"name\":\"Portada\",\"item\":\"https:\/\/luchonoticias.com\/editor\/\"},{\"@type\":\"ListItem\",\"position\":2,\"name\":\"Francia M\u00e1rquez lanza dura pulla a la senadora Cabal\"}]},{\"@type\":\"WebSite\",\"@id\":\"https:\/\/luchonoticias.com\/editor\/#website\",\"url\":\"https:\/\/luchonoticias.com\/editor\/\",\"name\":\"\",\"description\":\"\",\"publisher\":{\"@id\":\"https:\/\/luchonoticias.com\/editor\/#\/schema\/person\/7a7fd911f58561fd056dbac7b55af9cd\"},\"potentialAction\":[{\"@type\":\"SearchAction\",\"target\":{\"@type\":\"EntryPoint\",\"urlTemplate\":\"https:\/\/luchonoticias.com\/editor\/?s={search_term_string}\"},\"query-input\":{\"@type\":\"PropertyValueSpecification\",\"valueRequired\":true,\"valueName\":\"search_term_string\"}}],\"inLanguage\":\"es\"},{\"@type\":[\"Person\",\"Organization\"],\"@id\":\"https:\/\/luchonoticias.com\/editor\/#\/schema\/person\/7a7fd911f58561fd056dbac7b55af9cd\",\"name\":\"admin\",\"image\":{\"@type\":\"ImageObject\",\"inLanguage\":\"es\",\"@id\":\"https:\/\/luchonoticias.com\/editor\/#\/schema\/person\/image\/\",\"url\":\"https:\/\/luchonoticias.com\/editor\/wp-content\/uploads\/2024\/02\/cropped-cropped-logolu.webp\",\"contentUrl\":\"https:\/\/luchonoticias.com\/editor\/wp-content\/uploads\/2024\/02\/cropped-cropped-logolu.webp\",\"width\":382,\"height\":170,\"caption\":\"admin\"},\"logo\":{\"@id\":\"https:\/\/luchonoticias.com\/editor\/#\/schema\/person\/image\/\"},\"sameAs\":[\"https:\/\/www.facebook.com\/luchonoticiasneiva\"],\"url\":\"https:\/\/luchonoticias.com\/editor\/author\/admin\/\"}]}<\/script>\n<!-- \/ Yoast SEO plugin. -->","yoast_head_json":{"title":"Francia M\u00e1rquez lanza dura pulla a la senadora Cabal -","robots":{"index":"index","follow":"follow","max-snippet":"max-snippet:-1","max-image-preview":"max-image-preview:large","max-video-preview":"max-video-preview:-1"},"canonical":"https:\/\/luchonoticias.com\/editor\/francia-marquez-lanza-dura-pulla-a-la-senadora-cabal\/","og_locale":"es_ES","og_type":"article","og_title":"Francia M\u00e1rquez lanza dura pulla a la senadora Cabal -","og_url":"https:\/\/luchonoticias.com\/editor\/francia-marquez-lanza-dura-pulla-a-la-senadora-cabal\/","article_publisher":"https:\/\/www.facebook.com\/luchonoticiasneiva","article_author":"https:\/\/www.facebook.com\/luchonoticiasneiva","article_published_time":"2022-11-26T23:11:35+00:00","article_modified_time":"2022-11-26T23:11:36+00:00","author":"admin","twitter_card":"summary_large_image","twitter_misc":{"Escrito por":"admin","Tiempo de lectura":"2 minutos"},"schema":{"@context":"https:\/\/schema.org","@graph":[{"@type":"Article","@id":"https:\/\/luchonoticias.com\/editor\/francia-marquez-lanza-dura-pulla-a-la-senadora-cabal\/#article","isPartOf":{"@id":"https:\/\/luchonoticias.com\/editor\/francia-marquez-lanza-dura-pulla-a-la-senadora-cabal\/"},"author":{"name":"admin","@id":"https:\/\/luchonoticias.com\/editor\/#\/schema\/person\/7a7fd911f58561fd056dbac7b55af9cd"},"headline":"Francia M\u00e1rquez lanza dura pulla a la senadora Cabal","datePublished":"2022-11-26T23:11:35+00:00","dateModified":"2022-11-26T23:11:36+00:00","mainEntityOfPage":{"@id":"https:\/\/luchonoticias.com\/editor\/francia-marquez-lanza-dura-pulla-a-la-senadora-cabal\/"},"wordCount":343,"commentCount":0,"publisher":{"@id":"https:\/\/luchonoticias.com\/editor\/#\/schema\/person\/7a7fd911f58561fd056dbac7b55af9cd"},"articleSection":["Destacado","Nacional"],"inLanguage":"es","potentialAction":[{"@type":"CommentAction","name":"Comment","target":["https:\/\/luchonoticias.com\/editor\/francia-marquez-lanza-dura-pulla-a-la-senadora-cabal\/#respond"]}]},{"@type":"WebPage","@id":"https:\/\/luchonoticias.com\/editor\/francia-marquez-lanza-dura-pulla-a-la-senadora-cabal\/","url":"https:\/\/luchonoticias.com\/editor\/francia-marquez-lanza-dura-pulla-a-la-senadora-cabal\/","name":"Francia M\u00e1rquez lanza dura pulla a la senadora Cabal -","isPartOf":{"@id":"https:\/\/luchonoticias.com\/editor\/#website"},"datePublished":"2022-11-26T23:11:35+00:00","dateModified":"2022-11-26T23:11:36+00:00","breadcrumb":{"@id":"https:\/\/luchonoticias.com\/editor\/francia-marquez-lanza-dura-pulla-a-la-senadora-cabal\/#breadcrumb"},"inLanguage":"es","potentialAction":[{"@type":"ReadAction","target":["https:\/\/luchonoticias.com\/editor\/francia-marquez-lanza-dura-pulla-a-la-senadora-cabal\/"]}]},{"@type":"BreadcrumbList","@id":"https:\/\/luchonoticias.com\/editor\/francia-marquez-lanza-dura-pulla-a-la-senadora-cabal\/#breadcrumb","itemListElement":[{"@type":"ListItem","position":1,"name":"Portada","item":"https:\/\/luchonoticias.com\/editor\/"},{"@type":"ListItem","position":2,"name":"Francia M\u00e1rquez lanza dura pulla a la senadora Cabal"}]},{"@type":"WebSite","@id":"https:\/\/luchonoticias.com\/editor\/#website","url":"https:\/\/luchonoticias.com\/editor\/","name":"","description":"","publisher":{"@id":"https:\/\/luchonoticias.com\/editor\/#\/schema\/person\/7a7fd911f58561fd056dbac7b55af9cd"},"potentialAction":[{"@type":"SearchAction","target":{"@type":"EntryPoint","urlTemplate":"https:\/\/luchonoticias.com\/editor\/?s={search_term_string}"},"query-input":{"@type":"PropertyValueSpecification","valueRequired":true,"valueName":"search_term_string"}}],"inLanguage":"es"},{"@type":["Person","Organization"],"@id":"https:\/\/luchonoticias.com\/editor\/#\/schema\/person\/7a7fd911f58561fd056dbac7b55af9cd","name":"admin","image":{"@type":"ImageObject","inLanguage":"es","@id":"https:\/\/luchonoticias.com\/editor\/#\/schema\/person\/image\/","url":"https:\/\/luchonoticias.com\/editor\/wp-content\/uploads\/2024\/02\/cropped-cropped-logolu.webp","contentUrl":"https:\/\/luchonoticias.com\/editor\/wp-content\/uploads\/2024\/02\/cropped-cropped-logolu.webp","width":382,"height":170,"caption":"admin"},"logo":{"@id":"https:\/\/luchonoticias.com\/editor\/#\/schema\/person\/image\/"},"sameAs":["https:\/\/www.facebook.com\/luchonoticiasneiva"],"url":"https:\/\/luchonoticias.com\/editor\/author\/admin\/"}]}},"_links":{"self":[{"href":"https:\/\/luchonoticias.com\/editor\/wp-json\/wp\/v2\/posts\/40514","targetHints":{"allow":["GET"]}}],"collection":[{"href":"https:\/\/luchonoticias.com\/editor\/wp-json\/wp\/v2\/posts"}],"about":[{"href":"https:\/\/luchonoticias.com\/editor\/wp-json\/wp\/v2\/types\/post"}],"author":[{"embeddable":true,"href":"https:\/\/luchonoticias.com\/editor\/wp-json\/wp\/v2\/users\/1"}],"replies":[{"embeddable":true,"href":"https:\/\/luchonoticias.com\/editor\/wp-json\/wp\/v2\/comments?post=40514"}],"version-history":[{"count":0,"href":"https:\/\/luchonoticias.com\/editor\/wp-json\/wp\/v2\/posts\/40514\/revisions"}],"wp:attachment":[{"href":"https:\/\/luchonoticias.com\/editor\/wp-json\/wp\/v2\/media?parent=40514"}],"wp:term":[{"taxonomy":"category","embeddable":true,"href":"https:\/\/luchonoticias.com\/editor\/wp-json\/wp\/v2\/categories?post=40514"},{"taxonomy":"post_tag","embeddable":true,"href":"https:\/\/luchonoticias.com\/editor\/wp-json\/wp\/v2\/tags?post=40514"}],"curies":[{"name":"wp","href":"https:\/\/api.w.org\/{rel}","templated":true}]}}