{"id":40517,"date":"2022-11-26T18:15:08","date_gmt":"2022-11-26T23:15:08","guid":{"rendered":"https:\/\/luchonoticias.com\/?p=40517"},"modified":"2022-11-26T18:15:09","modified_gmt":"2022-11-26T23:15:09","slug":"procuraduria-advierte-los-departamentos-con-mayores-alertas-de-riesgo-de-feminicidio","status":"publish","type":"post","link":"https:\/\/luchonoticias.com\/editor\/procuraduria-advierte-los-departamentos-con-mayores-alertas-de-riesgo-de-feminicidio\/","title":{"rendered":"Procuradur\u00eda advierte los departamentos con mayores alertas de riesgo de feminicidio"},"content":{"rendered":"\n<p>En el marco del \u201cD\u00eda Internacional de la Eliminaci\u00f3n de la Violencia contra la Mujer\u201d, la Procuradur\u00eda General de la Naci\u00f3n reiter\u00f3 su llamado a las autoridades nacionales y territoriales a la efectiva protecci\u00f3n de los derechos de las mujeres y la consolidaci\u00f3n de estrategias para mitigar el las cifras de feminicidios en el pa\u00eds y el accionar oportuno e integral de todas las entidades para la atenci\u00f3n, protecci\u00f3n, reparaci\u00f3n y garant\u00eda de no repetici\u00f3n de todos los tipos de violencias por razones de sexo y g\u00e9nero.<\/p>\n\n\n\n<p>El ente de control ha priorizado en el pa\u00eds 659 casos reportados urgentes de esclarecer para evitar m\u00e1s riesgos sobre las v\u00edctimas acreditadas y velar porque se garantice el debido proceso en los casos de violencia basada en g\u00e9nero. Tambi\u00e9n exhort\u00f3 a las autoridades competentes a que en las investigaciones penales se cumpla con el principio&nbsp; de la debida diligencia y con la aplicaci\u00f3n del enfoque de derechos de las mujeres.<\/p>\n\n\n\n<p>El \u00f3rgano de control public\u00f3 los casos en todo el territorio nacional derivados de las valoraciones efectuadas por Medicina Legal a mujeres remitidas, registr\u00e1ndose la segmentaci\u00f3n de estas alertas en los departamentos:<\/p>\n\n\n\n<p>Bogot\u00e1 202<\/p>\n\n\n\n<p>Tolima 76&nbsp;<\/p>\n\n\n\n<p>Cundinamarca 70<\/p>\n\n\n\n<p>Antioquia 68<\/p>\n\n\n\n<p>Arauca 39<\/p>\n\n\n\n<p>Risaralda 32<\/p>\n\n\n\n<p>Quindio 27<\/p>\n\n\n\n<p>Huila 24<\/p>\n\n\n\n<p>Santander 22<\/p>\n\n\n\n<p>Casanare 17<\/p>\n\n\n\n<p>Bol\u00edvar 15<\/p>\n\n\n\n<p>Valle del cauca 13<\/p>\n\n\n\n<p>Norte S 4<\/p>\n\n\n\n<p>Choc\u00f3 4<\/p>\n\n\n\n<p>Cauca 3<\/p>\n\n\n\n<p>Atl\u00e1ntico 2<\/p>\n\n\n\n<p>Caldas 2<\/p>\n\n\n\n<p>Magdalena 2<\/p>\n\n\n\n<p>Nari\u00f1o 1<\/p>\n\n\n\n<p>C\u00f3rdoba 1<\/p>\n\n\n\n<p>El ente de control mostr\u00f3 su preocupaci\u00f3n e hizo un llamado a&nbsp; la intervenci\u00f3n administrativa del Ministerio P\u00fablico y autoridades competentes a que se priorice la tramitaci\u00f3n y atenci\u00f3n de estos casos.<\/p>\n\n\n\n<p>El llamado fue reiterado por la Procuradora Delegada para la Defensa de los Derechos de la Infancia, la Adolescencia, la Familia y la Mujer, Viviana Mora Verbel, en su intervenci\u00f3n en el evento Pacto Nacional para la Eliminaci\u00f3n de las Violencias Contra las Mujeres y las Ni\u00f1as.<\/p>\n\n\n\n<p>Para la Procuradur\u00eda, la prevenci\u00f3n de este flagelo debe involucrar a la familia y a toda la sociedad, e hizo un llamado a en defensa de los derechos humanos de la ni\u00f1ez y las mujeres.<\/p>\n","protected":false},"excerpt":{"rendered":"<p>En el marco del \u201cD\u00eda Internacional de la Eliminaci\u00f3n de la Violencia contra la Mujer\u201d, la Procuradur\u00eda General de la Naci\u00f3n reiter\u00f3 su llamado a las autoridades nacionales y territoriales a la efectiva protecci\u00f3n de los derechos de las mujeres y la consolidaci\u00f3n de estrategias para mitigar el las cifras de feminicidios en el pa\u00eds [&hellip;]<\/p>\n","protected":false},"author":1,"featured_media":0,"comment_status":"open","ping_status":"open","sticky":false,"template":"","format":"standard","meta":{"footnotes":""},"categories":[28,36],"tags":[],"class_list":["post-40517","post","type-post","status-publish","format-standard","hentry","category-actualidad","category-destacado"],"yoast_head":"<!-- This site is optimized with the Yoast SEO plugin v26.6 - https:\/\/yoast.com\/wordpress\/plugins\/seo\/ -->\n<title>Procuradur\u00eda advierte los departamentos con mayores alertas de riesgo de feminicidio -<\/title>\n<meta name=\"robots\" content=\"index, follow, max-snippet:-1, max-image-preview:large, max-video-preview:-1\" \/>\n<link rel=\"canonical\" href=\"https:\/\/luchonoticias.com\/editor\/procuraduria-advierte-los-departamentos-con-mayores-alertas-de-riesgo-de-feminicidio\/\" \/>\n<meta property=\"og:locale\" content=\"es_ES\" \/>\n<meta property=\"og:type\" content=\"article\" \/>\n<meta property=\"og:title\" content=\"Procuradur\u00eda advierte los departamentos con mayores alertas de riesgo de feminicidio -\" \/>\n<meta property=\"og:url\" content=\"https:\/\/luchonoticias.com\/editor\/procuraduria-advierte-los-departamentos-con-mayores-alertas-de-riesgo-de-feminicidio\/\" \/>\n<meta property=\"article:publisher\" content=\"https:\/\/www.facebook.com\/luchonoticiasneiva\" \/>\n<meta property=\"article:author\" content=\"https:\/\/www.facebook.com\/luchonoticiasneiva\" \/>\n<meta property=\"article:published_time\" content=\"2022-11-26T23:15:08+00:00\" \/>\n<meta property=\"article:modified_time\" content=\"2022-11-26T23:15:09+00:00\" \/>\n<meta name=\"author\" content=\"admin\" \/>\n<meta name=\"twitter:card\" content=\"summary_large_image\" \/>\n<meta name=\"twitter:label1\" content=\"Escrito por\" \/>\n\t<meta name=\"twitter:data1\" content=\"admin\" \/>\n\t<meta name=\"twitter:label2\" content=\"Tiempo de lectura\" \/>\n\t<meta name=\"twitter:data2\" content=\"2 minutos\" \/>\n<script type=\"application\/ld+json\" class=\"yoast-schema-graph\">{\"@context\":\"https:\/\/schema.org\",\"@graph\":[{\"@type\":\"Article\",\"@id\":\"https:\/\/luchonoticias.com\/editor\/procuraduria-advierte-los-departamentos-con-mayores-alertas-de-riesgo-de-feminicidio\/#article\",\"isPartOf\":{\"@id\":\"https:\/\/luchonoticias.com\/editor\/procuraduria-advierte-los-departamentos-con-mayores-alertas-de-riesgo-de-feminicidio\/\"},\"author\":{\"name\":\"admin\",\"@id\":\"https:\/\/luchonoticias.com\/editor\/#\/schema\/person\/7a7fd911f58561fd056dbac7b55af9cd\"},\"headline\":\"Procuradur\u00eda advierte los departamentos con mayores alertas de riesgo de feminicidio\",\"datePublished\":\"2022-11-26T23:15:08+00:00\",\"dateModified\":\"2022-11-26T23:15:09+00:00\",\"mainEntityOfPage\":{\"@id\":\"https:\/\/luchonoticias.com\/editor\/procuraduria-advierte-los-departamentos-con-mayores-alertas-de-riesgo-de-feminicidio\/\"},\"wordCount\":377,\"commentCount\":0,\"publisher\":{\"@id\":\"https:\/\/luchonoticias.com\/editor\/#\/schema\/person\/7a7fd911f58561fd056dbac7b55af9cd\"},\"articleSection\":[\"Actualidad\",\"Destacado\"],\"inLanguage\":\"es\",\"potentialAction\":[{\"@type\":\"CommentAction\",\"name\":\"Comment\",\"target\":[\"https:\/\/luchonoticias.com\/editor\/procuraduria-advierte-los-departamentos-con-mayores-alertas-de-riesgo-de-feminicidio\/#respond\"]}]},{\"@type\":\"WebPage\",\"@id\":\"https:\/\/luchonoticias.com\/editor\/procuraduria-advierte-los-departamentos-con-mayores-alertas-de-riesgo-de-feminicidio\/\",\"url\":\"https:\/\/luchonoticias.com\/editor\/procuraduria-advierte-los-departamentos-con-mayores-alertas-de-riesgo-de-feminicidio\/\",\"name\":\"Procuradur\u00eda advierte los departamentos con mayores alertas de riesgo de feminicidio -\",\"isPartOf\":{\"@id\":\"https:\/\/luchonoticias.com\/editor\/#website\"},\"datePublished\":\"2022-11-26T23:15:08+00:00\",\"dateModified\":\"2022-11-26T23:15:09+00:00\",\"breadcrumb\":{\"@id\":\"https:\/\/luchonoticias.com\/editor\/procuraduria-advierte-los-departamentos-con-mayores-alertas-de-riesgo-de-feminicidio\/#breadcrumb\"},\"inLanguage\":\"es\",\"potentialAction\":[{\"@type\":\"ReadAction\",\"target\":[\"https:\/\/luchonoticias.com\/editor\/procuraduria-advierte-los-departamentos-con-mayores-alertas-de-riesgo-de-feminicidio\/\"]}]},{\"@type\":\"BreadcrumbList\",\"@id\":\"https:\/\/luchonoticias.com\/editor\/procuraduria-advierte-los-departamentos-con-mayores-alertas-de-riesgo-de-feminicidio\/#breadcrumb\",\"itemListElement\":[{\"@type\":\"ListItem\",\"position\":1,\"name\":\"Portada\",\"item\":\"https:\/\/luchonoticias.com\/editor\/\"},{\"@type\":\"ListItem\",\"position\":2,\"name\":\"Procuradur\u00eda advierte los departamentos con mayores alertas de riesgo de feminicidio\"}]},{\"@type\":\"WebSite\",\"@id\":\"https:\/\/luchonoticias.com\/editor\/#website\",\"url\":\"https:\/\/luchonoticias.com\/editor\/\",\"name\":\"\",\"description\":\"\",\"publisher\":{\"@id\":\"https:\/\/luchonoticias.com\/editor\/#\/schema\/person\/7a7fd911f58561fd056dbac7b55af9cd\"},\"potentialAction\":[{\"@type\":\"SearchAction\",\"target\":{\"@type\":\"EntryPoint\",\"urlTemplate\":\"https:\/\/luchonoticias.com\/editor\/?s={search_term_string}\"},\"query-input\":{\"@type\":\"PropertyValueSpecification\",\"valueRequired\":true,\"valueName\":\"search_term_string\"}}],\"inLanguage\":\"es\"},{\"@type\":[\"Person\",\"Organization\"],\"@id\":\"https:\/\/luchonoticias.com\/editor\/#\/schema\/person\/7a7fd911f58561fd056dbac7b55af9cd\",\"name\":\"admin\",\"image\":{\"@type\":\"ImageObject\",\"inLanguage\":\"es\",\"@id\":\"https:\/\/luchonoticias.com\/editor\/#\/schema\/person\/image\/\",\"url\":\"https:\/\/luchonoticias.com\/editor\/wp-content\/uploads\/2024\/02\/cropped-cropped-logolu.webp\",\"contentUrl\":\"https:\/\/luchonoticias.com\/editor\/wp-content\/uploads\/2024\/02\/cropped-cropped-logolu.webp\",\"width\":382,\"height\":170,\"caption\":\"admin\"},\"logo\":{\"@id\":\"https:\/\/luchonoticias.com\/editor\/#\/schema\/person\/image\/\"},\"sameAs\":[\"https:\/\/www.facebook.com\/luchonoticiasneiva\"],\"url\":\"https:\/\/luchonoticias.com\/editor\/author\/admin\/\"}]}<\/script>\n<!-- \/ Yoast SEO plugin. -->","yoast_head_json":{"title":"Procuradur\u00eda advierte los departamentos con mayores alertas de riesgo de feminicidio -","robots":{"index":"index","follow":"follow","max-snippet":"max-snippet:-1","max-image-preview":"max-image-preview:large","max-video-preview":"max-video-preview:-1"},"canonical":"https:\/\/luchonoticias.com\/editor\/procuraduria-advierte-los-departamentos-con-mayores-alertas-de-riesgo-de-feminicidio\/","og_locale":"es_ES","og_type":"article","og_title":"Procuradur\u00eda advierte los departamentos con mayores alertas de riesgo de feminicidio -","og_url":"https:\/\/luchonoticias.com\/editor\/procuraduria-advierte-los-departamentos-con-mayores-alertas-de-riesgo-de-feminicidio\/","article_publisher":"https:\/\/www.facebook.com\/luchonoticiasneiva","article_author":"https:\/\/www.facebook.com\/luchonoticiasneiva","article_published_time":"2022-11-26T23:15:08+00:00","article_modified_time":"2022-11-26T23:15:09+00:00","author":"admin","twitter_card":"summary_large_image","twitter_misc":{"Escrito por":"admin","Tiempo de lectura":"2 minutos"},"schema":{"@context":"https:\/\/schema.org","@graph":[{"@type":"Article","@id":"https:\/\/luchonoticias.com\/editor\/procuraduria-advierte-los-departamentos-con-mayores-alertas-de-riesgo-de-feminicidio\/#article","isPartOf":{"@id":"https:\/\/luchonoticias.com\/editor\/procuraduria-advierte-los-departamentos-con-mayores-alertas-de-riesgo-de-feminicidio\/"},"author":{"name":"admin","@id":"https:\/\/luchonoticias.com\/editor\/#\/schema\/person\/7a7fd911f58561fd056dbac7b55af9cd"},"headline":"Procuradur\u00eda advierte los departamentos con mayores alertas de riesgo de feminicidio","datePublished":"2022-11-26T23:15:08+00:00","dateModified":"2022-11-26T23:15:09+00:00","mainEntityOfPage":{"@id":"https:\/\/luchonoticias.com\/editor\/procuraduria-advierte-los-departamentos-con-mayores-alertas-de-riesgo-de-feminicidio\/"},"wordCount":377,"commentCount":0,"publisher":{"@id":"https:\/\/luchonoticias.com\/editor\/#\/schema\/person\/7a7fd911f58561fd056dbac7b55af9cd"},"articleSection":["Actualidad","Destacado"],"inLanguage":"es","potentialAction":[{"@type":"CommentAction","name":"Comment","target":["https:\/\/luchonoticias.com\/editor\/procuraduria-advierte-los-departamentos-con-mayores-alertas-de-riesgo-de-feminicidio\/#respond"]}]},{"@type":"WebPage","@id":"https:\/\/luchonoticias.com\/editor\/procuraduria-advierte-los-departamentos-con-mayores-alertas-de-riesgo-de-feminicidio\/","url":"https:\/\/luchonoticias.com\/editor\/procuraduria-advierte-los-departamentos-con-mayores-alertas-de-riesgo-de-feminicidio\/","name":"Procuradur\u00eda advierte los departamentos con mayores alertas de riesgo de feminicidio -","isPartOf":{"@id":"https:\/\/luchonoticias.com\/editor\/#website"},"datePublished":"2022-11-26T23:15:08+00:00","dateModified":"2022-11-26T23:15:09+00:00","breadcrumb":{"@id":"https:\/\/luchonoticias.com\/editor\/procuraduria-advierte-los-departamentos-con-mayores-alertas-de-riesgo-de-feminicidio\/#breadcrumb"},"inLanguage":"es","potentialAction":[{"@type":"ReadAction","target":["https:\/\/luchonoticias.com\/editor\/procuraduria-advierte-los-departamentos-con-mayores-alertas-de-riesgo-de-feminicidio\/"]}]},{"@type":"BreadcrumbList","@id":"https:\/\/luchonoticias.com\/editor\/procuraduria-advierte-los-departamentos-con-mayores-alertas-de-riesgo-de-feminicidio\/#breadcrumb","itemListElement":[{"@type":"ListItem","position":1,"name":"Portada","item":"https:\/\/luchonoticias.com\/editor\/"},{"@type":"ListItem","position":2,"name":"Procuradur\u00eda advierte los departamentos con mayores alertas de riesgo de feminicidio"}]},{"@type":"WebSite","@id":"https:\/\/luchonoticias.com\/editor\/#website","url":"https:\/\/luchonoticias.com\/editor\/","name":"","description":"","publisher":{"@id":"https:\/\/luchonoticias.com\/editor\/#\/schema\/person\/7a7fd911f58561fd056dbac7b55af9cd"},"potentialAction":[{"@type":"SearchAction","target":{"@type":"EntryPoint","urlTemplate":"https:\/\/luchonoticias.com\/editor\/?s={search_term_string}"},"query-input":{"@type":"PropertyValueSpecification","valueRequired":true,"valueName":"search_term_string"}}],"inLanguage":"es"},{"@type":["Person","Organization"],"@id":"https:\/\/luchonoticias.com\/editor\/#\/schema\/person\/7a7fd911f58561fd056dbac7b55af9cd","name":"admin","image":{"@type":"ImageObject","inLanguage":"es","@id":"https:\/\/luchonoticias.com\/editor\/#\/schema\/person\/image\/","url":"https:\/\/luchonoticias.com\/editor\/wp-content\/uploads\/2024\/02\/cropped-cropped-logolu.webp","contentUrl":"https:\/\/luchonoticias.com\/editor\/wp-content\/uploads\/2024\/02\/cropped-cropped-logolu.webp","width":382,"height":170,"caption":"admin"},"logo":{"@id":"https:\/\/luchonoticias.com\/editor\/#\/schema\/person\/image\/"},"sameAs":["https:\/\/www.facebook.com\/luchonoticiasneiva"],"url":"https:\/\/luchonoticias.com\/editor\/author\/admin\/"}]}},"_links":{"self":[{"href":"https:\/\/luchonoticias.com\/editor\/wp-json\/wp\/v2\/posts\/40517","targetHints":{"allow":["GET"]}}],"collection":[{"href":"https:\/\/luchonoticias.com\/editor\/wp-json\/wp\/v2\/posts"}],"about":[{"href":"https:\/\/luchonoticias.com\/editor\/wp-json\/wp\/v2\/types\/post"}],"author":[{"embeddable":true,"href":"https:\/\/luchonoticias.com\/editor\/wp-json\/wp\/v2\/users\/1"}],"replies":[{"embeddable":true,"href":"https:\/\/luchonoticias.com\/editor\/wp-json\/wp\/v2\/comments?post=40517"}],"version-history":[{"count":0,"href":"https:\/\/luchonoticias.com\/editor\/wp-json\/wp\/v2\/posts\/40517\/revisions"}],"wp:attachment":[{"href":"https:\/\/luchonoticias.com\/editor\/wp-json\/wp\/v2\/media?parent=40517"}],"wp:term":[{"taxonomy":"category","embeddable":true,"href":"https:\/\/luchonoticias.com\/editor\/wp-json\/wp\/v2\/categories?post=40517"},{"taxonomy":"post_tag","embeddable":true,"href":"https:\/\/luchonoticias.com\/editor\/wp-json\/wp\/v2\/tags?post=40517"}],"curies":[{"name":"wp","href":"https:\/\/api.w.org\/{rel}","templated":true}]}}